{"result_html":"                <div><a href=\"https:\/\/www.sulcarautopecas.com.br.186-226-60-153.cpanel.site\/index.php?route=product\/compare\" id=\"compare-total\">Produtos para comparar (0)<\/a><\/div>\n                <div class=\"toolbar\">\n\t\t\t\t\t<div class=\"col-md-2 toolbar3 pull-left\">\n                        <div class=\"btn-group\">\n                            <button type=\"button\" id=\"list-view\" class=\"btn btn-default\"><i class=\"fa fa-th-list\"><\/i><\/button>\n                            <button type=\"button\" id=\"grid-view\" class=\"btn btn-default\"><i class=\"fa fa-th\"><\/i><\/button>\n                        <\/div>\n                    <\/div>\n                    <div class=\"col-md-2 toolbar1 pull-right\">\n                        <select id=\"input-sort\" class=\"form-control\" onchange=\"oclayerednavigationajax.filter(this.value)\">\n                                                                                    <option value=\"https:\/\/www.sulcarautopecas.com.br.186-226-60-153.cpanel.site\/index.php?route=extension\/module\/oclayerednavigation\/category&path=164&sort=p.sort_order&order=ASC\" selected=\"selected\">Organizar por:&nbsp;Padr\u00e3o<\/option>\n                                                                                                                <option value=\"https:\/\/www.sulcarautopecas.com.br.186-226-60-153.cpanel.site\/index.php?route=extension\/module\/oclayerednavigation\/category&path=164&sort=pd.name&order=ASC\">Organizar por:&nbsp;Nome (A - Z)<\/option>\n                                                                                                                <option value=\"https:\/\/www.sulcarautopecas.com.br.186-226-60-153.cpanel.site\/index.php?route=extension\/module\/oclayerednavigation\/category&path=164&sort=pd.name&order=DESC\">Organizar por:&nbsp;Nome (Z - A)<\/option>\n                                                                                                                <option value=\"https:\/\/www.sulcarautopecas.com.br.186-226-60-153.cpanel.site\/index.php?route=extension\/module\/oclayerednavigation\/category&path=164&sort=p.price&order=ASC\">Organizar por:&nbsp;Pre\u00e7o (menor &gt; maior)<\/option>\n                                                                                                                <option value=\"https:\/\/www.sulcarautopecas.com.br.186-226-60-153.cpanel.site\/index.php?route=extension\/module\/oclayerednavigation\/category&path=164&sort=p.price&order=DESC\">Organizar por:&nbsp;Pre\u00e7o (maior &gt; menor)<\/option>\n                                                                                                                <option value=\"https:\/\/www.sulcarautopecas.com.br.186-226-60-153.cpanel.site\/index.php?route=extension\/module\/oclayerednavigation\/category&path=164&sort=rating&order=DESC\">Organizar por:&nbsp;Avalia\u00e7\u00e3o (maior)<\/option>\n                                                                                                                <option value=\"https:\/\/www.sulcarautopecas.com.br.186-226-60-153.cpanel.site\/index.php?route=extension\/module\/oclayerednavigation\/category&path=164&sort=rating&order=ASC\">Organizar por:&nbsp;Avalia\u00e7\u00e3o (menor)<\/option>\n                                                                                                                <option value=\"https:\/\/www.sulcarautopecas.com.br.186-226-60-153.cpanel.site\/index.php?route=extension\/module\/oclayerednavigation\/category&path=164&sort=p.model&order=ASC\">Organizar por:&nbsp;Modelo (A - Z)<\/option>\n                                                                                                                <option value=\"https:\/\/www.sulcarautopecas.com.br.186-226-60-153.cpanel.site\/index.php?route=extension\/module\/oclayerednavigation\/category&path=164&sort=p.model&order=DESC\">Organizar por:&nbsp;Modelo (Z - A)<\/option>\n                                                                                <\/select>\n                    <\/div>\n                    <div class=\"col-md-2 toolbar2 pull-right\">\n                        <select id=\"input-limit\" class=\"form-control\" onchange=\"oclayerednavigationajax.filter(this.value)\">\n                                                                                    <option value=\"https:\/\/www.sulcarautopecas.com.br.186-226-60-153.cpanel.site\/index.php?route=extension\/module\/oclayerednavigation\/category&path=164&limit=25\">Exibir:&nbsp;25<\/option>\n                                                                                                                <option value=\"https:\/\/www.sulcarautopecas.com.br.186-226-60-153.cpanel.site\/index.php?route=extension\/module\/oclayerednavigation\/category&path=164&limit=50\">Exibir:&nbsp;50<\/option>\n                                                                                                                <option value=\"https:\/\/www.sulcarautopecas.com.br.186-226-60-153.cpanel.site\/index.php?route=extension\/module\/oclayerednavigation\/category&path=164&limit=60\" selected=\"selected\">Exibir:&nbsp;60<\/option>\n                                                                                                                <option value=\"https:\/\/www.sulcarautopecas.com.br.186-226-60-153.cpanel.site\/index.php?route=extension\/module\/oclayerednavigation\/category&path=164&limit=75\">Exibir:&nbsp;75<\/option>\n                                                                                                                <option value=\"https:\/\/www.sulcarautopecas.com.br.186-226-60-153.cpanel.site\/index.php?route=extension\/module\/oclayerednavigation\/category&path=164&limit=100\">Exibir:&nbsp;100<\/option>\n                                                                                <\/select>\n                    <\/div>\n                <\/div>\n                <div class=\"custom-products qv-wtext\">\n                    <div>\n                                            <div class=\"product-layout product-list col-xs-12\">\n                          <div class=\"product-thumb layout1\">\n\t\t\t\t\t\t\t<div class=\"image\">\n                              \t\t\t\t\t\t\t\t                              <a href=\"https:\/\/www.sulcarautopecas.com.br.186-226-60-153.cpanel.site\/outros-produtos\/vareta-nivel-oleo-honda-wr-v-1-5-2021-22393\">\n                                                              <img  src=\"image\/cache\/no_image-100x100.png\" alt=\"Vareta N\u00edvel \u00d3leo Honda Wr-v 1.5 2021\" \/>\n                              \t\t\t\t\t\t\t  <img  src=\"\" alt=\"Vareta N\u00edvel \u00d3leo Honda Wr-v 1.5 2021\" title=\"Vareta N\u00edvel \u00d3leo Honda Wr-v 1.5 2021\" class=\"img-responsive lazy\" \/>\n                              <\/a>\n\t\t\t\t\t\t\t  <div class=\"actions-link\">\t\t\t\t\t\t\t\t\t\n\t\t\t\t\t\t\t\t\t<a class=\"btn-wishlist\" data-toggle=\"tooltip\" title=\"Lista de desejos\" onclick=\"wishlist.add('22393');\"><i class=\"zmdi zmdi-favorite-outline\"><\/i><\/a>\t\t\t\t\t\t\t\t\t\n\t\t\t\t\t\t\t\t\t<a class=\"btn-compare\" data-toggle=\"tooltip\" title=\"Comparar\" onclick=\"compare.add('22393');\"><i class=\"zmdi zmdi-refresh-alt\"><\/i><\/a>\n\t\t\t\t\t\t\t\t<\/div>\n                            <\/div>\n                            <div class=\"product-inner\">\n                              <div class=\"product-caption\">\n\t\t\t\t\t\t\t                                <h2 class=\"product-name\"><a href=\"https:\/\/www.sulcarautopecas.com.br.186-226-60-153.cpanel.site\/outros-produtos\/vareta-nivel-oleo-honda-wr-v-1-5-2021-22393\">Vareta N\u00edvel \u00d3leo Honda Wr-v 1.5 2021<\/a><\/h2>\n\t\t\t\t\t\t\t                                     <div class=\"ratings\">\n                                      <div class=\"rating-box\">\n                                                                                        <div class=\"rating0\">rating<\/div>                                                                                                                                                                                                                                                                            <\/div>\n                                  <\/div>\n                              \t\t\t\t\t\t\t                                  <p class=\"price\">\n                                                                    R$80,00                                                                                                    <\/p>\n                                \t\t\t\t\t\t\t \n                              \n\t\t\t\t\t\t\t\t<p class=\"product-des\">Trabalhamos com produtos originais, retirados de ve\u00edculos baixados no Detran, com total proced\u00eancia e garantia.\nTodas as nossas fotos s\u00e3o reais do produto.\n\nPara calcular o frente basta aproveitar as vantagens do MERCADO ENVIOS.\nCaso o produto n\u00e3o te..<\/p>\n                              <div class=\"product-intro\">\n\t\t\t\t\t\t\t\t<div class=\"actions-link2\">\n\t\t\t\t\t\t\t\t\t<a class=\"btn-cart\" data-toggle=\"tooltip\" title=\"Comprar\" onclick=\"cart.add('22393');\"><span class=\"button\"><i class=\"fa fa-shopping-cart\"><\/i>Comprar<\/span><\/a>\t\t\t\t\t\t\t\t\t\n\t\t\t\t\t\t\t\t\t<a class=\"btn-wishlist\" data-toggle=\"tooltip\" title=\"Lista de desejos\" onclick=\"wishlist.add('22393');\"><i class=\"zmdi zmdi-favorite-outline\"><\/i><\/a>\t\t\t\t\t\t\t\t\t\n\t\t\t\t\t\t\t\t\t<a class=\"btn-compare\" data-toggle=\"tooltip\" title=\"Comparar\" onclick=\"compare.add('22393');\"><i class=\"zmdi zmdi-refresh-alt\"><\/i><\/a>\n\t\t\t\t\t\t\t\t<\/div>\n\t\t\t\t\t\t\t\t<\/div>\n                            <\/div>\n\t\t\t\t\t\t\t<\/div>\n                          <\/div>\n                        <\/div>\n                                            <div class=\"product-layout product-list col-xs-12\">\n                          <div class=\"product-thumb layout1\">\n\t\t\t\t\t\t\t<div class=\"image\">\n                              \t\t\t\t\t\t\t\t                              <a href=\"https:\/\/www.sulcarautopecas.com.br.186-226-60-153.cpanel.site\/outros-produtos\/difusor-de-ar-lado-direito-renault-fluence-2012-original-16832\">\n                                                              <img  src=\"image\/cache\/no_image-100x100.png\" alt=\"Difusor De Ar Lado Direito Renault Fluen...\" \/>\n                              \t\t\t\t\t\t\t  <img  src=\"\" alt=\"Difusor De Ar Lado Direito Renault Fluen...\" title=\"Difusor De Ar Lado Direito Renault Fluen...\" class=\"img-responsive lazy\" \/>\n                              <\/a>\n\t\t\t\t\t\t\t  <div class=\"actions-link\">\t\t\t\t\t\t\t\t\t\n\t\t\t\t\t\t\t\t\t<a class=\"btn-wishlist\" data-toggle=\"tooltip\" title=\"Lista de desejos\" onclick=\"wishlist.add('16832');\"><i class=\"zmdi zmdi-favorite-outline\"><\/i><\/a>\t\t\t\t\t\t\t\t\t\n\t\t\t\t\t\t\t\t\t<a class=\"btn-compare\" data-toggle=\"tooltip\" title=\"Comparar\" onclick=\"compare.add('16832');\"><i class=\"zmdi zmdi-refresh-alt\"><\/i><\/a>\n\t\t\t\t\t\t\t\t<\/div>\n                            <\/div>\n                            <div class=\"product-inner\">\n                              <div class=\"product-caption\">\n\t\t\t\t\t\t\t                                <h2 class=\"product-name\"><a href=\"https:\/\/www.sulcarautopecas.com.br.186-226-60-153.cpanel.site\/outros-produtos\/difusor-de-ar-lado-direito-renault-fluence-2012-original-16832\">Difusor De Ar Lado Direito Renault Fluen...<\/a><\/h2>\n\t\t\t\t\t\t\t                                     <div class=\"ratings\">\n                                      <div class=\"rating-box\">\n                                                                                        <div class=\"rating0\">rating<\/div>                                                                                                                                                                                                                                                                            <\/div>\n                                  <\/div>\n                              \t\t\t\t\t\t\t                                  <p class=\"price\">\n                                                                    R$100,00                                                                                                    <\/p>\n                                \t\t\t\t\t\t\t \n                              \n\t\t\t\t\t\t\t\t<p class=\"product-des\">*Sulcar Auto Pe\u00e7as Blumenau.\n*Trabalhamos com produtos originais.\n*Foto reais do produto.\n*Calcular frete em mercado envios,caso tenha nos pergunte.\n*Demais D\u00favidas apenas nos pergunte.\n*Ap\u00f3s confirma\u00e7\u00e3o do pagamento enviamos em at\u00e9 1 dia \u00fatil.\n*Entr..<\/p>\n                              <div class=\"product-intro\">\n\t\t\t\t\t\t\t\t<div class=\"actions-link2\">\n\t\t\t\t\t\t\t\t\t<a class=\"btn-cart\" data-toggle=\"tooltip\" title=\"Comprar\" onclick=\"cart.add('16832');\"><span class=\"button\"><i class=\"fa fa-shopping-cart\"><\/i>Comprar<\/span><\/a>\t\t\t\t\t\t\t\t\t\n\t\t\t\t\t\t\t\t\t<a class=\"btn-wishlist\" data-toggle=\"tooltip\" title=\"Lista de desejos\" onclick=\"wishlist.add('16832');\"><i class=\"zmdi zmdi-favorite-outline\"><\/i><\/a>\t\t\t\t\t\t\t\t\t\n\t\t\t\t\t\t\t\t\t<a class=\"btn-compare\" data-toggle=\"tooltip\" title=\"Comparar\" onclick=\"compare.add('16832');\"><i class=\"zmdi zmdi-refresh-alt\"><\/i><\/a>\n\t\t\t\t\t\t\t\t<\/div>\n\t\t\t\t\t\t\t\t<\/div>\n                            <\/div>\n\t\t\t\t\t\t\t<\/div>\n                          <\/div>\n                        <\/div>\n                                            <div class=\"product-layout product-list col-xs-12\">\n                          <div class=\"product-thumb layout1\">\n\t\t\t\t\t\t\t<div class=\"image\">\n                              \t\t\t\t\t\t\t\t                              <a href=\"https:\/\/www.sulcarautopecas.com.br.186-226-60-153.cpanel.site\/outros-produtos\/comando-som-volante-renault-oroch-2024-32598\">\n                                                              <img  src=\"image\/cache\/no_image-100x100.png\" alt=\"Comando Som Volante Renault Oroch 2024\" \/>\n                              \t\t\t\t\t\t\t  <img  src=\"\" alt=\"Comando Som Volante Renault Oroch 2024\" title=\"Comando Som Volante Renault Oroch 2024\" class=\"img-responsive lazy\" \/>\n                              <\/a>\n\t\t\t\t\t\t\t  <div class=\"actions-link\">\t\t\t\t\t\t\t\t\t\n\t\t\t\t\t\t\t\t\t<a class=\"btn-wishlist\" data-toggle=\"tooltip\" title=\"Lista de desejos\" onclick=\"wishlist.add('32598');\"><i class=\"zmdi zmdi-favorite-outline\"><\/i><\/a>\t\t\t\t\t\t\t\t\t\n\t\t\t\t\t\t\t\t\t<a class=\"btn-compare\" data-toggle=\"tooltip\" title=\"Comparar\" onclick=\"compare.add('32598');\"><i class=\"zmdi zmdi-refresh-alt\"><\/i><\/a>\n\t\t\t\t\t\t\t\t<\/div>\n                            <\/div>\n                            <div class=\"product-inner\">\n                              <div class=\"product-caption\">\n\t\t\t\t\t\t\t                                <h2 class=\"product-name\"><a href=\"https:\/\/www.sulcarautopecas.com.br.186-226-60-153.cpanel.site\/outros-produtos\/comando-som-volante-renault-oroch-2024-32598\">Comando Som Volante Renault Oroch 2024<\/a><\/h2>\n\t\t\t\t\t\t\t                                     <div class=\"ratings\">\n                                      <div class=\"rating-box\">\n                                                                                        <div class=\"rating0\">rating<\/div>                                                                                                                                                                                                                                                                            <\/div>\n                                  <\/div>\n                              \t\t\t\t\t\t\t                                  <p class=\"price\">\n                                                                    R$130,00                                                                                                    <\/p>\n                                \t\t\t\t\t\t\t \n                              \n\t\t\t\t\t\t\t\t<p class=\"product-des\">*Sulcar Auto Pe\u00e7as Blumenau.\n*Trabalhamos com produtos originais.\n*Foto reais do produto.\n*Calcular frete em mercado envios,caso tenha nos pergunte.\n*Demais D\u00favidas apenas nos pergunte.\n*Ap\u00f3s confirma\u00e7\u00e3o do pagamento enviamos em at\u00e9 1 dia \u00fatil.\n*Entr..<\/p>\n                              <div class=\"product-intro\">\n\t\t\t\t\t\t\t\t<div class=\"actions-link2\">\n\t\t\t\t\t\t\t\t\t<a class=\"btn-cart\" data-toggle=\"tooltip\" title=\"Comprar\" onclick=\"cart.add('32598');\"><span class=\"button\"><i class=\"fa fa-shopping-cart\"><\/i>Comprar<\/span><\/a>\t\t\t\t\t\t\t\t\t\n\t\t\t\t\t\t\t\t\t<a class=\"btn-wishlist\" data-toggle=\"tooltip\" title=\"Lista de desejos\" onclick=\"wishlist.add('32598');\"><i class=\"zmdi zmdi-favorite-outline\"><\/i><\/a>\t\t\t\t\t\t\t\t\t\n\t\t\t\t\t\t\t\t\t<a class=\"btn-compare\" data-toggle=\"tooltip\" title=\"Comparar\" onclick=\"compare.add('32598');\"><i class=\"zmdi zmdi-refresh-alt\"><\/i><\/a>\n\t\t\t\t\t\t\t\t<\/div>\n\t\t\t\t\t\t\t\t<\/div>\n                            <\/div>\n\t\t\t\t\t\t\t<\/div>\n                          <\/div>\n                        <\/div>\n                                            <div class=\"product-layout product-list col-xs-12\">\n                          <div class=\"product-thumb layout1\">\n\t\t\t\t\t\t\t<div class=\"image\">\n                              \t\t\t\t\t\t\t\t                              <a href=\"https:\/\/www.sulcarautopecas.com.br.186-226-60-153.cpanel.site\/outros-produtos\/atuador-caixa-ar-condicionado-fiat-fastback-audace-23-a4126-28449\">\n                                                              <img  src=\"image\/cache\/no_image-100x100.png\" alt=\"Atuador Caixa Ar Condicionado Fiat Fastb...\" \/>\n                              \t\t\t\t\t\t\t  <img  src=\"\" alt=\"Atuador Caixa Ar Condicionado Fiat Fastb...\" title=\"Atuador Caixa Ar Condicionado Fiat Fastb...\" class=\"img-responsive lazy\" \/>\n                              <\/a>\n\t\t\t\t\t\t\t  <div class=\"actions-link\">\t\t\t\t\t\t\t\t\t\n\t\t\t\t\t\t\t\t\t<a class=\"btn-wishlist\" data-toggle=\"tooltip\" title=\"Lista de desejos\" onclick=\"wishlist.add('28449');\"><i class=\"zmdi zmdi-favorite-outline\"><\/i><\/a>\t\t\t\t\t\t\t\t\t\n\t\t\t\t\t\t\t\t\t<a class=\"btn-compare\" data-toggle=\"tooltip\" title=\"Comparar\" onclick=\"compare.add('28449');\"><i class=\"zmdi zmdi-refresh-alt\"><\/i><\/a>\n\t\t\t\t\t\t\t\t<\/div>\n                            <\/div>\n                            <div class=\"product-inner\">\n                              <div class=\"product-caption\">\n\t\t\t\t\t\t\t                                <h2 class=\"product-name\"><a href=\"https:\/\/www.sulcarautopecas.com.br.186-226-60-153.cpanel.site\/outros-produtos\/atuador-caixa-ar-condicionado-fiat-fastback-audace-23-a4126-28449\">Atuador Caixa Ar Condicionado Fiat Fastb...<\/a><\/h2>\n\t\t\t\t\t\t\t                                     <div class=\"ratings\">\n                                      <div class=\"rating-box\">\n                                                                                        <div class=\"rating0\">rating<\/div>                                                                                                                                                                                                                                                                            <\/div>\n                                  <\/div>\n                              \t\t\t\t\t\t\t                                  <p class=\"price\">\n                                                                    R$100,00                                                                                                    <\/p>\n                                \t\t\t\t\t\t\t \n                              \n\t\t\t\t\t\t\t\t<p class=\"product-des\">Sulcar Auto Pe\u00e7as Blumenau\nTrabalhamos com produtos originais\nFoto reais do produto\nCalcular frete...no mercado de envios\nDemais d\u00favidas...apenas nos pergunte\nAp\u00f3s confirmar do pagamento enviamos em at\u00e9 1 dia \u00fatil\nEntregamos para todo territ\u00f3rio naci..<\/p>\n                              <div class=\"product-intro\">\n\t\t\t\t\t\t\t\t<div class=\"actions-link2\">\n\t\t\t\t\t\t\t\t\t<a class=\"btn-cart\" data-toggle=\"tooltip\" title=\"Comprar\" onclick=\"cart.add('28449');\"><span class=\"button\"><i class=\"fa fa-shopping-cart\"><\/i>Comprar<\/span><\/a>\t\t\t\t\t\t\t\t\t\n\t\t\t\t\t\t\t\t\t<a class=\"btn-wishlist\" data-toggle=\"tooltip\" title=\"Lista de desejos\" onclick=\"wishlist.add('28449');\"><i class=\"zmdi zmdi-favorite-outline\"><\/i><\/a>\t\t\t\t\t\t\t\t\t\n\t\t\t\t\t\t\t\t\t<a class=\"btn-compare\" data-toggle=\"tooltip\" title=\"Comparar\" onclick=\"compare.add('28449');\"><i class=\"zmdi zmdi-refresh-alt\"><\/i><\/a>\n\t\t\t\t\t\t\t\t<\/div>\n\t\t\t\t\t\t\t\t<\/div>\n                            <\/div>\n\t\t\t\t\t\t\t<\/div>\n                          <\/div>\n                        <\/div>\n                                            <div class=\"product-layout product-list col-xs-12\">\n                          <div class=\"product-thumb layout1\">\n\t\t\t\t\t\t\t<div class=\"image\">\n                              \t\t\t\t\t\t\t\t                              <a href=\"https:\/\/www.sulcarautopecas.com.br.186-226-60-153.cpanel.site\/outros-produtos\/atuador-ventilacao-interna-renault-duster-2023-1-3-turbo-a31-24659\">\n                                                              <img  src=\"image\/cache\/no_image-100x100.png\" alt=\"Atuador Ventila\u00e7\u00e3o Interna Renault Dus...\" \/>\n                              \t\t\t\t\t\t\t  <img  src=\"\" alt=\"Atuador Ventila\u00e7\u00e3o Interna Renault Dus...\" title=\"Atuador Ventila\u00e7\u00e3o Interna Renault Dus...\" class=\"img-responsive lazy\" \/>\n                              <\/a>\n\t\t\t\t\t\t\t  <div class=\"actions-link\">\t\t\t\t\t\t\t\t\t\n\t\t\t\t\t\t\t\t\t<a class=\"btn-wishlist\" data-toggle=\"tooltip\" title=\"Lista de desejos\" onclick=\"wishlist.add('24659');\"><i class=\"zmdi zmdi-favorite-outline\"><\/i><\/a>\t\t\t\t\t\t\t\t\t\n\t\t\t\t\t\t\t\t\t<a class=\"btn-compare\" data-toggle=\"tooltip\" title=\"Comparar\" onclick=\"compare.add('24659');\"><i class=\"zmdi zmdi-refresh-alt\"><\/i><\/a>\n\t\t\t\t\t\t\t\t<\/div>\n                            <\/div>\n                            <div class=\"product-inner\">\n                              <div class=\"product-caption\">\n\t\t\t\t\t\t\t                                <h2 class=\"product-name\"><a href=\"https:\/\/www.sulcarautopecas.com.br.186-226-60-153.cpanel.site\/outros-produtos\/atuador-ventilacao-interna-renault-duster-2023-1-3-turbo-a31-24659\">Atuador Ventila\u00e7\u00e3o Interna Renault Dus...<\/a><\/h2>\n\t\t\t\t\t\t\t                                     <div class=\"ratings\">\n                                      <div class=\"rating-box\">\n                                                                                        <div class=\"rating0\">rating<\/div>                                                                                                                                                                                                                                                                            <\/div>\n                                  <\/div>\n                              \t\t\t\t\t\t\t                                  <p class=\"price\">\n                                                                    R$80,00                                                                                                    <\/p>\n                                \t\t\t\t\t\t\t \n                              \n\t\t\t\t\t\t\t\t<p class=\"product-des\">Trabalhamos com produtos originais, retirados de ve\u00edculos baixados no Detran, com toda a proced\u00eancia e garantia.\nTodas as nossas fotos s\u00e3o reais do produto.\n\n\nPara calcular o frete basta aproveitar as vantagens do MERCADO ENVIOS.\nCaso o produto n\u00e3o t..<\/p>\n                              <div class=\"product-intro\">\n\t\t\t\t\t\t\t\t<div class=\"actions-link2\">\n\t\t\t\t\t\t\t\t\t<a class=\"btn-cart\" data-toggle=\"tooltip\" title=\"Comprar\" onclick=\"cart.add('24659');\"><span class=\"button\"><i class=\"fa fa-shopping-cart\"><\/i>Comprar<\/span><\/a>\t\t\t\t\t\t\t\t\t\n\t\t\t\t\t\t\t\t\t<a class=\"btn-wishlist\" data-toggle=\"tooltip\" title=\"Lista de desejos\" onclick=\"wishlist.add('24659');\"><i class=\"zmdi zmdi-favorite-outline\"><\/i><\/a>\t\t\t\t\t\t\t\t\t\n\t\t\t\t\t\t\t\t\t<a class=\"btn-compare\" data-toggle=\"tooltip\" title=\"Comparar\" onclick=\"compare.add('24659');\"><i class=\"zmdi zmdi-refresh-alt\"><\/i><\/a>\n\t\t\t\t\t\t\t\t<\/div>\n\t\t\t\t\t\t\t\t<\/div>\n                            <\/div>\n\t\t\t\t\t\t\t<\/div>\n                          <\/div>\n                        <\/div>\n                                            <div class=\"product-layout product-list col-xs-12\">\n                          <div class=\"product-thumb layout1\">\n\t\t\t\t\t\t\t<div class=\"image\">\n                              \t\t\t\t\t\t\t\t                              <a href=\"https:\/\/www.sulcarautopecas.com.br.186-226-60-153.cpanel.site\/outros-produtos\/radio-original-jac-j3-turim-2011-19458\">\n                                                              <img  src=\"image\/cache\/no_image-100x100.png\" alt=\"R\u00e1dio Original Jac J3 Turim 2011\" \/>\n                              \t\t\t\t\t\t\t  <img  src=\"\" alt=\"R\u00e1dio Original Jac J3 Turim 2011\" title=\"R\u00e1dio Original Jac J3 Turim 2011\" class=\"img-responsive lazy\" \/>\n                              <\/a>\n\t\t\t\t\t\t\t  <div class=\"actions-link\">\t\t\t\t\t\t\t\t\t\n\t\t\t\t\t\t\t\t\t<a class=\"btn-wishlist\" data-toggle=\"tooltip\" title=\"Lista de desejos\" onclick=\"wishlist.add('19458');\"><i class=\"zmdi zmdi-favorite-outline\"><\/i><\/a>\t\t\t\t\t\t\t\t\t\n\t\t\t\t\t\t\t\t\t<a class=\"btn-compare\" data-toggle=\"tooltip\" title=\"Comparar\" onclick=\"compare.add('19458');\"><i class=\"zmdi zmdi-refresh-alt\"><\/i><\/a>\n\t\t\t\t\t\t\t\t<\/div>\n                            <\/div>\n                            <div class=\"product-inner\">\n                              <div class=\"product-caption\">\n\t\t\t\t\t\t\t                                <h2 class=\"product-name\"><a href=\"https:\/\/www.sulcarautopecas.com.br.186-226-60-153.cpanel.site\/outros-produtos\/radio-original-jac-j3-turim-2011-19458\">R\u00e1dio Original Jac J3 Turim 2011<\/a><\/h2>\n\t\t\t\t\t\t\t                                     <div class=\"ratings\">\n                                      <div class=\"rating-box\">\n                                                                                        <div class=\"rating0\">rating<\/div>                                                                                                                                                                                                                                                                            <\/div>\n                                  <\/div>\n                              \t\t\t\t\t\t\t                                  <p class=\"price\">\n                                                                    R$300,00                                                                                                    <\/p>\n                                \t\t\t\t\t\t\t \n                              \n\t\t\t\t\t\t\t\t<p class=\"product-des\">*Sulcar Auto Pe\u00e7as Blumenau.\n*Trabalhamos com produtos originais.\n*Foto reais do produto.\n*Calcular frete em mercado envios,caso tenha nos pergunte.\n*Demais D\u00favidas apenas nos pergunte.\n*Ap\u00f3s confirma\u00e7\u00e3o do pagamento enviamos em at\u00e9 1 dia \u00fatil.\n*Entr..<\/p>\n                              <div class=\"product-intro\">\n\t\t\t\t\t\t\t\t<div class=\"actions-link2\">\n\t\t\t\t\t\t\t\t\t<a class=\"btn-cart\" data-toggle=\"tooltip\" title=\"Comprar\" onclick=\"cart.add('19458');\"><span class=\"button\"><i class=\"fa fa-shopping-cart\"><\/i>Comprar<\/span><\/a>\t\t\t\t\t\t\t\t\t\n\t\t\t\t\t\t\t\t\t<a class=\"btn-wishlist\" data-toggle=\"tooltip\" title=\"Lista de desejos\" onclick=\"wishlist.add('19458');\"><i class=\"zmdi zmdi-favorite-outline\"><\/i><\/a>\t\t\t\t\t\t\t\t\t\n\t\t\t\t\t\t\t\t\t<a class=\"btn-compare\" data-toggle=\"tooltip\" title=\"Comparar\" onclick=\"compare.add('19458');\"><i class=\"zmdi zmdi-refresh-alt\"><\/i><\/a>\n\t\t\t\t\t\t\t\t<\/div>\n\t\t\t\t\t\t\t\t<\/div>\n                            <\/div>\n\t\t\t\t\t\t\t<\/div>\n                          <\/div>\n                        <\/div>\n                                            <div class=\"product-layout product-list col-xs-12\">\n                          <div class=\"product-thumb layout1\">\n\t\t\t\t\t\t\t<div class=\"image\">\n                              \t\t\t\t\t\t\t\t                              <a href=\"https:\/\/www.sulcarautopecas.com.br.186-226-60-153.cpanel.site\/outros-produtos\/painel-de-controle-comando-do-ar-renault-clio-1c8940000-12522\">\n                                                              <img  src=\"image\/cache\/no_image-100x100.png\" alt=\"Comando Ar Ar Renault Clio 1c8940000\" \/>\n                              \t\t\t\t\t\t\t  <img  src=\"\" alt=\"Comando Ar Ar Renault Clio 1c8940000\" title=\"Comando Ar Ar Renault Clio 1c8940000\" class=\"img-responsive lazy\" \/>\n                              <\/a>\n\t\t\t\t\t\t\t  <div class=\"actions-link\">\t\t\t\t\t\t\t\t\t\n\t\t\t\t\t\t\t\t\t<a class=\"btn-wishlist\" data-toggle=\"tooltip\" title=\"Lista de desejos\" onclick=\"wishlist.add('12522');\"><i class=\"zmdi zmdi-favorite-outline\"><\/i><\/a>\t\t\t\t\t\t\t\t\t\n\t\t\t\t\t\t\t\t\t<a class=\"btn-compare\" data-toggle=\"tooltip\" title=\"Comparar\" onclick=\"compare.add('12522');\"><i class=\"zmdi zmdi-refresh-alt\"><\/i><\/a>\n\t\t\t\t\t\t\t\t<\/div>\n                            <\/div>\n                            <div class=\"product-inner\">\n                              <div class=\"product-caption\">\n\t\t\t\t\t\t\t                                <h2 class=\"product-name\"><a href=\"https:\/\/www.sulcarautopecas.com.br.186-226-60-153.cpanel.site\/outros-produtos\/painel-de-controle-comando-do-ar-renault-clio-1c8940000-12522\">Comando Ar Ar Renault Clio 1c8940000<\/a><\/h2>\n\t\t\t\t\t\t\t                                     <div class=\"ratings\">\n                                      <div class=\"rating-box\">\n                                                                                        <div class=\"rating0\">rating<\/div>                                                                                                                                                                                                                                                                            <\/div>\n                                  <\/div>\n                              \t\t\t\t\t\t\t                                  <p class=\"price\">\n                                                                    R$130,00                                                                                                    <\/p>\n                                \t\t\t\t\t\t\t \n                              \n\t\t\t\t\t\t\t\t<p class=\"product-des\">..<\/p>\n                              <div class=\"product-intro\">\n\t\t\t\t\t\t\t\t<div class=\"actions-link2\">\n\t\t\t\t\t\t\t\t\t<a class=\"btn-cart\" data-toggle=\"tooltip\" title=\"Comprar\" onclick=\"cart.add('12522');\"><span class=\"button\"><i class=\"fa fa-shopping-cart\"><\/i>Comprar<\/span><\/a>\t\t\t\t\t\t\t\t\t\n\t\t\t\t\t\t\t\t\t<a class=\"btn-wishlist\" data-toggle=\"tooltip\" title=\"Lista de desejos\" onclick=\"wishlist.add('12522');\"><i class=\"zmdi zmdi-favorite-outline\"><\/i><\/a>\t\t\t\t\t\t\t\t\t\n\t\t\t\t\t\t\t\t\t<a class=\"btn-compare\" data-toggle=\"tooltip\" title=\"Comparar\" onclick=\"compare.add('12522');\"><i class=\"zmdi zmdi-refresh-alt\"><\/i><\/a>\n\t\t\t\t\t\t\t\t<\/div>\n\t\t\t\t\t\t\t\t<\/div>\n                            <\/div>\n\t\t\t\t\t\t\t<\/div>\n                          <\/div>\n                        <\/div>\n                                            <div class=\"product-layout product-list col-xs-12\">\n                          <div class=\"product-thumb layout1\">\n\t\t\t\t\t\t\t<div class=\"image\">\n                              \t\t\t\t\t\t\t\t                              <a href=\"https:\/\/www.sulcarautopecas.com.br.186-226-60-153.cpanel.site\/outros-produtos\/braco-suspencao-traseira-direita-jeep-renegade-1-8-2021-34005\">\n                                                              <img  src=\"image\/cache\/no_image-100x100.png\" alt=\"Bra\u00e7o Suspen\u00e7\u00e3o Traseira Direita Jeep...\" \/>\n                              \t\t\t\t\t\t\t  <img  src=\"\" alt=\"Bra\u00e7o Suspen\u00e7\u00e3o Traseira Direita Jeep...\" title=\"Bra\u00e7o Suspen\u00e7\u00e3o Traseira Direita Jeep...\" class=\"img-responsive lazy\" \/>\n                              <\/a>\n\t\t\t\t\t\t\t  <div class=\"actions-link\">\t\t\t\t\t\t\t\t\t\n\t\t\t\t\t\t\t\t\t<a class=\"btn-wishlist\" data-toggle=\"tooltip\" title=\"Lista de desejos\" onclick=\"wishlist.add('34005');\"><i class=\"zmdi zmdi-favorite-outline\"><\/i><\/a>\t\t\t\t\t\t\t\t\t\n\t\t\t\t\t\t\t\t\t<a class=\"btn-compare\" data-toggle=\"tooltip\" title=\"Comparar\" onclick=\"compare.add('34005');\"><i class=\"zmdi zmdi-refresh-alt\"><\/i><\/a>\n\t\t\t\t\t\t\t\t<\/div>\n                            <\/div>\n                            <div class=\"product-inner\">\n                              <div class=\"product-caption\">\n\t\t\t\t\t\t\t                                <h2 class=\"product-name\"><a href=\"https:\/\/www.sulcarautopecas.com.br.186-226-60-153.cpanel.site\/outros-produtos\/braco-suspencao-traseira-direita-jeep-renegade-1-8-2021-34005\">Bra\u00e7o Suspen\u00e7\u00e3o Traseira Direita Jeep...<\/a><\/h2>\n\t\t\t\t\t\t\t                                     <div class=\"ratings\">\n                                      <div class=\"rating-box\">\n                                                                                        <div class=\"rating0\">rating<\/div>                                                                                                                                                                                                                                                                            <\/div>\n                                  <\/div>\n                              \t\t\t\t\t\t\t                                  <p class=\"price\">\n                                                                    R$150,00                                                                                                    <\/p>\n                                \t\t\t\t\t\t\t \n                              \n\t\t\t\t\t\t\t\t<p class=\"product-des\">*Sulcar Auto Pe\u00e7as Blumenau.\n*Trabalhamos com produtos originais.\n*Foto reais do produto.\n*Calcular frete em mercado envios,caso tenha nos pergunte.\n*Demais D\u00favidas apenas nos pergunte.\n*Ap\u00f3s confirma\u00e7\u00e3o do pagamento enviamos em at\u00e9 1 dia \u00fatil.\n*Entr..<\/p>\n                              <div class=\"product-intro\">\n\t\t\t\t\t\t\t\t<div class=\"actions-link2\">\n\t\t\t\t\t\t\t\t\t<a class=\"btn-cart\" data-toggle=\"tooltip\" title=\"Comprar\" onclick=\"cart.add('34005');\"><span class=\"button\"><i class=\"fa fa-shopping-cart\"><\/i>Comprar<\/span><\/a>\t\t\t\t\t\t\t\t\t\n\t\t\t\t\t\t\t\t\t<a class=\"btn-wishlist\" data-toggle=\"tooltip\" title=\"Lista de desejos\" onclick=\"wishlist.add('34005');\"><i class=\"zmdi zmdi-favorite-outline\"><\/i><\/a>\t\t\t\t\t\t\t\t\t\n\t\t\t\t\t\t\t\t\t<a class=\"btn-compare\" data-toggle=\"tooltip\" title=\"Comparar\" onclick=\"compare.add('34005');\"><i class=\"zmdi zmdi-refresh-alt\"><\/i><\/a>\n\t\t\t\t\t\t\t\t<\/div>\n\t\t\t\t\t\t\t\t<\/div>\n                            <\/div>\n\t\t\t\t\t\t\t<\/div>\n                          <\/div>\n                        <\/div>\n                                            <div class=\"product-layout product-list col-xs-12\">\n                          <div class=\"product-thumb layout1\">\n\t\t\t\t\t\t\t<div class=\"image\">\n                              \t\t\t\t\t\t\t\t                              <a href=\"https:\/\/www.sulcarautopecas.com.br.186-226-60-153.cpanel.site\/outros-produtos\/absorvedor-impacto-dianteiro-dir-duster-1-3-turbo-2023-a5739-30313\">\n                                                              <img  src=\"image\/cache\/no_image-100x100.png\" alt=\"Absorvedor Impacto Dianteiro Dir Duster ...\" \/>\n                              \t\t\t\t\t\t\t  <img  src=\"\" alt=\"Absorvedor Impacto Dianteiro Dir Duster ...\" title=\"Absorvedor Impacto Dianteiro Dir Duster ...\" class=\"img-responsive lazy\" \/>\n                              <\/a>\n\t\t\t\t\t\t\t  <div class=\"actions-link\">\t\t\t\t\t\t\t\t\t\n\t\t\t\t\t\t\t\t\t<a class=\"btn-wishlist\" data-toggle=\"tooltip\" title=\"Lista de desejos\" onclick=\"wishlist.add('30313');\"><i class=\"zmdi zmdi-favorite-outline\"><\/i><\/a>\t\t\t\t\t\t\t\t\t\n\t\t\t\t\t\t\t\t\t<a class=\"btn-compare\" data-toggle=\"tooltip\" title=\"Comparar\" onclick=\"compare.add('30313');\"><i class=\"zmdi zmdi-refresh-alt\"><\/i><\/a>\n\t\t\t\t\t\t\t\t<\/div>\n                            <\/div>\n                            <div class=\"product-inner\">\n                              <div class=\"product-caption\">\n\t\t\t\t\t\t\t                                <h2 class=\"product-name\"><a href=\"https:\/\/www.sulcarautopecas.com.br.186-226-60-153.cpanel.site\/outros-produtos\/absorvedor-impacto-dianteiro-dir-duster-1-3-turbo-2023-a5739-30313\">Absorvedor Impacto Dianteiro Dir Duster ...<\/a><\/h2>\n\t\t\t\t\t\t\t                                     <div class=\"ratings\">\n                                      <div class=\"rating-box\">\n                                                                                        <div class=\"rating0\">rating<\/div>                                                                                                                                                                                                                                                                            <\/div>\n                                  <\/div>\n                              \t\t\t\t\t\t\t                                  <p class=\"price\">\n                                                                    R$150,00                                                                                                    <\/p>\n                                \t\t\t\t\t\t\t \n                              \n\t\t\t\t\t\t\t\t<p class=\"product-des\">Sulcar Auto Pe\u00e7as Blumenau\nTrabalhamos com produtos originais\nFoto reais do produto\nCalcular frete...no mercado de envios\nDemais d\u00favidas...apenas nos pergunte\nAp\u00f3s confirmar do pagamento enviamos em at\u00e9 1 dia \u00fatil\nEntregamos para todo territ\u00f3rio naci..<\/p>\n                              <div class=\"product-intro\">\n\t\t\t\t\t\t\t\t<div class=\"actions-link2\">\n\t\t\t\t\t\t\t\t\t<a class=\"btn-cart\" data-toggle=\"tooltip\" title=\"Comprar\" onclick=\"cart.add('30313');\"><span class=\"button\"><i class=\"fa fa-shopping-cart\"><\/i>Comprar<\/span><\/a>\t\t\t\t\t\t\t\t\t\n\t\t\t\t\t\t\t\t\t<a class=\"btn-wishlist\" data-toggle=\"tooltip\" title=\"Lista de desejos\" onclick=\"wishlist.add('30313');\"><i class=\"zmdi zmdi-favorite-outline\"><\/i><\/a>\t\t\t\t\t\t\t\t\t\n\t\t\t\t\t\t\t\t\t<a class=\"btn-compare\" data-toggle=\"tooltip\" title=\"Comparar\" onclick=\"compare.add('30313');\"><i class=\"zmdi zmdi-refresh-alt\"><\/i><\/a>\n\t\t\t\t\t\t\t\t<\/div>\n\t\t\t\t\t\t\t\t<\/div>\n                            <\/div>\n\t\t\t\t\t\t\t<\/div>\n                          <\/div>\n                        <\/div>\n                                            <div class=\"product-layout product-list col-xs-12\">\n                          <div class=\"product-thumb layout1\">\n\t\t\t\t\t\t\t<div class=\"image\">\n                              \t\t\t\t\t\t\t\t                              <a href=\"https:\/\/www.sulcarautopecas.com.br.186-226-60-153.cpanel.site\/outros-produtos\/caixa-fusivel-honda-hr-v-1-8-2021-a1873-26397\">\n                                                              <img  src=\"image\/cache\/no_image-100x100.png\" alt=\"Caixa Fusivel Honda Hr-v 1.8 2021 A1873\" \/>\n                              \t\t\t\t\t\t\t  <img  src=\"\" alt=\"Caixa Fusivel Honda Hr-v 1.8 2021 A1873\" title=\"Caixa Fusivel Honda Hr-v 1.8 2021 A1873\" class=\"img-responsive lazy\" \/>\n                              <\/a>\n\t\t\t\t\t\t\t  <div class=\"actions-link\">\t\t\t\t\t\t\t\t\t\n\t\t\t\t\t\t\t\t\t<a class=\"btn-wishlist\" data-toggle=\"tooltip\" title=\"Lista de desejos\" onclick=\"wishlist.add('26397');\"><i class=\"zmdi zmdi-favorite-outline\"><\/i><\/a>\t\t\t\t\t\t\t\t\t\n\t\t\t\t\t\t\t\t\t<a class=\"btn-compare\" data-toggle=\"tooltip\" title=\"Comparar\" onclick=\"compare.add('26397');\"><i class=\"zmdi zmdi-refresh-alt\"><\/i><\/a>\n\t\t\t\t\t\t\t\t<\/div>\n                            <\/div>\n                            <div class=\"product-inner\">\n                              <div class=\"product-caption\">\n\t\t\t\t\t\t\t                                <h2 class=\"product-name\"><a href=\"https:\/\/www.sulcarautopecas.com.br.186-226-60-153.cpanel.site\/outros-produtos\/caixa-fusivel-honda-hr-v-1-8-2021-a1873-26397\">Caixa Fusivel Honda Hr-v 1.8 2021 A1873<\/a><\/h2>\n\t\t\t\t\t\t\t                                     <div class=\"ratings\">\n                                      <div class=\"rating-box\">\n                                                                                        <div class=\"rating0\">rating<\/div>                                                                                                                                                                                                                                                                            <\/div>\n                                  <\/div>\n                              \t\t\t\t\t\t\t                                  <p class=\"price\">\n                                                                    R$130,00                                                                                                    <\/p>\n                                \t\t\t\t\t\t\t \n                              \n\t\t\t\t\t\t\t\t<p class=\"product-des\">Trabalhamos com produtos originais, retirados de ve\u00edculos baixados no Detran, com total proced\u00eancia e garantia.\nTodas as nossas fotos s\u00e3o reais do produto.\n\nPara calcular o frente basta aproveitar as vantagens do MERCADO ENVIOS.\nCaso o produto n\u00e3o te..<\/p>\n                              <div class=\"product-intro\">\n\t\t\t\t\t\t\t\t<div class=\"actions-link2\">\n\t\t\t\t\t\t\t\t\t<a class=\"btn-cart\" data-toggle=\"tooltip\" title=\"Comprar\" onclick=\"cart.add('26397');\"><span class=\"button\"><i class=\"fa fa-shopping-cart\"><\/i>Comprar<\/span><\/a>\t\t\t\t\t\t\t\t\t\n\t\t\t\t\t\t\t\t\t<a class=\"btn-wishlist\" data-toggle=\"tooltip\" title=\"Lista de desejos\" onclick=\"wishlist.add('26397');\"><i class=\"zmdi zmdi-favorite-outline\"><\/i><\/a>\t\t\t\t\t\t\t\t\t\n\t\t\t\t\t\t\t\t\t<a class=\"btn-compare\" data-toggle=\"tooltip\" title=\"Comparar\" onclick=\"compare.add('26397');\"><i class=\"zmdi zmdi-refresh-alt\"><\/i><\/a>\n\t\t\t\t\t\t\t\t<\/div>\n\t\t\t\t\t\t\t\t<\/div>\n                            <\/div>\n\t\t\t\t\t\t\t<\/div>\n                          <\/div>\n                        <\/div>\n                                            <div class=\"product-layout product-list col-xs-12\">\n                          <div class=\"product-thumb layout1\">\n\t\t\t\t\t\t\t<div class=\"image\">\n                              \t\t\t\t\t\t\t\t                              <a href=\"https:\/\/www.sulcarautopecas.com.br.186-226-60-153.cpanel.site\/outros-produtos\/duto-filtro-de-ar-mitsubishi-tr4-2009-21752\">\n                                                              <img  src=\"image\/cache\/no_image-100x100.png\" alt=\"Duto Filtro De Ar Mitsubishi Tr4 2009\" \/>\n                              \t\t\t\t\t\t\t  <img  src=\"\" alt=\"Duto Filtro De Ar Mitsubishi Tr4 2009\" title=\"Duto Filtro De Ar Mitsubishi Tr4 2009\" class=\"img-responsive lazy\" \/>\n                              <\/a>\n\t\t\t\t\t\t\t  <div class=\"actions-link\">\t\t\t\t\t\t\t\t\t\n\t\t\t\t\t\t\t\t\t<a class=\"btn-wishlist\" data-toggle=\"tooltip\" title=\"Lista de desejos\" onclick=\"wishlist.add('21752');\"><i class=\"zmdi zmdi-favorite-outline\"><\/i><\/a>\t\t\t\t\t\t\t\t\t\n\t\t\t\t\t\t\t\t\t<a class=\"btn-compare\" data-toggle=\"tooltip\" title=\"Comparar\" onclick=\"compare.add('21752');\"><i class=\"zmdi zmdi-refresh-alt\"><\/i><\/a>\n\t\t\t\t\t\t\t\t<\/div>\n                            <\/div>\n                            <div class=\"product-inner\">\n                              <div class=\"product-caption\">\n\t\t\t\t\t\t\t                                <h2 class=\"product-name\"><a href=\"https:\/\/www.sulcarautopecas.com.br.186-226-60-153.cpanel.site\/outros-produtos\/duto-filtro-de-ar-mitsubishi-tr4-2009-21752\">Duto Filtro De Ar Mitsubishi Tr4 2009<\/a><\/h2>\n\t\t\t\t\t\t\t                                     <div class=\"ratings\">\n                                      <div class=\"rating-box\">\n                                                                                        <div class=\"rating0\">rating<\/div>                                                                                                                                                                                                                                                                            <\/div>\n                                  <\/div>\n                              \t\t\t\t\t\t\t                                  <p class=\"price\">\n                                                                    R$140,00                                                                                                    <\/p>\n                                \t\t\t\t\t\t\t \n                              \n\t\t\t\t\t\t\t\t<p class=\"product-des\">Trabalhamos com produtos originais, retirados de ve\u00edculos baixados no Detran, com total proced\u00eancia e garantia.\nTodas as nossas fotos s\u00e3o reais do produto.\n\nPara calcular o frente basta aproveitar as vantagens do MERCADO ENVIOS.\nCaso o produto n\u00e3o te..<\/p>\n                              <div class=\"product-intro\">\n\t\t\t\t\t\t\t\t<div class=\"actions-link2\">\n\t\t\t\t\t\t\t\t\t<a class=\"btn-cart\" data-toggle=\"tooltip\" title=\"Comprar\" onclick=\"cart.add('21752');\"><span class=\"button\"><i class=\"fa fa-shopping-cart\"><\/i>Comprar<\/span><\/a>\t\t\t\t\t\t\t\t\t\n\t\t\t\t\t\t\t\t\t<a class=\"btn-wishlist\" data-toggle=\"tooltip\" title=\"Lista de desejos\" onclick=\"wishlist.add('21752');\"><i class=\"zmdi zmdi-favorite-outline\"><\/i><\/a>\t\t\t\t\t\t\t\t\t\n\t\t\t\t\t\t\t\t\t<a class=\"btn-compare\" data-toggle=\"tooltip\" title=\"Comparar\" onclick=\"compare.add('21752');\"><i class=\"zmdi zmdi-refresh-alt\"><\/i><\/a>\n\t\t\t\t\t\t\t\t<\/div>\n\t\t\t\t\t\t\t\t<\/div>\n                            <\/div>\n\t\t\t\t\t\t\t<\/div>\n                          <\/div>\n                        <\/div>\n                                            <div class=\"product-layout product-list col-xs-12\">\n                          <div class=\"product-thumb layout1\">\n\t\t\t\t\t\t\t<div class=\"image\">\n                              \t\t\t\t\t\t\t\t                              <a href=\"https:\/\/www.sulcarautopecas.com.br.186-226-60-153.cpanel.site\/outros-produtos\/luz-cortesia-renault-captur-2019-original-16243\">\n                                                              <img  src=\"image\/cache\/no_image-100x100.png\" alt=\"Luz Cortesia Renault Captur 2019 Origina...\" \/>\n                              \t\t\t\t\t\t\t  <img  src=\"\" alt=\"Luz Cortesia Renault Captur 2019 Origina...\" title=\"Luz Cortesia Renault Captur 2019 Origina...\" class=\"img-responsive lazy\" \/>\n                              <\/a>\n\t\t\t\t\t\t\t  <div class=\"actions-link\">\t\t\t\t\t\t\t\t\t\n\t\t\t\t\t\t\t\t\t<a class=\"btn-wishlist\" data-toggle=\"tooltip\" title=\"Lista de desejos\" onclick=\"wishlist.add('16243');\"><i class=\"zmdi zmdi-favorite-outline\"><\/i><\/a>\t\t\t\t\t\t\t\t\t\n\t\t\t\t\t\t\t\t\t<a class=\"btn-compare\" data-toggle=\"tooltip\" title=\"Comparar\" onclick=\"compare.add('16243');\"><i class=\"zmdi zmdi-refresh-alt\"><\/i><\/a>\n\t\t\t\t\t\t\t\t<\/div>\n                            <\/div>\n                            <div class=\"product-inner\">\n                              <div class=\"product-caption\">\n\t\t\t\t\t\t\t                                <h2 class=\"product-name\"><a href=\"https:\/\/www.sulcarautopecas.com.br.186-226-60-153.cpanel.site\/outros-produtos\/luz-cortesia-renault-captur-2019-original-16243\">Luz Cortesia Renault Captur 2019 Origina...<\/a><\/h2>\n\t\t\t\t\t\t\t                                     <div class=\"ratings\">\n                                      <div class=\"rating-box\">\n                                                                                        <div class=\"rating0\">rating<\/div>                                                                                                                                                                                                                                                                            <\/div>\n                                  <\/div>\n                              \t\t\t\t\t\t\t                                  <p class=\"price\">\n                                                                    R$150,00                                                                                                    <\/p>\n                                \t\t\t\t\t\t\t \n                              \n\t\t\t\t\t\t\t\t<p class=\"product-des\">*Sulcar Auto Pe\u00e7as Blumenau.\n*Trabalhamos com produtos originais.\n*Foto reais do produto.\n*Calcular frete em mercado envios,caso tenha nos pergunte.\n*Demais D\u00favidas apenas nos pergunte.\n*Ap\u00f3s confirma\u00e7\u00e3o do pagamento enviamos em at\u00e9 1 dia \u00fatil.\n*Entr..<\/p>\n                              <div class=\"product-intro\">\n\t\t\t\t\t\t\t\t<div class=\"actions-link2\">\n\t\t\t\t\t\t\t\t\t<a class=\"btn-cart\" data-toggle=\"tooltip\" title=\"Comprar\" onclick=\"cart.add('16243');\"><span class=\"button\"><i class=\"fa fa-shopping-cart\"><\/i>Comprar<\/span><\/a>\t\t\t\t\t\t\t\t\t\n\t\t\t\t\t\t\t\t\t<a class=\"btn-wishlist\" data-toggle=\"tooltip\" title=\"Lista de desejos\" onclick=\"wishlist.add('16243');\"><i class=\"zmdi zmdi-favorite-outline\"><\/i><\/a>\t\t\t\t\t\t\t\t\t\n\t\t\t\t\t\t\t\t\t<a class=\"btn-compare\" data-toggle=\"tooltip\" title=\"Comparar\" onclick=\"compare.add('16243');\"><i class=\"zmdi zmdi-refresh-alt\"><\/i><\/a>\n\t\t\t\t\t\t\t\t<\/div>\n\t\t\t\t\t\t\t\t<\/div>\n                            <\/div>\n\t\t\t\t\t\t\t<\/div>\n                          <\/div>\n                        <\/div>\n                                            <div class=\"product-layout product-list col-xs-12\">\n                          <div class=\"product-thumb layout1\">\n\t\t\t\t\t\t\t<div class=\"image\">\n                              \t\t\t\t\t\t\t\t                              <a href=\"https:\/\/www.sulcarautopecas.com.br.186-226-60-153.cpanel.site\/outros-produtos\/brake-light-luz-freio-renault-duster-2023-32040\">\n                                                              <img  src=\"image\/cache\/no_image-100x100.png\" alt=\"Brake Light Luz Freio Renault Duster 202...\" \/>\n                              \t\t\t\t\t\t\t  <img  src=\"\" alt=\"Brake Light Luz Freio Renault Duster 202...\" title=\"Brake Light Luz Freio Renault Duster 202...\" class=\"img-responsive lazy\" \/>\n                              <\/a>\n\t\t\t\t\t\t\t  <div class=\"actions-link\">\t\t\t\t\t\t\t\t\t\n\t\t\t\t\t\t\t\t\t<a class=\"btn-wishlist\" data-toggle=\"tooltip\" title=\"Lista de desejos\" onclick=\"wishlist.add('32040');\"><i class=\"zmdi zmdi-favorite-outline\"><\/i><\/a>\t\t\t\t\t\t\t\t\t\n\t\t\t\t\t\t\t\t\t<a class=\"btn-compare\" data-toggle=\"tooltip\" title=\"Comparar\" onclick=\"compare.add('32040');\"><i class=\"zmdi zmdi-refresh-alt\"><\/i><\/a>\n\t\t\t\t\t\t\t\t<\/div>\n                            <\/div>\n                            <div class=\"product-inner\">\n                              <div class=\"product-caption\">\n\t\t\t\t\t\t\t                                <h2 class=\"product-name\"><a href=\"https:\/\/www.sulcarautopecas.com.br.186-226-60-153.cpanel.site\/outros-produtos\/brake-light-luz-freio-renault-duster-2023-32040\">Brake Light Luz Freio Renault Duster 202...<\/a><\/h2>\n\t\t\t\t\t\t\t                                     <div class=\"ratings\">\n                                      <div class=\"rating-box\">\n                                                                                        <div class=\"rating0\">rating<\/div>                                                                                                                                                                                                                                                                            <\/div>\n                                  <\/div>\n                              \t\t\t\t\t\t\t                                  <p class=\"price\">\n                                                                    R$200,00                                                                                                    <\/p>\n                                \t\t\t\t\t\t\t \n                              \n\t\t\t\t\t\t\t\t<p class=\"product-des\">*Sulcar Auto Pe\u00e7as Blumenau.\n*Trabalhamos com produtos originais.\n*Foto reais do produto.\n*Calcular frete em mercado envios,caso tenha nos pergunte.\n*Demais D\u00favidas apenas nos pergunte.\n*Ap\u00f3s confirma\u00e7\u00e3o do pagamento enviamos em at\u00e9 1 dia \u00fatil.\n*Entr..<\/p>\n                              <div class=\"product-intro\">\n\t\t\t\t\t\t\t\t<div class=\"actions-link2\">\n\t\t\t\t\t\t\t\t\t<a class=\"btn-cart\" data-toggle=\"tooltip\" title=\"Comprar\" onclick=\"cart.add('32040');\"><span class=\"button\"><i class=\"fa fa-shopping-cart\"><\/i>Comprar<\/span><\/a>\t\t\t\t\t\t\t\t\t\n\t\t\t\t\t\t\t\t\t<a class=\"btn-wishlist\" data-toggle=\"tooltip\" title=\"Lista de desejos\" onclick=\"wishlist.add('32040');\"><i class=\"zmdi zmdi-favorite-outline\"><\/i><\/a>\t\t\t\t\t\t\t\t\t\n\t\t\t\t\t\t\t\t\t<a class=\"btn-compare\" data-toggle=\"tooltip\" title=\"Comparar\" onclick=\"compare.add('32040');\"><i class=\"zmdi zmdi-refresh-alt\"><\/i><\/a>\n\t\t\t\t\t\t\t\t<\/div>\n\t\t\t\t\t\t\t\t<\/div>\n                            <\/div>\n\t\t\t\t\t\t\t<\/div>\n                          <\/div>\n                        <\/div>\n                                            <div class=\"product-layout product-list col-xs-12\">\n                          <div class=\"product-thumb layout1\">\n\t\t\t\t\t\t\t<div class=\"image\">\n                              \t\t\t\t\t\t\t\t                              <a href=\"https:\/\/www.sulcarautopecas.com.br.186-226-60-153.cpanel.site\/outros-produtos\/olho-gato-tras-esq-fiat-fastback-abarth-1-3-2023-a3742-28073\">\n                                                              <img  src=\"image\/cache\/no_image-100x100.png\" alt=\"Olho Gato Tras Esq Fiat Fastback Abarth ...\" \/>\n                              \t\t\t\t\t\t\t  <img  src=\"\" alt=\"Olho Gato Tras Esq Fiat Fastback Abarth ...\" title=\"Olho Gato Tras Esq Fiat Fastback Abarth ...\" class=\"img-responsive lazy\" \/>\n                              <\/a>\n\t\t\t\t\t\t\t  <div class=\"actions-link\">\t\t\t\t\t\t\t\t\t\n\t\t\t\t\t\t\t\t\t<a class=\"btn-wishlist\" data-toggle=\"tooltip\" title=\"Lista de desejos\" onclick=\"wishlist.add('28073');\"><i class=\"zmdi zmdi-favorite-outline\"><\/i><\/a>\t\t\t\t\t\t\t\t\t\n\t\t\t\t\t\t\t\t\t<a class=\"btn-compare\" data-toggle=\"tooltip\" title=\"Comparar\" onclick=\"compare.add('28073');\"><i class=\"zmdi zmdi-refresh-alt\"><\/i><\/a>\n\t\t\t\t\t\t\t\t<\/div>\n                            <\/div>\n                            <div class=\"product-inner\">\n                              <div class=\"product-caption\">\n\t\t\t\t\t\t\t                                <h2 class=\"product-name\"><a href=\"https:\/\/www.sulcarautopecas.com.br.186-226-60-153.cpanel.site\/outros-produtos\/olho-gato-tras-esq-fiat-fastback-abarth-1-3-2023-a3742-28073\">Olho Gato Tras Esq Fiat Fastback Abarth ...<\/a><\/h2>\n\t\t\t\t\t\t\t                                     <div class=\"ratings\">\n                                      <div class=\"rating-box\">\n                                                                                        <div class=\"rating0\">rating<\/div>                                                                                                                                                                                                                                                                            <\/div>\n                                  <\/div>\n                              \t\t\t\t\t\t\t                                  <p class=\"price\">\n                                                                    R$180,00                                                                                                    <\/p>\n                                \t\t\t\t\t\t\t \n                              \n\t\t\t\t\t\t\t\t<p class=\"product-des\">Sulcar Auto Pe\u00e7as Blumenau\nTrabalhamos com produtos originais\nFoto reais do produto\nCalcular frete...no mercado de envios\nDemais d\u00favidas...apenas nos pergunte\nAp\u00f3s confirmar do pagamento enviamos em at\u00e9 1 dia \u00fatil\nEntregamos para todo territ\u00f3rio naci..<\/p>\n                              <div class=\"product-intro\">\n\t\t\t\t\t\t\t\t<div class=\"actions-link2\">\n\t\t\t\t\t\t\t\t\t<a class=\"btn-cart\" data-toggle=\"tooltip\" title=\"Comprar\" onclick=\"cart.add('28073');\"><span class=\"button\"><i class=\"fa fa-shopping-cart\"><\/i>Comprar<\/span><\/a>\t\t\t\t\t\t\t\t\t\n\t\t\t\t\t\t\t\t\t<a class=\"btn-wishlist\" data-toggle=\"tooltip\" title=\"Lista de desejos\" onclick=\"wishlist.add('28073');\"><i class=\"zmdi zmdi-favorite-outline\"><\/i><\/a>\t\t\t\t\t\t\t\t\t\n\t\t\t\t\t\t\t\t\t<a class=\"btn-compare\" data-toggle=\"tooltip\" title=\"Comparar\" onclick=\"compare.add('28073');\"><i class=\"zmdi zmdi-refresh-alt\"><\/i><\/a>\n\t\t\t\t\t\t\t\t<\/div>\n\t\t\t\t\t\t\t\t<\/div>\n                            <\/div>\n\t\t\t\t\t\t\t<\/div>\n                          <\/div>\n                        <\/div>\n                                            <div class=\"product-layout product-list col-xs-12\">\n                          <div class=\"product-thumb layout1\">\n\t\t\t\t\t\t\t<div class=\"image\">\n                              \t\t\t\t\t\t\t\t                              <a href=\"https:\/\/www.sulcarautopecas.com.br.186-226-60-153.cpanel.site\/outros-produtos\/cabo-abertura-tanque-combustivel-jac-t40-2018-c-detalhe-24038\">\n                                                              <img  src=\"image\/cache\/no_image-100x100.png\" alt=\"Cabo Abertura Tanque Combust\u00edvel Jac T4...\" \/>\n                              \t\t\t\t\t\t\t  <img  src=\"\" alt=\"Cabo Abertura Tanque Combust\u00edvel Jac T4...\" title=\"Cabo Abertura Tanque Combust\u00edvel Jac T4...\" class=\"img-responsive lazy\" \/>\n                              <\/a>\n\t\t\t\t\t\t\t  <div class=\"actions-link\">\t\t\t\t\t\t\t\t\t\n\t\t\t\t\t\t\t\t\t<a class=\"btn-wishlist\" data-toggle=\"tooltip\" title=\"Lista de desejos\" onclick=\"wishlist.add('24038');\"><i class=\"zmdi zmdi-favorite-outline\"><\/i><\/a>\t\t\t\t\t\t\t\t\t\n\t\t\t\t\t\t\t\t\t<a class=\"btn-compare\" data-toggle=\"tooltip\" title=\"Comparar\" onclick=\"compare.add('24038');\"><i class=\"zmdi zmdi-refresh-alt\"><\/i><\/a>\n\t\t\t\t\t\t\t\t<\/div>\n                            <\/div>\n                            <div class=\"product-inner\">\n                              <div class=\"product-caption\">\n\t\t\t\t\t\t\t                                <h2 class=\"product-name\"><a href=\"https:\/\/www.sulcarautopecas.com.br.186-226-60-153.cpanel.site\/outros-produtos\/cabo-abertura-tanque-combustivel-jac-t40-2018-c-detalhe-24038\">Cabo Abertura Tanque Combust\u00edvel Jac T4...<\/a><\/h2>\n\t\t\t\t\t\t\t                                     <div class=\"ratings\">\n                                      <div class=\"rating-box\">\n                                                                                        <div class=\"rating0\">rating<\/div>                                                                                                                                                                                                                                                                            <\/div>\n                                  <\/div>\n                              \t\t\t\t\t\t\t                                  <p class=\"price\">\n                                                                    R$100,00                                                                                                    <\/p>\n                                \t\t\t\t\t\t\t \n                              \n\t\t\t\t\t\t\t\t<p class=\"product-des\">Trabalhamos com produtos originais, retirados de ve\u00edculos baixados no Detran, com toda a proced\u00eancia e garantia.\nTodas as nossas fotos s\u00e3o reais do produto.\n\nPara calcular o frete basta aproveitar as vantagens do MERCADO ENVIOS.\nCaso o produto n\u00e3o te..<\/p>\n                              <div class=\"product-intro\">\n\t\t\t\t\t\t\t\t<div class=\"actions-link2\">\n\t\t\t\t\t\t\t\t\t<a class=\"btn-cart\" data-toggle=\"tooltip\" title=\"Comprar\" onclick=\"cart.add('24038');\"><span class=\"button\"><i class=\"fa fa-shopping-cart\"><\/i>Comprar<\/span><\/a>\t\t\t\t\t\t\t\t\t\n\t\t\t\t\t\t\t\t\t<a class=\"btn-wishlist\" data-toggle=\"tooltip\" title=\"Lista de desejos\" onclick=\"wishlist.add('24038');\"><i class=\"zmdi zmdi-favorite-outline\"><\/i><\/a>\t\t\t\t\t\t\t\t\t\n\t\t\t\t\t\t\t\t\t<a class=\"btn-compare\" data-toggle=\"tooltip\" title=\"Comparar\" onclick=\"compare.add('24038');\"><i class=\"zmdi zmdi-refresh-alt\"><\/i><\/a>\n\t\t\t\t\t\t\t\t<\/div>\n\t\t\t\t\t\t\t\t<\/div>\n                            <\/div>\n\t\t\t\t\t\t\t<\/div>\n                          <\/div>\n                        <\/div>\n                                            <div class=\"product-layout product-list col-xs-12\">\n                          <div class=\"product-thumb layout1\">\n\t\t\t\t\t\t\t<div class=\"image\">\n                              \t\t\t\t\t\t\t\t                              <a href=\"https:\/\/www.sulcarautopecas.com.br.186-226-60-153.cpanel.site\/outros-produtos\/pedal-acelerador-gm-corsa-2009-93303984--18939\">\n                                                              <img  src=\"image\/cache\/no_image-100x100.png\" alt=\"Pedal Acelerador Gm Corsa 2009 (93303984...\" \/>\n                              \t\t\t\t\t\t\t  <img  src=\"\" alt=\"Pedal Acelerador Gm Corsa 2009 (93303984...\" title=\"Pedal Acelerador Gm Corsa 2009 (93303984...\" class=\"img-responsive lazy\" \/>\n                              <\/a>\n\t\t\t\t\t\t\t  <div class=\"actions-link\">\t\t\t\t\t\t\t\t\t\n\t\t\t\t\t\t\t\t\t<a class=\"btn-wishlist\" data-toggle=\"tooltip\" title=\"Lista de desejos\" onclick=\"wishlist.add('18939');\"><i class=\"zmdi zmdi-favorite-outline\"><\/i><\/a>\t\t\t\t\t\t\t\t\t\n\t\t\t\t\t\t\t\t\t<a class=\"btn-compare\" data-toggle=\"tooltip\" title=\"Comparar\" onclick=\"compare.add('18939');\"><i class=\"zmdi zmdi-refresh-alt\"><\/i><\/a>\n\t\t\t\t\t\t\t\t<\/div>\n                            <\/div>\n                            <div class=\"product-inner\">\n                              <div class=\"product-caption\">\n\t\t\t\t\t\t\t                                <h2 class=\"product-name\"><a href=\"https:\/\/www.sulcarautopecas.com.br.186-226-60-153.cpanel.site\/outros-produtos\/pedal-acelerador-gm-corsa-2009-93303984--18939\">Pedal Acelerador Gm Corsa 2009 (93303984...<\/a><\/h2>\n\t\t\t\t\t\t\t                                     <div class=\"ratings\">\n                                      <div class=\"rating-box\">\n                                                                                        <div class=\"rating0\">rating<\/div>                                                                                                                                                                                                                                                                            <\/div>\n                                  <\/div>\n                              \t\t\t\t\t\t\t                                  <p class=\"price\">\n                                                                    R$100,00                                                                                                    <\/p>\n                                \t\t\t\t\t\t\t \n                              \n\t\t\t\t\t\t\t\t<p class=\"product-des\">Sulcar Auto Pe\u00e7as Blumenau\nTrabalhamos com produtos originais \nFoto reais do produto \nCalcular frete...no mercado de envios \nDemais d\u00favidas...apenas nos pergunte \nAp\u00f3s confirmar do pagamento enviamos em at\u00e9 1 dia \u00fatil \nEntregamos para todo territ\u00f3rio..<\/p>\n                              <div class=\"product-intro\">\n\t\t\t\t\t\t\t\t<div class=\"actions-link2\">\n\t\t\t\t\t\t\t\t\t<a class=\"btn-cart\" data-toggle=\"tooltip\" title=\"Comprar\" onclick=\"cart.add('18939');\"><span class=\"button\"><i class=\"fa fa-shopping-cart\"><\/i>Comprar<\/span><\/a>\t\t\t\t\t\t\t\t\t\n\t\t\t\t\t\t\t\t\t<a class=\"btn-wishlist\" data-toggle=\"tooltip\" title=\"Lista de desejos\" onclick=\"wishlist.add('18939');\"><i class=\"zmdi zmdi-favorite-outline\"><\/i><\/a>\t\t\t\t\t\t\t\t\t\n\t\t\t\t\t\t\t\t\t<a class=\"btn-compare\" data-toggle=\"tooltip\" title=\"Comparar\" onclick=\"compare.add('18939');\"><i class=\"zmdi zmdi-refresh-alt\"><\/i><\/a>\n\t\t\t\t\t\t\t\t<\/div>\n\t\t\t\t\t\t\t\t<\/div>\n                            <\/div>\n\t\t\t\t\t\t\t<\/div>\n                          <\/div>\n                        <\/div>\n                                            <div class=\"product-layout product-list col-xs-12\">\n                          <div class=\"product-thumb layout1\">\n\t\t\t\t\t\t\t<div class=\"image\">\n                              \t\t\t\t\t\t\t\t                              <a href=\"https:\/\/www.sulcarautopecas.com.br.186-226-60-153.cpanel.site\/outros-produtos\/reservatorio-de-freio-ford-ka-2016-1-5-11378\">\n                                                              <img  src=\"image\/cache\/no_image-100x100.png\" alt=\"Reservat\u00f3rio De Freio Ford Ka 2016 1.5\" \/>\n                              \t\t\t\t\t\t\t  <img  src=\"\" alt=\"Reservat\u00f3rio De Freio Ford Ka 2016 1.5\" title=\"Reservat\u00f3rio De Freio Ford Ka 2016 1.5\" class=\"img-responsive lazy\" \/>\n                              <\/a>\n\t\t\t\t\t\t\t  <div class=\"actions-link\">\t\t\t\t\t\t\t\t\t\n\t\t\t\t\t\t\t\t\t<a class=\"btn-wishlist\" data-toggle=\"tooltip\" title=\"Lista de desejos\" onclick=\"wishlist.add('11378');\"><i class=\"zmdi zmdi-favorite-outline\"><\/i><\/a>\t\t\t\t\t\t\t\t\t\n\t\t\t\t\t\t\t\t\t<a class=\"btn-compare\" data-toggle=\"tooltip\" title=\"Comparar\" onclick=\"compare.add('11378');\"><i class=\"zmdi zmdi-refresh-alt\"><\/i><\/a>\n\t\t\t\t\t\t\t\t<\/div>\n                            <\/div>\n                            <div class=\"product-inner\">\n                              <div class=\"product-caption\">\n\t\t\t\t\t\t\t                                <h2 class=\"product-name\"><a href=\"https:\/\/www.sulcarautopecas.com.br.186-226-60-153.cpanel.site\/outros-produtos\/reservatorio-de-freio-ford-ka-2016-1-5-11378\">Reservat\u00f3rio De Freio Ford Ka 2016 1.5<\/a><\/h2>\n\t\t\t\t\t\t\t                                     <div class=\"ratings\">\n                                      <div class=\"rating-box\">\n                                                                                        <div class=\"rating0\">rating<\/div>                                                                                                                                                                                                                                                                            <\/div>\n                                  <\/div>\n                              \t\t\t\t\t\t\t                                  <p class=\"price\">\n                                                                    R$80,00                                                                                                    <\/p>\n                                \t\t\t\t\t\t\t \n                              \n\t\t\t\t\t\t\t\t<p class=\"product-des\">..<\/p>\n                              <div class=\"product-intro\">\n\t\t\t\t\t\t\t\t<div class=\"actions-link2\">\n\t\t\t\t\t\t\t\t\t<a class=\"btn-cart\" data-toggle=\"tooltip\" title=\"Comprar\" onclick=\"cart.add('11378');\"><span class=\"button\"><i class=\"fa fa-shopping-cart\"><\/i>Comprar<\/span><\/a>\t\t\t\t\t\t\t\t\t\n\t\t\t\t\t\t\t\t\t<a class=\"btn-wishlist\" data-toggle=\"tooltip\" title=\"Lista de desejos\" onclick=\"wishlist.add('11378');\"><i class=\"zmdi zmdi-favorite-outline\"><\/i><\/a>\t\t\t\t\t\t\t\t\t\n\t\t\t\t\t\t\t\t\t<a class=\"btn-compare\" data-toggle=\"tooltip\" title=\"Comparar\" onclick=\"compare.add('11378');\"><i class=\"zmdi zmdi-refresh-alt\"><\/i><\/a>\n\t\t\t\t\t\t\t\t<\/div>\n\t\t\t\t\t\t\t\t<\/div>\n                            <\/div>\n\t\t\t\t\t\t\t<\/div>\n                          <\/div>\n                        <\/div>\n                                            <div class=\"product-layout product-list col-xs-12\">\n                          <div class=\"product-thumb layout1\">\n\t\t\t\t\t\t\t<div class=\"image\">\n                              \t\t\t\t\t\t\t\t                              <a href=\"https:\/\/www.sulcarautopecas.com.br.186-226-60-153.cpanel.site\/outros-produtos\/cabo-antena-teto-fiat-fastback-impetus-2023-33772\">\n                                                              <img  src=\"image\/cache\/no_image-100x100.png\" alt=\"Cabo Antena Teto Fiat Fastback Impetus 2...\" \/>\n                              \t\t\t\t\t\t\t  <img  src=\"\" alt=\"Cabo Antena Teto Fiat Fastback Impetus 2...\" title=\"Cabo Antena Teto Fiat Fastback Impetus 2...\" class=\"img-responsive lazy\" \/>\n                              <\/a>\n\t\t\t\t\t\t\t  <div class=\"actions-link\">\t\t\t\t\t\t\t\t\t\n\t\t\t\t\t\t\t\t\t<a class=\"btn-wishlist\" data-toggle=\"tooltip\" title=\"Lista de desejos\" onclick=\"wishlist.add('33772');\"><i class=\"zmdi zmdi-favorite-outline\"><\/i><\/a>\t\t\t\t\t\t\t\t\t\n\t\t\t\t\t\t\t\t\t<a class=\"btn-compare\" data-toggle=\"tooltip\" title=\"Comparar\" onclick=\"compare.add('33772');\"><i class=\"zmdi zmdi-refresh-alt\"><\/i><\/a>\n\t\t\t\t\t\t\t\t<\/div>\n                            <\/div>\n                            <div class=\"product-inner\">\n                              <div class=\"product-caption\">\n\t\t\t\t\t\t\t                                <h2 class=\"product-name\"><a href=\"https:\/\/www.sulcarautopecas.com.br.186-226-60-153.cpanel.site\/outros-produtos\/cabo-antena-teto-fiat-fastback-impetus-2023-33772\">Cabo Antena Teto Fiat Fastback Impetus 2...<\/a><\/h2>\n\t\t\t\t\t\t\t                                     <div class=\"ratings\">\n                                      <div class=\"rating-box\">\n                                                                                        <div class=\"rating0\">rating<\/div>                                                                                                                                                                                                                                                                            <\/div>\n                                  <\/div>\n                              \t\t\t\t\t\t\t                                  <p class=\"price\">\n                                                                    R$250,00                                                                                                    <\/p>\n                                \t\t\t\t\t\t\t \n                              \n\t\t\t\t\t\t\t\t<p class=\"product-des\">*Sulcar Auto Pe\u00e7as Blumenau.\n*Trabalhamos com produtos originais.\n*Foto reais do produto.\n*Calcular frete em mercado envios,caso tenha nos pergunte.\n*Demais D\u00favidas apenas nos pergunte.\n*Ap\u00f3s confirma\u00e7\u00e3o do pagamento enviamos em at\u00e9 1 dia \u00fatil.\n*Entr..<\/p>\n                              <div class=\"product-intro\">\n\t\t\t\t\t\t\t\t<div class=\"actions-link2\">\n\t\t\t\t\t\t\t\t\t<a class=\"btn-cart\" data-toggle=\"tooltip\" title=\"Comprar\" onclick=\"cart.add('33772');\"><span class=\"button\"><i class=\"fa fa-shopping-cart\"><\/i>Comprar<\/span><\/a>\t\t\t\t\t\t\t\t\t\n\t\t\t\t\t\t\t\t\t<a class=\"btn-wishlist\" data-toggle=\"tooltip\" title=\"Lista de desejos\" onclick=\"wishlist.add('33772');\"><i class=\"zmdi zmdi-favorite-outline\"><\/i><\/a>\t\t\t\t\t\t\t\t\t\n\t\t\t\t\t\t\t\t\t<a class=\"btn-compare\" data-toggle=\"tooltip\" title=\"Comparar\" onclick=\"compare.add('33772');\"><i class=\"zmdi zmdi-refresh-alt\"><\/i><\/a>\n\t\t\t\t\t\t\t\t<\/div>\n\t\t\t\t\t\t\t\t<\/div>\n                            <\/div>\n\t\t\t\t\t\t\t<\/div>\n                          <\/div>\n                        <\/div>\n                                            <div class=\"product-layout product-list col-xs-12\">\n                          <div class=\"product-thumb layout1\">\n\t\t\t\t\t\t\t<div class=\"image\">\n                              \t\t\t\t\t\t\t\t                              <a href=\"https:\/\/www.sulcarautopecas.com.br.186-226-60-153.cpanel.site\/outros-produtos\/atuador-caixa-ventilacao-renault-oroch-2023-a5556-29809\">\n                                                              <img  src=\"image\/cache\/no_image-100x100.png\" alt=\"Atuador Caixa Ventila\u00e7\u00e3o Renault Oroch...\" \/>\n                              \t\t\t\t\t\t\t  <img  src=\"\" alt=\"Atuador Caixa Ventila\u00e7\u00e3o Renault Oroch...\" title=\"Atuador Caixa Ventila\u00e7\u00e3o Renault Oroch...\" class=\"img-responsive lazy\" \/>\n                              <\/a>\n\t\t\t\t\t\t\t  <div class=\"actions-link\">\t\t\t\t\t\t\t\t\t\n\t\t\t\t\t\t\t\t\t<a class=\"btn-wishlist\" data-toggle=\"tooltip\" title=\"Lista de desejos\" onclick=\"wishlist.add('29809');\"><i class=\"zmdi zmdi-favorite-outline\"><\/i><\/a>\t\t\t\t\t\t\t\t\t\n\t\t\t\t\t\t\t\t\t<a class=\"btn-compare\" data-toggle=\"tooltip\" title=\"Comparar\" onclick=\"compare.add('29809');\"><i class=\"zmdi zmdi-refresh-alt\"><\/i><\/a>\n\t\t\t\t\t\t\t\t<\/div>\n                            <\/div>\n                            <div class=\"product-inner\">\n                              <div class=\"product-caption\">\n\t\t\t\t\t\t\t                                <h2 class=\"product-name\"><a href=\"https:\/\/www.sulcarautopecas.com.br.186-226-60-153.cpanel.site\/outros-produtos\/atuador-caixa-ventilacao-renault-oroch-2023-a5556-29809\">Atuador Caixa Ventila\u00e7\u00e3o Renault Oroch...<\/a><\/h2>\n\t\t\t\t\t\t\t                                     <div class=\"ratings\">\n                                      <div class=\"rating-box\">\n                                                                                        <div class=\"rating0\">rating<\/div>                                                                                                                                                                                                                                                                            <\/div>\n                                  <\/div>\n                              \t\t\t\t\t\t\t                                  <p class=\"price\">\n                                                                    R$130,00                                                                                                    <\/p>\n                                \t\t\t\t\t\t\t \n                              \n\t\t\t\t\t\t\t\t<p class=\"product-des\">Sulcar Auto Pe\u00e7as Blumenau\nTrabalhamos com produtos originais\nFoto reais do produto\nCalcular frete...no mercado de envios\nDemais d\u00favidas...apenas nos pergunte\nAp\u00f3s confirmar do pagamento enviamos em at\u00e9 1 dia \u00fatil\nEntregamos para todo territ\u00f3rio naci..<\/p>\n                              <div class=\"product-intro\">\n\t\t\t\t\t\t\t\t<div class=\"actions-link2\">\n\t\t\t\t\t\t\t\t\t<a class=\"btn-cart\" data-toggle=\"tooltip\" title=\"Comprar\" onclick=\"cart.add('29809');\"><span class=\"button\"><i class=\"fa fa-shopping-cart\"><\/i>Comprar<\/span><\/a>\t\t\t\t\t\t\t\t\t\n\t\t\t\t\t\t\t\t\t<a class=\"btn-wishlist\" data-toggle=\"tooltip\" title=\"Lista de desejos\" onclick=\"wishlist.add('29809');\"><i class=\"zmdi zmdi-favorite-outline\"><\/i><\/a>\t\t\t\t\t\t\t\t\t\n\t\t\t\t\t\t\t\t\t<a class=\"btn-compare\" data-toggle=\"tooltip\" title=\"Comparar\" onclick=\"compare.add('29809');\"><i class=\"zmdi zmdi-refresh-alt\"><\/i><\/a>\n\t\t\t\t\t\t\t\t<\/div>\n\t\t\t\t\t\t\t\t<\/div>\n                            <\/div>\n\t\t\t\t\t\t\t<\/div>\n                          <\/div>\n                        <\/div>\n                                            <div class=\"product-layout product-list col-xs-12\">\n                          <div class=\"product-thumb layout1\">\n\t\t\t\t\t\t\t<div class=\"image\">\n                              \t\t\t\t\t\t\t\t                              <a href=\"https:\/\/www.sulcarautopecas.com.br.186-226-60-153.cpanel.site\/outros-produtos\/motor-arranque-partida-toyota-corolla-1-8-aut-2014-19-a1459-25996\">\n                                                              <img  src=\"image\/cache\/no_image-100x100.png\" alt=\"Motor Arranque Partida Toyota Corolla 1....\" \/>\n                              \t\t\t\t\t\t\t  <img  src=\"\" alt=\"Motor Arranque Partida Toyota Corolla 1....\" title=\"Motor Arranque Partida Toyota Corolla 1....\" class=\"img-responsive lazy\" \/>\n                              <\/a>\n\t\t\t\t\t\t\t  <div class=\"actions-link\">\t\t\t\t\t\t\t\t\t\n\t\t\t\t\t\t\t\t\t<a class=\"btn-wishlist\" data-toggle=\"tooltip\" title=\"Lista de desejos\" onclick=\"wishlist.add('25996');\"><i class=\"zmdi zmdi-favorite-outline\"><\/i><\/a>\t\t\t\t\t\t\t\t\t\n\t\t\t\t\t\t\t\t\t<a class=\"btn-compare\" data-toggle=\"tooltip\" title=\"Comparar\" onclick=\"compare.add('25996');\"><i class=\"zmdi zmdi-refresh-alt\"><\/i><\/a>\n\t\t\t\t\t\t\t\t<\/div>\n                            <\/div>\n                            <div class=\"product-inner\">\n                              <div class=\"product-caption\">\n\t\t\t\t\t\t\t                                <h2 class=\"product-name\"><a href=\"https:\/\/www.sulcarautopecas.com.br.186-226-60-153.cpanel.site\/outros-produtos\/motor-arranque-partida-toyota-corolla-1-8-aut-2014-19-a1459-25996\">Motor Arranque Partida Toyota Corolla 1....<\/a><\/h2>\n\t\t\t\t\t\t\t                                     <div class=\"ratings\">\n                                      <div class=\"rating-box\">\n                                                                                        <div class=\"rating0\">rating<\/div>                                                                                                                                                                                                                                                                            <\/div>\n                                  <\/div>\n                              \t\t\t\t\t\t\t                                  <p class=\"price\">\n                                                                    R$300,00                                                                                                    <\/p>\n                                \t\t\t\t\t\t\t \n                              \n\t\t\t\t\t\t\t\t<p class=\"product-des\">Sulcar Auto Pe\u00e7as Blumenau.\nTrabalhamos com pe\u00e7as originais.\nFoto reais do produto.\nCalcule frente\u2026no mercado de envios.\nDemais d\u00favida nos pergunte.\nAp\u00f3s confirma\u00e7\u00e3o do pagamento,enviamos em at\u00e9 1 dia \u00fatil.\nEntregamos para todo pa\u00eds com qualidade e s..<\/p>\n                              <div class=\"product-intro\">\n\t\t\t\t\t\t\t\t<div class=\"actions-link2\">\n\t\t\t\t\t\t\t\t\t<a class=\"btn-cart\" data-toggle=\"tooltip\" title=\"Comprar\" onclick=\"cart.add('25996');\"><span class=\"button\"><i class=\"fa fa-shopping-cart\"><\/i>Comprar<\/span><\/a>\t\t\t\t\t\t\t\t\t\n\t\t\t\t\t\t\t\t\t<a class=\"btn-wishlist\" data-toggle=\"tooltip\" title=\"Lista de desejos\" onclick=\"wishlist.add('25996');\"><i class=\"zmdi zmdi-favorite-outline\"><\/i><\/a>\t\t\t\t\t\t\t\t\t\n\t\t\t\t\t\t\t\t\t<a class=\"btn-compare\" data-toggle=\"tooltip\" title=\"Comparar\" onclick=\"compare.add('25996');\"><i class=\"zmdi zmdi-refresh-alt\"><\/i><\/a>\n\t\t\t\t\t\t\t\t<\/div>\n\t\t\t\t\t\t\t\t<\/div>\n                            <\/div>\n\t\t\t\t\t\t\t<\/div>\n                          <\/div>\n                        <\/div>\n                                            <div class=\"product-layout product-list col-xs-12\">\n                          <div class=\"product-thumb layout1\">\n\t\t\t\t\t\t\t<div class=\"image\">\n                              \t\t\t\t\t\t\t\t                              <a href=\"https:\/\/www.sulcarautopecas.com.br.186-226-60-153.cpanel.site\/outros-produtos\/pedal-acelerador-hyundai-tucson-2-0-16-17-21211\">\n                                                              <img  src=\"image\/cache\/no_image-100x100.png\" alt=\"Pedal Acelerador Hyundai Tucson 2.0 16\/1...\" \/>\n                              \t\t\t\t\t\t\t  <img  src=\"\" alt=\"Pedal Acelerador Hyundai Tucson 2.0 16\/1...\" title=\"Pedal Acelerador Hyundai Tucson 2.0 16\/1...\" class=\"img-responsive lazy\" \/>\n                              <\/a>\n\t\t\t\t\t\t\t  <div class=\"actions-link\">\t\t\t\t\t\t\t\t\t\n\t\t\t\t\t\t\t\t\t<a class=\"btn-wishlist\" data-toggle=\"tooltip\" title=\"Lista de desejos\" onclick=\"wishlist.add('21211');\"><i class=\"zmdi zmdi-favorite-outline\"><\/i><\/a>\t\t\t\t\t\t\t\t\t\n\t\t\t\t\t\t\t\t\t<a class=\"btn-compare\" data-toggle=\"tooltip\" title=\"Comparar\" onclick=\"compare.add('21211');\"><i class=\"zmdi zmdi-refresh-alt\"><\/i><\/a>\n\t\t\t\t\t\t\t\t<\/div>\n                            <\/div>\n                            <div class=\"product-inner\">\n                              <div class=\"product-caption\">\n\t\t\t\t\t\t\t                                <h2 class=\"product-name\"><a href=\"https:\/\/www.sulcarautopecas.com.br.186-226-60-153.cpanel.site\/outros-produtos\/pedal-acelerador-hyundai-tucson-2-0-16-17-21211\">Pedal Acelerador Hyundai Tucson 2.0 16\/1...<\/a><\/h2>\n\t\t\t\t\t\t\t                                     <div class=\"ratings\">\n                                      <div class=\"rating-box\">\n                                                                                        <div class=\"rating0\">rating<\/div>                                                                                                                                                                                                                                                                            <\/div>\n                                  <\/div>\n                              \t\t\t\t\t\t\t                                  <p class=\"price\">\n                                                                    R$100,00                                                                                                    <\/p>\n                                \t\t\t\t\t\t\t \n                              \n\t\t\t\t\t\t\t\t<p class=\"product-des\">Trabalhamos com produtos originais, retirados de ve\u00edculos baixados no Detran, com total proced\u00eancia e garantia.\nTodas as nossas fotos s\u00e3o reais do produto.\n\nPara calcular o frente basta aproveitar as vantagens do MERCADO ENVIOS.\nCaso o produto n\u00e3o te..<\/p>\n                              <div class=\"product-intro\">\n\t\t\t\t\t\t\t\t<div class=\"actions-link2\">\n\t\t\t\t\t\t\t\t\t<a class=\"btn-cart\" data-toggle=\"tooltip\" title=\"Comprar\" onclick=\"cart.add('21211');\"><span class=\"button\"><i class=\"fa fa-shopping-cart\"><\/i>Comprar<\/span><\/a>\t\t\t\t\t\t\t\t\t\n\t\t\t\t\t\t\t\t\t<a class=\"btn-wishlist\" data-toggle=\"tooltip\" title=\"Lista de desejos\" onclick=\"wishlist.add('21211');\"><i class=\"zmdi zmdi-favorite-outline\"><\/i><\/a>\t\t\t\t\t\t\t\t\t\n\t\t\t\t\t\t\t\t\t<a class=\"btn-compare\" data-toggle=\"tooltip\" title=\"Comparar\" onclick=\"compare.add('21211');\"><i class=\"zmdi zmdi-refresh-alt\"><\/i><\/a>\n\t\t\t\t\t\t\t\t<\/div>\n\t\t\t\t\t\t\t\t<\/div>\n                            <\/div>\n\t\t\t\t\t\t\t<\/div>\n                          <\/div>\n                        <\/div>\n                                            <div class=\"product-layout product-list col-xs-12\">\n                          <div class=\"product-thumb layout1\">\n\t\t\t\t\t\t\t<div class=\"image\">\n                              \t\t\t\t\t\t\t\t                              <a href=\"https:\/\/www.sulcarautopecas.com.br.186-226-60-153.cpanel.site\/outros-produtos\/sonda-lambda-pre-catalisador-nissan-kicks-1-6-16v-2018-15335\">\n                                                              <img  src=\"image\/cache\/no_image-100x100.png\" alt=\"Sonda Lambda Pr\u00e9 Catalisador Nissan Kic...\" \/>\n                              \t\t\t\t\t\t\t  <img  src=\"\" alt=\"Sonda Lambda Pr\u00e9 Catalisador Nissan Kic...\" title=\"Sonda Lambda Pr\u00e9 Catalisador Nissan Kic...\" class=\"img-responsive lazy\" \/>\n                              <\/a>\n\t\t\t\t\t\t\t  <div class=\"actions-link\">\t\t\t\t\t\t\t\t\t\n\t\t\t\t\t\t\t\t\t<a class=\"btn-wishlist\" data-toggle=\"tooltip\" title=\"Lista de desejos\" onclick=\"wishlist.add('15335');\"><i class=\"zmdi zmdi-favorite-outline\"><\/i><\/a>\t\t\t\t\t\t\t\t\t\n\t\t\t\t\t\t\t\t\t<a class=\"btn-compare\" data-toggle=\"tooltip\" title=\"Comparar\" onclick=\"compare.add('15335');\"><i class=\"zmdi zmdi-refresh-alt\"><\/i><\/a>\n\t\t\t\t\t\t\t\t<\/div>\n                            <\/div>\n                            <div class=\"product-inner\">\n                              <div class=\"product-caption\">\n\t\t\t\t\t\t\t                                <h2 class=\"product-name\"><a href=\"https:\/\/www.sulcarautopecas.com.br.186-226-60-153.cpanel.site\/outros-produtos\/sonda-lambda-pre-catalisador-nissan-kicks-1-6-16v-2018-15335\">Sonda Lambda Pr\u00e9 Catalisador Nissan Kic...<\/a><\/h2>\n\t\t\t\t\t\t\t                                     <div class=\"ratings\">\n                                      <div class=\"rating-box\">\n                                                                                        <div class=\"rating0\">rating<\/div>                                                                                                                                                                                                                                                                            <\/div>\n                                  <\/div>\n                              \t\t\t\t\t\t\t                                  <p class=\"price\">\n                                                                    R$100,00                                                                                                    <\/p>\n                                \t\t\t\t\t\t\t \n                              \n\t\t\t\t\t\t\t\t<p class=\"product-des\">*Sulcar Auto Pe\u00e7as Blumenau.\n*Trabalhamos com produtos originais.\n*Foto reais do produto.\n*Calcular frete em mercado envios,caso tenha nos pergunte.\n*Demais D\u00favidas apenas nos pergunte.\n*Ap\u00f3s confirma\u00e7\u00e3o do pagamento enviamos em at\u00e9 1 dia \u00fatil.\n*Entr..<\/p>\n                              <div class=\"product-intro\">\n\t\t\t\t\t\t\t\t<div class=\"actions-link2\">\n\t\t\t\t\t\t\t\t\t<a class=\"btn-cart\" data-toggle=\"tooltip\" title=\"Comprar\" onclick=\"cart.add('15335');\"><span class=\"button\"><i class=\"fa fa-shopping-cart\"><\/i>Comprar<\/span><\/a>\t\t\t\t\t\t\t\t\t\n\t\t\t\t\t\t\t\t\t<a class=\"btn-wishlist\" data-toggle=\"tooltip\" title=\"Lista de desejos\" onclick=\"wishlist.add('15335');\"><i class=\"zmdi zmdi-favorite-outline\"><\/i><\/a>\t\t\t\t\t\t\t\t\t\n\t\t\t\t\t\t\t\t\t<a class=\"btn-compare\" data-toggle=\"tooltip\" title=\"Comparar\" onclick=\"compare.add('15335');\"><i class=\"zmdi zmdi-refresh-alt\"><\/i><\/a>\n\t\t\t\t\t\t\t\t<\/div>\n\t\t\t\t\t\t\t\t<\/div>\n                            <\/div>\n\t\t\t\t\t\t\t<\/div>\n                          <\/div>\n                        <\/div>\n                                            <div class=\"product-layout product-list col-xs-12\">\n                          <div class=\"product-thumb layout1\">\n\t\t\t\t\t\t\t<div class=\"image\">\n                              \t\t\t\t\t\t\t\t                              <a href=\"https:\/\/www.sulcarautopecas.com.br.186-226-60-153.cpanel.site\/outros-produtos\/cano-ar-quente-fastback-impetus-2023-31562\">\n                                                              <img  src=\"image\/cache\/no_image-100x100.png\" alt=\"Cano Ar Quente Fastback Impetus 2023\" \/>\n                              \t\t\t\t\t\t\t  <img  src=\"\" alt=\"Cano Ar Quente Fastback Impetus 2023\" title=\"Cano Ar Quente Fastback Impetus 2023\" class=\"img-responsive lazy\" \/>\n                              <\/a>\n\t\t\t\t\t\t\t  <div class=\"actions-link\">\t\t\t\t\t\t\t\t\t\n\t\t\t\t\t\t\t\t\t<a class=\"btn-wishlist\" data-toggle=\"tooltip\" title=\"Lista de desejos\" onclick=\"wishlist.add('31562');\"><i class=\"zmdi zmdi-favorite-outline\"><\/i><\/a>\t\t\t\t\t\t\t\t\t\n\t\t\t\t\t\t\t\t\t<a class=\"btn-compare\" data-toggle=\"tooltip\" title=\"Comparar\" onclick=\"compare.add('31562');\"><i class=\"zmdi zmdi-refresh-alt\"><\/i><\/a>\n\t\t\t\t\t\t\t\t<\/div>\n                            <\/div>\n                            <div class=\"product-inner\">\n                              <div class=\"product-caption\">\n\t\t\t\t\t\t\t                                <h2 class=\"product-name\"><a href=\"https:\/\/www.sulcarautopecas.com.br.186-226-60-153.cpanel.site\/outros-produtos\/cano-ar-quente-fastback-impetus-2023-31562\">Cano Ar Quente Fastback Impetus 2023<\/a><\/h2>\n\t\t\t\t\t\t\t                                     <div class=\"ratings\">\n                                      <div class=\"rating-box\">\n                                                                                        <div class=\"rating0\">rating<\/div>                                                                                                                                                                                                                                                                            <\/div>\n                                  <\/div>\n                              \t\t\t\t\t\t\t                                  <p class=\"price\">\n                                                                    R$100,00                                                                                                    <\/p>\n                                \t\t\t\t\t\t\t \n                              \n\t\t\t\t\t\t\t\t<p class=\"product-des\">*Sulcar Auto Pe\u00e7as Blumenau.\n*Trabalhamos com produtos originais.\n*Foto reais do produto.\n*Calcular frete em mercado envios,caso tenha nos pergunte.\n*Demais D\u00favidas apenas nos pergunte.\n*Ap\u00f3s confirma\u00e7\u00e3o do pagamento enviamos em at\u00e9 1 dia \u00fatil.\n*Entr..<\/p>\n                              <div class=\"product-intro\">\n\t\t\t\t\t\t\t\t<div class=\"actions-link2\">\n\t\t\t\t\t\t\t\t\t<a class=\"btn-cart\" data-toggle=\"tooltip\" title=\"Comprar\" onclick=\"cart.add('31562');\"><span class=\"button\"><i class=\"fa fa-shopping-cart\"><\/i>Comprar<\/span><\/a>\t\t\t\t\t\t\t\t\t\n\t\t\t\t\t\t\t\t\t<a class=\"btn-wishlist\" data-toggle=\"tooltip\" title=\"Lista de desejos\" onclick=\"wishlist.add('31562');\"><i class=\"zmdi zmdi-favorite-outline\"><\/i><\/a>\t\t\t\t\t\t\t\t\t\n\t\t\t\t\t\t\t\t\t<a class=\"btn-compare\" data-toggle=\"tooltip\" title=\"Comparar\" onclick=\"compare.add('31562');\"><i class=\"zmdi zmdi-refresh-alt\"><\/i><\/a>\n\t\t\t\t\t\t\t\t<\/div>\n\t\t\t\t\t\t\t\t<\/div>\n                            <\/div>\n\t\t\t\t\t\t\t<\/div>\n                          <\/div>\n                        <\/div>\n                                            <div class=\"product-layout product-list col-xs-12\">\n                          <div class=\"product-thumb layout1\">\n\t\t\t\t\t\t\t<div class=\"image\">\n                              \t\t\t\t\t\t\t\t                              <a href=\"https:\/\/www.sulcarautopecas.com.br.186-226-60-153.cpanel.site\/outros-produtos\/refletor-olho-gato-tras-dir-hyundai-creta-2017-a3267-27676\">\n                                                              <img  src=\"image\/cache\/no_image-100x100.png\" alt=\"Refletor Olho Gato Tras Dir Hyundai Cret...\" \/>\n                              \t\t\t\t\t\t\t  <img  src=\"\" alt=\"Refletor Olho Gato Tras Dir Hyundai Cret...\" title=\"Refletor Olho Gato Tras Dir Hyundai Cret...\" class=\"img-responsive lazy\" \/>\n                              <\/a>\n\t\t\t\t\t\t\t  <div class=\"actions-link\">\t\t\t\t\t\t\t\t\t\n\t\t\t\t\t\t\t\t\t<a class=\"btn-wishlist\" data-toggle=\"tooltip\" title=\"Lista de desejos\" onclick=\"wishlist.add('27676');\"><i class=\"zmdi zmdi-favorite-outline\"><\/i><\/a>\t\t\t\t\t\t\t\t\t\n\t\t\t\t\t\t\t\t\t<a class=\"btn-compare\" data-toggle=\"tooltip\" title=\"Comparar\" onclick=\"compare.add('27676');\"><i class=\"zmdi zmdi-refresh-alt\"><\/i><\/a>\n\t\t\t\t\t\t\t\t<\/div>\n                            <\/div>\n                            <div class=\"product-inner\">\n                              <div class=\"product-caption\">\n\t\t\t\t\t\t\t                                <h2 class=\"product-name\"><a href=\"https:\/\/www.sulcarautopecas.com.br.186-226-60-153.cpanel.site\/outros-produtos\/refletor-olho-gato-tras-dir-hyundai-creta-2017-a3267-27676\">Refletor Olho Gato Tras Dir Hyundai Cret...<\/a><\/h2>\n\t\t\t\t\t\t\t                                     <div class=\"ratings\">\n                                      <div class=\"rating-box\">\n                                                                                        <div class=\"rating0\">rating<\/div>                                                                                                                                                                                                                                                                            <\/div>\n                                  <\/div>\n                              \t\t\t\t\t\t\t                                  <p class=\"price\">\n                                                                    R$130,00                                                                                                    <\/p>\n                                \t\t\t\t\t\t\t \n                              \n\t\t\t\t\t\t\t\t<p class=\"product-des\">Sulcar Auto Pe\u00e7as Blumenau\nTrabalhamos com produtos originais\nFoto reais do produto\nCalcular frete...no mercado de envios\nDemais d\u00favidas...apenas nos pergunte\nAp\u00f3s confirmar do pagamento enviamos em at\u00e9 1 dia \u00fatil\nEntregamos para todo territ\u00f3rio naci..<\/p>\n                              <div class=\"product-intro\">\n\t\t\t\t\t\t\t\t<div class=\"actions-link2\">\n\t\t\t\t\t\t\t\t\t<a class=\"btn-cart\" data-toggle=\"tooltip\" title=\"Comprar\" onclick=\"cart.add('27676');\"><span class=\"button\"><i class=\"fa fa-shopping-cart\"><\/i>Comprar<\/span><\/a>\t\t\t\t\t\t\t\t\t\n\t\t\t\t\t\t\t\t\t<a class=\"btn-wishlist\" data-toggle=\"tooltip\" title=\"Lista de desejos\" onclick=\"wishlist.add('27676');\"><i class=\"zmdi zmdi-favorite-outline\"><\/i><\/a>\t\t\t\t\t\t\t\t\t\n\t\t\t\t\t\t\t\t\t<a class=\"btn-compare\" data-toggle=\"tooltip\" title=\"Comparar\" onclick=\"compare.add('27676');\"><i class=\"zmdi zmdi-refresh-alt\"><\/i><\/a>\n\t\t\t\t\t\t\t\t<\/div>\n\t\t\t\t\t\t\t\t<\/div>\n                            <\/div>\n\t\t\t\t\t\t\t<\/div>\n                          <\/div>\n                        <\/div>\n                                            <div class=\"product-layout product-list col-xs-12\">\n                          <div class=\"product-thumb layout1\">\n\t\t\t\t\t\t\t<div class=\"image\">\n                              \t\t\t\t\t\t\t\t                              <a href=\"https:\/\/www.sulcarautopecas.com.br.186-226-60-153.cpanel.site\/outros-produtos\/tensor-correia-motor-volkswagen-nivus-1-0-tsi-2021-23615\">\n                                                              <img  src=\"image\/cache\/no_image-100x100.png\" alt=\"Tensor Correia Motor Volkswagen Nivus 1....\" \/>\n                              \t\t\t\t\t\t\t  <img  src=\"\" alt=\"Tensor Correia Motor Volkswagen Nivus 1....\" title=\"Tensor Correia Motor Volkswagen Nivus 1....\" class=\"img-responsive lazy\" \/>\n                              <\/a>\n\t\t\t\t\t\t\t  <div class=\"actions-link\">\t\t\t\t\t\t\t\t\t\n\t\t\t\t\t\t\t\t\t<a class=\"btn-wishlist\" data-toggle=\"tooltip\" title=\"Lista de desejos\" onclick=\"wishlist.add('23615');\"><i class=\"zmdi zmdi-favorite-outline\"><\/i><\/a>\t\t\t\t\t\t\t\t\t\n\t\t\t\t\t\t\t\t\t<a class=\"btn-compare\" data-toggle=\"tooltip\" title=\"Comparar\" onclick=\"compare.add('23615');\"><i class=\"zmdi zmdi-refresh-alt\"><\/i><\/a>\n\t\t\t\t\t\t\t\t<\/div>\n                            <\/div>\n                            <div class=\"product-inner\">\n                              <div class=\"product-caption\">\n\t\t\t\t\t\t\t                                <h2 class=\"product-name\"><a href=\"https:\/\/www.sulcarautopecas.com.br.186-226-60-153.cpanel.site\/outros-produtos\/tensor-correia-motor-volkswagen-nivus-1-0-tsi-2021-23615\">Tensor Correia Motor Volkswagen Nivus 1....<\/a><\/h2>\n\t\t\t\t\t\t\t                                     <div class=\"ratings\">\n                                      <div class=\"rating-box\">\n                                                                                        <div class=\"rating0\">rating<\/div>                                                                                                                                                                                                                                                                            <\/div>\n                                  <\/div>\n                              \t\t\t\t\t\t\t                                  <p class=\"price\">\n                                                                    R$130,00                                                                                                    <\/p>\n                                \t\t\t\t\t\t\t \n                              \n\t\t\t\t\t\t\t\t<p class=\"product-des\">Trabalhamos com produtos originais, retirados de ve\u00edculos baixados no Detran, com toda a proced\u00eancia e garantia.\nTodas as nossas fotos s\u00e3o reais do produto.\n\nPara calcular o frete basta aproveitar as vantagens do MERCADO ENVIOS.\nCaso o produto n\u00e3o te..<\/p>\n                              <div class=\"product-intro\">\n\t\t\t\t\t\t\t\t<div class=\"actions-link2\">\n\t\t\t\t\t\t\t\t\t<a class=\"btn-cart\" data-toggle=\"tooltip\" title=\"Comprar\" onclick=\"cart.add('23615');\"><span class=\"button\"><i class=\"fa fa-shopping-cart\"><\/i>Comprar<\/span><\/a>\t\t\t\t\t\t\t\t\t\n\t\t\t\t\t\t\t\t\t<a class=\"btn-wishlist\" data-toggle=\"tooltip\" title=\"Lista de desejos\" onclick=\"wishlist.add('23615');\"><i class=\"zmdi zmdi-favorite-outline\"><\/i><\/a>\t\t\t\t\t\t\t\t\t\n\t\t\t\t\t\t\t\t\t<a class=\"btn-compare\" data-toggle=\"tooltip\" title=\"Comparar\" onclick=\"compare.add('23615');\"><i class=\"zmdi zmdi-refresh-alt\"><\/i><\/a>\n\t\t\t\t\t\t\t\t<\/div>\n\t\t\t\t\t\t\t\t<\/div>\n                            <\/div>\n\t\t\t\t\t\t\t<\/div>\n                          <\/div>\n                        <\/div>\n                                            <div class=\"product-layout product-list col-xs-12\">\n                          <div class=\"product-thumb layout1\">\n\t\t\t\t\t\t\t<div class=\"image\">\n                              \t\t\t\t\t\t\t\t                              <a href=\"https:\/\/www.sulcarautopecas.com.br.186-226-60-153.cpanel.site\/outros-produtos\/pedal-acelerador-honda-hr-v-1-8-automatica-2021-c-400km-18216\">\n                                                              <img  src=\"image\/cache\/no_image-100x100.png\" alt=\"Pedal Acelerador Honda Hr-v 1.8 Autom\u00e1t...\" \/>\n                              \t\t\t\t\t\t\t  <img  src=\"\" alt=\"Pedal Acelerador Honda Hr-v 1.8 Autom\u00e1t...\" title=\"Pedal Acelerador Honda Hr-v 1.8 Autom\u00e1t...\" class=\"img-responsive lazy\" \/>\n                              <\/a>\n\t\t\t\t\t\t\t  <div class=\"actions-link\">\t\t\t\t\t\t\t\t\t\n\t\t\t\t\t\t\t\t\t<a class=\"btn-wishlist\" data-toggle=\"tooltip\" title=\"Lista de desejos\" onclick=\"wishlist.add('18216');\"><i class=\"zmdi zmdi-favorite-outline\"><\/i><\/a>\t\t\t\t\t\t\t\t\t\n\t\t\t\t\t\t\t\t\t<a class=\"btn-compare\" data-toggle=\"tooltip\" title=\"Comparar\" onclick=\"compare.add('18216');\"><i class=\"zmdi zmdi-refresh-alt\"><\/i><\/a>\n\t\t\t\t\t\t\t\t<\/div>\n                            <\/div>\n                            <div class=\"product-inner\">\n                              <div class=\"product-caption\">\n\t\t\t\t\t\t\t                                <h2 class=\"product-name\"><a href=\"https:\/\/www.sulcarautopecas.com.br.186-226-60-153.cpanel.site\/outros-produtos\/pedal-acelerador-honda-hr-v-1-8-automatica-2021-c-400km-18216\">Pedal Acelerador Honda Hr-v 1.8 Autom\u00e1t...<\/a><\/h2>\n\t\t\t\t\t\t\t                                     <div class=\"ratings\">\n                                      <div class=\"rating-box\">\n                                                                                        <div class=\"rating0\">rating<\/div>                                                                                                                                                                                                                                                                            <\/div>\n                                  <\/div>\n                              \t\t\t\t\t\t\t                                  <p class=\"price\">\n                                                                    R$200,00                                                                                                    <\/p>\n                                \t\t\t\t\t\t\t \n                              \n\t\t\t\t\t\t\t\t<p class=\"product-des\">Sulcar Auto Pe\u00e7as Blumenau\nTrabalhamos com produtos originais \nFoto reais do produto \nCalcular frete...no mercado de envios \nDemais d\u00favidas...apenas nos pergunte \nAp\u00f3s confirmar do pagamento enviamos em at\u00e9 1 dia \u00fatil \nEntregamos para todo territ\u00f3rio..<\/p>\n                              <div class=\"product-intro\">\n\t\t\t\t\t\t\t\t<div class=\"actions-link2\">\n\t\t\t\t\t\t\t\t\t<a class=\"btn-cart\" data-toggle=\"tooltip\" title=\"Comprar\" onclick=\"cart.add('18216');\"><span class=\"button\"><i class=\"fa fa-shopping-cart\"><\/i>Comprar<\/span><\/a>\t\t\t\t\t\t\t\t\t\n\t\t\t\t\t\t\t\t\t<a class=\"btn-wishlist\" data-toggle=\"tooltip\" title=\"Lista de desejos\" onclick=\"wishlist.add('18216');\"><i class=\"zmdi zmdi-favorite-outline\"><\/i><\/a>\t\t\t\t\t\t\t\t\t\n\t\t\t\t\t\t\t\t\t<a class=\"btn-compare\" data-toggle=\"tooltip\" title=\"Comparar\" onclick=\"compare.add('18216');\"><i class=\"zmdi zmdi-refresh-alt\"><\/i><\/a>\n\t\t\t\t\t\t\t\t<\/div>\n\t\t\t\t\t\t\t\t<\/div>\n                            <\/div>\n\t\t\t\t\t\t\t<\/div>\n                          <\/div>\n                        <\/div>\n                                            <div class=\"product-layout product-list col-xs-12\">\n                          <div class=\"product-thumb layout1\">\n\t\t\t\t\t\t\t<div class=\"image\">\n                              \t\t\t\t\t\t\t\t                              <a href=\"https:\/\/www.sulcarautopecas.com.br.186-226-60-153.cpanel.site\/outros-produtos\/tulipa-semi-eixo-direito-duster-1-3-turbo-2023-33394\">\n                                                              <img  src=\"image\/cache\/no_image-100x100.png\" alt=\"Tulipa Semi Eixo Direito Duster 1.3 Turb...\" \/>\n                              \t\t\t\t\t\t\t  <img  src=\"\" alt=\"Tulipa Semi Eixo Direito Duster 1.3 Turb...\" title=\"Tulipa Semi Eixo Direito Duster 1.3 Turb...\" class=\"img-responsive lazy\" \/>\n                              <\/a>\n\t\t\t\t\t\t\t  <div class=\"actions-link\">\t\t\t\t\t\t\t\t\t\n\t\t\t\t\t\t\t\t\t<a class=\"btn-wishlist\" data-toggle=\"tooltip\" title=\"Lista de desejos\" onclick=\"wishlist.add('33394');\"><i class=\"zmdi zmdi-favorite-outline\"><\/i><\/a>\t\t\t\t\t\t\t\t\t\n\t\t\t\t\t\t\t\t\t<a class=\"btn-compare\" data-toggle=\"tooltip\" title=\"Comparar\" onclick=\"compare.add('33394');\"><i class=\"zmdi zmdi-refresh-alt\"><\/i><\/a>\n\t\t\t\t\t\t\t\t<\/div>\n                            <\/div>\n                            <div class=\"product-inner\">\n                              <div class=\"product-caption\">\n\t\t\t\t\t\t\t                                <h2 class=\"product-name\"><a href=\"https:\/\/www.sulcarautopecas.com.br.186-226-60-153.cpanel.site\/outros-produtos\/tulipa-semi-eixo-direito-duster-1-3-turbo-2023-33394\">Tulipa Semi Eixo Direito Duster 1.3 Turb...<\/a><\/h2>\n\t\t\t\t\t\t\t                                     <div class=\"ratings\">\n                                      <div class=\"rating-box\">\n                                                                                        <div class=\"rating0\">rating<\/div>                                                                                                                                                                                                                                                                            <\/div>\n                                  <\/div>\n                              \t\t\t\t\t\t\t                                  <p class=\"price\">\n                                                                    R$500,00                                                                                                    <\/p>\n                                \t\t\t\t\t\t\t \n                              \n\t\t\t\t\t\t\t\t<p class=\"product-des\">*Sulcar Auto Pe\u00e7as Blumenau.\n*Trabalhamos com produtos originais.\n*Foto reais do produto.\n*Calcular frete em mercado envios,caso tenha nos pergunte.\n*Demais D\u00favidas apenas nos pergunte.\n*Ap\u00f3s confirma\u00e7\u00e3o do pagamento enviamos em at\u00e9 1 dia \u00fatil.\n*Entr..<\/p>\n                              <div class=\"product-intro\">\n\t\t\t\t\t\t\t\t<div class=\"actions-link2\">\n\t\t\t\t\t\t\t\t\t<a class=\"btn-cart\" data-toggle=\"tooltip\" title=\"Comprar\" onclick=\"cart.add('33394');\"><span class=\"button\"><i class=\"fa fa-shopping-cart\"><\/i>Comprar<\/span><\/a>\t\t\t\t\t\t\t\t\t\n\t\t\t\t\t\t\t\t\t<a class=\"btn-wishlist\" data-toggle=\"tooltip\" title=\"Lista de desejos\" onclick=\"wishlist.add('33394');\"><i class=\"zmdi zmdi-favorite-outline\"><\/i><\/a>\t\t\t\t\t\t\t\t\t\n\t\t\t\t\t\t\t\t\t<a class=\"btn-compare\" data-toggle=\"tooltip\" title=\"Comparar\" onclick=\"compare.add('33394');\"><i class=\"zmdi zmdi-refresh-alt\"><\/i><\/a>\n\t\t\t\t\t\t\t\t<\/div>\n\t\t\t\t\t\t\t\t<\/div>\n                            <\/div>\n\t\t\t\t\t\t\t<\/div>\n                          <\/div>\n                        <\/div>\n                                            <div class=\"product-layout product-list col-xs-12\">\n                          <div class=\"product-thumb layout1\">\n\t\t\t\t\t\t\t<div class=\"image\">\n                              \t\t\t\t\t\t\t\t                              <a href=\"https:\/\/www.sulcarautopecas.com.br.186-226-60-153.cpanel.site\/outros-produtos\/luz-teto-cortesia-diant-jac-t5-2017-a5087-29390\">\n                                                              <img  src=\"image\/cache\/no_image-100x100.png\" alt=\"Luz Teto Cortesia Diant Jac T5 2017 A508...\" \/>\n                              \t\t\t\t\t\t\t  <img  src=\"\" alt=\"Luz Teto Cortesia Diant Jac T5 2017 A508...\" title=\"Luz Teto Cortesia Diant Jac T5 2017 A508...\" class=\"img-responsive lazy\" \/>\n                              <\/a>\n\t\t\t\t\t\t\t  <div class=\"actions-link\">\t\t\t\t\t\t\t\t\t\n\t\t\t\t\t\t\t\t\t<a class=\"btn-wishlist\" data-toggle=\"tooltip\" title=\"Lista de desejos\" onclick=\"wishlist.add('29390');\"><i class=\"zmdi zmdi-favorite-outline\"><\/i><\/a>\t\t\t\t\t\t\t\t\t\n\t\t\t\t\t\t\t\t\t<a class=\"btn-compare\" data-toggle=\"tooltip\" title=\"Comparar\" onclick=\"compare.add('29390');\"><i class=\"zmdi zmdi-refresh-alt\"><\/i><\/a>\n\t\t\t\t\t\t\t\t<\/div>\n                            <\/div>\n                            <div class=\"product-inner\">\n                              <div class=\"product-caption\">\n\t\t\t\t\t\t\t                                <h2 class=\"product-name\"><a href=\"https:\/\/www.sulcarautopecas.com.br.186-226-60-153.cpanel.site\/outros-produtos\/luz-teto-cortesia-diant-jac-t5-2017-a5087-29390\">Luz Teto Cortesia Diant Jac T5 2017 A508...<\/a><\/h2>\n\t\t\t\t\t\t\t                                     <div class=\"ratings\">\n                                      <div class=\"rating-box\">\n                                                                                        <div class=\"rating0\">rating<\/div>                                                                                                                                                                                                                                                                            <\/div>\n                                  <\/div>\n                              \t\t\t\t\t\t\t                                  <p class=\"price\">\n                                                                    R$250,00                                                                                                    <\/p>\n                                \t\t\t\t\t\t\t \n                              \n\t\t\t\t\t\t\t\t<p class=\"product-des\">Sulcar Auto Pe\u00e7as Blumenau\nTrabalhamos com produtos originais\nFoto reais do produto\nCalcular frete...no mercado de envios\nDemais d\u00favidas...apenas nos pergunte\nAp\u00f3s confirmar do pagamento enviamos em at\u00e9 1 dia \u00fatil\nEntregamos para todo territ\u00f3rio naci..<\/p>\n                              <div class=\"product-intro\">\n\t\t\t\t\t\t\t\t<div class=\"actions-link2\">\n\t\t\t\t\t\t\t\t\t<a class=\"btn-cart\" data-toggle=\"tooltip\" title=\"Comprar\" onclick=\"cart.add('29390');\"><span class=\"button\"><i class=\"fa fa-shopping-cart\"><\/i>Comprar<\/span><\/a>\t\t\t\t\t\t\t\t\t\n\t\t\t\t\t\t\t\t\t<a class=\"btn-wishlist\" data-toggle=\"tooltip\" title=\"Lista de desejos\" onclick=\"wishlist.add('29390');\"><i class=\"zmdi zmdi-favorite-outline\"><\/i><\/a>\t\t\t\t\t\t\t\t\t\n\t\t\t\t\t\t\t\t\t<a class=\"btn-compare\" data-toggle=\"tooltip\" title=\"Comparar\" onclick=\"compare.add('29390');\"><i class=\"zmdi zmdi-refresh-alt\"><\/i><\/a>\n\t\t\t\t\t\t\t\t<\/div>\n\t\t\t\t\t\t\t\t<\/div>\n                            <\/div>\n\t\t\t\t\t\t\t<\/div>\n                          <\/div>\n                        <\/div>\n                                            <div class=\"product-layout product-list col-xs-12\">\n                          <div class=\"product-thumb layout1\">\n\t\t\t\t\t\t\t<div class=\"image\">\n                              \t\t\t\t\t\t\t\t                              <a href=\"https:\/\/www.sulcarautopecas.com.br.186-226-60-153.cpanel.site\/outros-produtos\/regulagem-cinto-seg-dianteiro-honda-hr-v-2021-a1023-25575\">\n                                                              <img  src=\"image\/cache\/no_image-100x100.png\" alt=\"Regulagem Cinto Seg Dianteiro Honda Hr-v...\" \/>\n                              \t\t\t\t\t\t\t  <img  src=\"\" alt=\"Regulagem Cinto Seg Dianteiro Honda Hr-v...\" title=\"Regulagem Cinto Seg Dianteiro Honda Hr-v...\" class=\"img-responsive lazy\" \/>\n                              <\/a>\n\t\t\t\t\t\t\t  <div class=\"actions-link\">\t\t\t\t\t\t\t\t\t\n\t\t\t\t\t\t\t\t\t<a class=\"btn-wishlist\" data-toggle=\"tooltip\" title=\"Lista de desejos\" onclick=\"wishlist.add('25575');\"><i class=\"zmdi zmdi-favorite-outline\"><\/i><\/a>\t\t\t\t\t\t\t\t\t\n\t\t\t\t\t\t\t\t\t<a class=\"btn-compare\" data-toggle=\"tooltip\" title=\"Comparar\" onclick=\"compare.add('25575');\"><i class=\"zmdi zmdi-refresh-alt\"><\/i><\/a>\n\t\t\t\t\t\t\t\t<\/div>\n                            <\/div>\n                            <div class=\"product-inner\">\n                              <div class=\"product-caption\">\n\t\t\t\t\t\t\t                                <h2 class=\"product-name\"><a href=\"https:\/\/www.sulcarautopecas.com.br.186-226-60-153.cpanel.site\/outros-produtos\/regulagem-cinto-seg-dianteiro-honda-hr-v-2021-a1023-25575\">Regulagem Cinto Seg Dianteiro Honda Hr-v...<\/a><\/h2>\n\t\t\t\t\t\t\t                                     <div class=\"ratings\">\n                                      <div class=\"rating-box\">\n                                                                                        <div class=\"rating0\">rating<\/div>                                                                                                                                                                                                                                                                            <\/div>\n                                  <\/div>\n                              \t\t\t\t\t\t\t                                  <p class=\"price\">\n                                                                    R$50,00                                                                                                    <\/p>\n                                \t\t\t\t\t\t\t \n                              \n\t\t\t\t\t\t\t\t<p class=\"product-des\">Trabalhamos com produtos originais, retirados de ve\u00edculos baixados no Detran, com total proced\u00eancia e garantia.\nTodas as nossas fotos s\u00e3o reais do produto.\n\nPara calcular o frente basta aproveitar as vantagens do MERCADO ENVIOS.\nCaso o produto n\u00e3o te..<\/p>\n                              <div class=\"product-intro\">\n\t\t\t\t\t\t\t\t<div class=\"actions-link2\">\n\t\t\t\t\t\t\t\t\t<a class=\"btn-cart\" data-toggle=\"tooltip\" title=\"Comprar\" onclick=\"cart.add('25575');\"><span class=\"button\"><i class=\"fa fa-shopping-cart\"><\/i>Comprar<\/span><\/a>\t\t\t\t\t\t\t\t\t\n\t\t\t\t\t\t\t\t\t<a class=\"btn-wishlist\" data-toggle=\"tooltip\" title=\"Lista de desejos\" onclick=\"wishlist.add('25575');\"><i class=\"zmdi zmdi-favorite-outline\"><\/i><\/a>\t\t\t\t\t\t\t\t\t\n\t\t\t\t\t\t\t\t\t<a class=\"btn-compare\" data-toggle=\"tooltip\" title=\"Comparar\" onclick=\"compare.add('25575');\"><i class=\"zmdi zmdi-refresh-alt\"><\/i><\/a>\n\t\t\t\t\t\t\t\t<\/div>\n\t\t\t\t\t\t\t\t<\/div>\n                            <\/div>\n\t\t\t\t\t\t\t<\/div>\n                          <\/div>\n                        <\/div>\n                                            <div class=\"product-layout product-list col-xs-12\">\n                          <div class=\"product-thumb layout1\">\n\t\t\t\t\t\t\t<div class=\"image\">\n                              \t\t\t\t\t\t\t\t                              <a href=\"https:\/\/www.sulcarautopecas.com.br.186-226-60-153.cpanel.site\/outros-produtos\/resistencia-caixa-ar-condicionado-honda-cr-v-2015-20797\">\n                                                              <img  src=\"image\/cache\/no_image-100x100.png\" alt=\"Resistencia Caixa Ar Condicionado Honda ...\" \/>\n                              \t\t\t\t\t\t\t  <img  src=\"\" alt=\"Resistencia Caixa Ar Condicionado Honda ...\" title=\"Resistencia Caixa Ar Condicionado Honda ...\" class=\"img-responsive lazy\" \/>\n                              <\/a>\n\t\t\t\t\t\t\t  <div class=\"actions-link\">\t\t\t\t\t\t\t\t\t\n\t\t\t\t\t\t\t\t\t<a class=\"btn-wishlist\" data-toggle=\"tooltip\" title=\"Lista de desejos\" onclick=\"wishlist.add('20797');\"><i class=\"zmdi zmdi-favorite-outline\"><\/i><\/a>\t\t\t\t\t\t\t\t\t\n\t\t\t\t\t\t\t\t\t<a class=\"btn-compare\" data-toggle=\"tooltip\" title=\"Comparar\" onclick=\"compare.add('20797');\"><i class=\"zmdi zmdi-refresh-alt\"><\/i><\/a>\n\t\t\t\t\t\t\t\t<\/div>\n                            <\/div>\n                            <div class=\"product-inner\">\n                              <div class=\"product-caption\">\n\t\t\t\t\t\t\t                                <h2 class=\"product-name\"><a href=\"https:\/\/www.sulcarautopecas.com.br.186-226-60-153.cpanel.site\/outros-produtos\/resistencia-caixa-ar-condicionado-honda-cr-v-2015-20797\">Resistencia Caixa Ar Condicionado Honda ...<\/a><\/h2>\n\t\t\t\t\t\t\t                                     <div class=\"ratings\">\n                                      <div class=\"rating-box\">\n                                                                                        <div class=\"rating0\">rating<\/div>                                                                                                                                                                                                                                                                            <\/div>\n                                  <\/div>\n                              \t\t\t\t\t\t\t                                  <p class=\"price\">\n                                                                    R$150,00                                                                                                    <\/p>\n                                \t\t\t\t\t\t\t \n                              \n\t\t\t\t\t\t\t\t<p class=\"product-des\">Trabalhamos com produtos originais, retirados de ve\u00edculos baixados no Detran, com total proced\u00eancia e garantia.\nTodas as nossas fotos s\u00e3o reais do produto.\n\nPara calcular o frente basta aproveitar as vantagens do MERCADO ENVIOS.\nCaso o produto n\u00e3o te..<\/p>\n                              <div class=\"product-intro\">\n\t\t\t\t\t\t\t\t<div class=\"actions-link2\">\n\t\t\t\t\t\t\t\t\t<a class=\"btn-cart\" data-toggle=\"tooltip\" title=\"Comprar\" onclick=\"cart.add('20797');\"><span class=\"button\"><i class=\"fa fa-shopping-cart\"><\/i>Comprar<\/span><\/a>\t\t\t\t\t\t\t\t\t\n\t\t\t\t\t\t\t\t\t<a class=\"btn-wishlist\" data-toggle=\"tooltip\" title=\"Lista de desejos\" onclick=\"wishlist.add('20797');\"><i class=\"zmdi zmdi-favorite-outline\"><\/i><\/a>\t\t\t\t\t\t\t\t\t\n\t\t\t\t\t\t\t\t\t<a class=\"btn-compare\" data-toggle=\"tooltip\" title=\"Comparar\" onclick=\"compare.add('20797');\"><i class=\"zmdi zmdi-refresh-alt\"><\/i><\/a>\n\t\t\t\t\t\t\t\t<\/div>\n\t\t\t\t\t\t\t\t<\/div>\n                            <\/div>\n\t\t\t\t\t\t\t<\/div>\n                          <\/div>\n                        <\/div>\n                                            <div class=\"product-layout product-list col-xs-12\">\n                          <div class=\"product-thumb layout1\">\n\t\t\t\t\t\t\t<div class=\"image\">\n                              \t\t\t\t\t\t\t\t                              <a href=\"https:\/\/www.sulcarautopecas.com.br.186-226-60-153.cpanel.site\/outros-produtos\/motor-esguicho-da-agua-gm-omega-2005-14306\">\n                                                              <img  src=\"image\/cache\/no_image-100x100.png\" alt=\"Motor Reservatorio Limpador Para-brisa G...\" \/>\n                              \t\t\t\t\t\t\t  <img  src=\"\" alt=\"Motor Reservatorio Limpador Para-brisa G...\" title=\"Motor Reservatorio Limpador Para-brisa G...\" class=\"img-responsive lazy\" \/>\n                              <\/a>\n\t\t\t\t\t\t\t  <div class=\"actions-link\">\t\t\t\t\t\t\t\t\t\n\t\t\t\t\t\t\t\t\t<a class=\"btn-wishlist\" data-toggle=\"tooltip\" title=\"Lista de desejos\" onclick=\"wishlist.add('14306');\"><i class=\"zmdi zmdi-favorite-outline\"><\/i><\/a>\t\t\t\t\t\t\t\t\t\n\t\t\t\t\t\t\t\t\t<a class=\"btn-compare\" data-toggle=\"tooltip\" title=\"Comparar\" onclick=\"compare.add('14306');\"><i class=\"zmdi zmdi-refresh-alt\"><\/i><\/a>\n\t\t\t\t\t\t\t\t<\/div>\n                            <\/div>\n                            <div class=\"product-inner\">\n                              <div class=\"product-caption\">\n\t\t\t\t\t\t\t                                <h2 class=\"product-name\"><a href=\"https:\/\/www.sulcarautopecas.com.br.186-226-60-153.cpanel.site\/outros-produtos\/motor-esguicho-da-agua-gm-omega-2005-14306\">Motor Reservatorio Limpador Para-brisa G...<\/a><\/h2>\n\t\t\t\t\t\t\t                                     <div class=\"ratings\">\n                                      <div class=\"rating-box\">\n                                                                                        <div class=\"rating0\">rating<\/div>                                                                                                                                                                                                                                                                            <\/div>\n                                  <\/div>\n                              \t\t\t\t\t\t\t                                  <p class=\"price\">\n                                                                    R$50,00                                                                                                    <\/p>\n                                \t\t\t\t\t\t\t \n                              \n\t\t\t\t\t\t\t\t<p class=\"product-des\">*Sulcar Auto Pe\u00e7as Blumenau.\n*Trabalhamos com produtos original.\n*Foto reais do produto.\n*Calcular frete em mercado envios,caso n\u00e3o tenha nos pergunte.\n*Demais d\u00favidas apenas nos pergunte.\n*Ap\u00f3s confirma\u00e7\u00e3o do pagamento enviamos em at\u00e9 1 dia \u00fatil.\n*E..<\/p>\n                              <div class=\"product-intro\">\n\t\t\t\t\t\t\t\t<div class=\"actions-link2\">\n\t\t\t\t\t\t\t\t\t<a class=\"btn-cart\" data-toggle=\"tooltip\" title=\"Comprar\" onclick=\"cart.add('14306');\"><span class=\"button\"><i class=\"fa fa-shopping-cart\"><\/i>Comprar<\/span><\/a>\t\t\t\t\t\t\t\t\t\n\t\t\t\t\t\t\t\t\t<a class=\"btn-wishlist\" data-toggle=\"tooltip\" title=\"Lista de desejos\" onclick=\"wishlist.add('14306');\"><i class=\"zmdi zmdi-favorite-outline\"><\/i><\/a>\t\t\t\t\t\t\t\t\t\n\t\t\t\t\t\t\t\t\t<a class=\"btn-compare\" data-toggle=\"tooltip\" title=\"Comparar\" onclick=\"compare.add('14306');\"><i class=\"zmdi zmdi-refresh-alt\"><\/i><\/a>\n\t\t\t\t\t\t\t\t<\/div>\n\t\t\t\t\t\t\t\t<\/div>\n                            <\/div>\n\t\t\t\t\t\t\t<\/div>\n                          <\/div>\n                        <\/div>\n                                            <div class=\"product-layout product-list col-xs-12\">\n                          <div class=\"product-thumb layout1\">\n\t\t\t\t\t\t\t<div class=\"image\">\n                              \t\t\t\t\t\t\t\t                              <a href=\"https:\/\/www.sulcarautopecas.com.br.186-226-60-153.cpanel.site\/outros-produtos\/brake-light-luz-freio-renault-captur-1-3-turbo-2022-a6707-31229\">\n                                                              <img  src=\"image\/cache\/no_image-100x100.png\" alt=\"Brake Light Luz Freio Renault Captur 1.3...\" \/>\n                              \t\t\t\t\t\t\t  <img  src=\"\" alt=\"Brake Light Luz Freio Renault Captur 1.3...\" title=\"Brake Light Luz Freio Renault Captur 1.3...\" class=\"img-responsive lazy\" \/>\n                              <\/a>\n\t\t\t\t\t\t\t  <div class=\"actions-link\">\t\t\t\t\t\t\t\t\t\n\t\t\t\t\t\t\t\t\t<a class=\"btn-wishlist\" data-toggle=\"tooltip\" title=\"Lista de desejos\" onclick=\"wishlist.add('31229');\"><i class=\"zmdi zmdi-favorite-outline\"><\/i><\/a>\t\t\t\t\t\t\t\t\t\n\t\t\t\t\t\t\t\t\t<a class=\"btn-compare\" data-toggle=\"tooltip\" title=\"Comparar\" onclick=\"compare.add('31229');\"><i class=\"zmdi zmdi-refresh-alt\"><\/i><\/a>\n\t\t\t\t\t\t\t\t<\/div>\n                            <\/div>\n                            <div class=\"product-inner\">\n                              <div class=\"product-caption\">\n\t\t\t\t\t\t\t                                <h2 class=\"product-name\"><a href=\"https:\/\/www.sulcarautopecas.com.br.186-226-60-153.cpanel.site\/outros-produtos\/brake-light-luz-freio-renault-captur-1-3-turbo-2022-a6707-31229\">Brake Light Luz Freio Renault Captur 1.3...<\/a><\/h2>\n\t\t\t\t\t\t\t                                     <div class=\"ratings\">\n                                      <div class=\"rating-box\">\n                                                                                        <div class=\"rating0\">rating<\/div>                                                                                                                                                                                                                                                                            <\/div>\n                                  <\/div>\n                              \t\t\t\t\t\t\t                                  <p class=\"price\">\n                                                                    R$150,00                                                                                                    <\/p>\n                                \t\t\t\t\t\t\t \n                              \n\t\t\t\t\t\t\t\t<p class=\"product-des\">Sulcar Auto Pe\u00e7as Blumenau\nTrabalhamos com produtos originais\nFoto reais do produto\nCalcular frete...no mercado de envios\nDemais d\u00favidas...apenas nos pergunte\nAp\u00f3s confirmar do pagamento enviamos em at\u00e9 1 dia \u00fatil\nEntregamos para todo territ\u00f3rio naci..<\/p>\n                              <div class=\"product-intro\">\n\t\t\t\t\t\t\t\t<div class=\"actions-link2\">\n\t\t\t\t\t\t\t\t\t<a class=\"btn-cart\" data-toggle=\"tooltip\" title=\"Comprar\" onclick=\"cart.add('31229');\"><span class=\"button\"><i class=\"fa fa-shopping-cart\"><\/i>Comprar<\/span><\/a>\t\t\t\t\t\t\t\t\t\n\t\t\t\t\t\t\t\t\t<a class=\"btn-wishlist\" data-toggle=\"tooltip\" title=\"Lista de desejos\" onclick=\"wishlist.add('31229');\"><i class=\"zmdi zmdi-favorite-outline\"><\/i><\/a>\t\t\t\t\t\t\t\t\t\n\t\t\t\t\t\t\t\t\t<a class=\"btn-compare\" data-toggle=\"tooltip\" title=\"Comparar\" onclick=\"compare.add('31229');\"><i class=\"zmdi zmdi-refresh-alt\"><\/i><\/a>\n\t\t\t\t\t\t\t\t<\/div>\n\t\t\t\t\t\t\t\t<\/div>\n                            <\/div>\n\t\t\t\t\t\t\t<\/div>\n                          <\/div>\n                        <\/div>\n                                            <div class=\"product-layout product-list col-xs-12\">\n                          <div class=\"product-thumb layout1\">\n\t\t\t\t\t\t\t<div class=\"image\">\n                              \t\t\t\t\t\t\t\t                              <a href=\"https:\/\/www.sulcarautopecas.com.br.186-226-60-153.cpanel.site\/outros-produtos\/rele-sonoro-hyundai-creta-2017-2-0-a2900-27281\">\n                                                              <img  src=\"image\/cache\/no_image-100x100.png\" alt=\"Rele Sonoro Hyundai Creta 2017 2.0 A2900\" \/>\n                              \t\t\t\t\t\t\t  <img  src=\"\" alt=\"Rele Sonoro Hyundai Creta 2017 2.0 A2900\" title=\"Rele Sonoro Hyundai Creta 2017 2.0 A2900\" class=\"img-responsive lazy\" \/>\n                              <\/a>\n\t\t\t\t\t\t\t  <div class=\"actions-link\">\t\t\t\t\t\t\t\t\t\n\t\t\t\t\t\t\t\t\t<a class=\"btn-wishlist\" data-toggle=\"tooltip\" title=\"Lista de desejos\" onclick=\"wishlist.add('27281');\"><i class=\"zmdi zmdi-favorite-outline\"><\/i><\/a>\t\t\t\t\t\t\t\t\t\n\t\t\t\t\t\t\t\t\t<a class=\"btn-compare\" data-toggle=\"tooltip\" title=\"Comparar\" onclick=\"compare.add('27281');\"><i class=\"zmdi zmdi-refresh-alt\"><\/i><\/a>\n\t\t\t\t\t\t\t\t<\/div>\n                            <\/div>\n                            <div class=\"product-inner\">\n                              <div class=\"product-caption\">\n\t\t\t\t\t\t\t                                <h2 class=\"product-name\"><a href=\"https:\/\/www.sulcarautopecas.com.br.186-226-60-153.cpanel.site\/outros-produtos\/rele-sonoro-hyundai-creta-2017-2-0-a2900-27281\">Rele Sonoro Hyundai Creta 2017 2.0 A2900<\/a><\/h2>\n\t\t\t\t\t\t\t                                     <div class=\"ratings\">\n                                      <div class=\"rating-box\">\n                                                                                        <div class=\"rating0\">rating<\/div>                                                                                                                                                                                                                                                                            <\/div>\n                                  <\/div>\n                              \t\t\t\t\t\t\t                                  <p class=\"price\">\n                                                                    R$80,00                                                                                                    <\/p>\n                                \t\t\t\t\t\t\t \n                              \n\t\t\t\t\t\t\t\t<p class=\"product-des\">Sulcar Auto Pe\u00e7as Blumenau\nTrabalhamos com produtos originais\nFoto reais do produto\nCalcular frete...no mercado de envios\nDemais d\u00favidas...apenas nos pergunte\nAp\u00f3s confirmar do pagamento enviamos em at\u00e9 1 dia \u00fatil\nEntregamos para todo territ\u00f3rio naci..<\/p>\n                              <div class=\"product-intro\">\n\t\t\t\t\t\t\t\t<div class=\"actions-link2\">\n\t\t\t\t\t\t\t\t\t<a class=\"btn-cart\" data-toggle=\"tooltip\" title=\"Comprar\" onclick=\"cart.add('27281');\"><span class=\"button\"><i class=\"fa fa-shopping-cart\"><\/i>Comprar<\/span><\/a>\t\t\t\t\t\t\t\t\t\n\t\t\t\t\t\t\t\t\t<a class=\"btn-wishlist\" data-toggle=\"tooltip\" title=\"Lista de desejos\" onclick=\"wishlist.add('27281');\"><i class=\"zmdi zmdi-favorite-outline\"><\/i><\/a>\t\t\t\t\t\t\t\t\t\n\t\t\t\t\t\t\t\t\t<a class=\"btn-compare\" data-toggle=\"tooltip\" title=\"Comparar\" onclick=\"compare.add('27281');\"><i class=\"zmdi zmdi-refresh-alt\"><\/i><\/a>\n\t\t\t\t\t\t\t\t<\/div>\n\t\t\t\t\t\t\t\t<\/div>\n                            <\/div>\n\t\t\t\t\t\t\t<\/div>\n                          <\/div>\n                        <\/div>\n                                            <div class=\"product-layout product-list col-xs-12\">\n                          <div class=\"product-thumb layout1\">\n\t\t\t\t\t\t\t<div class=\"image\">\n                              \t\t\t\t\t\t\t\t                              <a href=\"https:\/\/www.sulcarautopecas.com.br.186-226-60-153.cpanel.site\/outros-produtos\/bobina-ignicao-renault-captur-1-3-turbo-2022-23147\">\n                                                              <img  src=\"image\/cache\/no_image-100x100.png\" alt=\"Bobina Igni\u00e7\u00e3o Renault Captur 1.3 Turb...\" \/>\n                              \t\t\t\t\t\t\t  <img  src=\"\" alt=\"Bobina Igni\u00e7\u00e3o Renault Captur 1.3 Turb...\" title=\"Bobina Igni\u00e7\u00e3o Renault Captur 1.3 Turb...\" class=\"img-responsive lazy\" \/>\n                              <\/a>\n\t\t\t\t\t\t\t  <div class=\"actions-link\">\t\t\t\t\t\t\t\t\t\n\t\t\t\t\t\t\t\t\t<a class=\"btn-wishlist\" data-toggle=\"tooltip\" title=\"Lista de desejos\" onclick=\"wishlist.add('23147');\"><i class=\"zmdi zmdi-favorite-outline\"><\/i><\/a>\t\t\t\t\t\t\t\t\t\n\t\t\t\t\t\t\t\t\t<a class=\"btn-compare\" data-toggle=\"tooltip\" title=\"Comparar\" onclick=\"compare.add('23147');\"><i class=\"zmdi zmdi-refresh-alt\"><\/i><\/a>\n\t\t\t\t\t\t\t\t<\/div>\n                            <\/div>\n                            <div class=\"product-inner\">\n                              <div class=\"product-caption\">\n\t\t\t\t\t\t\t                                <h2 class=\"product-name\"><a href=\"https:\/\/www.sulcarautopecas.com.br.186-226-60-153.cpanel.site\/outros-produtos\/bobina-ignicao-renault-captur-1-3-turbo-2022-23147\">Bobina Igni\u00e7\u00e3o Renault Captur 1.3 Turb...<\/a><\/h2>\n\t\t\t\t\t\t\t                                     <div class=\"ratings\">\n                                      <div class=\"rating-box\">\n                                                                                        <div class=\"rating0\">rating<\/div>                                                                                                                                                                                                                                                                            <\/div>\n                                  <\/div>\n                              \t\t\t\t\t\t\t                                  <p class=\"price\">\n                                                                    R$300,00                                                                                                    <\/p>\n                                \t\t\t\t\t\t\t \n                              \n\t\t\t\t\t\t\t\t<p class=\"product-des\">Trabalhamos com produtos originais, retirados de ve\u00edculos baixados no Detran, com toda a proced\u00eancia e garantia.\nTodas as nossas fotos s\u00e3o reais do produto.\n\nPara calcular o frete basta aproveitar as vantagens do MERCADO ENVIOS.\nCaso o produto n\u00e3o te..<\/p>\n                              <div class=\"product-intro\">\n\t\t\t\t\t\t\t\t<div class=\"actions-link2\">\n\t\t\t\t\t\t\t\t\t<a class=\"btn-cart\" data-toggle=\"tooltip\" title=\"Comprar\" onclick=\"cart.add('23147');\"><span class=\"button\"><i class=\"fa fa-shopping-cart\"><\/i>Comprar<\/span><\/a>\t\t\t\t\t\t\t\t\t\n\t\t\t\t\t\t\t\t\t<a class=\"btn-wishlist\" data-toggle=\"tooltip\" title=\"Lista de desejos\" onclick=\"wishlist.add('23147');\"><i class=\"zmdi zmdi-favorite-outline\"><\/i><\/a>\t\t\t\t\t\t\t\t\t\n\t\t\t\t\t\t\t\t\t<a class=\"btn-compare\" data-toggle=\"tooltip\" title=\"Comparar\" onclick=\"compare.add('23147');\"><i class=\"zmdi zmdi-refresh-alt\"><\/i><\/a>\n\t\t\t\t\t\t\t\t<\/div>\n\t\t\t\t\t\t\t\t<\/div>\n                            <\/div>\n\t\t\t\t\t\t\t<\/div>\n                          <\/div>\n                        <\/div>\n                                            <div class=\"product-layout product-list col-xs-12\">\n                          <div class=\"product-thumb layout1\">\n\t\t\t\t\t\t\t<div class=\"image\">\n                              \t\t\t\t\t\t\t\t                              <a href=\"https:\/\/www.sulcarautopecas.com.br.186-226-60-153.cpanel.site\/outros-produtos\/burucutu-esguicho-limpador-para-brisa-citroen-aircross-2019-17631\">\n                                                              <img  src=\"image\/cache\/no_image-100x100.png\" alt=\"Burucutu Limpador P\u00e1ra-brisa Citr\u00f6en A...\" \/>\n                              \t\t\t\t\t\t\t  <img  src=\"\" alt=\"Burucutu Limpador P\u00e1ra-brisa Citr\u00f6en A...\" title=\"Burucutu Limpador P\u00e1ra-brisa Citr\u00f6en A...\" class=\"img-responsive lazy\" \/>\n                              <\/a>\n\t\t\t\t\t\t\t  <div class=\"actions-link\">\t\t\t\t\t\t\t\t\t\n\t\t\t\t\t\t\t\t\t<a class=\"btn-wishlist\" data-toggle=\"tooltip\" title=\"Lista de desejos\" onclick=\"wishlist.add('17631');\"><i class=\"zmdi zmdi-favorite-outline\"><\/i><\/a>\t\t\t\t\t\t\t\t\t\n\t\t\t\t\t\t\t\t\t<a class=\"btn-compare\" data-toggle=\"tooltip\" title=\"Comparar\" onclick=\"compare.add('17631');\"><i class=\"zmdi zmdi-refresh-alt\"><\/i><\/a>\n\t\t\t\t\t\t\t\t<\/div>\n                            <\/div>\n                            <div class=\"product-inner\">\n                              <div class=\"product-caption\">\n\t\t\t\t\t\t\t                                <h2 class=\"product-name\"><a href=\"https:\/\/www.sulcarautopecas.com.br.186-226-60-153.cpanel.site\/outros-produtos\/burucutu-esguicho-limpador-para-brisa-citroen-aircross-2019-17631\">Burucutu Limpador P\u00e1ra-brisa Citr\u00f6en A...<\/a><\/h2>\n\t\t\t\t\t\t\t                                     <div class=\"ratings\">\n                                      <div class=\"rating-box\">\n                                                                                        <div class=\"rating0\">rating<\/div>                                                                                                                                                                                                                                                                            <\/div>\n                                  <\/div>\n                              \t\t\t\t\t\t\t                                  <p class=\"price\">\n                                                                    R$50,00                                                                                                    <\/p>\n                                \t\t\t\t\t\t\t \n                              \n\t\t\t\t\t\t\t\t<p class=\"product-des\">Sulcar Auto Pe\u00e7as Blumenau\nTrabalhamos com produtos originais \nFoto reais do produto \nCalcular frete...no mercado de envios \nDemais d\u00favidas...apenas nos pergunte \nAp\u00f3s confirmar do pagamento enviamos em at\u00e9 1 dia \u00fatil \nEntregamos para todo territ\u00f3rio..<\/p>\n                              <div class=\"product-intro\">\n\t\t\t\t\t\t\t\t<div class=\"actions-link2\">\n\t\t\t\t\t\t\t\t\t<a class=\"btn-cart\" data-toggle=\"tooltip\" title=\"Comprar\" onclick=\"cart.add('17631');\"><span class=\"button\"><i class=\"fa fa-shopping-cart\"><\/i>Comprar<\/span><\/a>\t\t\t\t\t\t\t\t\t\n\t\t\t\t\t\t\t\t\t<a class=\"btn-wishlist\" data-toggle=\"tooltip\" title=\"Lista de desejos\" onclick=\"wishlist.add('17631');\"><i class=\"zmdi zmdi-favorite-outline\"><\/i><\/a>\t\t\t\t\t\t\t\t\t\n\t\t\t\t\t\t\t\t\t<a class=\"btn-compare\" data-toggle=\"tooltip\" title=\"Comparar\" onclick=\"compare.add('17631');\"><i class=\"zmdi zmdi-refresh-alt\"><\/i><\/a>\n\t\t\t\t\t\t\t\t<\/div>\n\t\t\t\t\t\t\t\t<\/div>\n                            <\/div>\n\t\t\t\t\t\t\t<\/div>\n                          <\/div>\n                        <\/div>\n                                            <div class=\"product-layout product-list col-xs-12\">\n                          <div class=\"product-thumb layout1\">\n\t\t\t\t\t\t\t<div class=\"image\">\n                              \t\t\t\t\t\t\t\t                              <a href=\"https:\/\/www.sulcarautopecas.com.br.186-226-60-153.cpanel.site\/outros-produtos\/trava-portinhola-tanque-vw-nivus-2021-32952\">\n                                                              <img  src=\"image\/cache\/no_image-100x100.png\" alt=\"Trava Portinhola Tanque Vw Nivus 2021\" \/>\n                              \t\t\t\t\t\t\t  <img  src=\"\" alt=\"Trava Portinhola Tanque Vw Nivus 2021\" title=\"Trava Portinhola Tanque Vw Nivus 2021\" class=\"img-responsive lazy\" \/>\n                              <\/a>\n\t\t\t\t\t\t\t  <div class=\"actions-link\">\t\t\t\t\t\t\t\t\t\n\t\t\t\t\t\t\t\t\t<a class=\"btn-wishlist\" data-toggle=\"tooltip\" title=\"Lista de desejos\" onclick=\"wishlist.add('32952');\"><i class=\"zmdi zmdi-favorite-outline\"><\/i><\/a>\t\t\t\t\t\t\t\t\t\n\t\t\t\t\t\t\t\t\t<a class=\"btn-compare\" data-toggle=\"tooltip\" title=\"Comparar\" onclick=\"compare.add('32952');\"><i class=\"zmdi zmdi-refresh-alt\"><\/i><\/a>\n\t\t\t\t\t\t\t\t<\/div>\n                            <\/div>\n                            <div class=\"product-inner\">\n                              <div class=\"product-caption\">\n\t\t\t\t\t\t\t                                <h2 class=\"product-name\"><a href=\"https:\/\/www.sulcarautopecas.com.br.186-226-60-153.cpanel.site\/outros-produtos\/trava-portinhola-tanque-vw-nivus-2021-32952\">Trava Portinhola Tanque Vw Nivus 2021<\/a><\/h2>\n\t\t\t\t\t\t\t                                     <div class=\"ratings\">\n                                      <div class=\"rating-box\">\n                                                                                        <div class=\"rating0\">rating<\/div>                                                                                                                                                                                                                                                                            <\/div>\n                                  <\/div>\n                              \t\t\t\t\t\t\t                                  <p class=\"price\">\n                                                                    R$250,00                                                                                                    <\/p>\n                                \t\t\t\t\t\t\t \n                              \n\t\t\t\t\t\t\t\t<p class=\"product-des\">*Sulcar Auto Pe\u00e7as Blumenau.\n*Trabalhamos com produtos originais.\n*Foto reais do produto.\n*Calcular frete em mercado envios,caso tenha nos pergunte.\n*Demais D\u00favidas apenas nos pergunte.\n*Ap\u00f3s confirma\u00e7\u00e3o do pagamento enviamos em at\u00e9 1 dia \u00fatil.\n*Entr..<\/p>\n                              <div class=\"product-intro\">\n\t\t\t\t\t\t\t\t<div class=\"actions-link2\">\n\t\t\t\t\t\t\t\t\t<a class=\"btn-cart\" data-toggle=\"tooltip\" title=\"Comprar\" onclick=\"cart.add('32952');\"><span class=\"button\"><i class=\"fa fa-shopping-cart\"><\/i>Comprar<\/span><\/a>\t\t\t\t\t\t\t\t\t\n\t\t\t\t\t\t\t\t\t<a class=\"btn-wishlist\" data-toggle=\"tooltip\" title=\"Lista de desejos\" onclick=\"wishlist.add('32952');\"><i class=\"zmdi zmdi-favorite-outline\"><\/i><\/a>\t\t\t\t\t\t\t\t\t\n\t\t\t\t\t\t\t\t\t<a class=\"btn-compare\" data-toggle=\"tooltip\" title=\"Comparar\" onclick=\"compare.add('32952');\"><i class=\"zmdi zmdi-refresh-alt\"><\/i><\/a>\n\t\t\t\t\t\t\t\t<\/div>\n\t\t\t\t\t\t\t\t<\/div>\n                            <\/div>\n\t\t\t\t\t\t\t<\/div>\n                          <\/div>\n                        <\/div>\n                                            <div class=\"product-layout product-list col-xs-12\">\n                          <div class=\"product-thumb layout1\">\n\t\t\t\t\t\t\t<div class=\"image\">\n                              \t\t\t\t\t\t\t\t                              <a href=\"https:\/\/www.sulcarautopecas.com.br.186-226-60-153.cpanel.site\/outros-produtos\/camera-re-duster-1-3-turbo-2023-a4741-29049\">\n                                                              <img  src=\"image\/cache\/no_image-100x100.png\" alt=\"Camera R\u00e9 Duster 1.3 Turbo 2023 A4741\" \/>\n                              \t\t\t\t\t\t\t  <img  src=\"\" alt=\"Camera R\u00e9 Duster 1.3 Turbo 2023 A4741\" title=\"Camera R\u00e9 Duster 1.3 Turbo 2023 A4741\" class=\"img-responsive lazy\" \/>\n                              <\/a>\n\t\t\t\t\t\t\t  <div class=\"actions-link\">\t\t\t\t\t\t\t\t\t\n\t\t\t\t\t\t\t\t\t<a class=\"btn-wishlist\" data-toggle=\"tooltip\" title=\"Lista de desejos\" onclick=\"wishlist.add('29049');\"><i class=\"zmdi zmdi-favorite-outline\"><\/i><\/a>\t\t\t\t\t\t\t\t\t\n\t\t\t\t\t\t\t\t\t<a class=\"btn-compare\" data-toggle=\"tooltip\" title=\"Comparar\" onclick=\"compare.add('29049');\"><i class=\"zmdi zmdi-refresh-alt\"><\/i><\/a>\n\t\t\t\t\t\t\t\t<\/div>\n                            <\/div>\n                            <div class=\"product-inner\">\n                              <div class=\"product-caption\">\n\t\t\t\t\t\t\t                                <h2 class=\"product-name\"><a href=\"https:\/\/www.sulcarautopecas.com.br.186-226-60-153.cpanel.site\/outros-produtos\/camera-re-duster-1-3-turbo-2023-a4741-29049\">Camera R\u00e9 Duster 1.3 Turbo 2023 A4741<\/a><\/h2>\n\t\t\t\t\t\t\t                                     <div class=\"ratings\">\n                                      <div class=\"rating-box\">\n                                                                                        <div class=\"rating0\">rating<\/div>                                                                                                                                                                                                                                                                            <\/div>\n                                  <\/div>\n                              \t\t\t\t\t\t\t                                  <p class=\"price\">\n                                                                    R$250,00                                                                                                    <\/p>\n                                \t\t\t\t\t\t\t \n                              \n\t\t\t\t\t\t\t\t<p class=\"product-des\">Sulcar Auto Pe\u00e7as Blumenau\nTrabalhamos com produtos originais\nFoto reais do produto\nCalcular frete...no mercado de envios\nDemais d\u00favidas...apenas nos pergunte\nAp\u00f3s confirmar do pagamento enviamos em at\u00e9 1 dia \u00fatil\nEntregamos para todo territ\u00f3rio naci..<\/p>\n                              <div class=\"product-intro\">\n\t\t\t\t\t\t\t\t<div class=\"actions-link2\">\n\t\t\t\t\t\t\t\t\t<a class=\"btn-cart\" data-toggle=\"tooltip\" title=\"Comprar\" onclick=\"cart.add('29049');\"><span class=\"button\"><i class=\"fa fa-shopping-cart\"><\/i>Comprar<\/span><\/a>\t\t\t\t\t\t\t\t\t\n\t\t\t\t\t\t\t\t\t<a class=\"btn-wishlist\" data-toggle=\"tooltip\" title=\"Lista de desejos\" onclick=\"wishlist.add('29049');\"><i class=\"zmdi zmdi-favorite-outline\"><\/i><\/a>\t\t\t\t\t\t\t\t\t\n\t\t\t\t\t\t\t\t\t<a class=\"btn-compare\" data-toggle=\"tooltip\" title=\"Comparar\" onclick=\"compare.add('29049');\"><i class=\"zmdi zmdi-refresh-alt\"><\/i><\/a>\n\t\t\t\t\t\t\t\t<\/div>\n\t\t\t\t\t\t\t\t<\/div>\n                            <\/div>\n\t\t\t\t\t\t\t<\/div>\n                          <\/div>\n                        <\/div>\n                                            <div class=\"product-layout product-list col-xs-12\">\n                          <div class=\"product-thumb layout1\">\n\t\t\t\t\t\t\t<div class=\"image\">\n                              \t\t\t\t\t\t\t\t                              <a href=\"https:\/\/www.sulcarautopecas.com.br.186-226-60-153.cpanel.site\/outros-produtos\/difusor-ar-esquerdo-honda-civic-2013-a-2015-a538-25104\">\n                                                              <img  src=\"image\/cache\/no_image-100x100.png\" alt=\"Difusor Ar Esquerdo Honda Civic 2013 A 2...\" \/>\n                              \t\t\t\t\t\t\t  <img  src=\"\" alt=\"Difusor Ar Esquerdo Honda Civic 2013 A 2...\" title=\"Difusor Ar Esquerdo Honda Civic 2013 A 2...\" class=\"img-responsive lazy\" \/>\n                              <\/a>\n\t\t\t\t\t\t\t  <div class=\"actions-link\">\t\t\t\t\t\t\t\t\t\n\t\t\t\t\t\t\t\t\t<a class=\"btn-wishlist\" data-toggle=\"tooltip\" title=\"Lista de desejos\" onclick=\"wishlist.add('25104');\"><i class=\"zmdi zmdi-favorite-outline\"><\/i><\/a>\t\t\t\t\t\t\t\t\t\n\t\t\t\t\t\t\t\t\t<a class=\"btn-compare\" data-toggle=\"tooltip\" title=\"Comparar\" onclick=\"compare.add('25104');\"><i class=\"zmdi zmdi-refresh-alt\"><\/i><\/a>\n\t\t\t\t\t\t\t\t<\/div>\n                            <\/div>\n                            <div class=\"product-inner\">\n                              <div class=\"product-caption\">\n\t\t\t\t\t\t\t                                <h2 class=\"product-name\"><a href=\"https:\/\/www.sulcarautopecas.com.br.186-226-60-153.cpanel.site\/outros-produtos\/difusor-ar-esquerdo-honda-civic-2013-a-2015-a538-25104\">Difusor Ar Esquerdo Honda Civic 2013 A 2...<\/a><\/h2>\n\t\t\t\t\t\t\t                                     <div class=\"ratings\">\n                                      <div class=\"rating-box\">\n                                                                                        <div class=\"rating0\">rating<\/div>                                                                                                                                                                                                                                                                            <\/div>\n                                  <\/div>\n                              \t\t\t\t\t\t\t                                  <p class=\"price\">\n                                                                    R$100,00                                                                                                    <\/p>\n                                \t\t\t\t\t\t\t \n                              \n\t\t\t\t\t\t\t\t<p class=\"product-des\">Sulcar Auto Pe\u00e7as Blumenau\nTrabalhamos com produtos originais\nFoto reais do produto\nCalcular frete...no mercado de envios\nDemais d\u00favidas...apenas nos pergunte\nAp\u00f3s confirmar do pagamento enviamos em at\u00e9 1 dia \u00fatil\nEntregamos para todo territ\u00f3rio naci..<\/p>\n                              <div class=\"product-intro\">\n\t\t\t\t\t\t\t\t<div class=\"actions-link2\">\n\t\t\t\t\t\t\t\t\t<a class=\"btn-cart\" data-toggle=\"tooltip\" title=\"Comprar\" onclick=\"cart.add('25104');\"><span class=\"button\"><i class=\"fa fa-shopping-cart\"><\/i>Comprar<\/span><\/a>\t\t\t\t\t\t\t\t\t\n\t\t\t\t\t\t\t\t\t<a class=\"btn-wishlist\" data-toggle=\"tooltip\" title=\"Lista de desejos\" onclick=\"wishlist.add('25104');\"><i class=\"zmdi zmdi-favorite-outline\"><\/i><\/a>\t\t\t\t\t\t\t\t\t\n\t\t\t\t\t\t\t\t\t<a class=\"btn-compare\" data-toggle=\"tooltip\" title=\"Comparar\" onclick=\"compare.add('25104');\"><i class=\"zmdi zmdi-refresh-alt\"><\/i><\/a>\n\t\t\t\t\t\t\t\t<\/div>\n\t\t\t\t\t\t\t\t<\/div>\n                            <\/div>\n\t\t\t\t\t\t\t<\/div>\n                          <\/div>\n                        <\/div>\n                                            <div class=\"product-layout product-list col-xs-12\">\n                          <div class=\"product-thumb layout1\">\n\t\t\t\t\t\t\t<div class=\"image\">\n                              \t\t\t\t\t\t\t\t                              <a href=\"https:\/\/www.sulcarautopecas.com.br.186-226-60-153.cpanel.site\/outros-produtos\/apoio-de-cabeca-traseiro-laterais-honda-wr-v-2021-original-20138\">\n                                                              <img  src=\"image\/cache\/no_image-100x100.png\" alt=\"Apoio De Cabe\u00e7a Traseiro Laterais Honda...\" \/>\n                              \t\t\t\t\t\t\t  <img  src=\"\" alt=\"Apoio De Cabe\u00e7a Traseiro Laterais Honda...\" title=\"Apoio De Cabe\u00e7a Traseiro Laterais Honda...\" class=\"img-responsive lazy\" \/>\n                              <\/a>\n\t\t\t\t\t\t\t  <div class=\"actions-link\">\t\t\t\t\t\t\t\t\t\n\t\t\t\t\t\t\t\t\t<a class=\"btn-wishlist\" data-toggle=\"tooltip\" title=\"Lista de desejos\" onclick=\"wishlist.add('20138');\"><i class=\"zmdi zmdi-favorite-outline\"><\/i><\/a>\t\t\t\t\t\t\t\t\t\n\t\t\t\t\t\t\t\t\t<a class=\"btn-compare\" data-toggle=\"tooltip\" title=\"Comparar\" onclick=\"compare.add('20138');\"><i class=\"zmdi zmdi-refresh-alt\"><\/i><\/a>\n\t\t\t\t\t\t\t\t<\/div>\n                            <\/div>\n                            <div class=\"product-inner\">\n                              <div class=\"product-caption\">\n\t\t\t\t\t\t\t                                <h2 class=\"product-name\"><a href=\"https:\/\/www.sulcarautopecas.com.br.186-226-60-153.cpanel.site\/outros-produtos\/apoio-de-cabeca-traseiro-laterais-honda-wr-v-2021-original-20138\">Apoio De Cabe\u00e7a Traseiro Laterais Honda...<\/a><\/h2>\n\t\t\t\t\t\t\t                                     <div class=\"ratings\">\n                                      <div class=\"rating-box\">\n                                                                                        <div class=\"rating0\">rating<\/div>                                                                                                                                                                                                                                                                            <\/div>\n                                  <\/div>\n                              \t\t\t\t\t\t\t                                  <p class=\"price\">\n                                                                    R$130,00                                                                                                    <\/p>\n                                \t\t\t\t\t\t\t \n                              \n\t\t\t\t\t\t\t\t<p class=\"product-des\">Sulcar Auto Pe\u00e7as Blumenau.\nTrabalhamos com pe\u00e7as originais.\nFoto reais do produto.\nCalcule frente\u2026no mercado de envios.\nDemais d\u00favida nos pergunte.\nAp\u00f3s confirma\u00e7\u00e3o do pagamento,enviamos em at\u00e9 1 dia \u00fatil.\nEntregamos para todo pa\u00eds com qualidade e s..<\/p>\n                              <div class=\"product-intro\">\n\t\t\t\t\t\t\t\t<div class=\"actions-link2\">\n\t\t\t\t\t\t\t\t\t<a class=\"btn-cart\" data-toggle=\"tooltip\" title=\"Comprar\" onclick=\"cart.add('20138');\"><span class=\"button\"><i class=\"fa fa-shopping-cart\"><\/i>Comprar<\/span><\/a>\t\t\t\t\t\t\t\t\t\n\t\t\t\t\t\t\t\t\t<a class=\"btn-wishlist\" data-toggle=\"tooltip\" title=\"Lista de desejos\" onclick=\"wishlist.add('20138');\"><i class=\"zmdi zmdi-favorite-outline\"><\/i><\/a>\t\t\t\t\t\t\t\t\t\n\t\t\t\t\t\t\t\t\t<a class=\"btn-compare\" data-toggle=\"tooltip\" title=\"Comparar\" onclick=\"compare.add('20138');\"><i class=\"zmdi zmdi-refresh-alt\"><\/i><\/a>\n\t\t\t\t\t\t\t\t<\/div>\n\t\t\t\t\t\t\t\t<\/div>\n                            <\/div>\n\t\t\t\t\t\t\t<\/div>\n                          <\/div>\n                        <\/div>\n                                            <div class=\"product-layout product-list col-xs-12\">\n                          <div class=\"product-thumb layout1\">\n\t\t\t\t\t\t\t<div class=\"image\">\n                              \t\t\t\t\t\t\t\t                              <a href=\"https:\/\/www.sulcarautopecas.com.br.186-226-60-153.cpanel.site\/outros-produtos\/luz-teto-lado-esquerdo-hyundai-creta-2018-13446\">\n                                                              <img  src=\"image\/cache\/no_image-100x100.png\" alt=\"Luz Quebra Sol Teto Lado Esquerdo Hyunda...\" \/>\n                              \t\t\t\t\t\t\t  <img  src=\"\" alt=\"Luz Quebra Sol Teto Lado Esquerdo Hyunda...\" title=\"Luz Quebra Sol Teto Lado Esquerdo Hyunda...\" class=\"img-responsive lazy\" \/>\n                              <\/a>\n\t\t\t\t\t\t\t  <div class=\"actions-link\">\t\t\t\t\t\t\t\t\t\n\t\t\t\t\t\t\t\t\t<a class=\"btn-wishlist\" data-toggle=\"tooltip\" title=\"Lista de desejos\" onclick=\"wishlist.add('13446');\"><i class=\"zmdi zmdi-favorite-outline\"><\/i><\/a>\t\t\t\t\t\t\t\t\t\n\t\t\t\t\t\t\t\t\t<a class=\"btn-compare\" data-toggle=\"tooltip\" title=\"Comparar\" onclick=\"compare.add('13446');\"><i class=\"zmdi zmdi-refresh-alt\"><\/i><\/a>\n\t\t\t\t\t\t\t\t<\/div>\n                            <\/div>\n                            <div class=\"product-inner\">\n                              <div class=\"product-caption\">\n\t\t\t\t\t\t\t                                <h2 class=\"product-name\"><a href=\"https:\/\/www.sulcarautopecas.com.br.186-226-60-153.cpanel.site\/outros-produtos\/luz-teto-lado-esquerdo-hyundai-creta-2018-13446\">Luz Quebra Sol Teto Lado Esquerdo Hyunda...<\/a><\/h2>\n\t\t\t\t\t\t\t                                     <div class=\"ratings\">\n                                      <div class=\"rating-box\">\n                                                                                        <div class=\"rating0\">rating<\/div>                                                                                                                                                                                                                                                                            <\/div>\n                                  <\/div>\n                              \t\t\t\t\t\t\t                                  <p class=\"price\">\n                                                                    R$50,00                                                                                                    <\/p>\n                                \t\t\t\t\t\t\t \n                              \n\t\t\t\t\t\t\t\t<p class=\"product-des\">..<\/p>\n                              <div class=\"product-intro\">\n\t\t\t\t\t\t\t\t<div class=\"actions-link2\">\n\t\t\t\t\t\t\t\t\t<a class=\"btn-cart\" data-toggle=\"tooltip\" title=\"Comprar\" onclick=\"cart.add('13446');\"><span class=\"button\"><i class=\"fa fa-shopping-cart\"><\/i>Comprar<\/span><\/a>\t\t\t\t\t\t\t\t\t\n\t\t\t\t\t\t\t\t\t<a class=\"btn-wishlist\" data-toggle=\"tooltip\" title=\"Lista de desejos\" onclick=\"wishlist.add('13446');\"><i class=\"zmdi zmdi-favorite-outline\"><\/i><\/a>\t\t\t\t\t\t\t\t\t\n\t\t\t\t\t\t\t\t\t<a class=\"btn-compare\" data-toggle=\"tooltip\" title=\"Comparar\" onclick=\"compare.add('13446');\"><i class=\"zmdi zmdi-refresh-alt\"><\/i><\/a>\n\t\t\t\t\t\t\t\t<\/div>\n\t\t\t\t\t\t\t\t<\/div>\n                            <\/div>\n\t\t\t\t\t\t\t<\/div>\n                          <\/div>\n                        <\/div>\n                                            <div class=\"product-layout product-list col-xs-12\">\n                          <div class=\"product-thumb layout1\">\n\t\t\t\t\t\t\t<div class=\"image\">\n                              \t\t\t\t\t\t\t\t                              <a href=\"https:\/\/www.sulcarautopecas.com.br.186-226-60-153.cpanel.site\/outros-produtos\/compressor-ar-condicionado-renault-captur-1-3-turbo-22-a6245-30776\">\n                                                              <img  src=\"image\/cache\/no_image-100x100.png\" alt=\"Compressor Ar Condicionado Renault Captu...\" \/>\n                              \t\t\t\t\t\t\t  <img  src=\"\" alt=\"Compressor Ar Condicionado Renault Captu...\" title=\"Compressor Ar Condicionado Renault Captu...\" class=\"img-responsive lazy\" \/>\n                              <\/a>\n\t\t\t\t\t\t\t  <div class=\"actions-link\">\t\t\t\t\t\t\t\t\t\n\t\t\t\t\t\t\t\t\t<a class=\"btn-wishlist\" data-toggle=\"tooltip\" title=\"Lista de desejos\" onclick=\"wishlist.add('30776');\"><i class=\"zmdi zmdi-favorite-outline\"><\/i><\/a>\t\t\t\t\t\t\t\t\t\n\t\t\t\t\t\t\t\t\t<a class=\"btn-compare\" data-toggle=\"tooltip\" title=\"Comparar\" onclick=\"compare.add('30776');\"><i class=\"zmdi zmdi-refresh-alt\"><\/i><\/a>\n\t\t\t\t\t\t\t\t<\/div>\n                            <\/div>\n                            <div class=\"product-inner\">\n                              <div class=\"product-caption\">\n\t\t\t\t\t\t\t                                <h2 class=\"product-name\"><a href=\"https:\/\/www.sulcarautopecas.com.br.186-226-60-153.cpanel.site\/outros-produtos\/compressor-ar-condicionado-renault-captur-1-3-turbo-22-a6245-30776\">Compressor Ar Condicionado Renault Captu...<\/a><\/h2>\n\t\t\t\t\t\t\t                                     <div class=\"ratings\">\n                                      <div class=\"rating-box\">\n                                                                                        <div class=\"rating0\">rating<\/div>                                                                                                                                                                                                                                                                            <\/div>\n                                  <\/div>\n                              \t\t\t\t\t\t\t                                  <p class=\"price\">\n                                                                    R$2.000,00                                                                                                    <\/p>\n                                \t\t\t\t\t\t\t \n                              \n\t\t\t\t\t\t\t\t<p class=\"product-des\">Sulcar Auto Pe\u00e7as Blumenau\nTrabalhamos com produtos originais\nFoto reais do produto\nCalcular frete...no mercado de envios\nDemais d\u00favidas...apenas nos pergunte\nAp\u00f3s confirmar do pagamento enviamos em at\u00e9 1 dia \u00fatil\nEntregamos para todo territ\u00f3rio naci..<\/p>\n                              <div class=\"product-intro\">\n\t\t\t\t\t\t\t\t<div class=\"actions-link2\">\n\t\t\t\t\t\t\t\t\t<a class=\"btn-cart\" data-toggle=\"tooltip\" title=\"Comprar\" onclick=\"cart.add('30776');\"><span class=\"button\"><i class=\"fa fa-shopping-cart\"><\/i>Comprar<\/span><\/a>\t\t\t\t\t\t\t\t\t\n\t\t\t\t\t\t\t\t\t<a class=\"btn-wishlist\" data-toggle=\"tooltip\" title=\"Lista de desejos\" onclick=\"wishlist.add('30776');\"><i class=\"zmdi zmdi-favorite-outline\"><\/i><\/a>\t\t\t\t\t\t\t\t\t\n\t\t\t\t\t\t\t\t\t<a class=\"btn-compare\" data-toggle=\"tooltip\" title=\"Comparar\" onclick=\"compare.add('30776');\"><i class=\"zmdi zmdi-refresh-alt\"><\/i><\/a>\n\t\t\t\t\t\t\t\t<\/div>\n\t\t\t\t\t\t\t\t<\/div>\n                            <\/div>\n\t\t\t\t\t\t\t<\/div>\n                          <\/div>\n                        <\/div>\n                                            <div class=\"product-layout product-list col-xs-12\">\n                          <div class=\"product-thumb layout1\">\n\t\t\t\t\t\t\t<div class=\"image\">\n                              \t\t\t\t\t\t\t\t                              <a href=\"https:\/\/www.sulcarautopecas.com.br.186-226-60-153.cpanel.site\/outros-produtos\/dreno-caixa-ar-cond-fiat-fastback-1-3-turbo-0km-2023-a2370-26857\">\n                                                              <img  src=\"image\/cache\/no_image-100x100.png\" alt=\"Dreno Caixa Ar Cond. Fiat Fastback 1.3 T...\" \/>\n                              \t\t\t\t\t\t\t  <img  src=\"\" alt=\"Dreno Caixa Ar Cond. Fiat Fastback 1.3 T...\" title=\"Dreno Caixa Ar Cond. Fiat Fastback 1.3 T...\" class=\"img-responsive lazy\" \/>\n                              <\/a>\n\t\t\t\t\t\t\t  <div class=\"actions-link\">\t\t\t\t\t\t\t\t\t\n\t\t\t\t\t\t\t\t\t<a class=\"btn-wishlist\" data-toggle=\"tooltip\" title=\"Lista de desejos\" onclick=\"wishlist.add('26857');\"><i class=\"zmdi zmdi-favorite-outline\"><\/i><\/a>\t\t\t\t\t\t\t\t\t\n\t\t\t\t\t\t\t\t\t<a class=\"btn-compare\" data-toggle=\"tooltip\" title=\"Comparar\" onclick=\"compare.add('26857');\"><i class=\"zmdi zmdi-refresh-alt\"><\/i><\/a>\n\t\t\t\t\t\t\t\t<\/div>\n                            <\/div>\n                            <div class=\"product-inner\">\n                              <div class=\"product-caption\">\n\t\t\t\t\t\t\t                                <h2 class=\"product-name\"><a href=\"https:\/\/www.sulcarautopecas.com.br.186-226-60-153.cpanel.site\/outros-produtos\/dreno-caixa-ar-cond-fiat-fastback-1-3-turbo-0km-2023-a2370-26857\">Dreno Caixa Ar Cond. Fiat Fastback 1.3 T...<\/a><\/h2>\n\t\t\t\t\t\t\t                                     <div class=\"ratings\">\n                                      <div class=\"rating-box\">\n                                                                                        <div class=\"rating0\">rating<\/div>                                                                                                                                                                                                                                                                            <\/div>\n                                  <\/div>\n                              \t\t\t\t\t\t\t                                  <p class=\"price\">\n                                                                    R$70,00                                                                                                    <\/p>\n                                \t\t\t\t\t\t\t \n                              \n\t\t\t\t\t\t\t\t<p class=\"product-des\">Sulcar Auto Pe\u00e7as Blumenau\nTrabalhamos com produtos originais\nFoto reais do produto\nCalcular frete...no mercado de envios\nDemais d\u00favidas...apenas nos pergunte\nAp\u00f3s confirmar do pagamento enviamos em at\u00e9 1 dia \u00fatil\nEntregamos para todo territ\u00f3rio naci..<\/p>\n                              <div class=\"product-intro\">\n\t\t\t\t\t\t\t\t<div class=\"actions-link2\">\n\t\t\t\t\t\t\t\t\t<a class=\"btn-cart\" data-toggle=\"tooltip\" title=\"Comprar\" onclick=\"cart.add('26857');\"><span class=\"button\"><i class=\"fa fa-shopping-cart\"><\/i>Comprar<\/span><\/a>\t\t\t\t\t\t\t\t\t\n\t\t\t\t\t\t\t\t\t<a class=\"btn-wishlist\" data-toggle=\"tooltip\" title=\"Lista de desejos\" onclick=\"wishlist.add('26857');\"><i class=\"zmdi zmdi-favorite-outline\"><\/i><\/a>\t\t\t\t\t\t\t\t\t\n\t\t\t\t\t\t\t\t\t<a class=\"btn-compare\" data-toggle=\"tooltip\" title=\"Comparar\" onclick=\"compare.add('26857');\"><i class=\"zmdi zmdi-refresh-alt\"><\/i><\/a>\n\t\t\t\t\t\t\t\t<\/div>\n\t\t\t\t\t\t\t\t<\/div>\n                            <\/div>\n\t\t\t\t\t\t\t<\/div>\n                          <\/div>\n                        <\/div>\n                                            <div class=\"product-layout product-list col-xs-12\">\n                          <div class=\"product-thumb layout1\">\n\t\t\t\t\t\t\t<div class=\"image\">\n                              \t\t\t\t\t\t\t\t                              <a href=\"https:\/\/www.sulcarautopecas.com.br.186-226-60-153.cpanel.site\/outros-produtos\/vareta-nivel-oleo-motor-toyota-corolla-1-8-2015-18-22454\">\n                                                              <img  src=\"image\/cache\/no_image-100x100.png\" alt=\"Vareta N\u00edvel \u00d3leo Motor Toyota Corolla...\" \/>\n                              \t\t\t\t\t\t\t  <img  src=\"\" alt=\"Vareta N\u00edvel \u00d3leo Motor Toyota Corolla...\" title=\"Vareta N\u00edvel \u00d3leo Motor Toyota Corolla...\" class=\"img-responsive lazy\" \/>\n                              <\/a>\n\t\t\t\t\t\t\t  <div class=\"actions-link\">\t\t\t\t\t\t\t\t\t\n\t\t\t\t\t\t\t\t\t<a class=\"btn-wishlist\" data-toggle=\"tooltip\" title=\"Lista de desejos\" onclick=\"wishlist.add('22454');\"><i class=\"zmdi zmdi-favorite-outline\"><\/i><\/a>\t\t\t\t\t\t\t\t\t\n\t\t\t\t\t\t\t\t\t<a class=\"btn-compare\" data-toggle=\"tooltip\" title=\"Comparar\" onclick=\"compare.add('22454');\"><i class=\"zmdi zmdi-refresh-alt\"><\/i><\/a>\n\t\t\t\t\t\t\t\t<\/div>\n                            <\/div>\n                            <div class=\"product-inner\">\n                              <div class=\"product-caption\">\n\t\t\t\t\t\t\t                                <h2 class=\"product-name\"><a href=\"https:\/\/www.sulcarautopecas.com.br.186-226-60-153.cpanel.site\/outros-produtos\/vareta-nivel-oleo-motor-toyota-corolla-1-8-2015-18-22454\">Vareta N\u00edvel \u00d3leo Motor Toyota Corolla...<\/a><\/h2>\n\t\t\t\t\t\t\t                                     <div class=\"ratings\">\n                                      <div class=\"rating-box\">\n                                                                                        <div class=\"rating0\">rating<\/div>                                                                                                                                                                                                                                                                            <\/div>\n                                  <\/div>\n                              \t\t\t\t\t\t\t                                  <p class=\"price\">\n                                                                    R$100,00                                                                                                    <\/p>\n                                \t\t\t\t\t\t\t \n                              \n\t\t\t\t\t\t\t\t<p class=\"product-des\">Trabalhamos com produtos originais, retirados de ve\u00edculos baixados no Detran, com total proced\u00eancia e garantia.\nTodas as nossas fotos s\u00e3o reais do produto.\n\nPara calcular o frente basta aproveitar as vantagens do MERCADO ENVIOS.\nCaso o produto n\u00e3o te..<\/p>\n                              <div class=\"product-intro\">\n\t\t\t\t\t\t\t\t<div class=\"actions-link2\">\n\t\t\t\t\t\t\t\t\t<a class=\"btn-cart\" data-toggle=\"tooltip\" title=\"Comprar\" onclick=\"cart.add('22454');\"><span class=\"button\"><i class=\"fa fa-shopping-cart\"><\/i>Comprar<\/span><\/a>\t\t\t\t\t\t\t\t\t\n\t\t\t\t\t\t\t\t\t<a class=\"btn-wishlist\" data-toggle=\"tooltip\" title=\"Lista de desejos\" onclick=\"wishlist.add('22454');\"><i class=\"zmdi zmdi-favorite-outline\"><\/i><\/a>\t\t\t\t\t\t\t\t\t\n\t\t\t\t\t\t\t\t\t<a class=\"btn-compare\" data-toggle=\"tooltip\" title=\"Comparar\" onclick=\"compare.add('22454');\"><i class=\"zmdi zmdi-refresh-alt\"><\/i><\/a>\n\t\t\t\t\t\t\t\t<\/div>\n\t\t\t\t\t\t\t\t<\/div>\n                            <\/div>\n\t\t\t\t\t\t\t<\/div>\n                          <\/div>\n                        <\/div>\n                                            <div class=\"product-layout product-list col-xs-12\">\n                          <div class=\"product-thumb layout1\">\n\t\t\t\t\t\t\t<div class=\"image\">\n                              \t\t\t\t\t\t\t\t                              <a href=\"https:\/\/www.sulcarautopecas.com.br.186-226-60-153.cpanel.site\/outros-produtos\/braco-limpador-para-brisa-lado-esquerdo-mitsubishi-asx-2011-16964\">\n                                                              <img  src=\"image\/cache\/no_image-100x100.png\" alt=\"Bra\u00e7o Limpador P\u00e1ra-brisa Lado Esquerd...\" \/>\n                              \t\t\t\t\t\t\t  <img  src=\"\" alt=\"Bra\u00e7o Limpador P\u00e1ra-brisa Lado Esquerd...\" title=\"Bra\u00e7o Limpador P\u00e1ra-brisa Lado Esquerd...\" class=\"img-responsive lazy\" \/>\n                              <\/a>\n\t\t\t\t\t\t\t  <div class=\"actions-link\">\t\t\t\t\t\t\t\t\t\n\t\t\t\t\t\t\t\t\t<a class=\"btn-wishlist\" data-toggle=\"tooltip\" title=\"Lista de desejos\" onclick=\"wishlist.add('16964');\"><i class=\"zmdi zmdi-favorite-outline\"><\/i><\/a>\t\t\t\t\t\t\t\t\t\n\t\t\t\t\t\t\t\t\t<a class=\"btn-compare\" data-toggle=\"tooltip\" title=\"Comparar\" onclick=\"compare.add('16964');\"><i class=\"zmdi zmdi-refresh-alt\"><\/i><\/a>\n\t\t\t\t\t\t\t\t<\/div>\n                            <\/div>\n                            <div class=\"product-inner\">\n                              <div class=\"product-caption\">\n\t\t\t\t\t\t\t                                <h2 class=\"product-name\"><a href=\"https:\/\/www.sulcarautopecas.com.br.186-226-60-153.cpanel.site\/outros-produtos\/braco-limpador-para-brisa-lado-esquerdo-mitsubishi-asx-2011-16964\">Bra\u00e7o Limpador P\u00e1ra-brisa Lado Esquerd...<\/a><\/h2>\n\t\t\t\t\t\t\t                                     <div class=\"ratings\">\n                                      <div class=\"rating-box\">\n                                                                                        <div class=\"rating0\">rating<\/div>                                                                                                                                                                                                                                                                            <\/div>\n                                  <\/div>\n                              \t\t\t\t\t\t\t                                  <p class=\"price\">\n                                                                    R$125,00                                                                                                    <\/p>\n                                \t\t\t\t\t\t\t \n                              \n\t\t\t\t\t\t\t\t<p class=\"product-des\">*Sulcar Auto Pe\u00e7as Blumenau.\n*Trabalhamos com produtos originais.\n*Foto reais do produto.\n*Calcular frete em mercado envios,caso tenha nos pergunte.\n*Demais D\u00favidas apenas nos pergunte.\n*Ap\u00f3s confirma\u00e7\u00e3o do pagamento enviamos em at\u00e9 1 dia \u00fatil.\n*Entr..<\/p>\n                              <div class=\"product-intro\">\n\t\t\t\t\t\t\t\t<div class=\"actions-link2\">\n\t\t\t\t\t\t\t\t\t<a class=\"btn-cart\" data-toggle=\"tooltip\" title=\"Comprar\" onclick=\"cart.add('16964');\"><span class=\"button\"><i class=\"fa fa-shopping-cart\"><\/i>Comprar<\/span><\/a>\t\t\t\t\t\t\t\t\t\n\t\t\t\t\t\t\t\t\t<a class=\"btn-wishlist\" data-toggle=\"tooltip\" title=\"Lista de desejos\" onclick=\"wishlist.add('16964');\"><i class=\"zmdi zmdi-favorite-outline\"><\/i><\/a>\t\t\t\t\t\t\t\t\t\n\t\t\t\t\t\t\t\t\t<a class=\"btn-compare\" data-toggle=\"tooltip\" title=\"Comparar\" onclick=\"compare.add('16964');\"><i class=\"zmdi zmdi-refresh-alt\"><\/i><\/a>\n\t\t\t\t\t\t\t\t<\/div>\n\t\t\t\t\t\t\t\t<\/div>\n                            <\/div>\n\t\t\t\t\t\t\t<\/div>\n                          <\/div>\n                        <\/div>\n                                            <div class=\"product-layout product-list col-xs-12\">\n                          <div class=\"product-thumb layout1\">\n\t\t\t\t\t\t\t<div class=\"image\">\n                              \t\t\t\t\t\t\t\t                              <a href=\"https:\/\/www.sulcarautopecas.com.br.186-226-60-153.cpanel.site\/outros-produtos\/carcaca-valvula-termostatica-renault-oroch-1-3-2024-32685\">\n                                                              <img  src=\"image\/cache\/no_image-100x100.png\" alt=\"Carca\u00e7a Valvula Termostatica Renault Or...\" \/>\n                              \t\t\t\t\t\t\t  <img  src=\"\" alt=\"Carca\u00e7a Valvula Termostatica Renault Or...\" title=\"Carca\u00e7a Valvula Termostatica Renault Or...\" class=\"img-responsive lazy\" \/>\n                              <\/a>\n\t\t\t\t\t\t\t  <div class=\"actions-link\">\t\t\t\t\t\t\t\t\t\n\t\t\t\t\t\t\t\t\t<a class=\"btn-wishlist\" data-toggle=\"tooltip\" title=\"Lista de desejos\" onclick=\"wishlist.add('32685');\"><i class=\"zmdi zmdi-favorite-outline\"><\/i><\/a>\t\t\t\t\t\t\t\t\t\n\t\t\t\t\t\t\t\t\t<a class=\"btn-compare\" data-toggle=\"tooltip\" title=\"Comparar\" onclick=\"compare.add('32685');\"><i class=\"zmdi zmdi-refresh-alt\"><\/i><\/a>\n\t\t\t\t\t\t\t\t<\/div>\n                            <\/div>\n                            <div class=\"product-inner\">\n                              <div class=\"product-caption\">\n\t\t\t\t\t\t\t                                <h2 class=\"product-name\"><a href=\"https:\/\/www.sulcarautopecas.com.br.186-226-60-153.cpanel.site\/outros-produtos\/carcaca-valvula-termostatica-renault-oroch-1-3-2024-32685\">Carca\u00e7a Valvula Termostatica Renault Or...<\/a><\/h2>\n\t\t\t\t\t\t\t                                     <div class=\"ratings\">\n                                      <div class=\"rating-box\">\n                                                                                        <div class=\"rating0\">rating<\/div>                                                                                                                                                                                                                                                                            <\/div>\n                                  <\/div>\n                              \t\t\t\t\t\t\t                                  <p class=\"price\">\n                                                                    R$600,00                                                                                                    <\/p>\n                                \t\t\t\t\t\t\t \n                              \n\t\t\t\t\t\t\t\t<p class=\"product-des\">*Sulcar Auto Pe\u00e7as Blumenau.\n*Trabalhamos com produtos originais.\n*Foto reais do produto.\n*Calcular frete em mercado envios,caso tenha nos pergunte.\n*Demais D\u00favidas apenas nos pergunte.\n*Ap\u00f3s confirma\u00e7\u00e3o do pagamento enviamos em at\u00e9 1 dia \u00fatil.\n*Entr..<\/p>\n                              <div class=\"product-intro\">\n\t\t\t\t\t\t\t\t<div class=\"actions-link2\">\n\t\t\t\t\t\t\t\t\t<a class=\"btn-cart\" data-toggle=\"tooltip\" title=\"Comprar\" onclick=\"cart.add('32685');\"><span class=\"button\"><i class=\"fa fa-shopping-cart\"><\/i>Comprar<\/span><\/a>\t\t\t\t\t\t\t\t\t\n\t\t\t\t\t\t\t\t\t<a class=\"btn-wishlist\" data-toggle=\"tooltip\" title=\"Lista de desejos\" onclick=\"wishlist.add('32685');\"><i class=\"zmdi zmdi-favorite-outline\"><\/i><\/a>\t\t\t\t\t\t\t\t\t\n\t\t\t\t\t\t\t\t\t<a class=\"btn-compare\" data-toggle=\"tooltip\" title=\"Comparar\" onclick=\"compare.add('32685');\"><i class=\"zmdi zmdi-refresh-alt\"><\/i><\/a>\n\t\t\t\t\t\t\t\t<\/div>\n\t\t\t\t\t\t\t\t<\/div>\n                            <\/div>\n\t\t\t\t\t\t\t<\/div>\n                          <\/div>\n                        <\/div>\n                                            <div class=\"product-layout product-list col-xs-12\">\n                          <div class=\"product-thumb layout1\">\n\t\t\t\t\t\t\t<div class=\"image\">\n                              \t\t\t\t\t\t\t\t                              <a href=\"https:\/\/www.sulcarautopecas.com.br.186-226-60-153.cpanel.site\/outros-produtos\/filtro-canister-ford-fusion-2-3-2008-a4275-28587\">\n                                                              <img  src=\"image\/cache\/no_image-100x100.png\" alt=\"Filtro Canister Ford Fusion 2.3 2008 A42...\" \/>\n                              \t\t\t\t\t\t\t  <img  src=\"\" alt=\"Filtro Canister Ford Fusion 2.3 2008 A42...\" title=\"Filtro Canister Ford Fusion 2.3 2008 A42...\" class=\"img-responsive lazy\" \/>\n                              <\/a>\n\t\t\t\t\t\t\t  <div class=\"actions-link\">\t\t\t\t\t\t\t\t\t\n\t\t\t\t\t\t\t\t\t<a class=\"btn-wishlist\" data-toggle=\"tooltip\" title=\"Lista de desejos\" onclick=\"wishlist.add('28587');\"><i class=\"zmdi zmdi-favorite-outline\"><\/i><\/a>\t\t\t\t\t\t\t\t\t\n\t\t\t\t\t\t\t\t\t<a class=\"btn-compare\" data-toggle=\"tooltip\" title=\"Comparar\" onclick=\"compare.add('28587');\"><i class=\"zmdi zmdi-refresh-alt\"><\/i><\/a>\n\t\t\t\t\t\t\t\t<\/div>\n                            <\/div>\n                            <div class=\"product-inner\">\n                              <div class=\"product-caption\">\n\t\t\t\t\t\t\t                                <h2 class=\"product-name\"><a href=\"https:\/\/www.sulcarautopecas.com.br.186-226-60-153.cpanel.site\/outros-produtos\/filtro-canister-ford-fusion-2-3-2008-a4275-28587\">Filtro Canister Ford Fusion 2.3 2008 A42...<\/a><\/h2>\n\t\t\t\t\t\t\t                                     <div class=\"ratings\">\n                                      <div class=\"rating-box\">\n                                                                                        <div class=\"rating0\">rating<\/div>                                                                                                                                                                                                                                                                            <\/div>\n                                  <\/div>\n                              \t\t\t\t\t\t\t                                  <p class=\"price\">\n                                                                    R$100,00                                                                                                    <\/p>\n                                \t\t\t\t\t\t\t \n                              \n\t\t\t\t\t\t\t\t<p class=\"product-des\">Sulcar Auto Pe\u00e7as Blumenau\nTrabalhamos com produtos originais\nFoto reais do produto\nCalcular frete...no mercado de envios\nDemais d\u00favidas...apenas nos pergunte\nAp\u00f3s confirmar do pagamento enviamos em at\u00e9 1 dia \u00fatil\nEntregamos para todo territ\u00f3rio naci..<\/p>\n                              <div class=\"product-intro\">\n\t\t\t\t\t\t\t\t<div class=\"actions-link2\">\n\t\t\t\t\t\t\t\t\t<a class=\"btn-cart\" data-toggle=\"tooltip\" title=\"Comprar\" onclick=\"cart.add('28587');\"><span class=\"button\"><i class=\"fa fa-shopping-cart\"><\/i>Comprar<\/span><\/a>\t\t\t\t\t\t\t\t\t\n\t\t\t\t\t\t\t\t\t<a class=\"btn-wishlist\" data-toggle=\"tooltip\" title=\"Lista de desejos\" onclick=\"wishlist.add('28587');\"><i class=\"zmdi zmdi-favorite-outline\"><\/i><\/a>\t\t\t\t\t\t\t\t\t\n\t\t\t\t\t\t\t\t\t<a class=\"btn-compare\" data-toggle=\"tooltip\" title=\"Comparar\" onclick=\"compare.add('28587');\"><i class=\"zmdi zmdi-refresh-alt\"><\/i><\/a>\n\t\t\t\t\t\t\t\t<\/div>\n\t\t\t\t\t\t\t\t<\/div>\n                            <\/div>\n\t\t\t\t\t\t\t<\/div>\n                          <\/div>\n                        <\/div>\n                                            <div class=\"product-layout product-list col-xs-12\">\n                          <div class=\"product-thumb layout1\">\n\t\t\t\t\t\t\t<div class=\"image\">\n                              \t\t\t\t\t\t\t\t                              <a href=\"https:\/\/www.sulcarautopecas.com.br.186-226-60-153.cpanel.site\/outros-produtos\/cano-tubo-duto-turbina-renault-duster-1-3-turbo-2023-aa167-24719\">\n                                                              <img  src=\"image\/cache\/no_image-100x100.png\" alt=\"Cano Tubo Duto Turbina Renault Duster 1....\" \/>\n                              \t\t\t\t\t\t\t  <img  src=\"\" alt=\"Cano Tubo Duto Turbina Renault Duster 1....\" title=\"Cano Tubo Duto Turbina Renault Duster 1....\" class=\"img-responsive lazy\" \/>\n                              <\/a>\n\t\t\t\t\t\t\t  <div class=\"actions-link\">\t\t\t\t\t\t\t\t\t\n\t\t\t\t\t\t\t\t\t<a class=\"btn-wishlist\" data-toggle=\"tooltip\" title=\"Lista de desejos\" onclick=\"wishlist.add('24719');\"><i class=\"zmdi zmdi-favorite-outline\"><\/i><\/a>\t\t\t\t\t\t\t\t\t\n\t\t\t\t\t\t\t\t\t<a class=\"btn-compare\" data-toggle=\"tooltip\" title=\"Comparar\" onclick=\"compare.add('24719');\"><i class=\"zmdi zmdi-refresh-alt\"><\/i><\/a>\n\t\t\t\t\t\t\t\t<\/div>\n                            <\/div>\n                            <div class=\"product-inner\">\n                              <div class=\"product-caption\">\n\t\t\t\t\t\t\t                                <h2 class=\"product-name\"><a href=\"https:\/\/www.sulcarautopecas.com.br.186-226-60-153.cpanel.site\/outros-produtos\/cano-tubo-duto-turbina-renault-duster-1-3-turbo-2023-aa167-24719\">Cano Tubo Duto Turbina Renault Duster 1....<\/a><\/h2>\n\t\t\t\t\t\t\t                                     <div class=\"ratings\">\n                                      <div class=\"rating-box\">\n                                                                                        <div class=\"rating0\">rating<\/div>                                                                                                                                                                                                                                                                            <\/div>\n                                  <\/div>\n                              \t\t\t\t\t\t\t                                  <p class=\"price\">\n                                                                    R$130,00                                                                                                    <\/p>\n                                \t\t\t\t\t\t\t \n                              \n\t\t\t\t\t\t\t\t<p class=\"product-des\">Trabalhamos com produtos originais, retirados de ve\u00edculos baixados no Detran, com toda a proced\u00eancia e garantia.\nTodas as nossas fotos s\u00e3o reais do produto.\n\n\nPara calcular o frete basta aproveitar as vantagens do MERCADO ENVIOS.\nCaso o produto n\u00e3o t..<\/p>\n                              <div class=\"product-intro\">\n\t\t\t\t\t\t\t\t<div class=\"actions-link2\">\n\t\t\t\t\t\t\t\t\t<a class=\"btn-cart\" data-toggle=\"tooltip\" title=\"Comprar\" onclick=\"cart.add('24719');\"><span class=\"button\"><i class=\"fa fa-shopping-cart\"><\/i>Comprar<\/span><\/a>\t\t\t\t\t\t\t\t\t\n\t\t\t\t\t\t\t\t\t<a class=\"btn-wishlist\" data-toggle=\"tooltip\" title=\"Lista de desejos\" onclick=\"wishlist.add('24719');\"><i class=\"zmdi zmdi-favorite-outline\"><\/i><\/a>\t\t\t\t\t\t\t\t\t\n\t\t\t\t\t\t\t\t\t<a class=\"btn-compare\" data-toggle=\"tooltip\" title=\"Comparar\" onclick=\"compare.add('24719');\"><i class=\"zmdi zmdi-refresh-alt\"><\/i><\/a>\n\t\t\t\t\t\t\t\t<\/div>\n\t\t\t\t\t\t\t\t<\/div>\n                            <\/div>\n\t\t\t\t\t\t\t<\/div>\n                          <\/div>\n                        <\/div>\n                                            <div class=\"product-layout product-list col-xs-12\">\n                          <div class=\"product-thumb layout1\">\n\t\t\t\t\t\t\t<div class=\"image\">\n                              \t\t\t\t\t\t\t\t                              <a href=\"https:\/\/www.sulcarautopecas.com.br.186-226-60-153.cpanel.site\/outros-produtos\/luz-placa-citroen-c3-picasso-2015-original-19610\">\n                                                              <img  src=\"image\/cache\/no_image-100x100.png\" alt=\"Luz Placa Citr\u00f6en C3 Picasso 2015 Origi...\" \/>\n                              \t\t\t\t\t\t\t  <img  src=\"\" alt=\"Luz Placa Citr\u00f6en C3 Picasso 2015 Origi...\" title=\"Luz Placa Citr\u00f6en C3 Picasso 2015 Origi...\" class=\"img-responsive lazy\" \/>\n                              <\/a>\n\t\t\t\t\t\t\t  <div class=\"actions-link\">\t\t\t\t\t\t\t\t\t\n\t\t\t\t\t\t\t\t\t<a class=\"btn-wishlist\" data-toggle=\"tooltip\" title=\"Lista de desejos\" onclick=\"wishlist.add('19610');\"><i class=\"zmdi zmdi-favorite-outline\"><\/i><\/a>\t\t\t\t\t\t\t\t\t\n\t\t\t\t\t\t\t\t\t<a class=\"btn-compare\" data-toggle=\"tooltip\" title=\"Comparar\" onclick=\"compare.add('19610');\"><i class=\"zmdi zmdi-refresh-alt\"><\/i><\/a>\n\t\t\t\t\t\t\t\t<\/div>\n                            <\/div>\n                            <div class=\"product-inner\">\n                              <div class=\"product-caption\">\n\t\t\t\t\t\t\t                                <h2 class=\"product-name\"><a href=\"https:\/\/www.sulcarautopecas.com.br.186-226-60-153.cpanel.site\/outros-produtos\/luz-placa-citroen-c3-picasso-2015-original-19610\">Luz Placa Citr\u00f6en C3 Picasso 2015 Origi...<\/a><\/h2>\n\t\t\t\t\t\t\t                                     <div class=\"ratings\">\n                                      <div class=\"rating-box\">\n                                                                                        <div class=\"rating0\">rating<\/div>                                                                                                                                                                                                                                                                            <\/div>\n                                  <\/div>\n                              \t\t\t\t\t\t\t                                  <p class=\"price\">\n                                                                    R$50,00                                                                                                    <\/p>\n                                \t\t\t\t\t\t\t \n                              \n\t\t\t\t\t\t\t\t<p class=\"product-des\">Sulcar Auto Pe\u00e7as Blumenau.\nTrabalhamos com pe\u00e7as originais.\nFoto reais do produto.\nCalcule frente\u2026no mercado de envios.\nDemais d\u00favida nos pergunte.\nAp\u00f3s confirma\u00e7\u00e3o do pagamento,enviamos em at\u00e9 1 dia \u00fatil.\nEntregamos para todo pa\u00eds com qualidade e s..<\/p>\n                              <div class=\"product-intro\">\n\t\t\t\t\t\t\t\t<div class=\"actions-link2\">\n\t\t\t\t\t\t\t\t\t<a class=\"btn-cart\" data-toggle=\"tooltip\" title=\"Comprar\" onclick=\"cart.add('19610');\"><span class=\"button\"><i class=\"fa fa-shopping-cart\"><\/i>Comprar<\/span><\/a>\t\t\t\t\t\t\t\t\t\n\t\t\t\t\t\t\t\t\t<a class=\"btn-wishlist\" data-toggle=\"tooltip\" title=\"Lista de desejos\" onclick=\"wishlist.add('19610');\"><i class=\"zmdi zmdi-favorite-outline\"><\/i><\/a>\t\t\t\t\t\t\t\t\t\n\t\t\t\t\t\t\t\t\t<a class=\"btn-compare\" data-toggle=\"tooltip\" title=\"Comparar\" onclick=\"compare.add('19610');\"><i class=\"zmdi zmdi-refresh-alt\"><\/i><\/a>\n\t\t\t\t\t\t\t\t<\/div>\n\t\t\t\t\t\t\t\t<\/div>\n                            <\/div>\n\t\t\t\t\t\t\t<\/div>\n                          <\/div>\n                        <\/div>\n                                            <div class=\"product-layout product-list col-xs-12\">\n                          <div class=\"product-thumb layout1\">\n\t\t\t\t\t\t\t<div class=\"image\">\n                              \t\t\t\t\t\t\t\t                              <a href=\"https:\/\/www.sulcarautopecas.com.br.186-226-60-153.cpanel.site\/outros-produtos\/bico-injetor-fiat-1-8-16v-etorq-original-55228555-12637\">\n                                                              <img  src=\"image\/cache\/no_image-100x100.png\" alt=\"Bico Injetor Fiat 1.8 16v Etorq Original...\" \/>\n                              \t\t\t\t\t\t\t  <img  src=\"\" alt=\"Bico Injetor Fiat 1.8 16v Etorq Original...\" title=\"Bico Injetor Fiat 1.8 16v Etorq Original...\" class=\"img-responsive lazy\" \/>\n                              <\/a>\n\t\t\t\t\t\t\t  <div class=\"actions-link\">\t\t\t\t\t\t\t\t\t\n\t\t\t\t\t\t\t\t\t<a class=\"btn-wishlist\" data-toggle=\"tooltip\" title=\"Lista de desejos\" onclick=\"wishlist.add('12637');\"><i class=\"zmdi zmdi-favorite-outline\"><\/i><\/a>\t\t\t\t\t\t\t\t\t\n\t\t\t\t\t\t\t\t\t<a class=\"btn-compare\" data-toggle=\"tooltip\" title=\"Comparar\" onclick=\"compare.add('12637');\"><i class=\"zmdi zmdi-refresh-alt\"><\/i><\/a>\n\t\t\t\t\t\t\t\t<\/div>\n                            <\/div>\n                            <div class=\"product-inner\">\n                              <div class=\"product-caption\">\n\t\t\t\t\t\t\t                                <h2 class=\"product-name\"><a href=\"https:\/\/www.sulcarautopecas.com.br.186-226-60-153.cpanel.site\/outros-produtos\/bico-injetor-fiat-1-8-16v-etorq-original-55228555-12637\">Bico Injetor Fiat 1.8 16v Etorq Original...<\/a><\/h2>\n\t\t\t\t\t\t\t                                     <div class=\"ratings\">\n                                      <div class=\"rating-box\">\n                                                                                        <div class=\"rating0\">rating<\/div>                                                                                                                                                                                                                                                                            <\/div>\n                                  <\/div>\n                              \t\t\t\t\t\t\t                                  <p class=\"price\">\n                                                                    R$80,00                                                                                                    <\/p>\n                                \t\t\t\t\t\t\t \n                              \n\t\t\t\t\t\t\t\t<p class=\"product-des\">..<\/p>\n                              <div class=\"product-intro\">\n\t\t\t\t\t\t\t\t<div class=\"actions-link2\">\n\t\t\t\t\t\t\t\t\t<a class=\"btn-cart\" data-toggle=\"tooltip\" title=\"Comprar\" onclick=\"cart.add('12637');\"><span class=\"button\"><i class=\"fa fa-shopping-cart\"><\/i>Comprar<\/span><\/a>\t\t\t\t\t\t\t\t\t\n\t\t\t\t\t\t\t\t\t<a class=\"btn-wishlist\" data-toggle=\"tooltip\" title=\"Lista de desejos\" onclick=\"wishlist.add('12637');\"><i class=\"zmdi zmdi-favorite-outline\"><\/i><\/a>\t\t\t\t\t\t\t\t\t\n\t\t\t\t\t\t\t\t\t<a class=\"btn-compare\" data-toggle=\"tooltip\" title=\"Comparar\" onclick=\"compare.add('12637');\"><i class=\"zmdi zmdi-refresh-alt\"><\/i><\/a>\n\t\t\t\t\t\t\t\t<\/div>\n\t\t\t\t\t\t\t\t<\/div>\n                            <\/div>\n\t\t\t\t\t\t\t<\/div>\n                          <\/div>\n                        <\/div>\n                                            <div class=\"product-layout product-list col-xs-12\">\n                          <div class=\"product-thumb layout1\">\n\t\t\t\t\t\t\t<div class=\"image\">\n                              \t\t\t\t\t\t\t\t                              <a href=\"https:\/\/www.sulcarautopecas.com.br.186-226-60-153.cpanel.site\/outros-produtos\/chicote-volante-vw-nivus-2023-34091\">\n                                                              <img  src=\"image\/cache\/no_image-100x100.png\" alt=\"Chicote Volante Vw Nivus 2023\" \/>\n                              \t\t\t\t\t\t\t  <img  src=\"\" alt=\"Chicote Volante Vw Nivus 2023\" title=\"Chicote Volante Vw Nivus 2023\" class=\"img-responsive lazy\" \/>\n                              <\/a>\n\t\t\t\t\t\t\t  <div class=\"actions-link\">\t\t\t\t\t\t\t\t\t\n\t\t\t\t\t\t\t\t\t<a class=\"btn-wishlist\" data-toggle=\"tooltip\" title=\"Lista de desejos\" onclick=\"wishlist.add('34091');\"><i class=\"zmdi zmdi-favorite-outline\"><\/i><\/a>\t\t\t\t\t\t\t\t\t\n\t\t\t\t\t\t\t\t\t<a class=\"btn-compare\" data-toggle=\"tooltip\" title=\"Comparar\" onclick=\"compare.add('34091');\"><i class=\"zmdi zmdi-refresh-alt\"><\/i><\/a>\n\t\t\t\t\t\t\t\t<\/div>\n                            <\/div>\n                            <div class=\"product-inner\">\n                              <div class=\"product-caption\">\n\t\t\t\t\t\t\t                                <h2 class=\"product-name\"><a href=\"https:\/\/www.sulcarautopecas.com.br.186-226-60-153.cpanel.site\/outros-produtos\/chicote-volante-vw-nivus-2023-34091\">Chicote Volante Vw Nivus 2023<\/a><\/h2>\n\t\t\t\t\t\t\t                                     <div class=\"ratings\">\n                                      <div class=\"rating-box\">\n                                                                                        <div class=\"rating0\">rating<\/div>                                                                                                                                                                                                                                                                            <\/div>\n                                  <\/div>\n                              \t\t\t\t\t\t\t                                  <p class=\"price\">\n                                                                    R$100,00                                                                                                    <\/p>\n                                \t\t\t\t\t\t\t \n                              \n\t\t\t\t\t\t\t\t<p class=\"product-des\">*Sulcar Auto Pe\u00e7as Blumenau.\n*Trabalhamos com produtos originais.\n*Foto reais do produto.\n*Calcular frete em mercado envios,caso tenha nos pergunte.\n*Demais D\u00favidas apenas nos pergunte.\n*Ap\u00f3s confirma\u00e7\u00e3o do pagamento enviamos em at\u00e9 1 dia \u00fatil.\n*Entr..<\/p>\n                              <div class=\"product-intro\">\n\t\t\t\t\t\t\t\t<div class=\"actions-link2\">\n\t\t\t\t\t\t\t\t\t<a class=\"btn-cart\" data-toggle=\"tooltip\" title=\"Comprar\" onclick=\"cart.add('34091');\"><span class=\"button\"><i class=\"fa fa-shopping-cart\"><\/i>Comprar<\/span><\/a>\t\t\t\t\t\t\t\t\t\n\t\t\t\t\t\t\t\t\t<a class=\"btn-wishlist\" data-toggle=\"tooltip\" title=\"Lista de desejos\" onclick=\"wishlist.add('34091');\"><i class=\"zmdi zmdi-favorite-outline\"><\/i><\/a>\t\t\t\t\t\t\t\t\t\n\t\t\t\t\t\t\t\t\t<a class=\"btn-compare\" data-toggle=\"tooltip\" title=\"Comparar\" onclick=\"compare.add('34091');\"><i class=\"zmdi zmdi-refresh-alt\"><\/i><\/a>\n\t\t\t\t\t\t\t\t<\/div>\n\t\t\t\t\t\t\t\t<\/div>\n                            <\/div>\n\t\t\t\t\t\t\t<\/div>\n                          <\/div>\n                        <\/div>\n                                            <div class=\"product-layout product-list col-xs-12\">\n                          <div class=\"product-thumb layout1\">\n\t\t\t\t\t\t\t<div class=\"image\">\n                              \t\t\t\t\t\t\t\t                              <a href=\"https:\/\/www.sulcarautopecas.com.br.186-226-60-153.cpanel.site\/outros-produtos\/portinhola-tanque-renault-logan-2010-a5815-30394\">\n                                                              <img  src=\"image\/cache\/no_image-100x100.png\" alt=\"Portinhola Tanque Renault Logan 2010 A58...\" \/>\n                              \t\t\t\t\t\t\t  <img  src=\"\" alt=\"Portinhola Tanque Renault Logan 2010 A58...\" title=\"Portinhola Tanque Renault Logan 2010 A58...\" class=\"img-responsive lazy\" \/>\n                              <\/a>\n\t\t\t\t\t\t\t  <div class=\"actions-link\">\t\t\t\t\t\t\t\t\t\n\t\t\t\t\t\t\t\t\t<a class=\"btn-wishlist\" data-toggle=\"tooltip\" title=\"Lista de desejos\" onclick=\"wishlist.add('30394');\"><i class=\"zmdi zmdi-favorite-outline\"><\/i><\/a>\t\t\t\t\t\t\t\t\t\n\t\t\t\t\t\t\t\t\t<a class=\"btn-compare\" data-toggle=\"tooltip\" title=\"Comparar\" onclick=\"compare.add('30394');\"><i class=\"zmdi zmdi-refresh-alt\"><\/i><\/a>\n\t\t\t\t\t\t\t\t<\/div>\n                            <\/div>\n                            <div class=\"product-inner\">\n                              <div class=\"product-caption\">\n\t\t\t\t\t\t\t                                <h2 class=\"product-name\"><a href=\"https:\/\/www.sulcarautopecas.com.br.186-226-60-153.cpanel.site\/outros-produtos\/portinhola-tanque-renault-logan-2010-a5815-30394\">Portinhola Tanque Renault Logan 2010 A58...<\/a><\/h2>\n\t\t\t\t\t\t\t                                     <div class=\"ratings\">\n                                      <div class=\"rating-box\">\n                                                                                        <div class=\"rating0\">rating<\/div>                                                                                                                                                                                                                                                                            <\/div>\n                                  <\/div>\n                              \t\t\t\t\t\t\t                                  <p class=\"price\">\n                                                                    R$60,00                                                                                                    <\/p>\n                                \t\t\t\t\t\t\t \n                              \n\t\t\t\t\t\t\t\t<p class=\"product-des\">Sulcar Auto Pe\u00e7as Blumenau\nTrabalhamos com produtos originais\nFoto reais do produto\nCalcular frete...no mercado de envios\nDemais d\u00favidas...apenas nos pergunte\nAp\u00f3s confirmar do pagamento enviamos em at\u00e9 1 dia \u00fatil\nEntregamos para todo territ\u00f3rio naci..<\/p>\n                              <div class=\"product-intro\">\n\t\t\t\t\t\t\t\t<div class=\"actions-link2\">\n\t\t\t\t\t\t\t\t\t<a class=\"btn-cart\" data-toggle=\"tooltip\" title=\"Comprar\" onclick=\"cart.add('30394');\"><span class=\"button\"><i class=\"fa fa-shopping-cart\"><\/i>Comprar<\/span><\/a>\t\t\t\t\t\t\t\t\t\n\t\t\t\t\t\t\t\t\t<a class=\"btn-wishlist\" data-toggle=\"tooltip\" title=\"Lista de desejos\" onclick=\"wishlist.add('30394');\"><i class=\"zmdi zmdi-favorite-outline\"><\/i><\/a>\t\t\t\t\t\t\t\t\t\n\t\t\t\t\t\t\t\t\t<a class=\"btn-compare\" data-toggle=\"tooltip\" title=\"Comparar\" onclick=\"compare.add('30394');\"><i class=\"zmdi zmdi-refresh-alt\"><\/i><\/a>\n\t\t\t\t\t\t\t\t<\/div>\n\t\t\t\t\t\t\t\t<\/div>\n                            <\/div>\n\t\t\t\t\t\t\t<\/div>\n                          <\/div>\n                        <\/div>\n                                            <div class=\"product-layout product-list col-xs-12\">\n                          <div class=\"product-thumb layout1\">\n\t\t\t\t\t\t\t<div class=\"image\">\n                              \t\t\t\t\t\t\t\t                              <a href=\"https:\/\/www.sulcarautopecas.com.br.186-226-60-153.cpanel.site\/outros-produtos\/sonda-lambda-pos-catalisador-duster-1-3-turbo-2023-a2004-26520\">\n                                                              <img  src=\"image\/cache\/no_image-100x100.png\" alt=\"Sonda Lambda Pos Catalisador Duster 1.3 ...\" \/>\n                              \t\t\t\t\t\t\t  <img  src=\"\" alt=\"Sonda Lambda Pos Catalisador Duster 1.3 ...\" title=\"Sonda Lambda Pos Catalisador Duster 1.3 ...\" class=\"img-responsive lazy\" \/>\n                              <\/a>\n\t\t\t\t\t\t\t  <div class=\"actions-link\">\t\t\t\t\t\t\t\t\t\n\t\t\t\t\t\t\t\t\t<a class=\"btn-wishlist\" data-toggle=\"tooltip\" title=\"Lista de desejos\" onclick=\"wishlist.add('26520');\"><i class=\"zmdi zmdi-favorite-outline\"><\/i><\/a>\t\t\t\t\t\t\t\t\t\n\t\t\t\t\t\t\t\t\t<a class=\"btn-compare\" data-toggle=\"tooltip\" title=\"Comparar\" onclick=\"compare.add('26520');\"><i class=\"zmdi zmdi-refresh-alt\"><\/i><\/a>\n\t\t\t\t\t\t\t\t<\/div>\n                            <\/div>\n                            <div class=\"product-inner\">\n                              <div class=\"product-caption\">\n\t\t\t\t\t\t\t                                <h2 class=\"product-name\"><a href=\"https:\/\/www.sulcarautopecas.com.br.186-226-60-153.cpanel.site\/outros-produtos\/sonda-lambda-pos-catalisador-duster-1-3-turbo-2023-a2004-26520\">Sonda Lambda Pos Catalisador Duster 1.3 ...<\/a><\/h2>\n\t\t\t\t\t\t\t                                     <div class=\"ratings\">\n                                      <div class=\"rating-box\">\n                                                                                        <div class=\"rating0\">rating<\/div>                                                                                                                                                                                                                                                                            <\/div>\n                                  <\/div>\n                              \t\t\t\t\t\t\t                                  <p class=\"price\">\n                                                                    R$450,00                                                                                                    <\/p>\n                                \t\t\t\t\t\t\t \n                              \n\t\t\t\t\t\t\t\t<p class=\"product-des\">Sulcar Auto Pe\u00e7as Blumenau\nTrabalhamos com produtos originais\nFoto reais do produto\nCalcular frete...no mercado de envios\nDemais d\u00favidas...apenas nos pergunte\nAp\u00f3s confirmar do pagamento enviamos em at\u00e9 1 dia \u00fatil\nEntregamos para todo territ\u00f3rio naci..<\/p>\n                              <div class=\"product-intro\">\n\t\t\t\t\t\t\t\t<div class=\"actions-link2\">\n\t\t\t\t\t\t\t\t\t<a class=\"btn-cart\" data-toggle=\"tooltip\" title=\"Comprar\" onclick=\"cart.add('26520');\"><span class=\"button\"><i class=\"fa fa-shopping-cart\"><\/i>Comprar<\/span><\/a>\t\t\t\t\t\t\t\t\t\n\t\t\t\t\t\t\t\t\t<a class=\"btn-wishlist\" data-toggle=\"tooltip\" title=\"Lista de desejos\" onclick=\"wishlist.add('26520');\"><i class=\"zmdi zmdi-favorite-outline\"><\/i><\/a>\t\t\t\t\t\t\t\t\t\n\t\t\t\t\t\t\t\t\t<a class=\"btn-compare\" data-toggle=\"tooltip\" title=\"Comparar\" onclick=\"compare.add('26520');\"><i class=\"zmdi zmdi-refresh-alt\"><\/i><\/a>\n\t\t\t\t\t\t\t\t<\/div>\n\t\t\t\t\t\t\t\t<\/div>\n                            <\/div>\n\t\t\t\t\t\t\t<\/div>\n                          <\/div>\n                        <\/div>\n                                            <div class=\"product-layout product-list col-xs-12\">\n                          <div class=\"product-thumb layout1\">\n\t\t\t\t\t\t\t<div class=\"image\">\n                              \t\t\t\t\t\t\t\t                              <a href=\"https:\/\/www.sulcarautopecas.com.br.186-226-60-153.cpanel.site\/outros-produtos\/painel-instrumentos-kia-soul-2009-a-2012-1-6-aut-21860\">\n                                                              <img  src=\"image\/cache\/no_image-100x100.png\" alt=\"Painel Instrumentos Kia Soul 2010 1.6 Au...\" \/>\n                              \t\t\t\t\t\t\t  <img  src=\"\" alt=\"Painel Instrumentos Kia Soul 2010 1.6 Au...\" title=\"Painel Instrumentos Kia Soul 2010 1.6 Au...\" class=\"img-responsive lazy\" \/>\n                              <\/a>\n\t\t\t\t\t\t\t  <div class=\"actions-link\">\t\t\t\t\t\t\t\t\t\n\t\t\t\t\t\t\t\t\t<a class=\"btn-wishlist\" data-toggle=\"tooltip\" title=\"Lista de desejos\" onclick=\"wishlist.add('21860');\"><i class=\"zmdi zmdi-favorite-outline\"><\/i><\/a>\t\t\t\t\t\t\t\t\t\n\t\t\t\t\t\t\t\t\t<a class=\"btn-compare\" data-toggle=\"tooltip\" title=\"Comparar\" onclick=\"compare.add('21860');\"><i class=\"zmdi zmdi-refresh-alt\"><\/i><\/a>\n\t\t\t\t\t\t\t\t<\/div>\n                            <\/div>\n                            <div class=\"product-inner\">\n                              <div class=\"product-caption\">\n\t\t\t\t\t\t\t                                <h2 class=\"product-name\"><a href=\"https:\/\/www.sulcarautopecas.com.br.186-226-60-153.cpanel.site\/outros-produtos\/painel-instrumentos-kia-soul-2009-a-2012-1-6-aut-21860\">Painel Instrumentos Kia Soul 2010 1.6 Au...<\/a><\/h2>\n\t\t\t\t\t\t\t                                     <div class=\"ratings\">\n                                      <div class=\"rating-box\">\n                                                                                        <div class=\"rating0\">rating<\/div>                                                                                                                                                                                                                                                                            <\/div>\n                                  <\/div>\n                              \t\t\t\t\t\t\t                                  <p class=\"price\">\n                                                                    R$250,00                                                                                                    <\/p>\n                                \t\t\t\t\t\t\t \n                              \n\t\t\t\t\t\t\t\t<p class=\"product-des\">Trabalhamos com produtos originais, retirados de ve\u00edculos baixados no Detran, com total proced\u00eancia e garantia.\nTodas as nossas fotos s\u00e3o reais do produto.\n\nPara calcular o frente basta aproveitar as vantagens do MERCADO ENVIOS.\nCaso o produto n\u00e3o te..<\/p>\n                              <div class=\"product-intro\">\n\t\t\t\t\t\t\t\t<div class=\"actions-link2\">\n\t\t\t\t\t\t\t\t\t<a class=\"btn-cart\" data-toggle=\"tooltip\" title=\"Comprar\" onclick=\"cart.add('21860');\"><span class=\"button\"><i class=\"fa fa-shopping-cart\"><\/i>Comprar<\/span><\/a>\t\t\t\t\t\t\t\t\t\n\t\t\t\t\t\t\t\t\t<a class=\"btn-wishlist\" data-toggle=\"tooltip\" title=\"Lista de desejos\" onclick=\"wishlist.add('21860');\"><i class=\"zmdi zmdi-favorite-outline\"><\/i><\/a>\t\t\t\t\t\t\t\t\t\n\t\t\t\t\t\t\t\t\t<a class=\"btn-compare\" data-toggle=\"tooltip\" title=\"Comparar\" onclick=\"compare.add('21860');\"><i class=\"zmdi zmdi-refresh-alt\"><\/i><\/a>\n\t\t\t\t\t\t\t\t<\/div>\n\t\t\t\t\t\t\t\t<\/div>\n                            <\/div>\n\t\t\t\t\t\t\t<\/div>\n                          <\/div>\n                        <\/div>\n                                            <div class=\"product-layout product-list col-xs-12\">\n                          <div class=\"product-thumb layout1\">\n\t\t\t\t\t\t\t<div class=\"image\">\n                              \t\t\t\t\t\t\t\t                              <a href=\"https:\/\/www.sulcarautopecas.com.br.186-226-60-153.cpanel.site\/outros-produtos\/pedal-freio-honda-city-2012-automatico-16368\">\n                                                              <img  src=\"image\/cache\/no_image-100x100.png\" alt=\"Pedal Freio Honda City 2012 Autom\u00e1tico\" \/>\n                              \t\t\t\t\t\t\t  <img  src=\"\" alt=\"Pedal Freio Honda City 2012 Autom\u00e1tico\" title=\"Pedal Freio Honda City 2012 Autom\u00e1tico\" class=\"img-responsive lazy\" \/>\n                              <\/a>\n\t\t\t\t\t\t\t  <div class=\"actions-link\">\t\t\t\t\t\t\t\t\t\n\t\t\t\t\t\t\t\t\t<a class=\"btn-wishlist\" data-toggle=\"tooltip\" title=\"Lista de desejos\" onclick=\"wishlist.add('16368');\"><i class=\"zmdi zmdi-favorite-outline\"><\/i><\/a>\t\t\t\t\t\t\t\t\t\n\t\t\t\t\t\t\t\t\t<a class=\"btn-compare\" data-toggle=\"tooltip\" title=\"Comparar\" onclick=\"compare.add('16368');\"><i class=\"zmdi zmdi-refresh-alt\"><\/i><\/a>\n\t\t\t\t\t\t\t\t<\/div>\n                            <\/div>\n                            <div class=\"product-inner\">\n                              <div class=\"product-caption\">\n\t\t\t\t\t\t\t                                <h2 class=\"product-name\"><a href=\"https:\/\/www.sulcarautopecas.com.br.186-226-60-153.cpanel.site\/outros-produtos\/pedal-freio-honda-city-2012-automatico-16368\">Pedal Freio Honda City 2012 Autom\u00e1tico<\/a><\/h2>\n\t\t\t\t\t\t\t                                     <div class=\"ratings\">\n                                      <div class=\"rating-box\">\n                                                                                        <div class=\"rating0\">rating<\/div>                                                                                                                                                                                                                                                                            <\/div>\n                                  <\/div>\n                              \t\t\t\t\t\t\t                                  <p class=\"price\">\n                                                                    R$125,00                                                                                                    <\/p>\n                                \t\t\t\t\t\t\t \n                              \n\t\t\t\t\t\t\t\t<p class=\"product-des\">*Sulcar Auto Pe\u00e7as Blumenau.\n*Trabalhamos com produtos originais.\n*Foto reais do produto.\n*Calcular frete em mercado envios,caso tenha nos pergunte.\n*Demais D\u00favidas apenas nos pergunte.\n*Ap\u00f3s confirma\u00e7\u00e3o do pagamento enviamos em at\u00e9 1 dia \u00fatil.\n*Entr..<\/p>\n                              <div class=\"product-intro\">\n\t\t\t\t\t\t\t\t<div class=\"actions-link2\">\n\t\t\t\t\t\t\t\t\t<a class=\"btn-cart\" data-toggle=\"tooltip\" title=\"Comprar\" onclick=\"cart.add('16368');\"><span class=\"button\"><i class=\"fa fa-shopping-cart\"><\/i>Comprar<\/span><\/a>\t\t\t\t\t\t\t\t\t\n\t\t\t\t\t\t\t\t\t<a class=\"btn-wishlist\" data-toggle=\"tooltip\" title=\"Lista de desejos\" onclick=\"wishlist.add('16368');\"><i class=\"zmdi zmdi-favorite-outline\"><\/i><\/a>\t\t\t\t\t\t\t\t\t\n\t\t\t\t\t\t\t\t\t<a class=\"btn-compare\" data-toggle=\"tooltip\" title=\"Comparar\" onclick=\"compare.add('16368');\"><i class=\"zmdi zmdi-refresh-alt\"><\/i><\/a>\n\t\t\t\t\t\t\t\t<\/div>\n\t\t\t\t\t\t\t\t<\/div>\n                            <\/div>\n\t\t\t\t\t\t\t<\/div>\n                          <\/div>\n                        <\/div>\n                                            <div class=\"product-layout product-list col-xs-12\">\n                          <div class=\"product-thumb layout1\">\n\t\t\t\t\t\t\t<div class=\"image\">\n                              \t\t\t\t\t\t\t\t                              <a href=\"https:\/\/www.sulcarautopecas.com.br.186-226-60-153.cpanel.site\/outros-produtos\/motor-limpador-traseiro-lifan-x60-2015-32234\">\n                                                              <img  src=\"image\/cache\/no_image-100x100.png\" alt=\"Motor Limpador Traseiro Lifan X60 2015\" \/>\n                              \t\t\t\t\t\t\t  <img  src=\"\" alt=\"Motor Limpador Traseiro Lifan X60 2015\" title=\"Motor Limpador Traseiro Lifan X60 2015\" class=\"img-responsive lazy\" \/>\n                              <\/a>\n\t\t\t\t\t\t\t  <div class=\"actions-link\">\t\t\t\t\t\t\t\t\t\n\t\t\t\t\t\t\t\t\t<a class=\"btn-wishlist\" data-toggle=\"tooltip\" title=\"Lista de desejos\" onclick=\"wishlist.add('32234');\"><i class=\"zmdi zmdi-favorite-outline\"><\/i><\/a>\t\t\t\t\t\t\t\t\t\n\t\t\t\t\t\t\t\t\t<a class=\"btn-compare\" data-toggle=\"tooltip\" title=\"Comparar\" onclick=\"compare.add('32234');\"><i class=\"zmdi zmdi-refresh-alt\"><\/i><\/a>\n\t\t\t\t\t\t\t\t<\/div>\n                            <\/div>\n                            <div class=\"product-inner\">\n                              <div class=\"product-caption\">\n\t\t\t\t\t\t\t                                <h2 class=\"product-name\"><a href=\"https:\/\/www.sulcarautopecas.com.br.186-226-60-153.cpanel.site\/outros-produtos\/motor-limpador-traseiro-lifan-x60-2015-32234\">Motor Limpador Traseiro Lifan X60 2015<\/a><\/h2>\n\t\t\t\t\t\t\t                                     <div class=\"ratings\">\n                                      <div class=\"rating-box\">\n                                                                                        <div class=\"rating0\">rating<\/div>                                                                                                                                                                                                                                                                            <\/div>\n                                  <\/div>\n                              \t\t\t\t\t\t\t                                  <p class=\"price\">\n                                                                    R$150,00                                                                                                    <\/p>\n                                \t\t\t\t\t\t\t \n                              \n\t\t\t\t\t\t\t\t<p class=\"product-des\">*Sulcar Auto Pe\u00e7as Blumenau.\n*Trabalhamos com produtos originais.\n*Foto reais do produto.\n*Calcular frete em mercado envios,caso tenha nos pergunte.\n*Demais D\u00favidas apenas nos pergunte.\n*Ap\u00f3s confirma\u00e7\u00e3o do pagamento enviamos em at\u00e9 1 dia \u00fatil.\n*Entr..<\/p>\n                              <div class=\"product-intro\">\n\t\t\t\t\t\t\t\t<div class=\"actions-link2\">\n\t\t\t\t\t\t\t\t\t<a class=\"btn-cart\" data-toggle=\"tooltip\" title=\"Comprar\" onclick=\"cart.add('32234');\"><span class=\"button\"><i class=\"fa fa-shopping-cart\"><\/i>Comprar<\/span><\/a>\t\t\t\t\t\t\t\t\t\n\t\t\t\t\t\t\t\t\t<a class=\"btn-wishlist\" data-toggle=\"tooltip\" title=\"Lista de desejos\" onclick=\"wishlist.add('32234');\"><i class=\"zmdi zmdi-favorite-outline\"><\/i><\/a>\t\t\t\t\t\t\t\t\t\n\t\t\t\t\t\t\t\t\t<a class=\"btn-compare\" data-toggle=\"tooltip\" title=\"Comparar\" onclick=\"compare.add('32234');\"><i class=\"zmdi zmdi-refresh-alt\"><\/i><\/a>\n\t\t\t\t\t\t\t\t<\/div>\n\t\t\t\t\t\t\t\t<\/div>\n                            <\/div>\n\t\t\t\t\t\t\t<\/div>\n                          <\/div>\n                        <\/div>\n                                            <div class=\"product-layout product-list col-xs-12\">\n                          <div class=\"product-thumb layout1\">\n\t\t\t\t\t\t\t<div class=\"image\">\n                              \t\t\t\t\t\t\t\t                              <a href=\"https:\/\/www.sulcarautopecas.com.br.186-226-60-153.cpanel.site\/outros-produtos\/cano-ar-quente-renault-duster-2023-a3788-28111\">\n                                                              <img  src=\"image\/cache\/no_image-100x100.png\" alt=\"Cano Ar Quente Renault Duster 2023 A3788\" \/>\n                              \t\t\t\t\t\t\t  <img  src=\"\" alt=\"Cano Ar Quente Renault Duster 2023 A3788\" title=\"Cano Ar Quente Renault Duster 2023 A3788\" class=\"img-responsive lazy\" \/>\n                              <\/a>\n\t\t\t\t\t\t\t  <div class=\"actions-link\">\t\t\t\t\t\t\t\t\t\n\t\t\t\t\t\t\t\t\t<a class=\"btn-wishlist\" data-toggle=\"tooltip\" title=\"Lista de desejos\" onclick=\"wishlist.add('28111');\"><i class=\"zmdi zmdi-favorite-outline\"><\/i><\/a>\t\t\t\t\t\t\t\t\t\n\t\t\t\t\t\t\t\t\t<a class=\"btn-compare\" data-toggle=\"tooltip\" title=\"Comparar\" onclick=\"compare.add('28111');\"><i class=\"zmdi zmdi-refresh-alt\"><\/i><\/a>\n\t\t\t\t\t\t\t\t<\/div>\n                            <\/div>\n                            <div class=\"product-inner\">\n                              <div class=\"product-caption\">\n\t\t\t\t\t\t\t                                <h2 class=\"product-name\"><a href=\"https:\/\/www.sulcarautopecas.com.br.186-226-60-153.cpanel.site\/outros-produtos\/cano-ar-quente-renault-duster-2023-a3788-28111\">Cano Ar Quente Renault Duster 2023 A3788<\/a><\/h2>\n\t\t\t\t\t\t\t                                     <div class=\"ratings\">\n                                      <div class=\"rating-box\">\n                                                                                        <div class=\"rating0\">rating<\/div>                                                                                                                                                                                                                                                                            <\/div>\n                                  <\/div>\n                              \t\t\t\t\t\t\t                                  <p class=\"price\">\n                                                                    R$100,00                                                                                                    <\/p>\n                                \t\t\t\t\t\t\t \n                              \n\t\t\t\t\t\t\t\t<p class=\"product-des\">Sulcar Auto Pe\u00e7as Blumenau\nTrabalhamos com produtos originais\nFoto reais do produto\nCalcular frete...no mercado de envios\nDemais d\u00favidas...apenas nos pergunte\nAp\u00f3s confirmar do pagamento enviamos em at\u00e9 1 dia \u00fatil\nEntregamos para todo territ\u00f3rio naci..<\/p>\n                              <div class=\"product-intro\">\n\t\t\t\t\t\t\t\t<div class=\"actions-link2\">\n\t\t\t\t\t\t\t\t\t<a class=\"btn-cart\" data-toggle=\"tooltip\" title=\"Comprar\" onclick=\"cart.add('28111');\"><span class=\"button\"><i class=\"fa fa-shopping-cart\"><\/i>Comprar<\/span><\/a>\t\t\t\t\t\t\t\t\t\n\t\t\t\t\t\t\t\t\t<a class=\"btn-wishlist\" data-toggle=\"tooltip\" title=\"Lista de desejos\" onclick=\"wishlist.add('28111');\"><i class=\"zmdi zmdi-favorite-outline\"><\/i><\/a>\t\t\t\t\t\t\t\t\t\n\t\t\t\t\t\t\t\t\t<a class=\"btn-compare\" data-toggle=\"tooltip\" title=\"Comparar\" onclick=\"compare.add('28111');\"><i class=\"zmdi zmdi-refresh-alt\"><\/i><\/a>\n\t\t\t\t\t\t\t\t<\/div>\n\t\t\t\t\t\t\t\t<\/div>\n                            <\/div>\n\t\t\t\t\t\t\t<\/div>\n                          <\/div>\n                        <\/div>\n                                            <div class=\"product-layout product-list col-xs-12\">\n                          <div class=\"product-thumb layout1\">\n\t\t\t\t\t\t\t<div class=\"image\">\n                              \t\t\t\t\t\t\t\t                              <a href=\"https:\/\/www.sulcarautopecas.com.br.186-226-60-153.cpanel.site\/outros-produtos\/cabo-freio-mao-lado-direito-jac-t40-2018-24201\">\n                                                              <img  src=\"image\/cache\/no_image-100x100.png\" alt=\"Cabo Freio M\u00e3o Lado Direito Jac T40 201...\" \/>\n                              \t\t\t\t\t\t\t  <img  src=\"\" alt=\"Cabo Freio M\u00e3o Lado Direito Jac T40 201...\" title=\"Cabo Freio M\u00e3o Lado Direito Jac T40 201...\" class=\"img-responsive lazy\" \/>\n                              <\/a>\n\t\t\t\t\t\t\t  <div class=\"actions-link\">\t\t\t\t\t\t\t\t\t\n\t\t\t\t\t\t\t\t\t<a class=\"btn-wishlist\" data-toggle=\"tooltip\" title=\"Lista de desejos\" onclick=\"wishlist.add('24201');\"><i class=\"zmdi zmdi-favorite-outline\"><\/i><\/a>\t\t\t\t\t\t\t\t\t\n\t\t\t\t\t\t\t\t\t<a class=\"btn-compare\" data-toggle=\"tooltip\" title=\"Comparar\" onclick=\"compare.add('24201');\"><i class=\"zmdi zmdi-refresh-alt\"><\/i><\/a>\n\t\t\t\t\t\t\t\t<\/div>\n                            <\/div>\n                            <div class=\"product-inner\">\n                              <div class=\"product-caption\">\n\t\t\t\t\t\t\t                                <h2 class=\"product-name\"><a href=\"https:\/\/www.sulcarautopecas.com.br.186-226-60-153.cpanel.site\/outros-produtos\/cabo-freio-mao-lado-direito-jac-t40-2018-24201\">Cabo Freio M\u00e3o Lado Direito Jac T40 201...<\/a><\/h2>\n\t\t\t\t\t\t\t                                     <div class=\"ratings\">\n                                      <div class=\"rating-box\">\n                                                                                        <div class=\"rating0\">rating<\/div>                                                                                                                                                                                                                                                                            <\/div>\n                                  <\/div>\n                              \t\t\t\t\t\t\t                                  <p class=\"price\">\n                                                                    R$200,00                                                                                                    <\/p>\n                                \t\t\t\t\t\t\t \n                              \n\t\t\t\t\t\t\t\t<p class=\"product-des\">Trabalhamos com produtos originais, retirados de ve\u00edculos baixados no Detran, com toda a proced\u00eancia e garantia.\nTodas as nossas fotos s\u00e3o reais do produto.\n\nPara calcular o frete basta aproveitar as vantagens do MERCADO ENVIOS.\nCaso o produto n\u00e3o te..<\/p>\n                              <div class=\"product-intro\">\n\t\t\t\t\t\t\t\t<div class=\"actions-link2\">\n\t\t\t\t\t\t\t\t\t<a class=\"btn-cart\" data-toggle=\"tooltip\" title=\"Comprar\" onclick=\"cart.add('24201');\"><span class=\"button\"><i class=\"fa fa-shopping-cart\"><\/i>Comprar<\/span><\/a>\t\t\t\t\t\t\t\t\t\n\t\t\t\t\t\t\t\t\t<a class=\"btn-wishlist\" data-toggle=\"tooltip\" title=\"Lista de desejos\" onclick=\"wishlist.add('24201');\"><i class=\"zmdi zmdi-favorite-outline\"><\/i><\/a>\t\t\t\t\t\t\t\t\t\n\t\t\t\t\t\t\t\t\t<a class=\"btn-compare\" data-toggle=\"tooltip\" title=\"Comparar\" onclick=\"compare.add('24201');\"><i class=\"zmdi zmdi-refresh-alt\"><\/i><\/a>\n\t\t\t\t\t\t\t\t<\/div>\n\t\t\t\t\t\t\t\t<\/div>\n                            <\/div>\n\t\t\t\t\t\t\t<\/div>\n                          <\/div>\n                        <\/div>\n                                            <div class=\"product-layout product-list col-xs-12\">\n                          <div class=\"product-thumb layout1\">\n\t\t\t\t\t\t\t<div class=\"image\">\n                              \t\t\t\t\t\t\t\t                              <a href=\"https:\/\/www.sulcarautopecas.com.br.186-226-60-153.cpanel.site\/outros-produtos\/valvula-canister-nissan-kicks-advance-2022-original-19049\">\n                                                              <img  src=\"image\/cache\/no_image-100x100.png\" alt=\"V\u00e1lvula Canister Nissan Kicks Advance 2...\" \/>\n                              \t\t\t\t\t\t\t  <img  src=\"\" alt=\"V\u00e1lvula Canister Nissan Kicks Advance 2...\" title=\"V\u00e1lvula Canister Nissan Kicks Advance 2...\" class=\"img-responsive lazy\" \/>\n                              <\/a>\n\t\t\t\t\t\t\t  <div class=\"actions-link\">\t\t\t\t\t\t\t\t\t\n\t\t\t\t\t\t\t\t\t<a class=\"btn-wishlist\" data-toggle=\"tooltip\" title=\"Lista de desejos\" onclick=\"wishlist.add('19049');\"><i class=\"zmdi zmdi-favorite-outline\"><\/i><\/a>\t\t\t\t\t\t\t\t\t\n\t\t\t\t\t\t\t\t\t<a class=\"btn-compare\" data-toggle=\"tooltip\" title=\"Comparar\" onclick=\"compare.add('19049');\"><i class=\"zmdi zmdi-refresh-alt\"><\/i><\/a>\n\t\t\t\t\t\t\t\t<\/div>\n                            <\/div>\n                            <div class=\"product-inner\">\n                              <div class=\"product-caption\">\n\t\t\t\t\t\t\t                                <h2 class=\"product-name\"><a href=\"https:\/\/www.sulcarautopecas.com.br.186-226-60-153.cpanel.site\/outros-produtos\/valvula-canister-nissan-kicks-advance-2022-original-19049\">V\u00e1lvula Canister Nissan Kicks Advance 2...<\/a><\/h2>\n\t\t\t\t\t\t\t                                     <div class=\"ratings\">\n                                      <div class=\"rating-box\">\n                                                                                        <div class=\"rating0\">rating<\/div>                                                                                                                                                                                                                                                                            <\/div>\n                                  <\/div>\n                              \t\t\t\t\t\t\t                                  <p class=\"price\">\n                                                                    R$150,00                                                                                                    <\/p>\n                                \t\t\t\t\t\t\t \n                              \n\t\t\t\t\t\t\t\t<p class=\"product-des\">Sulcar Auto Pe\u00e7as Blumenau\nTrabalhamos com produtos originais \nFoto reais do produto \nCalcular frete...no mercado de envios \nDemais d\u00favidas...apenas nos pergunte \nAp\u00f3s confirmar do pagamento enviamos em at\u00e9 1 dia \u00fatil \nEntregamos para todo territ\u00f3rio..<\/p>\n                              <div class=\"product-intro\">\n\t\t\t\t\t\t\t\t<div class=\"actions-link2\">\n\t\t\t\t\t\t\t\t\t<a class=\"btn-cart\" data-toggle=\"tooltip\" title=\"Comprar\" onclick=\"cart.add('19049');\"><span class=\"button\"><i class=\"fa fa-shopping-cart\"><\/i>Comprar<\/span><\/a>\t\t\t\t\t\t\t\t\t\n\t\t\t\t\t\t\t\t\t<a class=\"btn-wishlist\" data-toggle=\"tooltip\" title=\"Lista de desejos\" onclick=\"wishlist.add('19049');\"><i class=\"zmdi zmdi-favorite-outline\"><\/i><\/a>\t\t\t\t\t\t\t\t\t\n\t\t\t\t\t\t\t\t\t<a class=\"btn-compare\" data-toggle=\"tooltip\" title=\"Comparar\" onclick=\"compare.add('19049');\"><i class=\"zmdi zmdi-refresh-alt\"><\/i><\/a>\n\t\t\t\t\t\t\t\t<\/div>\n\t\t\t\t\t\t\t\t<\/div>\n                            <\/div>\n\t\t\t\t\t\t\t<\/div>\n                          <\/div>\n                        <\/div>\n                                            <div class=\"product-layout product-list col-xs-12\">\n                          <div class=\"product-thumb layout1\">\n\t\t\t\t\t\t\t<div class=\"image\">\n                              \t\t\t\t\t\t\t\t                              <a href=\"https:\/\/www.sulcarautopecas.com.br.186-226-60-153.cpanel.site\/outros-produtos\/pedal-do-acelerador-eletronico-honda-city-2012-11754\">\n                                                              <img  src=\"image\/cache\/no_image-100x100.png\" alt=\"Pedal Do Acelerador Eletr\u00f4nico Honda Ci...\" \/>\n                              \t\t\t\t\t\t\t  <img  src=\"\" alt=\"Pedal Do Acelerador Eletr\u00f4nico Honda Ci...\" title=\"Pedal Do Acelerador Eletr\u00f4nico Honda Ci...\" class=\"img-responsive lazy\" \/>\n                              <\/a>\n\t\t\t\t\t\t\t  <div class=\"actions-link\">\t\t\t\t\t\t\t\t\t\n\t\t\t\t\t\t\t\t\t<a class=\"btn-wishlist\" data-toggle=\"tooltip\" title=\"Lista de desejos\" onclick=\"wishlist.add('11754');\"><i class=\"zmdi zmdi-favorite-outline\"><\/i><\/a>\t\t\t\t\t\t\t\t\t\n\t\t\t\t\t\t\t\t\t<a class=\"btn-compare\" data-toggle=\"tooltip\" title=\"Comparar\" onclick=\"compare.add('11754');\"><i class=\"zmdi zmdi-refresh-alt\"><\/i><\/a>\n\t\t\t\t\t\t\t\t<\/div>\n                            <\/div>\n                            <div class=\"product-inner\">\n                              <div class=\"product-caption\">\n\t\t\t\t\t\t\t                                <h2 class=\"product-name\"><a href=\"https:\/\/www.sulcarautopecas.com.br.186-226-60-153.cpanel.site\/outros-produtos\/pedal-do-acelerador-eletronico-honda-city-2012-11754\">Pedal Do Acelerador Eletr\u00f4nico Honda Ci...<\/a><\/h2>\n\t\t\t\t\t\t\t                                     <div class=\"ratings\">\n                                      <div class=\"rating-box\">\n                                                                                        <div class=\"rating0\">rating<\/div>                                                                                                                                                                                                                                                                            <\/div>\n                                  <\/div>\n                              \t\t\t\t\t\t\t                                  <p class=\"price\">\n                                                                    R$130,00                                                                                                    <\/p>\n                                \t\t\t\t\t\t\t \n                              \n\t\t\t\t\t\t\t\t<p class=\"product-des\">..<\/p>\n                              <div class=\"product-intro\">\n\t\t\t\t\t\t\t\t<div class=\"actions-link2\">\n\t\t\t\t\t\t\t\t\t<a class=\"btn-cart\" data-toggle=\"tooltip\" title=\"Comprar\" onclick=\"cart.add('11754');\"><span class=\"button\"><i class=\"fa fa-shopping-cart\"><\/i>Comprar<\/span><\/a>\t\t\t\t\t\t\t\t\t\n\t\t\t\t\t\t\t\t\t<a class=\"btn-wishlist\" data-toggle=\"tooltip\" title=\"Lista de desejos\" onclick=\"wishlist.add('11754');\"><i class=\"zmdi zmdi-favorite-outline\"><\/i><\/a>\t\t\t\t\t\t\t\t\t\n\t\t\t\t\t\t\t\t\t<a class=\"btn-compare\" data-toggle=\"tooltip\" title=\"Comparar\" onclick=\"compare.add('11754');\"><i class=\"zmdi zmdi-refresh-alt\"><\/i><\/a>\n\t\t\t\t\t\t\t\t<\/div>\n\t\t\t\t\t\t\t\t<\/div>\n                            <\/div>\n\t\t\t\t\t\t\t<\/div>\n                          <\/div>\n                        <\/div>\n                                            <div class=\"product-layout product-list col-xs-12\">\n                          <div class=\"product-thumb layout1\">\n\t\t\t\t\t\t\t<div class=\"image\">\n                              \t\t\t\t\t\t\t\t                              <a href=\"https:\/\/www.sulcarautopecas.com.br.186-226-60-153.cpanel.site\/outros-produtos\/parafuso-trava-macaco-renault-duster-1-3-turbo-2024-33821\">\n                                                              <img  src=\"image\/cache\/no_image-100x100.png\" alt=\"Parafuso Trava Macaco Renault Duster 1.3...\" \/>\n                              \t\t\t\t\t\t\t  <img  src=\"\" alt=\"Parafuso Trava Macaco Renault Duster 1.3...\" title=\"Parafuso Trava Macaco Renault Duster 1.3...\" class=\"img-responsive lazy\" \/>\n                              <\/a>\n\t\t\t\t\t\t\t  <div class=\"actions-link\">\t\t\t\t\t\t\t\t\t\n\t\t\t\t\t\t\t\t\t<a class=\"btn-wishlist\" data-toggle=\"tooltip\" title=\"Lista de desejos\" onclick=\"wishlist.add('33821');\"><i class=\"zmdi zmdi-favorite-outline\"><\/i><\/a>\t\t\t\t\t\t\t\t\t\n\t\t\t\t\t\t\t\t\t<a class=\"btn-compare\" data-toggle=\"tooltip\" title=\"Comparar\" onclick=\"compare.add('33821');\"><i class=\"zmdi zmdi-refresh-alt\"><\/i><\/a>\n\t\t\t\t\t\t\t\t<\/div>\n                            <\/div>\n                            <div class=\"product-inner\">\n                              <div class=\"product-caption\">\n\t\t\t\t\t\t\t                                <h2 class=\"product-name\"><a href=\"https:\/\/www.sulcarautopecas.com.br.186-226-60-153.cpanel.site\/outros-produtos\/parafuso-trava-macaco-renault-duster-1-3-turbo-2024-33821\">Parafuso Trava Macaco Renault Duster 1.3...<\/a><\/h2>\n\t\t\t\t\t\t\t                                     <div class=\"ratings\">\n                                      <div class=\"rating-box\">\n                                                                                        <div class=\"rating0\">rating<\/div>                                                                                                                                                                                                                                                                            <\/div>\n                                  <\/div>\n                              \t\t\t\t\t\t\t                                  <p class=\"price\">\n                                                                    R$50,00                                                                                                    <\/p>\n                                \t\t\t\t\t\t\t \n                              \n\t\t\t\t\t\t\t\t<p class=\"product-des\">*Sulcar Auto Pe\u00e7as Blumenau.\n*Trabalhamos com produtos originais.\n*Foto reais do produto.\n*Calcular frete em mercado envios,caso tenha nos pergunte.\n*Demais D\u00favidas apenas nos pergunte.\n*Ap\u00f3s confirma\u00e7\u00e3o do pagamento enviamos em at\u00e9 1 dia \u00fatil.\n*Entr..<\/p>\n                              <div class=\"product-intro\">\n\t\t\t\t\t\t\t\t<div class=\"actions-link2\">\n\t\t\t\t\t\t\t\t\t<a class=\"btn-cart\" data-toggle=\"tooltip\" title=\"Comprar\" onclick=\"cart.add('33821');\"><span class=\"button\"><i class=\"fa fa-shopping-cart\"><\/i>Comprar<\/span><\/a>\t\t\t\t\t\t\t\t\t\n\t\t\t\t\t\t\t\t\t<a class=\"btn-wishlist\" data-toggle=\"tooltip\" title=\"Lista de desejos\" onclick=\"wishlist.add('33821');\"><i class=\"zmdi zmdi-favorite-outline\"><\/i><\/a>\t\t\t\t\t\t\t\t\t\n\t\t\t\t\t\t\t\t\t<a class=\"btn-compare\" data-toggle=\"tooltip\" title=\"Comparar\" onclick=\"compare.add('33821');\"><i class=\"zmdi zmdi-refresh-alt\"><\/i><\/a>\n\t\t\t\t\t\t\t\t<\/div>\n\t\t\t\t\t\t\t\t<\/div>\n                            <\/div>\n\t\t\t\t\t\t\t<\/div>\n                          <\/div>\n                        <\/div>\n                                    <\/div>\n                <\/div>\n                <div class=\"row toolbar4\">\n                    <div class=\"col-sm-6\"><ul class=\"pagination\"><li><a href=\"https:\/\/www.sulcarautopecas.com.br.186-226-60-153.cpanel.site\/index.php?route=product\/category&path=164\">|&lt;<\/a><\/li><li><a href=\"https:\/\/www.sulcarautopecas.com.br.186-226-60-153.cpanel.site\/index.php?route=product\/category&path=164&amp;page=42\">&lt;<\/a><\/li><li><a href=\"https:\/\/www.sulcarautopecas.com.br.186-226-60-153.cpanel.site\/index.php?route=product\/category&path=164&amp;page=39\">39<\/a><\/li><li><a href=\"https:\/\/www.sulcarautopecas.com.br.186-226-60-153.cpanel.site\/index.php?route=product\/category&path=164&amp;page=40\">40<\/a><\/li><li><a href=\"https:\/\/www.sulcarautopecas.com.br.186-226-60-153.cpanel.site\/index.php?route=product\/category&path=164&amp;page=41\">41<\/a><\/li><li><a href=\"https:\/\/www.sulcarautopecas.com.br.186-226-60-153.cpanel.site\/index.php?route=product\/category&path=164&amp;page=42\">42<\/a><\/li><li class=\"active\"><span>43<\/span><\/li><li><a href=\"https:\/\/www.sulcarautopecas.com.br.186-226-60-153.cpanel.site\/index.php?route=product\/category&path=164&amp;page=44\">44<\/a><\/li><li><a href=\"https:\/\/www.sulcarautopecas.com.br.186-226-60-153.cpanel.site\/index.php?route=product\/category&path=164&amp;page=45\">45<\/a><\/li><li><a href=\"https:\/\/www.sulcarautopecas.com.br.186-226-60-153.cpanel.site\/index.php?route=product\/category&path=164&amp;page=46\">46<\/a><\/li><li><a href=\"https:\/\/www.sulcarautopecas.com.br.186-226-60-153.cpanel.site\/index.php?route=product\/category&path=164&amp;page=47\">47<\/a><\/li><li><a href=\"https:\/\/www.sulcarautopecas.com.br.186-226-60-153.cpanel.site\/index.php?route=product\/category&path=164&amp;page=44\">&gt;<\/a><\/li><li><a href=\"https:\/\/www.sulcarautopecas.com.br.186-226-60-153.cpanel.site\/index.php?route=product\/category&path=164&amp;page=58\">&gt;|<\/a><\/li><\/ul><\/div>\n                    <div class=\"col-sm-6 text-right\">Exibindo de 2521 a 2580 do total de 3460 (58 p\u00e1ginas)<\/div>\n                <\/div>\n                <script type=\"text\/javascript\">\n    \/\/ Product List\n\t$('#list-view').click(function() {\n\t\t$(this).addClass('selected');\n\t\t$('#grid-view').removeClass('selected');\n\t\t$('#content .product-grid > .clearfix').remove();\n\n\t\t\/\/$('#content .product-layout').attr('class', 'product-layout product-list col-xs-12');\n\t\t$('#content .product-layout').attr('class', 'product-layout product-list col-xs-12');\n\t\t\n\t\t$('#content .product-list .product-inner').addClass('col-xs-8');\n\t\t$('#content .product-list .image').addClass('col-xs-4');\n\n\t\tlocalStorage.setItem('display', 'list');\n\t});\n    \n\t\/\/ Product Grid\n\t$('#grid-view').click(function() {\n\t\t$(this).addClass('selected');\n\t\t$('#list-view').removeClass('selected');\n\t\t\/\/ What a shame bootstrap does not take into account dynamically loaded columns\n\t\tcols = $('#column-right, #column-left').length;\n\n\t\tif (cols == 2) {\n\t\t\t$('#content .product-layout').attr('class', 'product-layout product-grid col-md-6 col-sm-6 col-xs-6 two-items');\n\t\t} else if (cols == 1) {\n\t\t\t$('#content .product-layout').attr('class', 'product-layout product-grid col-md-4 col-sm-6 col-xs-6 three-items');\n\t\t} else {\n\t\t\t$('#content .product-layout').attr('class', 'product-layout product-grid col-md-3 col-sm-6 col-xs-6 four-items');\n\t\t}\n\t\t$('#content .product-grid .product-inner').removeClass('col-xs-8');\n\t\t$('#content .product-grid .image').removeClass('col-xs-4');\n\t\t\n\n\t\tlocalStorage.setItem('display', 'grid');\n\t});\n\n\tif (localStorage.getItem('display') == 'list') {\n\t\t\n\t\t$('#list-view').trigger('click');\n\t} else {\n\t\t$('#grid-view').trigger('click');\n\t}\n<\/script>","filter_action":"https:\/\/www.sulcarautopecas.com.br.186-226-60-153.cpanel.site\/index.php?route=extension\/module\/oclayerednavigation\/category&path=164","price_action":"https:\/\/www.sulcarautopecas.com.br.186-226-60-153.cpanel.site\/index.php?route=extension\/module\/oclayerednavigation\/category&path=164","layered_html":"<div class=\"list-group\">\n            <div class=\"filter-attribute-container filter-attribute-remove-container\">\n                                                            <\/div>\n            <div class=\"filter-attribute-container filter-price\">\n                <label>PRE\u00c7O<\/label>\n                <div class=\"list-group-item\">\n                    <div class=\"filter-price\">\n                        <div id=\"slider-price\"><\/div>\n                        <div class=\"slider-values\">\n                            <span>R$<\/span>\n                            <input id=\"price-from\" disabled=\"disabled\" class=\"input-price\" type=\"text\" value=\"50\" placeholder=\"Min\" name=\"price-from\"\/> -\n                            <span>R$<\/span>\n                            <input id=\"price-to\" disabled=\"disabled\" class=\"input-price\" type=\"text\" value=\"2000\" placeholder=\"Max\" name=\"price-to\" \/>\n                        <\/div>\n                    <\/div>\n                <\/div>\n            <\/div>\n                    <\/div>\n"}