{"result_html":"                <div><a href=\"https:\/\/www.sulcarautopecas.com.br.186-226-60-153.cpanel.site\/index.php?route=product\/compare\" id=\"compare-total\">Produtos para comparar (0)<\/a><\/div>\n                <div class=\"toolbar\">\n\t\t\t\t\t<div class=\"col-md-2 toolbar3 pull-left\">\n                        <div class=\"btn-group\">\n                            <button type=\"button\" id=\"list-view\" class=\"btn btn-default\"><i class=\"fa fa-th-list\"><\/i><\/button>\n                            <button type=\"button\" id=\"grid-view\" class=\"btn btn-default\"><i class=\"fa fa-th\"><\/i><\/button>\n                        <\/div>\n                    <\/div>\n                    <div class=\"col-md-2 toolbar1 pull-right\">\n                        <select id=\"input-sort\" class=\"form-control\" onchange=\"oclayerednavigationajax.filter(this.value)\">\n                                                                                    <option value=\"https:\/\/www.sulcarautopecas.com.br.186-226-60-153.cpanel.site\/index.php?route=extension\/module\/oclayerednavigation\/category&path=45&sort=p.sort_order&order=ASC\" selected=\"selected\">Organizar por:&nbsp;Padr\u00e3o<\/option>\n                                                                                                                <option value=\"https:\/\/www.sulcarautopecas.com.br.186-226-60-153.cpanel.site\/index.php?route=extension\/module\/oclayerednavigation\/category&path=45&sort=pd.name&order=ASC\">Organizar por:&nbsp;Nome (A - Z)<\/option>\n                                                                                                                <option value=\"https:\/\/www.sulcarautopecas.com.br.186-226-60-153.cpanel.site\/index.php?route=extension\/module\/oclayerednavigation\/category&path=45&sort=pd.name&order=DESC\">Organizar por:&nbsp;Nome (Z - A)<\/option>\n                                                                                                                <option value=\"https:\/\/www.sulcarautopecas.com.br.186-226-60-153.cpanel.site\/index.php?route=extension\/module\/oclayerednavigation\/category&path=45&sort=p.price&order=ASC\">Organizar por:&nbsp;Pre\u00e7o (menor &gt; maior)<\/option>\n                                                                                                                <option value=\"https:\/\/www.sulcarautopecas.com.br.186-226-60-153.cpanel.site\/index.php?route=extension\/module\/oclayerednavigation\/category&path=45&sort=p.price&order=DESC\">Organizar por:&nbsp;Pre\u00e7o (maior &gt; menor)<\/option>\n                                                                                                                <option value=\"https:\/\/www.sulcarautopecas.com.br.186-226-60-153.cpanel.site\/index.php?route=extension\/module\/oclayerednavigation\/category&path=45&sort=rating&order=DESC\">Organizar por:&nbsp;Avalia\u00e7\u00e3o (maior)<\/option>\n                                                                                                                <option value=\"https:\/\/www.sulcarautopecas.com.br.186-226-60-153.cpanel.site\/index.php?route=extension\/module\/oclayerednavigation\/category&path=45&sort=rating&order=ASC\">Organizar por:&nbsp;Avalia\u00e7\u00e3o (menor)<\/option>\n                                                                                                                <option value=\"https:\/\/www.sulcarautopecas.com.br.186-226-60-153.cpanel.site\/index.php?route=extension\/module\/oclayerednavigation\/category&path=45&sort=p.model&order=ASC\">Organizar por:&nbsp;Modelo (A - Z)<\/option>\n                                                                                                                <option value=\"https:\/\/www.sulcarautopecas.com.br.186-226-60-153.cpanel.site\/index.php?route=extension\/module\/oclayerednavigation\/category&path=45&sort=p.model&order=DESC\">Organizar por:&nbsp;Modelo (Z - A)<\/option>\n                                                                                <\/select>\n                    <\/div>\n                    <div class=\"col-md-2 toolbar2 pull-right\">\n                        <select id=\"input-limit\" class=\"form-control\" onchange=\"oclayerednavigationajax.filter(this.value)\">\n                                                                                    <option value=\"https:\/\/www.sulcarautopecas.com.br.186-226-60-153.cpanel.site\/index.php?route=extension\/module\/oclayerednavigation\/category&path=45&limit=25\">Exibir:&nbsp;25<\/option>\n                                                                                                                <option value=\"https:\/\/www.sulcarautopecas.com.br.186-226-60-153.cpanel.site\/index.php?route=extension\/module\/oclayerednavigation\/category&path=45&limit=50\">Exibir:&nbsp;50<\/option>\n                                                                                                                <option value=\"https:\/\/www.sulcarautopecas.com.br.186-226-60-153.cpanel.site\/index.php?route=extension\/module\/oclayerednavigation\/category&path=45&limit=60\" selected=\"selected\">Exibir:&nbsp;60<\/option>\n                                                                                                                <option value=\"https:\/\/www.sulcarautopecas.com.br.186-226-60-153.cpanel.site\/index.php?route=extension\/module\/oclayerednavigation\/category&path=45&limit=75\">Exibir:&nbsp;75<\/option>\n                                                                                                                <option value=\"https:\/\/www.sulcarautopecas.com.br.186-226-60-153.cpanel.site\/index.php?route=extension\/module\/oclayerednavigation\/category&path=45&limit=100\">Exibir:&nbsp;100<\/option>\n                                                                                <\/select>\n                    <\/div>\n                <\/div>\n                <div class=\"custom-products qv-wtext\">\n                    <div>\n                                            <div class=\"product-layout product-list col-xs-12\">\n                          <div class=\"product-thumb layout1\">\n\t\t\t\t\t\t\t<div class=\"image\">\n                              \t\t\t\t\t\t\t\t                              <a href=\"https:\/\/www.sulcarautopecas.com.br.186-226-60-153.cpanel.site\/lataria-e-carroceria\/borrcha-porta-tras-esquerda-jac-t6-2018-a4689-28995\">\n                                                              <img  src=\"image\/cache\/no_image-100x100.png\" alt=\"Borrcha Porta Tras Esquerda Jac T6 2018 ...\" \/>\n                              \t\t\t\t\t\t\t  <img  src=\"\" alt=\"Borrcha Porta Tras Esquerda Jac T6 2018 ...\" title=\"Borrcha Porta Tras Esquerda Jac T6 2018 ...\" class=\"img-responsive lazy\" \/>\n                              <\/a>\n\t\t\t\t\t\t\t  <div class=\"actions-link\">\t\t\t\t\t\t\t\t\t\n\t\t\t\t\t\t\t\t\t<a class=\"btn-wishlist\" data-toggle=\"tooltip\" title=\"Lista de desejos\" onclick=\"wishlist.add('28995');\"><i class=\"zmdi zmdi-favorite-outline\"><\/i><\/a>\t\t\t\t\t\t\t\t\t\n\t\t\t\t\t\t\t\t\t<a class=\"btn-compare\" data-toggle=\"tooltip\" title=\"Comparar\" onclick=\"compare.add('28995');\"><i class=\"zmdi zmdi-refresh-alt\"><\/i><\/a>\n\t\t\t\t\t\t\t\t<\/div>\n                            <\/div>\n                            <div class=\"product-inner\">\n                              <div class=\"product-caption\">\n\t\t\t\t\t\t\t                                <h2 class=\"product-name\"><a href=\"https:\/\/www.sulcarautopecas.com.br.186-226-60-153.cpanel.site\/lataria-e-carroceria\/borrcha-porta-tras-esquerda-jac-t6-2018-a4689-28995\">Borrcha Porta Tras Esquerda Jac T6 2018 ...<\/a><\/h2>\n\t\t\t\t\t\t\t                                     <div class=\"ratings\">\n                                      <div class=\"rating-box\">\n                                                                                        <div class=\"rating0\">rating<\/div>                                                                                                                                                                                                                                                                            <\/div>\n                                  <\/div>\n                              \t\t\t\t\t\t\t                                  <p class=\"price\">\n                                                                    R$100,00                                                                                                    <\/p>\n                                \t\t\t\t\t\t\t \n                              \n\t\t\t\t\t\t\t\t<p class=\"product-des\">Sulcar Auto Pe\u00e7as Blumenau\nTrabalhamos com produtos originais\nFoto reais do produto\nCalcular frete...no mercado de envios\nDemais d\u00favidas...apenas nos pergunte\nAp\u00f3s confirmar do pagamento enviamos em at\u00e9 1 dia \u00fatil\nEntregamos para todo territ\u00f3rio naci..<\/p>\n                              <div class=\"product-intro\">\n\t\t\t\t\t\t\t\t<div class=\"actions-link2\">\n\t\t\t\t\t\t\t\t\t<a class=\"btn-cart\" data-toggle=\"tooltip\" title=\"Comprar\" onclick=\"cart.add('28995');\"><span class=\"button\"><i class=\"fa fa-shopping-cart\"><\/i>Comprar<\/span><\/a>\t\t\t\t\t\t\t\t\t\n\t\t\t\t\t\t\t\t\t<a class=\"btn-wishlist\" data-toggle=\"tooltip\" title=\"Lista de desejos\" onclick=\"wishlist.add('28995');\"><i class=\"zmdi zmdi-favorite-outline\"><\/i><\/a>\t\t\t\t\t\t\t\t\t\n\t\t\t\t\t\t\t\t\t<a class=\"btn-compare\" data-toggle=\"tooltip\" title=\"Comparar\" onclick=\"compare.add('28995');\"><i class=\"zmdi zmdi-refresh-alt\"><\/i><\/a>\n\t\t\t\t\t\t\t\t<\/div>\n\t\t\t\t\t\t\t\t<\/div>\n                            <\/div>\n\t\t\t\t\t\t\t<\/div>\n                          <\/div>\n                        <\/div>\n                                            <div class=\"product-layout product-list col-xs-12\">\n                          <div class=\"product-thumb layout1\">\n\t\t\t\t\t\t\t<div class=\"image\">\n                              \t\t\t\t\t\t\t\t                              <a href=\"https:\/\/www.sulcarautopecas.com.br.186-226-60-153.cpanel.site\/lataria-e-carroceria\/dobradica-porta-traseira-esquerda-honda-wr-v-2021-22984\">\n                                                              <img  src=\"image\/cache\/no_image-100x100.png\" alt=\"Dobradi\u00e7a Porta Traseira Esquerda Honda...\" \/>\n                              \t\t\t\t\t\t\t  <img  src=\"\" alt=\"Dobradi\u00e7a Porta Traseira Esquerda Honda...\" title=\"Dobradi\u00e7a Porta Traseira Esquerda Honda...\" class=\"img-responsive lazy\" \/>\n                              <\/a>\n\t\t\t\t\t\t\t  <div class=\"actions-link\">\t\t\t\t\t\t\t\t\t\n\t\t\t\t\t\t\t\t\t<a class=\"btn-wishlist\" data-toggle=\"tooltip\" title=\"Lista de desejos\" onclick=\"wishlist.add('22984');\"><i class=\"zmdi zmdi-favorite-outline\"><\/i><\/a>\t\t\t\t\t\t\t\t\t\n\t\t\t\t\t\t\t\t\t<a class=\"btn-compare\" data-toggle=\"tooltip\" title=\"Comparar\" onclick=\"compare.add('22984');\"><i class=\"zmdi zmdi-refresh-alt\"><\/i><\/a>\n\t\t\t\t\t\t\t\t<\/div>\n                            <\/div>\n                            <div class=\"product-inner\">\n                              <div class=\"product-caption\">\n\t\t\t\t\t\t\t                                <h2 class=\"product-name\"><a href=\"https:\/\/www.sulcarautopecas.com.br.186-226-60-153.cpanel.site\/lataria-e-carroceria\/dobradica-porta-traseira-esquerda-honda-wr-v-2021-22984\">Dobradi\u00e7a Porta Traseira Esquerda Honda...<\/a><\/h2>\n\t\t\t\t\t\t\t                                     <div class=\"ratings\">\n                                      <div class=\"rating-box\">\n                                                                                        <div class=\"rating0\">rating<\/div>                                                                                                                                                                                                                                                                            <\/div>\n                                  <\/div>\n                              \t\t\t\t\t\t\t                                  <p class=\"price\">\n                                                                    R$70,00                                                                                                    <\/p>\n                                \t\t\t\t\t\t\t \n                              \n\t\t\t\t\t\t\t\t<p class=\"product-des\">Trabalhamos com produtos originais, retirados de ve\u00edculos baixados no Detran, com total proced\u00eancia e garantia.\nTodas as nossas fotos s\u00e3o reais do produto.\n\nPara calcular o frente basta aproveitar as vantagens do MERCADO ENVIOS.\nCaso o produto n\u00e3o te..<\/p>\n                              <div class=\"product-intro\">\n\t\t\t\t\t\t\t\t<div class=\"actions-link2\">\n\t\t\t\t\t\t\t\t\t<a class=\"btn-cart\" data-toggle=\"tooltip\" title=\"Comprar\" onclick=\"cart.add('22984');\"><span class=\"button\"><i class=\"fa fa-shopping-cart\"><\/i>Comprar<\/span><\/a>\t\t\t\t\t\t\t\t\t\n\t\t\t\t\t\t\t\t\t<a class=\"btn-wishlist\" data-toggle=\"tooltip\" title=\"Lista de desejos\" onclick=\"wishlist.add('22984');\"><i class=\"zmdi zmdi-favorite-outline\"><\/i><\/a>\t\t\t\t\t\t\t\t\t\n\t\t\t\t\t\t\t\t\t<a class=\"btn-compare\" data-toggle=\"tooltip\" title=\"Comparar\" onclick=\"compare.add('22984');\"><i class=\"zmdi zmdi-refresh-alt\"><\/i><\/a>\n\t\t\t\t\t\t\t\t<\/div>\n\t\t\t\t\t\t\t\t<\/div>\n                            <\/div>\n\t\t\t\t\t\t\t<\/div>\n                          <\/div>\n                        <\/div>\n                                            <div class=\"product-layout product-list col-xs-12\">\n                          <div class=\"product-thumb layout1\">\n\t\t\t\t\t\t\t<div class=\"image\">\n                              \t\t\t\t\t\t\t\t                              <a href=\"https:\/\/www.sulcarautopecas.com.br.186-226-60-153.cpanel.site\/lataria-e-carroceria\/botao-vidro-eletrico-traseiro-citroen-c3-2008-original-16851\">\n                                                              <img  src=\"image\/cache\/no_image-100x100.png\" alt=\"Bot\u00e3o Vidro El\u00e9trico Traseiro Citr\u00f6en...\" \/>\n                              \t\t\t\t\t\t\t  <img  src=\"\" alt=\"Bot\u00e3o Vidro El\u00e9trico Traseiro Citr\u00f6en...\" title=\"Bot\u00e3o Vidro El\u00e9trico Traseiro Citr\u00f6en...\" class=\"img-responsive lazy\" \/>\n                              <\/a>\n\t\t\t\t\t\t\t  <div class=\"actions-link\">\t\t\t\t\t\t\t\t\t\n\t\t\t\t\t\t\t\t\t<a class=\"btn-wishlist\" data-toggle=\"tooltip\" title=\"Lista de desejos\" onclick=\"wishlist.add('16851');\"><i class=\"zmdi zmdi-favorite-outline\"><\/i><\/a>\t\t\t\t\t\t\t\t\t\n\t\t\t\t\t\t\t\t\t<a class=\"btn-compare\" data-toggle=\"tooltip\" title=\"Comparar\" onclick=\"compare.add('16851');\"><i class=\"zmdi zmdi-refresh-alt\"><\/i><\/a>\n\t\t\t\t\t\t\t\t<\/div>\n                            <\/div>\n                            <div class=\"product-inner\">\n                              <div class=\"product-caption\">\n\t\t\t\t\t\t\t                                <h2 class=\"product-name\"><a href=\"https:\/\/www.sulcarautopecas.com.br.186-226-60-153.cpanel.site\/lataria-e-carroceria\/botao-vidro-eletrico-traseiro-citroen-c3-2008-original-16851\">Bot\u00e3o Vidro El\u00e9trico Traseiro Citr\u00f6en...<\/a><\/h2>\n\t\t\t\t\t\t\t                                     <div class=\"ratings\">\n                                      <div class=\"rating-box\">\n                                                                                        <div class=\"rating0\">rating<\/div>                                                                                                                                                                                                                                                                            <\/div>\n                                  <\/div>\n                              \t\t\t\t\t\t\t                                  <p class=\"price\">\n                                                                    R$70,00                                                                                                    <\/p>\n                                \t\t\t\t\t\t\t \n                              \n\t\t\t\t\t\t\t\t<p class=\"product-des\">*Sulcar Auto Pe\u00e7as Blumenau.\n*Trabalhamos com produtos originais.\n*Foto reais do produto.\n*Calcular frete em mercado envios,caso tenha nos pergunte.\n*Demais D\u00favidas apenas nos pergunte.\n*Ap\u00f3s confirma\u00e7\u00e3o do pagamento enviamos em at\u00e9 1 dia \u00fatil.\n*Entr..<\/p>\n                              <div class=\"product-intro\">\n\t\t\t\t\t\t\t\t<div class=\"actions-link2\">\n\t\t\t\t\t\t\t\t\t<a class=\"btn-cart\" data-toggle=\"tooltip\" title=\"Comprar\" onclick=\"cart.add('16851');\"><span class=\"button\"><i class=\"fa fa-shopping-cart\"><\/i>Comprar<\/span><\/a>\t\t\t\t\t\t\t\t\t\n\t\t\t\t\t\t\t\t\t<a class=\"btn-wishlist\" data-toggle=\"tooltip\" title=\"Lista de desejos\" onclick=\"wishlist.add('16851');\"><i class=\"zmdi zmdi-favorite-outline\"><\/i><\/a>\t\t\t\t\t\t\t\t\t\n\t\t\t\t\t\t\t\t\t<a class=\"btn-compare\" data-toggle=\"tooltip\" title=\"Comparar\" onclick=\"compare.add('16851');\"><i class=\"zmdi zmdi-refresh-alt\"><\/i><\/a>\n\t\t\t\t\t\t\t\t<\/div>\n\t\t\t\t\t\t\t\t<\/div>\n                            <\/div>\n\t\t\t\t\t\t\t<\/div>\n                          <\/div>\n                        <\/div>\n                                            <div class=\"product-layout product-list col-xs-12\">\n                          <div class=\"product-thumb layout1\">\n\t\t\t\t\t\t\t<div class=\"image\">\n                              \t\t\t\t\t\t\t\t                              <a href=\"https:\/\/www.sulcarautopecas.com.br.186-226-60-153.cpanel.site\/lataria-e-carroceria\/kit-batente-tampa-traseira-jac-t5-2018-33337\">\n                                                              <img  src=\"image\/cache\/no_image-100x100.png\" alt=\"Kit Batente Tampa Traseira Jac T5 2018\" \/>\n                              \t\t\t\t\t\t\t  <img  src=\"\" alt=\"Kit Batente Tampa Traseira Jac T5 2018\" title=\"Kit Batente Tampa Traseira Jac T5 2018\" class=\"img-responsive lazy\" \/>\n                              <\/a>\n\t\t\t\t\t\t\t  <div class=\"actions-link\">\t\t\t\t\t\t\t\t\t\n\t\t\t\t\t\t\t\t\t<a class=\"btn-wishlist\" data-toggle=\"tooltip\" title=\"Lista de desejos\" onclick=\"wishlist.add('33337');\"><i class=\"zmdi zmdi-favorite-outline\"><\/i><\/a>\t\t\t\t\t\t\t\t\t\n\t\t\t\t\t\t\t\t\t<a class=\"btn-compare\" data-toggle=\"tooltip\" title=\"Comparar\" onclick=\"compare.add('33337');\"><i class=\"zmdi zmdi-refresh-alt\"><\/i><\/a>\n\t\t\t\t\t\t\t\t<\/div>\n                            <\/div>\n                            <div class=\"product-inner\">\n                              <div class=\"product-caption\">\n\t\t\t\t\t\t\t                                <h2 class=\"product-name\"><a href=\"https:\/\/www.sulcarautopecas.com.br.186-226-60-153.cpanel.site\/lataria-e-carroceria\/kit-batente-tampa-traseira-jac-t5-2018-33337\">Kit Batente Tampa Traseira Jac T5 2018<\/a><\/h2>\n\t\t\t\t\t\t\t                                     <div class=\"ratings\">\n                                      <div class=\"rating-box\">\n                                                                                        <div class=\"rating0\">rating<\/div>                                                                                                                                                                                                                                                                            <\/div>\n                                  <\/div>\n                              \t\t\t\t\t\t\t                                  <p class=\"price\">\n                                                                    R$70,00                                                                                                    <\/p>\n                                \t\t\t\t\t\t\t \n                              \n\t\t\t\t\t\t\t\t<p class=\"product-des\">*Sulcar Auto Pe\u00e7as Blumenau.\n*Trabalhamos com produtos originais.\n*Foto reais do produto.\n*Calcular frete em mercado envios,caso tenha nos pergunte.\n*Demais D\u00favidas apenas nos pergunte.\n*Ap\u00f3s confirma\u00e7\u00e3o do pagamento enviamos em at\u00e9 1 dia \u00fatil.\n*Entr..<\/p>\n                              <div class=\"product-intro\">\n\t\t\t\t\t\t\t\t<div class=\"actions-link2\">\n\t\t\t\t\t\t\t\t\t<a class=\"btn-cart\" data-toggle=\"tooltip\" title=\"Comprar\" onclick=\"cart.add('33337');\"><span class=\"button\"><i class=\"fa fa-shopping-cart\"><\/i>Comprar<\/span><\/a>\t\t\t\t\t\t\t\t\t\n\t\t\t\t\t\t\t\t\t<a class=\"btn-wishlist\" data-toggle=\"tooltip\" title=\"Lista de desejos\" onclick=\"wishlist.add('33337');\"><i class=\"zmdi zmdi-favorite-outline\"><\/i><\/a>\t\t\t\t\t\t\t\t\t\n\t\t\t\t\t\t\t\t\t<a class=\"btn-compare\" data-toggle=\"tooltip\" title=\"Comparar\" onclick=\"compare.add('33337');\"><i class=\"zmdi zmdi-refresh-alt\"><\/i><\/a>\n\t\t\t\t\t\t\t\t<\/div>\n\t\t\t\t\t\t\t\t<\/div>\n                            <\/div>\n\t\t\t\t\t\t\t<\/div>\n                          <\/div>\n                        <\/div>\n                                            <div class=\"product-layout product-list col-xs-12\">\n                          <div class=\"product-thumb layout1\">\n\t\t\t\t\t\t\t<div class=\"image\">\n                              \t\t\t\t\t\t\t\t                              <a href=\"https:\/\/www.sulcarautopecas.com.br.186-226-60-153.cpanel.site\/lataria-e-carroceria\/vidro-porta-traseira-esq-renault-captur-2021-a5839-30415\">\n                                                              <img  src=\"image\/cache\/no_image-100x100.png\" alt=\"Vidro Porta Traseira Esq Renault Captur ...\" \/>\n                              \t\t\t\t\t\t\t  <img  src=\"\" alt=\"Vidro Porta Traseira Esq Renault Captur ...\" title=\"Vidro Porta Traseira Esq Renault Captur ...\" class=\"img-responsive lazy\" \/>\n                              <\/a>\n\t\t\t\t\t\t\t  <div class=\"actions-link\">\t\t\t\t\t\t\t\t\t\n\t\t\t\t\t\t\t\t\t<a class=\"btn-wishlist\" data-toggle=\"tooltip\" title=\"Lista de desejos\" onclick=\"wishlist.add('30415');\"><i class=\"zmdi zmdi-favorite-outline\"><\/i><\/a>\t\t\t\t\t\t\t\t\t\n\t\t\t\t\t\t\t\t\t<a class=\"btn-compare\" data-toggle=\"tooltip\" title=\"Comparar\" onclick=\"compare.add('30415');\"><i class=\"zmdi zmdi-refresh-alt\"><\/i><\/a>\n\t\t\t\t\t\t\t\t<\/div>\n                            <\/div>\n                            <div class=\"product-inner\">\n                              <div class=\"product-caption\">\n\t\t\t\t\t\t\t                                <h2 class=\"product-name\"><a href=\"https:\/\/www.sulcarautopecas.com.br.186-226-60-153.cpanel.site\/lataria-e-carroceria\/vidro-porta-traseira-esq-renault-captur-2021-a5839-30415\">Vidro Porta Traseira Esq Renault Captur ...<\/a><\/h2>\n\t\t\t\t\t\t\t                                     <div class=\"ratings\">\n                                      <div class=\"rating-box\">\n                                                                                        <div class=\"rating0\">rating<\/div>                                                                                                                                                                                                                                                                            <\/div>\n                                  <\/div>\n                              \t\t\t\t\t\t\t                                  <p class=\"price\">\n                                                                    R$100,00                                                                                                    <\/p>\n                                \t\t\t\t\t\t\t \n                              \n\t\t\t\t\t\t\t\t<p class=\"product-des\">Sulcar Auto Pe\u00e7as Blumenau\nTrabalhamos com produtos originais\nFoto reais do produto\nCalcular frete...no mercado de envios\nDemais d\u00favidas...apenas nos pergunte\nAp\u00f3s confirmar do pagamento enviamos em at\u00e9 1 dia \u00fatil\nEntregamos para todo territ\u00f3rio naci..<\/p>\n                              <div class=\"product-intro\">\n\t\t\t\t\t\t\t\t<div class=\"actions-link2\">\n\t\t\t\t\t\t\t\t\t<a class=\"btn-cart\" data-toggle=\"tooltip\" title=\"Comprar\" onclick=\"cart.add('30415');\"><span class=\"button\"><i class=\"fa fa-shopping-cart\"><\/i>Comprar<\/span><\/a>\t\t\t\t\t\t\t\t\t\n\t\t\t\t\t\t\t\t\t<a class=\"btn-wishlist\" data-toggle=\"tooltip\" title=\"Lista de desejos\" onclick=\"wishlist.add('30415');\"><i class=\"zmdi zmdi-favorite-outline\"><\/i><\/a>\t\t\t\t\t\t\t\t\t\n\t\t\t\t\t\t\t\t\t<a class=\"btn-compare\" data-toggle=\"tooltip\" title=\"Comparar\" onclick=\"compare.add('30415');\"><i class=\"zmdi zmdi-refresh-alt\"><\/i><\/a>\n\t\t\t\t\t\t\t\t<\/div>\n\t\t\t\t\t\t\t\t<\/div>\n                            <\/div>\n\t\t\t\t\t\t\t<\/div>\n                          <\/div>\n                        <\/div>\n                                            <div class=\"product-layout product-list col-xs-12\">\n                          <div class=\"product-thumb layout1\">\n\t\t\t\t\t\t\t<div class=\"image\">\n                              \t\t\t\t\t\t\t\t                              <a href=\"https:\/\/www.sulcarautopecas.com.br.186-226-60-153.cpanel.site\/lataria-e-carroceria\/aplique-paralama-diant-esq-honda-hr-v-1-8-2021-a1525-26061\">\n                                                              <img  src=\"image\/cache\/no_image-100x100.png\" alt=\"Aplique Paralama Diant Esq Honda Hr-v 1....\" \/>\n                              \t\t\t\t\t\t\t  <img  src=\"\" alt=\"Aplique Paralama Diant Esq Honda Hr-v 1....\" title=\"Aplique Paralama Diant Esq Honda Hr-v 1....\" class=\"img-responsive lazy\" \/>\n                              <\/a>\n\t\t\t\t\t\t\t  <div class=\"actions-link\">\t\t\t\t\t\t\t\t\t\n\t\t\t\t\t\t\t\t\t<a class=\"btn-wishlist\" data-toggle=\"tooltip\" title=\"Lista de desejos\" onclick=\"wishlist.add('26061');\"><i class=\"zmdi zmdi-favorite-outline\"><\/i><\/a>\t\t\t\t\t\t\t\t\t\n\t\t\t\t\t\t\t\t\t<a class=\"btn-compare\" data-toggle=\"tooltip\" title=\"Comparar\" onclick=\"compare.add('26061');\"><i class=\"zmdi zmdi-refresh-alt\"><\/i><\/a>\n\t\t\t\t\t\t\t\t<\/div>\n                            <\/div>\n                            <div class=\"product-inner\">\n                              <div class=\"product-caption\">\n\t\t\t\t\t\t\t                                <h2 class=\"product-name\"><a href=\"https:\/\/www.sulcarautopecas.com.br.186-226-60-153.cpanel.site\/lataria-e-carroceria\/aplique-paralama-diant-esq-honda-hr-v-1-8-2021-a1525-26061\">Aplique Paralama Diant Esq Honda Hr-v 1....<\/a><\/h2>\n\t\t\t\t\t\t\t                                     <div class=\"ratings\">\n                                      <div class=\"rating-box\">\n                                                                                        <div class=\"rating0\">rating<\/div>                                                                                                                                                                                                                                                                            <\/div>\n                                  <\/div>\n                              \t\t\t\t\t\t\t                                  <p class=\"price\">\n                                                                    R$150,00                                                                                                    <\/p>\n                                \t\t\t\t\t\t\t \n                              \n\t\t\t\t\t\t\t\t<p class=\"product-des\">Sulcar Auto Pe\u00e7as Blumenau\nTrabalhamos com produtos originais\nFoto reais do produto\nCalcular frete...no mercado de envios\nDemais d\u00favidas...apenas nos pergunte\nAp\u00f3s confirmar do pagamento enviamos em at\u00e9 1 dia \u00fatil\nEntregamos para todo territ\u00f3rio naci..<\/p>\n                              <div class=\"product-intro\">\n\t\t\t\t\t\t\t\t<div class=\"actions-link2\">\n\t\t\t\t\t\t\t\t\t<a class=\"btn-cart\" data-toggle=\"tooltip\" title=\"Comprar\" onclick=\"cart.add('26061');\"><span class=\"button\"><i class=\"fa fa-shopping-cart\"><\/i>Comprar<\/span><\/a>\t\t\t\t\t\t\t\t\t\n\t\t\t\t\t\t\t\t\t<a class=\"btn-wishlist\" data-toggle=\"tooltip\" title=\"Lista de desejos\" onclick=\"wishlist.add('26061');\"><i class=\"zmdi zmdi-favorite-outline\"><\/i><\/a>\t\t\t\t\t\t\t\t\t\n\t\t\t\t\t\t\t\t\t<a class=\"btn-compare\" data-toggle=\"tooltip\" title=\"Comparar\" onclick=\"compare.add('26061');\"><i class=\"zmdi zmdi-refresh-alt\"><\/i><\/a>\n\t\t\t\t\t\t\t\t<\/div>\n\t\t\t\t\t\t\t\t<\/div>\n                            <\/div>\n\t\t\t\t\t\t\t<\/div>\n                          <\/div>\n                        <\/div>\n                                            <div class=\"product-layout product-list col-xs-12\">\n                          <div class=\"product-thumb layout1\">\n\t\t\t\t\t\t\t<div class=\"image\">\n                              \t\t\t\t\t\t\t\t                              <a href=\"https:\/\/www.sulcarautopecas.com.br.186-226-60-153.cpanel.site\/lataria-e-carroceria\/maquina-de-vidro-traseiro-direito-jac-t5-2017-19936\">\n                                                              <img  src=\"image\/cache\/no_image-100x100.png\" alt=\"M\u00e1quina De Vidro Traseiro Direito Jac T...\" \/>\n                              \t\t\t\t\t\t\t  <img  src=\"\" alt=\"M\u00e1quina De Vidro Traseiro Direito Jac T...\" title=\"M\u00e1quina De Vidro Traseiro Direito Jac T...\" class=\"img-responsive lazy\" \/>\n                              <\/a>\n\t\t\t\t\t\t\t  <div class=\"actions-link\">\t\t\t\t\t\t\t\t\t\n\t\t\t\t\t\t\t\t\t<a class=\"btn-wishlist\" data-toggle=\"tooltip\" title=\"Lista de desejos\" onclick=\"wishlist.add('19936');\"><i class=\"zmdi zmdi-favorite-outline\"><\/i><\/a>\t\t\t\t\t\t\t\t\t\n\t\t\t\t\t\t\t\t\t<a class=\"btn-compare\" data-toggle=\"tooltip\" title=\"Comparar\" onclick=\"compare.add('19936');\"><i class=\"zmdi zmdi-refresh-alt\"><\/i><\/a>\n\t\t\t\t\t\t\t\t<\/div>\n                            <\/div>\n                            <div class=\"product-inner\">\n                              <div class=\"product-caption\">\n\t\t\t\t\t\t\t                                <h2 class=\"product-name\"><a href=\"https:\/\/www.sulcarautopecas.com.br.186-226-60-153.cpanel.site\/lataria-e-carroceria\/maquina-de-vidro-traseiro-direito-jac-t5-2017-19936\">M\u00e1quina De Vidro Traseiro Direito Jac T...<\/a><\/h2>\n\t\t\t\t\t\t\t                                     <div class=\"ratings\">\n                                      <div class=\"rating-box\">\n                                                                                        <div class=\"rating0\">rating<\/div>                                                                                                                                                                                                                                                                            <\/div>\n                                  <\/div>\n                              \t\t\t\t\t\t\t                                  <p class=\"price\">\n                                                                    R$250,00                                                                                                    <\/p>\n                                \t\t\t\t\t\t\t \n                              \n\t\t\t\t\t\t\t\t<p class=\"product-des\">Sulcar Auto Pe\u00e7as Blumenau.\nTrabalhamos com pe\u00e7as originais.\nFoto reais do produto.\nCalcule frente\u2026no mercado de envios.\nDemais d\u00favida nos pergunte.\nAp\u00f3s confirma\u00e7\u00e3o do pagamento,enviamos em at\u00e9 1 dia \u00fatil.\nEntregamos para todo pa\u00eds com qualidade e s..<\/p>\n                              <div class=\"product-intro\">\n\t\t\t\t\t\t\t\t<div class=\"actions-link2\">\n\t\t\t\t\t\t\t\t\t<a class=\"btn-cart\" data-toggle=\"tooltip\" title=\"Comprar\" onclick=\"cart.add('19936');\"><span class=\"button\"><i class=\"fa fa-shopping-cart\"><\/i>Comprar<\/span><\/a>\t\t\t\t\t\t\t\t\t\n\t\t\t\t\t\t\t\t\t<a class=\"btn-wishlist\" data-toggle=\"tooltip\" title=\"Lista de desejos\" onclick=\"wishlist.add('19936');\"><i class=\"zmdi zmdi-favorite-outline\"><\/i><\/a>\t\t\t\t\t\t\t\t\t\n\t\t\t\t\t\t\t\t\t<a class=\"btn-compare\" data-toggle=\"tooltip\" title=\"Comparar\" onclick=\"compare.add('19936');\"><i class=\"zmdi zmdi-refresh-alt\"><\/i><\/a>\n\t\t\t\t\t\t\t\t<\/div>\n\t\t\t\t\t\t\t\t<\/div>\n                            <\/div>\n\t\t\t\t\t\t\t<\/div>\n                          <\/div>\n                        <\/div>\n                                            <div class=\"product-layout product-list col-xs-12\">\n                          <div class=\"product-thumb layout1\">\n\t\t\t\t\t\t\t<div class=\"image\">\n                              \t\t\t\t\t\t\t\t                              <a href=\"https:\/\/www.sulcarautopecas.com.br.186-226-60-153.cpanel.site\/lataria-e-carroceria\/vidro-fixo-tras-dir-honda-wr-v-2018-31807\">\n                                                              <img  src=\"image\/cache\/no_image-100x100.png\" alt=\"Vidro Fixo Tras Dir Honda Wr-v 2018\" \/>\n                              \t\t\t\t\t\t\t  <img  src=\"\" alt=\"Vidro Fixo Tras Dir Honda Wr-v 2018\" title=\"Vidro Fixo Tras Dir Honda Wr-v 2018\" class=\"img-responsive lazy\" \/>\n                              <\/a>\n\t\t\t\t\t\t\t  <div class=\"actions-link\">\t\t\t\t\t\t\t\t\t\n\t\t\t\t\t\t\t\t\t<a class=\"btn-wishlist\" data-toggle=\"tooltip\" title=\"Lista de desejos\" onclick=\"wishlist.add('31807');\"><i class=\"zmdi zmdi-favorite-outline\"><\/i><\/a>\t\t\t\t\t\t\t\t\t\n\t\t\t\t\t\t\t\t\t<a class=\"btn-compare\" data-toggle=\"tooltip\" title=\"Comparar\" onclick=\"compare.add('31807');\"><i class=\"zmdi zmdi-refresh-alt\"><\/i><\/a>\n\t\t\t\t\t\t\t\t<\/div>\n                            <\/div>\n                            <div class=\"product-inner\">\n                              <div class=\"product-caption\">\n\t\t\t\t\t\t\t                                <h2 class=\"product-name\"><a href=\"https:\/\/www.sulcarautopecas.com.br.186-226-60-153.cpanel.site\/lataria-e-carroceria\/vidro-fixo-tras-dir-honda-wr-v-2018-31807\">Vidro Fixo Tras Dir Honda Wr-v 2018<\/a><\/h2>\n\t\t\t\t\t\t\t                                     <div class=\"ratings\">\n                                      <div class=\"rating-box\">\n                                                                                        <div class=\"rating0\">rating<\/div>                                                                                                                                                                                                                                                                            <\/div>\n                                  <\/div>\n                              \t\t\t\t\t\t\t                                  <p class=\"price\">\n                                                                    R$130,00                                                                                                    <\/p>\n                                \t\t\t\t\t\t\t \n                              \n\t\t\t\t\t\t\t\t<p class=\"product-des\">*Sulcar Auto Pe\u00e7as Blumenau.\n*Trabalhamos com produtos originais.\n*Foto reais do produto.\n*Calcular frete em mercado envios,caso tenha nos pergunte.\n*Demais D\u00favidas apenas nos pergunte.\n*Ap\u00f3s confirma\u00e7\u00e3o do pagamento enviamos em at\u00e9 1 dia \u00fatil.\n*Entr..<\/p>\n                              <div class=\"product-intro\">\n\t\t\t\t\t\t\t\t<div class=\"actions-link2\">\n\t\t\t\t\t\t\t\t\t<a class=\"btn-cart\" data-toggle=\"tooltip\" title=\"Comprar\" onclick=\"cart.add('31807');\"><span class=\"button\"><i class=\"fa fa-shopping-cart\"><\/i>Comprar<\/span><\/a>\t\t\t\t\t\t\t\t\t\n\t\t\t\t\t\t\t\t\t<a class=\"btn-wishlist\" data-toggle=\"tooltip\" title=\"Lista de desejos\" onclick=\"wishlist.add('31807');\"><i class=\"zmdi zmdi-favorite-outline\"><\/i><\/a>\t\t\t\t\t\t\t\t\t\n\t\t\t\t\t\t\t\t\t<a class=\"btn-compare\" data-toggle=\"tooltip\" title=\"Comparar\" onclick=\"compare.add('31807');\"><i class=\"zmdi zmdi-refresh-alt\"><\/i><\/a>\n\t\t\t\t\t\t\t\t<\/div>\n\t\t\t\t\t\t\t\t<\/div>\n                            <\/div>\n\t\t\t\t\t\t\t<\/div>\n                          <\/div>\n                        <\/div>\n                                            <div class=\"product-layout product-list col-xs-12\">\n                          <div class=\"product-thumb layout1\">\n\t\t\t\t\t\t\t<div class=\"image\">\n                              \t\t\t\t\t\t\t\t                              <a href=\"https:\/\/www.sulcarautopecas.com.br.186-226-60-153.cpanel.site\/lataria-e-carroceria\/fechadura-porta-tras-direito-renault-duster-2023-a4356-28673\">\n                                                              <img  src=\"image\/cache\/no_image-100x100.png\" alt=\"Fechadura Porta Tras Direito Renault Dus...\" \/>\n                              \t\t\t\t\t\t\t  <img  src=\"\" alt=\"Fechadura Porta Tras Direito Renault Dus...\" title=\"Fechadura Porta Tras Direito Renault Dus...\" class=\"img-responsive lazy\" \/>\n                              <\/a>\n\t\t\t\t\t\t\t  <div class=\"actions-link\">\t\t\t\t\t\t\t\t\t\n\t\t\t\t\t\t\t\t\t<a class=\"btn-wishlist\" data-toggle=\"tooltip\" title=\"Lista de desejos\" onclick=\"wishlist.add('28673');\"><i class=\"zmdi zmdi-favorite-outline\"><\/i><\/a>\t\t\t\t\t\t\t\t\t\n\t\t\t\t\t\t\t\t\t<a class=\"btn-compare\" data-toggle=\"tooltip\" title=\"Comparar\" onclick=\"compare.add('28673');\"><i class=\"zmdi zmdi-refresh-alt\"><\/i><\/a>\n\t\t\t\t\t\t\t\t<\/div>\n                            <\/div>\n                            <div class=\"product-inner\">\n                              <div class=\"product-caption\">\n\t\t\t\t\t\t\t                                <h2 class=\"product-name\"><a href=\"https:\/\/www.sulcarautopecas.com.br.186-226-60-153.cpanel.site\/lataria-e-carroceria\/fechadura-porta-tras-direito-renault-duster-2023-a4356-28673\">Fechadura Porta Tras Direito Renault Dus...<\/a><\/h2>\n\t\t\t\t\t\t\t                                     <div class=\"ratings\">\n                                      <div class=\"rating-box\">\n                                                                                        <div class=\"rating0\">rating<\/div>                                                                                                                                                                                                                                                                            <\/div>\n                                  <\/div>\n                              \t\t\t\t\t\t\t                                  <p class=\"price\">\n                                                                    R$150,00                                                                                                    <\/p>\n                                \t\t\t\t\t\t\t \n                              \n\t\t\t\t\t\t\t\t<p class=\"product-des\">Sulcar Auto Pe\u00e7as Blumenau\nTrabalhamos com produtos originais\nFoto reais do produto\nCalcular frete...no mercado de envios\nDemais d\u00favidas...apenas nos pergunte\nAp\u00f3s confirmar do pagamento enviamos em at\u00e9 1 dia \u00fatil\nEntregamos para todo territ\u00f3rio naci..<\/p>\n                              <div class=\"product-intro\">\n\t\t\t\t\t\t\t\t<div class=\"actions-link2\">\n\t\t\t\t\t\t\t\t\t<a class=\"btn-cart\" data-toggle=\"tooltip\" title=\"Comprar\" onclick=\"cart.add('28673');\"><span class=\"button\"><i class=\"fa fa-shopping-cart\"><\/i>Comprar<\/span><\/a>\t\t\t\t\t\t\t\t\t\n\t\t\t\t\t\t\t\t\t<a class=\"btn-wishlist\" data-toggle=\"tooltip\" title=\"Lista de desejos\" onclick=\"wishlist.add('28673');\"><i class=\"zmdi zmdi-favorite-outline\"><\/i><\/a>\t\t\t\t\t\t\t\t\t\n\t\t\t\t\t\t\t\t\t<a class=\"btn-compare\" data-toggle=\"tooltip\" title=\"Comparar\" onclick=\"compare.add('28673');\"><i class=\"zmdi zmdi-refresh-alt\"><\/i><\/a>\n\t\t\t\t\t\t\t\t<\/div>\n\t\t\t\t\t\t\t\t<\/div>\n                            <\/div>\n\t\t\t\t\t\t\t<\/div>\n                          <\/div>\n                        <\/div>\n                                            <div class=\"product-layout product-list col-xs-12\">\n                          <div class=\"product-thumb layout1\">\n\t\t\t\t\t\t\t<div class=\"image\">\n                              \t\t\t\t\t\t\t\t                              <a href=\"https:\/\/www.sulcarautopecas.com.br.186-226-60-153.cpanel.site\/lataria-e-carroceria\/borracha-porta-traseira-esquerda-honda-civic-2014-22732\">\n                                                              <img  src=\"image\/cache\/no_image-100x100.png\" alt=\"Borracha Porta Traseira Esquerda Honda C...\" \/>\n                              \t\t\t\t\t\t\t  <img  src=\"\" alt=\"Borracha Porta Traseira Esquerda Honda C...\" title=\"Borracha Porta Traseira Esquerda Honda C...\" class=\"img-responsive lazy\" \/>\n                              <\/a>\n\t\t\t\t\t\t\t  <div class=\"actions-link\">\t\t\t\t\t\t\t\t\t\n\t\t\t\t\t\t\t\t\t<a class=\"btn-wishlist\" data-toggle=\"tooltip\" title=\"Lista de desejos\" onclick=\"wishlist.add('22732');\"><i class=\"zmdi zmdi-favorite-outline\"><\/i><\/a>\t\t\t\t\t\t\t\t\t\n\t\t\t\t\t\t\t\t\t<a class=\"btn-compare\" data-toggle=\"tooltip\" title=\"Comparar\" onclick=\"compare.add('22732');\"><i class=\"zmdi zmdi-refresh-alt\"><\/i><\/a>\n\t\t\t\t\t\t\t\t<\/div>\n                            <\/div>\n                            <div class=\"product-inner\">\n                              <div class=\"product-caption\">\n\t\t\t\t\t\t\t                                <h2 class=\"product-name\"><a href=\"https:\/\/www.sulcarautopecas.com.br.186-226-60-153.cpanel.site\/lataria-e-carroceria\/borracha-porta-traseira-esquerda-honda-civic-2014-22732\">Borracha Porta Traseira Esquerda Honda C...<\/a><\/h2>\n\t\t\t\t\t\t\t                                     <div class=\"ratings\">\n                                      <div class=\"rating-box\">\n                                                                                        <div class=\"rating0\">rating<\/div>                                                                                                                                                                                                                                                                            <\/div>\n                                  <\/div>\n                              \t\t\t\t\t\t\t                                  <p class=\"price\">\n                                                                    R$100,00                                                                                                    <\/p>\n                                \t\t\t\t\t\t\t \n                              \n\t\t\t\t\t\t\t\t<p class=\"product-des\">Trabalhamos com produtos originais, retirados de ve\u00edculos baixados no Detran, com total proced\u00eancia e garantia.\nTodas as nossas fotos s\u00e3o reais do produto.\n\nPara calcular o frente basta aproveitar as vantagens do MERCADO ENVIOS.\nCaso o produto n\u00e3o te..<\/p>\n                              <div class=\"product-intro\">\n\t\t\t\t\t\t\t\t<div class=\"actions-link2\">\n\t\t\t\t\t\t\t\t\t<a class=\"btn-cart\" data-toggle=\"tooltip\" title=\"Comprar\" onclick=\"cart.add('22732');\"><span class=\"button\"><i class=\"fa fa-shopping-cart\"><\/i>Comprar<\/span><\/a>\t\t\t\t\t\t\t\t\t\n\t\t\t\t\t\t\t\t\t<a class=\"btn-wishlist\" data-toggle=\"tooltip\" title=\"Lista de desejos\" onclick=\"wishlist.add('22732');\"><i class=\"zmdi zmdi-favorite-outline\"><\/i><\/a>\t\t\t\t\t\t\t\t\t\n\t\t\t\t\t\t\t\t\t<a class=\"btn-compare\" data-toggle=\"tooltip\" title=\"Comparar\" onclick=\"compare.add('22732');\"><i class=\"zmdi zmdi-refresh-alt\"><\/i><\/a>\n\t\t\t\t\t\t\t\t<\/div>\n\t\t\t\t\t\t\t\t<\/div>\n                            <\/div>\n\t\t\t\t\t\t\t<\/div>\n                          <\/div>\n                        <\/div>\n                                            <div class=\"product-layout product-list col-xs-12\">\n                          <div class=\"product-thumb layout1\">\n\t\t\t\t\t\t\t<div class=\"image\">\n                              \t\t\t\t\t\t\t\t                              <a href=\"https:\/\/www.sulcarautopecas.com.br.186-226-60-153.cpanel.site\/lataria-e-carroceria\/fechadura-porta-dia-direita-mitsubishi-pajero-tr4-2009-15181\">\n                                                              <img  src=\"image\/cache\/no_image-100x100.png\" alt=\"Fechadura Porta Dia.direita Mitsubishi P...\" \/>\n                              \t\t\t\t\t\t\t  <img  src=\"\" alt=\"Fechadura Porta Dia.direita Mitsubishi P...\" title=\"Fechadura Porta Dia.direita Mitsubishi P...\" class=\"img-responsive lazy\" \/>\n                              <\/a>\n\t\t\t\t\t\t\t  <div class=\"actions-link\">\t\t\t\t\t\t\t\t\t\n\t\t\t\t\t\t\t\t\t<a class=\"btn-wishlist\" data-toggle=\"tooltip\" title=\"Lista de desejos\" onclick=\"wishlist.add('15181');\"><i class=\"zmdi zmdi-favorite-outline\"><\/i><\/a>\t\t\t\t\t\t\t\t\t\n\t\t\t\t\t\t\t\t\t<a class=\"btn-compare\" data-toggle=\"tooltip\" title=\"Comparar\" onclick=\"compare.add('15181');\"><i class=\"zmdi zmdi-refresh-alt\"><\/i><\/a>\n\t\t\t\t\t\t\t\t<\/div>\n                            <\/div>\n                            <div class=\"product-inner\">\n                              <div class=\"product-caption\">\n\t\t\t\t\t\t\t                                <h2 class=\"product-name\"><a href=\"https:\/\/www.sulcarautopecas.com.br.186-226-60-153.cpanel.site\/lataria-e-carroceria\/fechadura-porta-dia-direita-mitsubishi-pajero-tr4-2009-15181\">Fechadura Porta Dia.direita Mitsubishi P...<\/a><\/h2>\n\t\t\t\t\t\t\t                                     <div class=\"ratings\">\n                                      <div class=\"rating-box\">\n                                                                                        <div class=\"rating0\">rating<\/div>                                                                                                                                                                                                                                                                            <\/div>\n                                  <\/div>\n                              \t\t\t\t\t\t\t                                  <p class=\"price\">\n                                                                    R$120,00                                                                                                    <\/p>\n                                \t\t\t\t\t\t\t \n                              \n\t\t\t\t\t\t\t\t<p class=\"product-des\">*Sulcar Auto Pe\u00e7as Blumenau.\n*Trabalhamos com produtos originais.\n*Foto reais do produto.\n*Calcular frete em mercado envios,caso tenha nos pergunte.\n*Demais D\u00favidas apenas nos pergunte.\n*Ap\u00f3s confirma\u00e7\u00e3o do pagamento enviamos em at\u00e9 1 dia \u00fatil.\n*Entr..<\/p>\n                              <div class=\"product-intro\">\n\t\t\t\t\t\t\t\t<div class=\"actions-link2\">\n\t\t\t\t\t\t\t\t\t<a class=\"btn-cart\" data-toggle=\"tooltip\" title=\"Comprar\" onclick=\"cart.add('15181');\"><span class=\"button\"><i class=\"fa fa-shopping-cart\"><\/i>Comprar<\/span><\/a>\t\t\t\t\t\t\t\t\t\n\t\t\t\t\t\t\t\t\t<a class=\"btn-wishlist\" data-toggle=\"tooltip\" title=\"Lista de desejos\" onclick=\"wishlist.add('15181');\"><i class=\"zmdi zmdi-favorite-outline\"><\/i><\/a>\t\t\t\t\t\t\t\t\t\n\t\t\t\t\t\t\t\t\t<a class=\"btn-compare\" data-toggle=\"tooltip\" title=\"Comparar\" onclick=\"compare.add('15181');\"><i class=\"zmdi zmdi-refresh-alt\"><\/i><\/a>\n\t\t\t\t\t\t\t\t<\/div>\n\t\t\t\t\t\t\t\t<\/div>\n                            <\/div>\n\t\t\t\t\t\t\t<\/div>\n                          <\/div>\n                        <\/div>\n                                            <div class=\"product-layout product-list col-xs-12\">\n                          <div class=\"product-thumb layout1\">\n\t\t\t\t\t\t\t<div class=\"image\">\n                              \t\t\t\t\t\t\t\t                              <a href=\"https:\/\/www.sulcarautopecas.com.br.186-226-60-153.cpanel.site\/lataria-e-carroceria\/borracha-carroceria-porta-diant-esq-honda-city-2023-33094\">\n                                                              <img  src=\"image\/cache\/no_image-100x100.png\" alt=\"Borracha Carroceria Porta Diant Esq Hond...\" \/>\n                              \t\t\t\t\t\t\t  <img  src=\"\" alt=\"Borracha Carroceria Porta Diant Esq Hond...\" title=\"Borracha Carroceria Porta Diant Esq Hond...\" class=\"img-responsive lazy\" \/>\n                              <\/a>\n\t\t\t\t\t\t\t  <div class=\"actions-link\">\t\t\t\t\t\t\t\t\t\n\t\t\t\t\t\t\t\t\t<a class=\"btn-wishlist\" data-toggle=\"tooltip\" title=\"Lista de desejos\" onclick=\"wishlist.add('33094');\"><i class=\"zmdi zmdi-favorite-outline\"><\/i><\/a>\t\t\t\t\t\t\t\t\t\n\t\t\t\t\t\t\t\t\t<a class=\"btn-compare\" data-toggle=\"tooltip\" title=\"Comparar\" onclick=\"compare.add('33094');\"><i class=\"zmdi zmdi-refresh-alt\"><\/i><\/a>\n\t\t\t\t\t\t\t\t<\/div>\n                            <\/div>\n                            <div class=\"product-inner\">\n                              <div class=\"product-caption\">\n\t\t\t\t\t\t\t                                <h2 class=\"product-name\"><a href=\"https:\/\/www.sulcarautopecas.com.br.186-226-60-153.cpanel.site\/lataria-e-carroceria\/borracha-carroceria-porta-diant-esq-honda-city-2023-33094\">Borracha Carroceria Porta Diant Esq Hond...<\/a><\/h2>\n\t\t\t\t\t\t\t                                     <div class=\"ratings\">\n                                      <div class=\"rating-box\">\n                                                                                        <div class=\"rating0\">rating<\/div>                                                                                                                                                                                                                                                                            <\/div>\n                                  <\/div>\n                              \t\t\t\t\t\t\t                                  <p class=\"price\">\n                                                                    R$100,00                                                                                                    <\/p>\n                                \t\t\t\t\t\t\t \n                              \n\t\t\t\t\t\t\t\t<p class=\"product-des\">*Sulcar Auto Pe\u00e7as Blumenau.\n*Trabalhamos com produtos originais.\n*Foto reais do produto.\n*Calcular frete em mercado envios,caso tenha nos pergunte.\n*Demais D\u00favidas apenas nos pergunte.\n*Ap\u00f3s confirma\u00e7\u00e3o do pagamento enviamos em at\u00e9 1 dia \u00fatil.\n*Entr..<\/p>\n                              <div class=\"product-intro\">\n\t\t\t\t\t\t\t\t<div class=\"actions-link2\">\n\t\t\t\t\t\t\t\t\t<a class=\"btn-cart\" data-toggle=\"tooltip\" title=\"Comprar\" onclick=\"cart.add('33094');\"><span class=\"button\"><i class=\"fa fa-shopping-cart\"><\/i>Comprar<\/span><\/a>\t\t\t\t\t\t\t\t\t\n\t\t\t\t\t\t\t\t\t<a class=\"btn-wishlist\" data-toggle=\"tooltip\" title=\"Lista de desejos\" onclick=\"wishlist.add('33094');\"><i class=\"zmdi zmdi-favorite-outline\"><\/i><\/a>\t\t\t\t\t\t\t\t\t\n\t\t\t\t\t\t\t\t\t<a class=\"btn-compare\" data-toggle=\"tooltip\" title=\"Comparar\" onclick=\"compare.add('33094');\"><i class=\"zmdi zmdi-refresh-alt\"><\/i><\/a>\n\t\t\t\t\t\t\t\t<\/div>\n\t\t\t\t\t\t\t\t<\/div>\n                            <\/div>\n\t\t\t\t\t\t\t<\/div>\n                          <\/div>\n                        <\/div>\n                                            <div class=\"product-layout product-list col-xs-12\">\n                          <div class=\"product-thumb layout1\">\n\t\t\t\t\t\t\t<div class=\"image\">\n                              \t\t\t\t\t\t\t\t                              <a href=\"https:\/\/www.sulcarautopecas.com.br.186-226-60-153.cpanel.site\/lataria-e-carroceria\/porta-objeto-console-central-honda-cr-v-2014-a867-30123\">\n                                                              <img  src=\"image\/cache\/no_image-100x100.png\" alt=\"Porta Objeto Console Central Honda Cr-v ...\" \/>\n                              \t\t\t\t\t\t\t  <img  src=\"\" alt=\"Porta Objeto Console Central Honda Cr-v ...\" title=\"Porta Objeto Console Central Honda Cr-v ...\" class=\"img-responsive lazy\" \/>\n                              <\/a>\n\t\t\t\t\t\t\t  <div class=\"actions-link\">\t\t\t\t\t\t\t\t\t\n\t\t\t\t\t\t\t\t\t<a class=\"btn-wishlist\" data-toggle=\"tooltip\" title=\"Lista de desejos\" onclick=\"wishlist.add('30123');\"><i class=\"zmdi zmdi-favorite-outline\"><\/i><\/a>\t\t\t\t\t\t\t\t\t\n\t\t\t\t\t\t\t\t\t<a class=\"btn-compare\" data-toggle=\"tooltip\" title=\"Comparar\" onclick=\"compare.add('30123');\"><i class=\"zmdi zmdi-refresh-alt\"><\/i><\/a>\n\t\t\t\t\t\t\t\t<\/div>\n                            <\/div>\n                            <div class=\"product-inner\">\n                              <div class=\"product-caption\">\n\t\t\t\t\t\t\t                                <h2 class=\"product-name\"><a href=\"https:\/\/www.sulcarautopecas.com.br.186-226-60-153.cpanel.site\/lataria-e-carroceria\/porta-objeto-console-central-honda-cr-v-2014-a867-30123\">Porta Objeto Console Central Honda Cr-v ...<\/a><\/h2>\n\t\t\t\t\t\t\t                                     <div class=\"ratings\">\n                                      <div class=\"rating-box\">\n                                                                                        <div class=\"rating0\">rating<\/div>                                                                                                                                                                                                                                                                            <\/div>\n                                  <\/div>\n                              \t\t\t\t\t\t\t                                  <p class=\"price\">\n                                                                    R$170,00                                                                                                    <\/p>\n                                \t\t\t\t\t\t\t \n                              \n\t\t\t\t\t\t\t\t<p class=\"product-des\">*Sulcar Auto Pe\u00e7as Blumenau.\n*Trabalhamos com produtos originais.\n*Foto reais do produto.\n*Calcular frete em mercado envios,caso tenha nos pergunte.\n*Demais D\u00favidas apenas nos pergunte.\n*Ap\u00f3s confirma\u00e7\u00e3o do pagamento enviamos em at\u00e9 1 dia \u00fatil.\n*Entr..<\/p>\n                              <div class=\"product-intro\">\n\t\t\t\t\t\t\t\t<div class=\"actions-link2\">\n\t\t\t\t\t\t\t\t\t<a class=\"btn-cart\" data-toggle=\"tooltip\" title=\"Comprar\" onclick=\"cart.add('30123');\"><span class=\"button\"><i class=\"fa fa-shopping-cart\"><\/i>Comprar<\/span><\/a>\t\t\t\t\t\t\t\t\t\n\t\t\t\t\t\t\t\t\t<a class=\"btn-wishlist\" data-toggle=\"tooltip\" title=\"Lista de desejos\" onclick=\"wishlist.add('30123');\"><i class=\"zmdi zmdi-favorite-outline\"><\/i><\/a>\t\t\t\t\t\t\t\t\t\n\t\t\t\t\t\t\t\t\t<a class=\"btn-compare\" data-toggle=\"tooltip\" title=\"Comparar\" onclick=\"compare.add('30123');\"><i class=\"zmdi zmdi-refresh-alt\"><\/i><\/a>\n\t\t\t\t\t\t\t\t<\/div>\n\t\t\t\t\t\t\t\t<\/div>\n                            <\/div>\n\t\t\t\t\t\t\t<\/div>\n                          <\/div>\n                        <\/div>\n                                            <div class=\"product-layout product-list col-xs-12\">\n                          <div class=\"product-thumb layout1\">\n\t\t\t\t\t\t\t<div class=\"image\">\n                              \t\t\t\t\t\t\t\t                              <a href=\"https:\/\/www.sulcarautopecas.com.br.186-226-60-153.cpanel.site\/lataria-e-carroceria\/borracha-porta-tras-dir-honda-hr-v-2021-1-8-a873-25430\">\n                                                              <img  src=\"image\/cache\/no_image-100x100.png\" alt=\"Borracha Porta Tras Dir Honda Hr-v 2021 ...\" \/>\n                              \t\t\t\t\t\t\t  <img  src=\"\" alt=\"Borracha Porta Tras Dir Honda Hr-v 2021 ...\" title=\"Borracha Porta Tras Dir Honda Hr-v 2021 ...\" class=\"img-responsive lazy\" \/>\n                              <\/a>\n\t\t\t\t\t\t\t  <div class=\"actions-link\">\t\t\t\t\t\t\t\t\t\n\t\t\t\t\t\t\t\t\t<a class=\"btn-wishlist\" data-toggle=\"tooltip\" title=\"Lista de desejos\" onclick=\"wishlist.add('25430');\"><i class=\"zmdi zmdi-favorite-outline\"><\/i><\/a>\t\t\t\t\t\t\t\t\t\n\t\t\t\t\t\t\t\t\t<a class=\"btn-compare\" data-toggle=\"tooltip\" title=\"Comparar\" onclick=\"compare.add('25430');\"><i class=\"zmdi zmdi-refresh-alt\"><\/i><\/a>\n\t\t\t\t\t\t\t\t<\/div>\n                            <\/div>\n                            <div class=\"product-inner\">\n                              <div class=\"product-caption\">\n\t\t\t\t\t\t\t                                <h2 class=\"product-name\"><a href=\"https:\/\/www.sulcarautopecas.com.br.186-226-60-153.cpanel.site\/lataria-e-carroceria\/borracha-porta-tras-dir-honda-hr-v-2021-1-8-a873-25430\">Borracha Porta Tras Dir Honda Hr-v 2021 ...<\/a><\/h2>\n\t\t\t\t\t\t\t                                     <div class=\"ratings\">\n                                      <div class=\"rating-box\">\n                                                                                        <div class=\"rating0\">rating<\/div>                                                                                                                                                                                                                                                                            <\/div>\n                                  <\/div>\n                              \t\t\t\t\t\t\t                                  <p class=\"price\">\n                                                                    R$100,00                                                                                                    <\/p>\n                                \t\t\t\t\t\t\t \n                              \n\t\t\t\t\t\t\t\t<p class=\"product-des\">Sulcar auto pe\u00e7as Blumenau.\n*Trabalhamos com produtos original.\n*Foto reais do produto.\n*Frete em mercado de envios,caso n\u00e3o tenha nos pergunte.\n*Demais d\u00favidas apenas nos perguntar.\n*Ap\u00f3s confirma\u00e7\u00e3o do pagamento enviamos em at\u00e9 1 dia \u00fatil.\n*Entrega..<\/p>\n                              <div class=\"product-intro\">\n\t\t\t\t\t\t\t\t<div class=\"actions-link2\">\n\t\t\t\t\t\t\t\t\t<a class=\"btn-cart\" data-toggle=\"tooltip\" title=\"Comprar\" onclick=\"cart.add('25430');\"><span class=\"button\"><i class=\"fa fa-shopping-cart\"><\/i>Comprar<\/span><\/a>\t\t\t\t\t\t\t\t\t\n\t\t\t\t\t\t\t\t\t<a class=\"btn-wishlist\" data-toggle=\"tooltip\" title=\"Lista de desejos\" onclick=\"wishlist.add('25430');\"><i class=\"zmdi zmdi-favorite-outline\"><\/i><\/a>\t\t\t\t\t\t\t\t\t\n\t\t\t\t\t\t\t\t\t<a class=\"btn-compare\" data-toggle=\"tooltip\" title=\"Comparar\" onclick=\"compare.add('25430');\"><i class=\"zmdi zmdi-refresh-alt\"><\/i><\/a>\n\t\t\t\t\t\t\t\t<\/div>\n\t\t\t\t\t\t\t\t<\/div>\n                            <\/div>\n\t\t\t\t\t\t\t<\/div>\n                          <\/div>\n                        <\/div>\n                                            <div class=\"product-layout product-list col-xs-12\">\n                          <div class=\"product-thumb layout1\">\n\t\t\t\t\t\t\t<div class=\"image\">\n                              \t\t\t\t\t\t\t\t                              <a href=\"https:\/\/www.sulcarautopecas.com.br.186-226-60-153.cpanel.site\/lataria-e-carroceria\/dobradica-porta-dianteiro-esquerdo-nissan-kicks-advance-2022-19340\">\n                                                              <img  src=\"image\/cache\/no_image-100x100.png\" alt=\"Dobradi\u00e7a Porta Dianteiro Esquerdo Niss...\" \/>\n                              \t\t\t\t\t\t\t  <img  src=\"\" alt=\"Dobradi\u00e7a Porta Dianteiro Esquerdo Niss...\" title=\"Dobradi\u00e7a Porta Dianteiro Esquerdo Niss...\" class=\"img-responsive lazy\" \/>\n                              <\/a>\n\t\t\t\t\t\t\t  <div class=\"actions-link\">\t\t\t\t\t\t\t\t\t\n\t\t\t\t\t\t\t\t\t<a class=\"btn-wishlist\" data-toggle=\"tooltip\" title=\"Lista de desejos\" onclick=\"wishlist.add('19340');\"><i class=\"zmdi zmdi-favorite-outline\"><\/i><\/a>\t\t\t\t\t\t\t\t\t\n\t\t\t\t\t\t\t\t\t<a class=\"btn-compare\" data-toggle=\"tooltip\" title=\"Comparar\" onclick=\"compare.add('19340');\"><i class=\"zmdi zmdi-refresh-alt\"><\/i><\/a>\n\t\t\t\t\t\t\t\t<\/div>\n                            <\/div>\n                            <div class=\"product-inner\">\n                              <div class=\"product-caption\">\n\t\t\t\t\t\t\t                                <h2 class=\"product-name\"><a href=\"https:\/\/www.sulcarautopecas.com.br.186-226-60-153.cpanel.site\/lataria-e-carroceria\/dobradica-porta-dianteiro-esquerdo-nissan-kicks-advance-2022-19340\">Dobradi\u00e7a Porta Dianteiro Esquerdo Niss...<\/a><\/h2>\n\t\t\t\t\t\t\t                                     <div class=\"ratings\">\n                                      <div class=\"rating-box\">\n                                                                                        <div class=\"rating0\">rating<\/div>                                                                                                                                                                                                                                                                            <\/div>\n                                  <\/div>\n                              \t\t\t\t\t\t\t                                  <p class=\"price\">\n                                                                    R$100,00                                                                                                    <\/p>\n                                \t\t\t\t\t\t\t \n                              \n\t\t\t\t\t\t\t\t<p class=\"product-des\">Sulcar Auto Pe\u00e7as Blumenau.\nTrabalhamos com pe\u00e7as originais.\nFoto reais do produto.\nCalcule frente\u2026no mercado de envios.\nDemais d\u00favida nos pergunte.\nAp\u00f3s confirma\u00e7\u00e3o do pagamento,enviamos em at\u00e9 1 dia \u00fatil.\nEntregamos para todo pa\u00eds com qualidade e s..<\/p>\n                              <div class=\"product-intro\">\n\t\t\t\t\t\t\t\t<div class=\"actions-link2\">\n\t\t\t\t\t\t\t\t\t<a class=\"btn-cart\" data-toggle=\"tooltip\" title=\"Comprar\" onclick=\"cart.add('19340');\"><span class=\"button\"><i class=\"fa fa-shopping-cart\"><\/i>Comprar<\/span><\/a>\t\t\t\t\t\t\t\t\t\n\t\t\t\t\t\t\t\t\t<a class=\"btn-wishlist\" data-toggle=\"tooltip\" title=\"Lista de desejos\" onclick=\"wishlist.add('19340');\"><i class=\"zmdi zmdi-favorite-outline\"><\/i><\/a>\t\t\t\t\t\t\t\t\t\n\t\t\t\t\t\t\t\t\t<a class=\"btn-compare\" data-toggle=\"tooltip\" title=\"Comparar\" onclick=\"compare.add('19340');\"><i class=\"zmdi zmdi-refresh-alt\"><\/i><\/a>\n\t\t\t\t\t\t\t\t<\/div>\n\t\t\t\t\t\t\t\t<\/div>\n                            <\/div>\n\t\t\t\t\t\t\t<\/div>\n                          <\/div>\n                        <\/div>\n                                            <div class=\"product-layout product-list col-xs-12\">\n                          <div class=\"product-thumb layout1\">\n\t\t\t\t\t\t\t<div class=\"image\">\n                              \t\t\t\t\t\t\t\t                              <a href=\"https:\/\/www.sulcarautopecas.com.br.186-226-60-153.cpanel.site\/lataria-e-carroceria\/acabamento-soleira-porta-diant-dir-honda-wr-v-2018-31487\">\n                                                              <img  src=\"image\/cache\/no_image-100x100.png\" alt=\"Acabamento Soleira Porta Diant Dir Honda...\" \/>\n                              \t\t\t\t\t\t\t  <img  src=\"\" alt=\"Acabamento Soleira Porta Diant Dir Honda...\" title=\"Acabamento Soleira Porta Diant Dir Honda...\" class=\"img-responsive lazy\" \/>\n                              <\/a>\n\t\t\t\t\t\t\t  <div class=\"actions-link\">\t\t\t\t\t\t\t\t\t\n\t\t\t\t\t\t\t\t\t<a class=\"btn-wishlist\" data-toggle=\"tooltip\" title=\"Lista de desejos\" onclick=\"wishlist.add('31487');\"><i class=\"zmdi zmdi-favorite-outline\"><\/i><\/a>\t\t\t\t\t\t\t\t\t\n\t\t\t\t\t\t\t\t\t<a class=\"btn-compare\" data-toggle=\"tooltip\" title=\"Comparar\" onclick=\"compare.add('31487');\"><i class=\"zmdi zmdi-refresh-alt\"><\/i><\/a>\n\t\t\t\t\t\t\t\t<\/div>\n                            <\/div>\n                            <div class=\"product-inner\">\n                              <div class=\"product-caption\">\n\t\t\t\t\t\t\t                                <h2 class=\"product-name\"><a href=\"https:\/\/www.sulcarautopecas.com.br.186-226-60-153.cpanel.site\/lataria-e-carroceria\/acabamento-soleira-porta-diant-dir-honda-wr-v-2018-31487\">Acabamento Soleira Porta Diant Dir Honda...<\/a><\/h2>\n\t\t\t\t\t\t\t                                     <div class=\"ratings\">\n                                      <div class=\"rating-box\">\n                                                                                        <div class=\"rating0\">rating<\/div>                                                                                                                                                                                                                                                                            <\/div>\n                                  <\/div>\n                              \t\t\t\t\t\t\t                                  <p class=\"price\">\n                                                                    R$100,00                                                                                                    <\/p>\n                                \t\t\t\t\t\t\t \n                              \n\t\t\t\t\t\t\t\t<p class=\"product-des\">*Sulcar Auto Pe\u00e7as Blumenau.\n*Trabalhamos com produtos originais.\n*Foto reais do produto.\n*Calcular frete em mercado envios,caso tenha nos pergunte.\n*Demais D\u00favidas apenas nos pergunte.\n*Ap\u00f3s confirma\u00e7\u00e3o do pagamento enviamos em at\u00e9 1 dia \u00fatil.\n*Entr..<\/p>\n                              <div class=\"product-intro\">\n\t\t\t\t\t\t\t\t<div class=\"actions-link2\">\n\t\t\t\t\t\t\t\t\t<a class=\"btn-cart\" data-toggle=\"tooltip\" title=\"Comprar\" onclick=\"cart.add('31487');\"><span class=\"button\"><i class=\"fa fa-shopping-cart\"><\/i>Comprar<\/span><\/a>\t\t\t\t\t\t\t\t\t\n\t\t\t\t\t\t\t\t\t<a class=\"btn-wishlist\" data-toggle=\"tooltip\" title=\"Lista de desejos\" onclick=\"wishlist.add('31487');\"><i class=\"zmdi zmdi-favorite-outline\"><\/i><\/a>\t\t\t\t\t\t\t\t\t\n\t\t\t\t\t\t\t\t\t<a class=\"btn-compare\" data-toggle=\"tooltip\" title=\"Comparar\" onclick=\"compare.add('31487');\"><i class=\"zmdi zmdi-refresh-alt\"><\/i><\/a>\n\t\t\t\t\t\t\t\t<\/div>\n\t\t\t\t\t\t\t\t<\/div>\n                            <\/div>\n\t\t\t\t\t\t\t<\/div>\n                          <\/div>\n                        <\/div>\n                                            <div class=\"product-layout product-list col-xs-12\">\n                          <div class=\"product-thumb layout1\">\n\t\t\t\t\t\t\t<div class=\"image\">\n                              \t\t\t\t\t\t\t\t                              <a href=\"https:\/\/www.sulcarautopecas.com.br.186-226-60-153.cpanel.site\/lataria-e-carroceria\/friso-esquerdo-parachoque-tras-fastback-abarth-1-3-23-a3738-28069\">\n                                                              <img  src=\"image\/cache\/no_image-100x100.png\" alt=\"Friso Esquerdo Parachoque Tras Fastback ...\" \/>\n                              \t\t\t\t\t\t\t  <img  src=\"\" alt=\"Friso Esquerdo Parachoque Tras Fastback ...\" title=\"Friso Esquerdo Parachoque Tras Fastback ...\" class=\"img-responsive lazy\" \/>\n                              <\/a>\n\t\t\t\t\t\t\t  <div class=\"actions-link\">\t\t\t\t\t\t\t\t\t\n\t\t\t\t\t\t\t\t\t<a class=\"btn-wishlist\" data-toggle=\"tooltip\" title=\"Lista de desejos\" onclick=\"wishlist.add('28069');\"><i class=\"zmdi zmdi-favorite-outline\"><\/i><\/a>\t\t\t\t\t\t\t\t\t\n\t\t\t\t\t\t\t\t\t<a class=\"btn-compare\" data-toggle=\"tooltip\" title=\"Comparar\" onclick=\"compare.add('28069');\"><i class=\"zmdi zmdi-refresh-alt\"><\/i><\/a>\n\t\t\t\t\t\t\t\t<\/div>\n                            <\/div>\n                            <div class=\"product-inner\">\n                              <div class=\"product-caption\">\n\t\t\t\t\t\t\t                                <h2 class=\"product-name\"><a href=\"https:\/\/www.sulcarautopecas.com.br.186-226-60-153.cpanel.site\/lataria-e-carroceria\/friso-esquerdo-parachoque-tras-fastback-abarth-1-3-23-a3738-28069\">Friso Esquerdo Parachoque Tras Fastback ...<\/a><\/h2>\n\t\t\t\t\t\t\t                                     <div class=\"ratings\">\n                                      <div class=\"rating-box\">\n                                                                                        <div class=\"rating0\">rating<\/div>                                                                                                                                                                                                                                                                            <\/div>\n                                  <\/div>\n                              \t\t\t\t\t\t\t                                  <p class=\"price\">\n                                                                    R$220,00                                                                                                    <\/p>\n                                \t\t\t\t\t\t\t \n                              \n\t\t\t\t\t\t\t\t<p class=\"product-des\">Sulcar Auto Pe\u00e7as Blumenau\nTrabalhamos com produtos originais\nFoto reais do produto\nCalcular frete...no mercado de envios\nDemais d\u00favidas...apenas nos pergunte\nAp\u00f3s confirmar do pagamento enviamos em at\u00e9 1 dia \u00fatil\nEntregamos para todo territ\u00f3rio naci..<\/p>\n                              <div class=\"product-intro\">\n\t\t\t\t\t\t\t\t<div class=\"actions-link2\">\n\t\t\t\t\t\t\t\t\t<a class=\"btn-cart\" data-toggle=\"tooltip\" title=\"Comprar\" onclick=\"cart.add('28069');\"><span class=\"button\"><i class=\"fa fa-shopping-cart\"><\/i>Comprar<\/span><\/a>\t\t\t\t\t\t\t\t\t\n\t\t\t\t\t\t\t\t\t<a class=\"btn-wishlist\" data-toggle=\"tooltip\" title=\"Lista de desejos\" onclick=\"wishlist.add('28069');\"><i class=\"zmdi zmdi-favorite-outline\"><\/i><\/a>\t\t\t\t\t\t\t\t\t\n\t\t\t\t\t\t\t\t\t<a class=\"btn-compare\" data-toggle=\"tooltip\" title=\"Comparar\" onclick=\"compare.add('28069');\"><i class=\"zmdi zmdi-refresh-alt\"><\/i><\/a>\n\t\t\t\t\t\t\t\t<\/div>\n\t\t\t\t\t\t\t\t<\/div>\n                            <\/div>\n\t\t\t\t\t\t\t<\/div>\n                          <\/div>\n                        <\/div>\n                                            <div class=\"product-layout product-list col-xs-12\">\n                          <div class=\"product-thumb layout1\">\n\t\t\t\t\t\t\t<div class=\"image\">\n                              \t\t\t\t\t\t\t\t                              <a href=\"https:\/\/www.sulcarautopecas.com.br.186-226-60-153.cpanel.site\/lataria-e-carroceria\/moldura-botao-vidro-eletrico-tras-esq-renault-captur-2022-22219\">\n                                                              <img  src=\"image\/cache\/no_image-100x100.png\" alt=\"Moldura Bot\u00e3o Vidro El\u00e9trico Tras.esq....\" \/>\n                              \t\t\t\t\t\t\t  <img  src=\"\" alt=\"Moldura Bot\u00e3o Vidro El\u00e9trico Tras.esq....\" title=\"Moldura Bot\u00e3o Vidro El\u00e9trico Tras.esq....\" class=\"img-responsive lazy\" \/>\n                              <\/a>\n\t\t\t\t\t\t\t  <div class=\"actions-link\">\t\t\t\t\t\t\t\t\t\n\t\t\t\t\t\t\t\t\t<a class=\"btn-wishlist\" data-toggle=\"tooltip\" title=\"Lista de desejos\" onclick=\"wishlist.add('22219');\"><i class=\"zmdi zmdi-favorite-outline\"><\/i><\/a>\t\t\t\t\t\t\t\t\t\n\t\t\t\t\t\t\t\t\t<a class=\"btn-compare\" data-toggle=\"tooltip\" title=\"Comparar\" onclick=\"compare.add('22219');\"><i class=\"zmdi zmdi-refresh-alt\"><\/i><\/a>\n\t\t\t\t\t\t\t\t<\/div>\n                            <\/div>\n                            <div class=\"product-inner\">\n                              <div class=\"product-caption\">\n\t\t\t\t\t\t\t                                <h2 class=\"product-name\"><a href=\"https:\/\/www.sulcarautopecas.com.br.186-226-60-153.cpanel.site\/lataria-e-carroceria\/moldura-botao-vidro-eletrico-tras-esq-renault-captur-2022-22219\">Moldura Bot\u00e3o Vidro El\u00e9trico Tras.esq....<\/a><\/h2>\n\t\t\t\t\t\t\t                                     <div class=\"ratings\">\n                                      <div class=\"rating-box\">\n                                                                                        <div class=\"rating0\">rating<\/div>                                                                                                                                                                                                                                                                            <\/div>\n                                  <\/div>\n                              \t\t\t\t\t\t\t                                  <p class=\"price\">\n                                                                    R$80,00                                                                                                    <\/p>\n                                \t\t\t\t\t\t\t \n                              \n\t\t\t\t\t\t\t\t<p class=\"product-des\">Trabalhamos com produtos originais, retirados de ve\u00edculos baixados no Detran, com total proced\u00eancia e garantia.\nTodas as nossas fotos s\u00e3o reais do produto.\n\nPara calcular o frente basta aproveitar as vantagens do MERCADO ENVIOS.\nCaso o produto n\u00e3o te..<\/p>\n                              <div class=\"product-intro\">\n\t\t\t\t\t\t\t\t<div class=\"actions-link2\">\n\t\t\t\t\t\t\t\t\t<a class=\"btn-cart\" data-toggle=\"tooltip\" title=\"Comprar\" onclick=\"cart.add('22219');\"><span class=\"button\"><i class=\"fa fa-shopping-cart\"><\/i>Comprar<\/span><\/a>\t\t\t\t\t\t\t\t\t\n\t\t\t\t\t\t\t\t\t<a class=\"btn-wishlist\" data-toggle=\"tooltip\" title=\"Lista de desejos\" onclick=\"wishlist.add('22219');\"><i class=\"zmdi zmdi-favorite-outline\"><\/i><\/a>\t\t\t\t\t\t\t\t\t\n\t\t\t\t\t\t\t\t\t<a class=\"btn-compare\" data-toggle=\"tooltip\" title=\"Comparar\" onclick=\"compare.add('22219');\"><i class=\"zmdi zmdi-refresh-alt\"><\/i><\/a>\n\t\t\t\t\t\t\t\t<\/div>\n\t\t\t\t\t\t\t\t<\/div>\n                            <\/div>\n\t\t\t\t\t\t\t<\/div>\n                          <\/div>\n                        <\/div>\n                                            <div class=\"product-layout product-list col-xs-12\">\n                          <div class=\"product-thumb layout1\">\n\t\t\t\t\t\t\t<div class=\"image\">\n                              \t\t\t\t\t\t\t\t                              <a href=\"https:\/\/www.sulcarautopecas.com.br.186-226-60-153.cpanel.site\/lataria-e-carroceria\/motor-vidro-eletrico-traseiro-esquerdo-hyundai-tucson-2017-14500\">\n                                                              <img  src=\"image\/cache\/no_image-100x100.png\" alt=\"Motor Vidro El\u00e9trico Traseiro Esquerdo ...\" \/>\n                              \t\t\t\t\t\t\t  <img  src=\"\" alt=\"Motor Vidro El\u00e9trico Traseiro Esquerdo ...\" title=\"Motor Vidro El\u00e9trico Traseiro Esquerdo ...\" class=\"img-responsive lazy\" \/>\n                              <\/a>\n\t\t\t\t\t\t\t  <div class=\"actions-link\">\t\t\t\t\t\t\t\t\t\n\t\t\t\t\t\t\t\t\t<a class=\"btn-wishlist\" data-toggle=\"tooltip\" title=\"Lista de desejos\" onclick=\"wishlist.add('14500');\"><i class=\"zmdi zmdi-favorite-outline\"><\/i><\/a>\t\t\t\t\t\t\t\t\t\n\t\t\t\t\t\t\t\t\t<a class=\"btn-compare\" data-toggle=\"tooltip\" title=\"Comparar\" onclick=\"compare.add('14500');\"><i class=\"zmdi zmdi-refresh-alt\"><\/i><\/a>\n\t\t\t\t\t\t\t\t<\/div>\n                            <\/div>\n                            <div class=\"product-inner\">\n                              <div class=\"product-caption\">\n\t\t\t\t\t\t\t                                <h2 class=\"product-name\"><a href=\"https:\/\/www.sulcarautopecas.com.br.186-226-60-153.cpanel.site\/lataria-e-carroceria\/motor-vidro-eletrico-traseiro-esquerdo-hyundai-tucson-2017-14500\">Motor Vidro El\u00e9trico Traseiro Esquerdo ...<\/a><\/h2>\n\t\t\t\t\t\t\t                                     <div class=\"ratings\">\n                                      <div class=\"rating-box\">\n                                                                                        <div class=\"rating0\">rating<\/div>                                                                                                                                                                                                                                                                            <\/div>\n                                  <\/div>\n                              \t\t\t\t\t\t\t                                  <p class=\"price\">\n                                                                    R$140,00                                                                                                    <\/p>\n                                \t\t\t\t\t\t\t \n                              \n\t\t\t\t\t\t\t\t<p class=\"product-des\">*Sulcar Auto Pe\u00e7as Blumenau.\n*Trabalhamos com produtos originais.\n*Foto reais do produto.\n*Calcular frete em mercado envios,caso tenha nos pergunte.\n*Demais D\u00favidas apenas nos pergunte.\n*Ap\u00f3s confirma\u00e7\u00e3o do pagamento enviamos em at\u00e9 1 dia \u00fatil.\n*Entr..<\/p>\n                              <div class=\"product-intro\">\n\t\t\t\t\t\t\t\t<div class=\"actions-link2\">\n\t\t\t\t\t\t\t\t\t<a class=\"btn-cart\" data-toggle=\"tooltip\" title=\"Comprar\" onclick=\"cart.add('14500');\"><span class=\"button\"><i class=\"fa fa-shopping-cart\"><\/i>Comprar<\/span><\/a>\t\t\t\t\t\t\t\t\t\n\t\t\t\t\t\t\t\t\t<a class=\"btn-wishlist\" data-toggle=\"tooltip\" title=\"Lista de desejos\" onclick=\"wishlist.add('14500');\"><i class=\"zmdi zmdi-favorite-outline\"><\/i><\/a>\t\t\t\t\t\t\t\t\t\n\t\t\t\t\t\t\t\t\t<a class=\"btn-compare\" data-toggle=\"tooltip\" title=\"Comparar\" onclick=\"compare.add('14500');\"><i class=\"zmdi zmdi-refresh-alt\"><\/i><\/a>\n\t\t\t\t\t\t\t\t<\/div>\n\t\t\t\t\t\t\t\t<\/div>\n                            <\/div>\n\t\t\t\t\t\t\t<\/div>\n                          <\/div>\n                        <\/div>\n                                            <div class=\"product-layout product-list col-xs-12\">\n                          <div class=\"product-thumb layout1\">\n\t\t\t\t\t\t\t<div class=\"image\">\n                              \t\t\t\t\t\t\t\t                              <a href=\"https:\/\/www.sulcarautopecas.com.br.186-226-60-153.cpanel.site\/lataria-e-carroceria\/macaneta-externa-porta-diant-dir-picasso-32793\">\n                                                              <img  src=\"image\/cache\/no_image-100x100.png\" alt=\"Ma\u00e7aneta Externa Porta Diant Dir Picass...\" \/>\n                              \t\t\t\t\t\t\t  <img  src=\"\" alt=\"Ma\u00e7aneta Externa Porta Diant Dir Picass...\" title=\"Ma\u00e7aneta Externa Porta Diant Dir Picass...\" class=\"img-responsive lazy\" \/>\n                              <\/a>\n\t\t\t\t\t\t\t  <div class=\"actions-link\">\t\t\t\t\t\t\t\t\t\n\t\t\t\t\t\t\t\t\t<a class=\"btn-wishlist\" data-toggle=\"tooltip\" title=\"Lista de desejos\" onclick=\"wishlist.add('32793');\"><i class=\"zmdi zmdi-favorite-outline\"><\/i><\/a>\t\t\t\t\t\t\t\t\t\n\t\t\t\t\t\t\t\t\t<a class=\"btn-compare\" data-toggle=\"tooltip\" title=\"Comparar\" onclick=\"compare.add('32793');\"><i class=\"zmdi zmdi-refresh-alt\"><\/i><\/a>\n\t\t\t\t\t\t\t\t<\/div>\n                            <\/div>\n                            <div class=\"product-inner\">\n                              <div class=\"product-caption\">\n\t\t\t\t\t\t\t                                <h2 class=\"product-name\"><a href=\"https:\/\/www.sulcarautopecas.com.br.186-226-60-153.cpanel.site\/lataria-e-carroceria\/macaneta-externa-porta-diant-dir-picasso-32793\">Ma\u00e7aneta Externa Porta Diant Dir Picass...<\/a><\/h2>\n\t\t\t\t\t\t\t                                     <div class=\"ratings\">\n                                      <div class=\"rating-box\">\n                                                                                        <div class=\"rating0\">rating<\/div>                                                                                                                                                                                                                                                                            <\/div>\n                                  <\/div>\n                              \t\t\t\t\t\t\t                                  <p class=\"price\">\n                                                                    R$70,00                                                                                                    <\/p>\n                                \t\t\t\t\t\t\t \n                              \n\t\t\t\t\t\t\t\t<p class=\"product-des\">*Sulcar Auto Pe\u00e7as Blumenau.\n*Trabalhamos com produtos originais.\n*Foto reais do produto.\n*Calcular frete em mercado envios,caso tenha nos pergunte.\n*Demais D\u00favidas apenas nos pergunte.\n*Ap\u00f3s confirma\u00e7\u00e3o do pagamento enviamos em at\u00e9 1 dia \u00fatil.\n*Entr..<\/p>\n                              <div class=\"product-intro\">\n\t\t\t\t\t\t\t\t<div class=\"actions-link2\">\n\t\t\t\t\t\t\t\t\t<a class=\"btn-cart\" data-toggle=\"tooltip\" title=\"Comprar\" onclick=\"cart.add('32793');\"><span class=\"button\"><i class=\"fa fa-shopping-cart\"><\/i>Comprar<\/span><\/a>\t\t\t\t\t\t\t\t\t\n\t\t\t\t\t\t\t\t\t<a class=\"btn-wishlist\" data-toggle=\"tooltip\" title=\"Lista de desejos\" onclick=\"wishlist.add('32793');\"><i class=\"zmdi zmdi-favorite-outline\"><\/i><\/a>\t\t\t\t\t\t\t\t\t\n\t\t\t\t\t\t\t\t\t<a class=\"btn-compare\" data-toggle=\"tooltip\" title=\"Comparar\" onclick=\"compare.add('32793');\"><i class=\"zmdi zmdi-refresh-alt\"><\/i><\/a>\n\t\t\t\t\t\t\t\t<\/div>\n\t\t\t\t\t\t\t\t<\/div>\n                            <\/div>\n\t\t\t\t\t\t\t<\/div>\n                          <\/div>\n                        <\/div>\n                                            <div class=\"product-layout product-list col-xs-12\">\n                          <div class=\"product-thumb layout1\">\n\t\t\t\t\t\t\t<div class=\"image\">\n                              \t\t\t\t\t\t\t\t                              <a href=\"https:\/\/www.sulcarautopecas.com.br.186-226-60-153.cpanel.site\/lataria-e-carroceria\/soleira-porta-dianteira-esquerda-nissan-kicks-2019-29946\">\n                                                              <img  src=\"image\/cache\/no_image-100x100.png\" alt=\"Soleira Porta Dianteira Esquerda Nissan ...\" \/>\n                              \t\t\t\t\t\t\t  <img  src=\"\" alt=\"Soleira Porta Dianteira Esquerda Nissan ...\" title=\"Soleira Porta Dianteira Esquerda Nissan ...\" class=\"img-responsive lazy\" \/>\n                              <\/a>\n\t\t\t\t\t\t\t  <div class=\"actions-link\">\t\t\t\t\t\t\t\t\t\n\t\t\t\t\t\t\t\t\t<a class=\"btn-wishlist\" data-toggle=\"tooltip\" title=\"Lista de desejos\" onclick=\"wishlist.add('29946');\"><i class=\"zmdi zmdi-favorite-outline\"><\/i><\/a>\t\t\t\t\t\t\t\t\t\n\t\t\t\t\t\t\t\t\t<a class=\"btn-compare\" data-toggle=\"tooltip\" title=\"Comparar\" onclick=\"compare.add('29946');\"><i class=\"zmdi zmdi-refresh-alt\"><\/i><\/a>\n\t\t\t\t\t\t\t\t<\/div>\n                            <\/div>\n                            <div class=\"product-inner\">\n                              <div class=\"product-caption\">\n\t\t\t\t\t\t\t                                <h2 class=\"product-name\"><a href=\"https:\/\/www.sulcarautopecas.com.br.186-226-60-153.cpanel.site\/lataria-e-carroceria\/soleira-porta-dianteira-esquerda-nissan-kicks-2019-29946\">Soleira Porta Dianteira Esquerda Nissan ...<\/a><\/h2>\n\t\t\t\t\t\t\t                                     <div class=\"ratings\">\n                                      <div class=\"rating-box\">\n                                                                                        <div class=\"rating0\">rating<\/div>                                                                                                                                                                                                                                                                            <\/div>\n                                  <\/div>\n                              \t\t\t\t\t\t\t                                  <p class=\"price\">\n                                                                    R$70,00                                                                                                    <\/p>\n                                \t\t\t\t\t\t\t \n                              \n\t\t\t\t\t\t\t\t<p class=\"product-des\">*Sulcar Auto Pe\u00e7as Blumenau.\n*Trabalhamos com produtos originais.\n*Foto reais do produto.\n*Calcular frete em mercado envios,caso tenha nos pergunte.\n*Demais D\u00favidas apenas nos pergunte.\n*Ap\u00f3s confirma\u00e7\u00e3o do pagamento enviamos em at\u00e9 1 dia \u00fatil.\n*Entr..<\/p>\n                              <div class=\"product-intro\">\n\t\t\t\t\t\t\t\t<div class=\"actions-link2\">\n\t\t\t\t\t\t\t\t\t<a class=\"btn-cart\" data-toggle=\"tooltip\" title=\"Comprar\" onclick=\"cart.add('29946');\"><span class=\"button\"><i class=\"fa fa-shopping-cart\"><\/i>Comprar<\/span><\/a>\t\t\t\t\t\t\t\t\t\n\t\t\t\t\t\t\t\t\t<a class=\"btn-wishlist\" data-toggle=\"tooltip\" title=\"Lista de desejos\" onclick=\"wishlist.add('29946');\"><i class=\"zmdi zmdi-favorite-outline\"><\/i><\/a>\t\t\t\t\t\t\t\t\t\n\t\t\t\t\t\t\t\t\t<a class=\"btn-compare\" data-toggle=\"tooltip\" title=\"Comparar\" onclick=\"compare.add('29946');\"><i class=\"zmdi zmdi-refresh-alt\"><\/i><\/a>\n\t\t\t\t\t\t\t\t<\/div>\n\t\t\t\t\t\t\t\t<\/div>\n                            <\/div>\n\t\t\t\t\t\t\t<\/div>\n                          <\/div>\n                        <\/div>\n                                            <div class=\"product-layout product-list col-xs-12\">\n                          <div class=\"product-thumb layout1\">\n\t\t\t\t\t\t\t<div class=\"image\">\n                              \t\t\t\t\t\t\t\t                              <a href=\"https:\/\/www.sulcarautopecas.com.br.186-226-60-153.cpanel.site\/lataria-e-carroceria\/pestana-interna-porta-diant-dir-gm-tracker-2021-24507\">\n                                                              <img  src=\"image\/cache\/no_image-100x100.png\" alt=\"Pestana Interna Porta Diant Dir Gm Track...\" \/>\n                              \t\t\t\t\t\t\t  <img  src=\"\" alt=\"Pestana Interna Porta Diant Dir Gm Track...\" title=\"Pestana Interna Porta Diant Dir Gm Track...\" class=\"img-responsive lazy\" \/>\n                              <\/a>\n\t\t\t\t\t\t\t  <div class=\"actions-link\">\t\t\t\t\t\t\t\t\t\n\t\t\t\t\t\t\t\t\t<a class=\"btn-wishlist\" data-toggle=\"tooltip\" title=\"Lista de desejos\" onclick=\"wishlist.add('24507');\"><i class=\"zmdi zmdi-favorite-outline\"><\/i><\/a>\t\t\t\t\t\t\t\t\t\n\t\t\t\t\t\t\t\t\t<a class=\"btn-compare\" data-toggle=\"tooltip\" title=\"Comparar\" onclick=\"compare.add('24507');\"><i class=\"zmdi zmdi-refresh-alt\"><\/i><\/a>\n\t\t\t\t\t\t\t\t<\/div>\n                            <\/div>\n                            <div class=\"product-inner\">\n                              <div class=\"product-caption\">\n\t\t\t\t\t\t\t                                <h2 class=\"product-name\"><a href=\"https:\/\/www.sulcarautopecas.com.br.186-226-60-153.cpanel.site\/lataria-e-carroceria\/pestana-interna-porta-diant-dir-gm-tracker-2021-24507\">Pestana Interna Porta Diant Dir Gm Track...<\/a><\/h2>\n\t\t\t\t\t\t\t                                     <div class=\"ratings\">\n                                      <div class=\"rating-box\">\n                                                                                        <div class=\"rating0\">rating<\/div>                                                                                                                                                                                                                                                                            <\/div>\n                                  <\/div>\n                              \t\t\t\t\t\t\t                                  <p class=\"price\">\n                                                                    R$90,00                                                                                                    <\/p>\n                                \t\t\t\t\t\t\t \n                              \n\t\t\t\t\t\t\t\t<p class=\"product-des\">Trabalhamos com produtos originais, retirados de ve\u00edculos baixados no Detran, com toda a proced\u00eancia e garantia.\nTodas as nossas fotos s\u00e3o reais do produto.\n\n\nPara calcular o frete basta aproveitar as vantagens do MERCADO ENVIOS.\nCaso o produto n\u00e3o t..<\/p>\n                              <div class=\"product-intro\">\n\t\t\t\t\t\t\t\t<div class=\"actions-link2\">\n\t\t\t\t\t\t\t\t\t<a class=\"btn-cart\" data-toggle=\"tooltip\" title=\"Comprar\" onclick=\"cart.add('24507');\"><span class=\"button\"><i class=\"fa fa-shopping-cart\"><\/i>Comprar<\/span><\/a>\t\t\t\t\t\t\t\t\t\n\t\t\t\t\t\t\t\t\t<a class=\"btn-wishlist\" data-toggle=\"tooltip\" title=\"Lista de desejos\" onclick=\"wishlist.add('24507');\"><i class=\"zmdi zmdi-favorite-outline\"><\/i><\/a>\t\t\t\t\t\t\t\t\t\n\t\t\t\t\t\t\t\t\t<a class=\"btn-compare\" data-toggle=\"tooltip\" title=\"Comparar\" onclick=\"compare.add('24507');\"><i class=\"zmdi zmdi-refresh-alt\"><\/i><\/a>\n\t\t\t\t\t\t\t\t<\/div>\n\t\t\t\t\t\t\t\t<\/div>\n                            <\/div>\n\t\t\t\t\t\t\t<\/div>\n                          <\/div>\n                        <\/div>\n                                            <div class=\"product-layout product-list col-xs-12\">\n                          <div class=\"product-thumb layout1\">\n\t\t\t\t\t\t\t<div class=\"image\">\n                              \t\t\t\t\t\t\t\t                              <a href=\"https:\/\/www.sulcarautopecas.com.br.186-226-60-153.cpanel.site\/lataria-e-carroceria\/vidro-fixo-porta-traseira-esquerda-toyota-corolla-2015-18-18838\">\n                                                              <img  src=\"image\/cache\/no_image-100x100.png\" alt=\"Vidro Fixo Porta Traseira Esquerda Toyot...\" \/>\n                              \t\t\t\t\t\t\t  <img  src=\"\" alt=\"Vidro Fixo Porta Traseira Esquerda Toyot...\" title=\"Vidro Fixo Porta Traseira Esquerda Toyot...\" class=\"img-responsive lazy\" \/>\n                              <\/a>\n\t\t\t\t\t\t\t  <div class=\"actions-link\">\t\t\t\t\t\t\t\t\t\n\t\t\t\t\t\t\t\t\t<a class=\"btn-wishlist\" data-toggle=\"tooltip\" title=\"Lista de desejos\" onclick=\"wishlist.add('18838');\"><i class=\"zmdi zmdi-favorite-outline\"><\/i><\/a>\t\t\t\t\t\t\t\t\t\n\t\t\t\t\t\t\t\t\t<a class=\"btn-compare\" data-toggle=\"tooltip\" title=\"Comparar\" onclick=\"compare.add('18838');\"><i class=\"zmdi zmdi-refresh-alt\"><\/i><\/a>\n\t\t\t\t\t\t\t\t<\/div>\n                            <\/div>\n                            <div class=\"product-inner\">\n                              <div class=\"product-caption\">\n\t\t\t\t\t\t\t                                <h2 class=\"product-name\"><a href=\"https:\/\/www.sulcarautopecas.com.br.186-226-60-153.cpanel.site\/lataria-e-carroceria\/vidro-fixo-porta-traseira-esquerda-toyota-corolla-2015-18-18838\">Vidro Fixo Porta Traseira Esquerda Toyot...<\/a><\/h2>\n\t\t\t\t\t\t\t                                     <div class=\"ratings\">\n                                      <div class=\"rating-box\">\n                                                                                        <div class=\"rating0\">rating<\/div>                                                                                                                                                                                                                                                                            <\/div>\n                                  <\/div>\n                              \t\t\t\t\t\t\t                                  <p class=\"price\">\n                                                                    R$130,00                                                                                                    <\/p>\n                                \t\t\t\t\t\t\t \n                              \n\t\t\t\t\t\t\t\t<p class=\"product-des\">Sulcar Auto Pe\u00e7as Blumenau\nTrabalhamos com produtos originais \nFoto reais do produto \nCalcular frete...no mercado de envios \nDemais d\u00favidas...apenas nos pergunte \nAp\u00f3s confirmar do pagamento enviamos em at\u00e9 1 dia \u00fatil \nEntregamos para todo territ\u00f3rio..<\/p>\n                              <div class=\"product-intro\">\n\t\t\t\t\t\t\t\t<div class=\"actions-link2\">\n\t\t\t\t\t\t\t\t\t<a class=\"btn-cart\" data-toggle=\"tooltip\" title=\"Comprar\" onclick=\"cart.add('18838');\"><span class=\"button\"><i class=\"fa fa-shopping-cart\"><\/i>Comprar<\/span><\/a>\t\t\t\t\t\t\t\t\t\n\t\t\t\t\t\t\t\t\t<a class=\"btn-wishlist\" data-toggle=\"tooltip\" title=\"Lista de desejos\" onclick=\"wishlist.add('18838');\"><i class=\"zmdi zmdi-favorite-outline\"><\/i><\/a>\t\t\t\t\t\t\t\t\t\n\t\t\t\t\t\t\t\t\t<a class=\"btn-compare\" data-toggle=\"tooltip\" title=\"Comparar\" onclick=\"compare.add('18838');\"><i class=\"zmdi zmdi-refresh-alt\"><\/i><\/a>\n\t\t\t\t\t\t\t\t<\/div>\n\t\t\t\t\t\t\t\t<\/div>\n                            <\/div>\n\t\t\t\t\t\t\t<\/div>\n                          <\/div>\n                        <\/div>\n                                            <div class=\"product-layout product-list col-xs-12\">\n                          <div class=\"product-thumb layout1\">\n\t\t\t\t\t\t\t<div class=\"image\">\n                              \t\t\t\t\t\t\t\t                              <a href=\"https:\/\/www.sulcarautopecas.com.br.186-226-60-153.cpanel.site\/lataria-e-carroceria\/acabamento-interno-forro-porta-diant-esq-vw-nivus-2023-34116\">\n                                                              <img  src=\"image\/cache\/no_image-100x100.png\" alt=\"Acabamento Interno Forro Porta Diant Esq...\" \/>\n                              \t\t\t\t\t\t\t  <img  src=\"\" alt=\"Acabamento Interno Forro Porta Diant Esq...\" title=\"Acabamento Interno Forro Porta Diant Esq...\" class=\"img-responsive lazy\" \/>\n                              <\/a>\n\t\t\t\t\t\t\t  <div class=\"actions-link\">\t\t\t\t\t\t\t\t\t\n\t\t\t\t\t\t\t\t\t<a class=\"btn-wishlist\" data-toggle=\"tooltip\" title=\"Lista de desejos\" onclick=\"wishlist.add('34116');\"><i class=\"zmdi zmdi-favorite-outline\"><\/i><\/a>\t\t\t\t\t\t\t\t\t\n\t\t\t\t\t\t\t\t\t<a class=\"btn-compare\" data-toggle=\"tooltip\" title=\"Comparar\" onclick=\"compare.add('34116');\"><i class=\"zmdi zmdi-refresh-alt\"><\/i><\/a>\n\t\t\t\t\t\t\t\t<\/div>\n                            <\/div>\n                            <div class=\"product-inner\">\n                              <div class=\"product-caption\">\n\t\t\t\t\t\t\t                                <h2 class=\"product-name\"><a href=\"https:\/\/www.sulcarautopecas.com.br.186-226-60-153.cpanel.site\/lataria-e-carroceria\/acabamento-interno-forro-porta-diant-esq-vw-nivus-2023-34116\">Acabamento Interno Forro Porta Diant Esq...<\/a><\/h2>\n\t\t\t\t\t\t\t                                     <div class=\"ratings\">\n                                      <div class=\"rating-box\">\n                                                                                        <div class=\"rating0\">rating<\/div>                                                                                                                                                                                                                                                                            <\/div>\n                                  <\/div>\n                              \t\t\t\t\t\t\t                                  <p class=\"price\">\n                                                                    R$50,00                                                                                                    <\/p>\n                                \t\t\t\t\t\t\t \n                              \n\t\t\t\t\t\t\t\t<p class=\"product-des\">*Sulcar Auto Pe\u00e7as Blumenau.\n*Trabalhamos com produtos originais.\n*Foto reais do produto.\n*Calcular frete em mercado envios,caso tenha nos pergunte.\n*Demais D\u00favidas apenas nos pergunte.\n*Ap\u00f3s confirma\u00e7\u00e3o do pagamento enviamos em at\u00e9 1 dia \u00fatil.\n*Entr..<\/p>\n                              <div class=\"product-intro\">\n\t\t\t\t\t\t\t\t<div class=\"actions-link2\">\n\t\t\t\t\t\t\t\t\t<a class=\"btn-cart\" data-toggle=\"tooltip\" title=\"Comprar\" onclick=\"cart.add('34116');\"><span class=\"button\"><i class=\"fa fa-shopping-cart\"><\/i>Comprar<\/span><\/a>\t\t\t\t\t\t\t\t\t\n\t\t\t\t\t\t\t\t\t<a class=\"btn-wishlist\" data-toggle=\"tooltip\" title=\"Lista de desejos\" onclick=\"wishlist.add('34116');\"><i class=\"zmdi zmdi-favorite-outline\"><\/i><\/a>\t\t\t\t\t\t\t\t\t\n\t\t\t\t\t\t\t\t\t<a class=\"btn-compare\" data-toggle=\"tooltip\" title=\"Comparar\" onclick=\"compare.add('34116');\"><i class=\"zmdi zmdi-refresh-alt\"><\/i><\/a>\n\t\t\t\t\t\t\t\t<\/div>\n\t\t\t\t\t\t\t\t<\/div>\n                            <\/div>\n\t\t\t\t\t\t\t<\/div>\n                          <\/div>\n                        <\/div>\n                                            <div class=\"product-layout product-list col-xs-12\">\n                          <div class=\"product-thumb layout1\">\n\t\t\t\t\t\t\t<div class=\"image\">\n                              \t\t\t\t\t\t\t\t                              <a href=\"https:\/\/www.sulcarautopecas.com.br.186-226-60-153.cpanel.site\/lataria-e-carroceria\/pestana-externa-porta-traseira-esqueda-duster-2024-a6640-31169\">\n                                                              <img  src=\"image\/cache\/no_image-100x100.png\" alt=\"Pestana Externa Porta Traseira Esqueda D...\" \/>\n                              \t\t\t\t\t\t\t  <img  src=\"\" alt=\"Pestana Externa Porta Traseira Esqueda D...\" title=\"Pestana Externa Porta Traseira Esqueda D...\" class=\"img-responsive lazy\" \/>\n                              <\/a>\n\t\t\t\t\t\t\t  <div class=\"actions-link\">\t\t\t\t\t\t\t\t\t\n\t\t\t\t\t\t\t\t\t<a class=\"btn-wishlist\" data-toggle=\"tooltip\" title=\"Lista de desejos\" onclick=\"wishlist.add('31169');\"><i class=\"zmdi zmdi-favorite-outline\"><\/i><\/a>\t\t\t\t\t\t\t\t\t\n\t\t\t\t\t\t\t\t\t<a class=\"btn-compare\" data-toggle=\"tooltip\" title=\"Comparar\" onclick=\"compare.add('31169');\"><i class=\"zmdi zmdi-refresh-alt\"><\/i><\/a>\n\t\t\t\t\t\t\t\t<\/div>\n                            <\/div>\n                            <div class=\"product-inner\">\n                              <div class=\"product-caption\">\n\t\t\t\t\t\t\t                                <h2 class=\"product-name\"><a href=\"https:\/\/www.sulcarautopecas.com.br.186-226-60-153.cpanel.site\/lataria-e-carroceria\/pestana-externa-porta-traseira-esqueda-duster-2024-a6640-31169\">Pestana Externa Porta Traseira Esqueda D...<\/a><\/h2>\n\t\t\t\t\t\t\t                                     <div class=\"ratings\">\n                                      <div class=\"rating-box\">\n                                                                                        <div class=\"rating0\">rating<\/div>                                                                                                                                                                                                                                                                            <\/div>\n                                  <\/div>\n                              \t\t\t\t\t\t\t                                  <p class=\"price\">\n                                                                    R$150,00                                                                                                    <\/p>\n                                \t\t\t\t\t\t\t \n                              \n\t\t\t\t\t\t\t\t<p class=\"product-des\">Sulcar Auto Pe\u00e7as Blumenau\nTrabalhamos com produtos originais\nFoto reais do produto\nCalcular frete...no mercado de envios\nDemais d\u00favidas...apenas nos pergunte\nAp\u00f3s confirmar do pagamento enviamos em at\u00e9 1 dia \u00fatil\nEntregamos para todo territ\u00f3rio naci..<\/p>\n                              <div class=\"product-intro\">\n\t\t\t\t\t\t\t\t<div class=\"actions-link2\">\n\t\t\t\t\t\t\t\t\t<a class=\"btn-cart\" data-toggle=\"tooltip\" title=\"Comprar\" onclick=\"cart.add('31169');\"><span class=\"button\"><i class=\"fa fa-shopping-cart\"><\/i>Comprar<\/span><\/a>\t\t\t\t\t\t\t\t\t\n\t\t\t\t\t\t\t\t\t<a class=\"btn-wishlist\" data-toggle=\"tooltip\" title=\"Lista de desejos\" onclick=\"wishlist.add('31169');\"><i class=\"zmdi zmdi-favorite-outline\"><\/i><\/a>\t\t\t\t\t\t\t\t\t\n\t\t\t\t\t\t\t\t\t<a class=\"btn-compare\" data-toggle=\"tooltip\" title=\"Comparar\" onclick=\"compare.add('31169');\"><i class=\"zmdi zmdi-refresh-alt\"><\/i><\/a>\n\t\t\t\t\t\t\t\t<\/div>\n\t\t\t\t\t\t\t\t<\/div>\n                            <\/div>\n\t\t\t\t\t\t\t<\/div>\n                          <\/div>\n                        <\/div>\n                                            <div class=\"product-layout product-list col-xs-12\">\n                          <div class=\"product-thumb layout1\">\n\t\t\t\t\t\t\t<div class=\"image\">\n                              \t\t\t\t\t\t\t\t                              <a href=\"https:\/\/www.sulcarautopecas.com.br.186-226-60-153.cpanel.site\/lataria-e-carroceria\/par-dobradica-porta-diant-esq-renault-duster-2023-a2975-27365\">\n                                                              <img  src=\"image\/cache\/no_image-100x100.png\" alt=\"Par Dobradi\u00e7a Porta Diant Esq Renault D...\" \/>\n                              \t\t\t\t\t\t\t  <img  src=\"\" alt=\"Par Dobradi\u00e7a Porta Diant Esq Renault D...\" title=\"Par Dobradi\u00e7a Porta Diant Esq Renault D...\" class=\"img-responsive lazy\" \/>\n                              <\/a>\n\t\t\t\t\t\t\t  <div class=\"actions-link\">\t\t\t\t\t\t\t\t\t\n\t\t\t\t\t\t\t\t\t<a class=\"btn-wishlist\" data-toggle=\"tooltip\" title=\"Lista de desejos\" onclick=\"wishlist.add('27365');\"><i class=\"zmdi zmdi-favorite-outline\"><\/i><\/a>\t\t\t\t\t\t\t\t\t\n\t\t\t\t\t\t\t\t\t<a class=\"btn-compare\" data-toggle=\"tooltip\" title=\"Comparar\" onclick=\"compare.add('27365');\"><i class=\"zmdi zmdi-refresh-alt\"><\/i><\/a>\n\t\t\t\t\t\t\t\t<\/div>\n                            <\/div>\n                            <div class=\"product-inner\">\n                              <div class=\"product-caption\">\n\t\t\t\t\t\t\t                                <h2 class=\"product-name\"><a href=\"https:\/\/www.sulcarautopecas.com.br.186-226-60-153.cpanel.site\/lataria-e-carroceria\/par-dobradica-porta-diant-esq-renault-duster-2023-a2975-27365\">Par Dobradi\u00e7a Porta Diant Esq Renault D...<\/a><\/h2>\n\t\t\t\t\t\t\t                                     <div class=\"ratings\">\n                                      <div class=\"rating-box\">\n                                                                                        <div class=\"rating0\">rating<\/div>                                                                                                                                                                                                                                                                            <\/div>\n                                  <\/div>\n                              \t\t\t\t\t\t\t                                  <p class=\"price\">\n                                                                    R$70,00                                                                                                    <\/p>\n                                \t\t\t\t\t\t\t \n                              \n\t\t\t\t\t\t\t\t<p class=\"product-des\">Sulcar Auto Pe\u00e7as Blumenau\nTrabalhamos com produtos originais\nFoto reais do produto\nCalcular frete...no mercado de envios\nDemais d\u00favidas...apenas nos pergunte\nAp\u00f3s confirmar do pagamento enviamos em at\u00e9 1 dia \u00fatil\nEntregamos para todo territ\u00f3rio naci..<\/p>\n                              <div class=\"product-intro\">\n\t\t\t\t\t\t\t\t<div class=\"actions-link2\">\n\t\t\t\t\t\t\t\t\t<a class=\"btn-cart\" data-toggle=\"tooltip\" title=\"Comprar\" onclick=\"cart.add('27365');\"><span class=\"button\"><i class=\"fa fa-shopping-cart\"><\/i>Comprar<\/span><\/a>\t\t\t\t\t\t\t\t\t\n\t\t\t\t\t\t\t\t\t<a class=\"btn-wishlist\" data-toggle=\"tooltip\" title=\"Lista de desejos\" onclick=\"wishlist.add('27365');\"><i class=\"zmdi zmdi-favorite-outline\"><\/i><\/a>\t\t\t\t\t\t\t\t\t\n\t\t\t\t\t\t\t\t\t<a class=\"btn-compare\" data-toggle=\"tooltip\" title=\"Comparar\" onclick=\"compare.add('27365');\"><i class=\"zmdi zmdi-refresh-alt\"><\/i><\/a>\n\t\t\t\t\t\t\t\t<\/div>\n\t\t\t\t\t\t\t\t<\/div>\n                            <\/div>\n\t\t\t\t\t\t\t<\/div>\n                          <\/div>\n                        <\/div>\n                                            <div class=\"product-layout product-list col-xs-12\">\n                          <div class=\"product-thumb layout1\">\n\t\t\t\t\t\t\t<div class=\"image\">\n                              \t\t\t\t\t\t\t\t                              <a href=\"https:\/\/www.sulcarautopecas.com.br.186-226-60-153.cpanel.site\/lataria-e-carroceria\/canaleta-porta-traseira-esquerda-honda-wr-v-2017-21558\">\n                                                              <img  src=\"image\/cache\/no_image-100x100.png\" alt=\"Canaleta Porta Traseira Esquerda Honda W...\" \/>\n                              \t\t\t\t\t\t\t  <img  src=\"\" alt=\"Canaleta Porta Traseira Esquerda Honda W...\" title=\"Canaleta Porta Traseira Esquerda Honda W...\" class=\"img-responsive lazy\" \/>\n                              <\/a>\n\t\t\t\t\t\t\t  <div class=\"actions-link\">\t\t\t\t\t\t\t\t\t\n\t\t\t\t\t\t\t\t\t<a class=\"btn-wishlist\" data-toggle=\"tooltip\" title=\"Lista de desejos\" onclick=\"wishlist.add('21558');\"><i class=\"zmdi zmdi-favorite-outline\"><\/i><\/a>\t\t\t\t\t\t\t\t\t\n\t\t\t\t\t\t\t\t\t<a class=\"btn-compare\" data-toggle=\"tooltip\" title=\"Comparar\" onclick=\"compare.add('21558');\"><i class=\"zmdi zmdi-refresh-alt\"><\/i><\/a>\n\t\t\t\t\t\t\t\t<\/div>\n                            <\/div>\n                            <div class=\"product-inner\">\n                              <div class=\"product-caption\">\n\t\t\t\t\t\t\t                                <h2 class=\"product-name\"><a href=\"https:\/\/www.sulcarautopecas.com.br.186-226-60-153.cpanel.site\/lataria-e-carroceria\/canaleta-porta-traseira-esquerda-honda-wr-v-2017-21558\">Canaleta Porta Traseira Esquerda Honda W...<\/a><\/h2>\n\t\t\t\t\t\t\t                                     <div class=\"ratings\">\n                                      <div class=\"rating-box\">\n                                                                                        <div class=\"rating0\">rating<\/div>                                                                                                                                                                                                                                                                            <\/div>\n                                  <\/div>\n                              \t\t\t\t\t\t\t                                  <p class=\"price\">\n                                                                    R$100,00                                                                                                    <\/p>\n                                \t\t\t\t\t\t\t \n                              \n\t\t\t\t\t\t\t\t<p class=\"product-des\">Trabalhamos com produtos originais, retirados de ve\u00edculos baixados no Detran, com total proced\u00eancia e garantia.\nTodas as nossas fotos s\u00e3o reais do produto.\n\nPara calcular o frente basta aproveitar as vantagens do MERCADO ENVIOS.\nCaso o produto n\u00e3o te..<\/p>\n                              <div class=\"product-intro\">\n\t\t\t\t\t\t\t\t<div class=\"actions-link2\">\n\t\t\t\t\t\t\t\t\t<a class=\"btn-cart\" data-toggle=\"tooltip\" title=\"Comprar\" onclick=\"cart.add('21558');\"><span class=\"button\"><i class=\"fa fa-shopping-cart\"><\/i>Comprar<\/span><\/a>\t\t\t\t\t\t\t\t\t\n\t\t\t\t\t\t\t\t\t<a class=\"btn-wishlist\" data-toggle=\"tooltip\" title=\"Lista de desejos\" onclick=\"wishlist.add('21558');\"><i class=\"zmdi zmdi-favorite-outline\"><\/i><\/a>\t\t\t\t\t\t\t\t\t\n\t\t\t\t\t\t\t\t\t<a class=\"btn-compare\" data-toggle=\"tooltip\" title=\"Comparar\" onclick=\"compare.add('21558');\"><i class=\"zmdi zmdi-refresh-alt\"><\/i><\/a>\n\t\t\t\t\t\t\t\t<\/div>\n\t\t\t\t\t\t\t\t<\/div>\n                            <\/div>\n\t\t\t\t\t\t\t<\/div>\n                          <\/div>\n                        <\/div>\n                                            <div class=\"product-layout product-list col-xs-12\">\n                          <div class=\"product-thumb layout1\">\n\t\t\t\t\t\t\t<div class=\"image\">\n                              \t\t\t\t\t\t\t\t                              <a href=\"https:\/\/www.sulcarautopecas.com.br.186-226-60-153.cpanel.site\/lataria-e-carroceria\/jogo-macaneta-porta-interno-peugeot-208-griffe-2015-12831\">\n                                                              <img  src=\"image\/cache\/no_image-100x100.png\" alt=\"Jogo Ma\u00e7aneta Porta Interno Peugeot 208...\" \/>\n                              \t\t\t\t\t\t\t  <img  src=\"\" alt=\"Jogo Ma\u00e7aneta Porta Interno Peugeot 208...\" title=\"Jogo Ma\u00e7aneta Porta Interno Peugeot 208...\" class=\"img-responsive lazy\" \/>\n                              <\/a>\n\t\t\t\t\t\t\t  <div class=\"actions-link\">\t\t\t\t\t\t\t\t\t\n\t\t\t\t\t\t\t\t\t<a class=\"btn-wishlist\" data-toggle=\"tooltip\" title=\"Lista de desejos\" onclick=\"wishlist.add('12831');\"><i class=\"zmdi zmdi-favorite-outline\"><\/i><\/a>\t\t\t\t\t\t\t\t\t\n\t\t\t\t\t\t\t\t\t<a class=\"btn-compare\" data-toggle=\"tooltip\" title=\"Comparar\" onclick=\"compare.add('12831');\"><i class=\"zmdi zmdi-refresh-alt\"><\/i><\/a>\n\t\t\t\t\t\t\t\t<\/div>\n                            <\/div>\n                            <div class=\"product-inner\">\n                              <div class=\"product-caption\">\n\t\t\t\t\t\t\t                                <h2 class=\"product-name\"><a href=\"https:\/\/www.sulcarautopecas.com.br.186-226-60-153.cpanel.site\/lataria-e-carroceria\/jogo-macaneta-porta-interno-peugeot-208-griffe-2015-12831\">Jogo Ma\u00e7aneta Porta Interno Peugeot 208...<\/a><\/h2>\n\t\t\t\t\t\t\t                                     <div class=\"ratings\">\n                                      <div class=\"rating-box\">\n                                                                                        <div class=\"rating0\">rating<\/div>                                                                                                                                                                                                                                                                            <\/div>\n                                  <\/div>\n                              \t\t\t\t\t\t\t                                  <p class=\"price\">\n                                                                    R$150,00                                                                                                    <\/p>\n                                \t\t\t\t\t\t\t \n                              \n\t\t\t\t\t\t\t\t<p class=\"product-des\">..<\/p>\n                              <div class=\"product-intro\">\n\t\t\t\t\t\t\t\t<div class=\"actions-link2\">\n\t\t\t\t\t\t\t\t\t<a class=\"btn-cart\" data-toggle=\"tooltip\" title=\"Comprar\" onclick=\"cart.add('12831');\"><span class=\"button\"><i class=\"fa fa-shopping-cart\"><\/i>Comprar<\/span><\/a>\t\t\t\t\t\t\t\t\t\n\t\t\t\t\t\t\t\t\t<a class=\"btn-wishlist\" data-toggle=\"tooltip\" title=\"Lista de desejos\" onclick=\"wishlist.add('12831');\"><i class=\"zmdi zmdi-favorite-outline\"><\/i><\/a>\t\t\t\t\t\t\t\t\t\n\t\t\t\t\t\t\t\t\t<a class=\"btn-compare\" data-toggle=\"tooltip\" title=\"Comparar\" onclick=\"compare.add('12831');\"><i class=\"zmdi zmdi-refresh-alt\"><\/i><\/a>\n\t\t\t\t\t\t\t\t<\/div>\n\t\t\t\t\t\t\t\t<\/div>\n                            <\/div>\n\t\t\t\t\t\t\t<\/div>\n                          <\/div>\n                        <\/div>\n                                            <div class=\"product-layout product-list col-xs-12\">\n                          <div class=\"product-thumb layout1\">\n\t\t\t\t\t\t\t<div class=\"image\">\n                              \t\t\t\t\t\t\t\t                              <a href=\"https:\/\/www.sulcarautopecas.com.br.186-226-60-153.cpanel.site\/lataria-e-carroceria\/guia-parachoque-traseiro-direito-toyota-corolla-cross-xre-25-32298\">\n                                                              <img  src=\"image\/cache\/no_image-100x100.png\" alt=\"Guia Parachoque Traseiro Direito Toyota ...\" \/>\n                              \t\t\t\t\t\t\t  <img  src=\"\" alt=\"Guia Parachoque Traseiro Direito Toyota ...\" title=\"Guia Parachoque Traseiro Direito Toyota ...\" class=\"img-responsive lazy\" \/>\n                              <\/a>\n\t\t\t\t\t\t\t  <div class=\"actions-link\">\t\t\t\t\t\t\t\t\t\n\t\t\t\t\t\t\t\t\t<a class=\"btn-wishlist\" data-toggle=\"tooltip\" title=\"Lista de desejos\" onclick=\"wishlist.add('32298');\"><i class=\"zmdi zmdi-favorite-outline\"><\/i><\/a>\t\t\t\t\t\t\t\t\t\n\t\t\t\t\t\t\t\t\t<a class=\"btn-compare\" data-toggle=\"tooltip\" title=\"Comparar\" onclick=\"compare.add('32298');\"><i class=\"zmdi zmdi-refresh-alt\"><\/i><\/a>\n\t\t\t\t\t\t\t\t<\/div>\n                            <\/div>\n                            <div class=\"product-inner\">\n                              <div class=\"product-caption\">\n\t\t\t\t\t\t\t                                <h2 class=\"product-name\"><a href=\"https:\/\/www.sulcarautopecas.com.br.186-226-60-153.cpanel.site\/lataria-e-carroceria\/guia-parachoque-traseiro-direito-toyota-corolla-cross-xre-25-32298\">Guia Parachoque Traseiro Direito Toyota ...<\/a><\/h2>\n\t\t\t\t\t\t\t                                     <div class=\"ratings\">\n                                      <div class=\"rating-box\">\n                                                                                        <div class=\"rating0\">rating<\/div>                                                                                                                                                                                                                                                                            <\/div>\n                                  <\/div>\n                              \t\t\t\t\t\t\t                                  <p class=\"price\">\n                                                                    R$140,00                                                                                                    <\/p>\n                                \t\t\t\t\t\t\t \n                              \n\t\t\t\t\t\t\t\t<p class=\"product-des\">*Sulcar Auto Pe\u00e7as Blumenau.\n*Trabalhamos com produtos originais.\n*Foto reais do produto.\n*Calcular frete em mercado envios,caso tenha nos pergunte.\n*Demais D\u00favidas apenas nos pergunte.\n*Ap\u00f3s confirma\u00e7\u00e3o do pagamento enviamos em at\u00e9 1 dia \u00fatil.\n*Entr..<\/p>\n                              <div class=\"product-intro\">\n\t\t\t\t\t\t\t\t<div class=\"actions-link2\">\n\t\t\t\t\t\t\t\t\t<a class=\"btn-cart\" data-toggle=\"tooltip\" title=\"Comprar\" onclick=\"cart.add('32298');\"><span class=\"button\"><i class=\"fa fa-shopping-cart\"><\/i>Comprar<\/span><\/a>\t\t\t\t\t\t\t\t\t\n\t\t\t\t\t\t\t\t\t<a class=\"btn-wishlist\" data-toggle=\"tooltip\" title=\"Lista de desejos\" onclick=\"wishlist.add('32298');\"><i class=\"zmdi zmdi-favorite-outline\"><\/i><\/a>\t\t\t\t\t\t\t\t\t\n\t\t\t\t\t\t\t\t\t<a class=\"btn-compare\" data-toggle=\"tooltip\" title=\"Comparar\" onclick=\"compare.add('32298');\"><i class=\"zmdi zmdi-refresh-alt\"><\/i><\/a>\n\t\t\t\t\t\t\t\t<\/div>\n\t\t\t\t\t\t\t\t<\/div>\n                            <\/div>\n\t\t\t\t\t\t\t<\/div>\n                          <\/div>\n                        <\/div>\n                                            <div class=\"product-layout product-list col-xs-12\">\n                          <div class=\"product-thumb layout1\">\n\t\t\t\t\t\t\t<div class=\"image\">\n                              \t\t\t\t\t\t\t\t                              <a href=\"https:\/\/www.sulcarautopecas.com.br.186-226-60-153.cpanel.site\/lataria-e-carroceria\/acabamento-externo-porta-tras-dir-jac-t5-2017-a5131-29432\">\n                                                              <img  src=\"image\/cache\/no_image-100x100.png\" alt=\"Acabamento Externo Porta Tras Dir Jac T5...\" \/>\n                              \t\t\t\t\t\t\t  <img  src=\"\" alt=\"Acabamento Externo Porta Tras Dir Jac T5...\" title=\"Acabamento Externo Porta Tras Dir Jac T5...\" class=\"img-responsive lazy\" \/>\n                              <\/a>\n\t\t\t\t\t\t\t  <div class=\"actions-link\">\t\t\t\t\t\t\t\t\t\n\t\t\t\t\t\t\t\t\t<a class=\"btn-wishlist\" data-toggle=\"tooltip\" title=\"Lista de desejos\" onclick=\"wishlist.add('29432');\"><i class=\"zmdi zmdi-favorite-outline\"><\/i><\/a>\t\t\t\t\t\t\t\t\t\n\t\t\t\t\t\t\t\t\t<a class=\"btn-compare\" data-toggle=\"tooltip\" title=\"Comparar\" onclick=\"compare.add('29432');\"><i class=\"zmdi zmdi-refresh-alt\"><\/i><\/a>\n\t\t\t\t\t\t\t\t<\/div>\n                            <\/div>\n                            <div class=\"product-inner\">\n                              <div class=\"product-caption\">\n\t\t\t\t\t\t\t                                <h2 class=\"product-name\"><a href=\"https:\/\/www.sulcarautopecas.com.br.186-226-60-153.cpanel.site\/lataria-e-carroceria\/acabamento-externo-porta-tras-dir-jac-t5-2017-a5131-29432\">Acabamento Externo Porta Tras Dir Jac T5...<\/a><\/h2>\n\t\t\t\t\t\t\t                                     <div class=\"ratings\">\n                                      <div class=\"rating-box\">\n                                                                                        <div class=\"rating0\">rating<\/div>                                                                                                                                                                                                                                                                            <\/div>\n                                  <\/div>\n                              \t\t\t\t\t\t\t                                  <p class=\"price\">\n                                                                    R$100,00                                                                                                    <\/p>\n                                \t\t\t\t\t\t\t \n                              \n\t\t\t\t\t\t\t\t<p class=\"product-des\">Sulcar Auto Pe\u00e7as Blumenau\nTrabalhamos com produtos originais\nFoto reais do produto\nCalcular frete...no mercado de envios\nDemais d\u00favidas...apenas nos pergunte\nAp\u00f3s confirmar do pagamento enviamos em at\u00e9 1 dia \u00fatil\nEntregamos para todo territ\u00f3rio naci..<\/p>\n                              <div class=\"product-intro\">\n\t\t\t\t\t\t\t\t<div class=\"actions-link2\">\n\t\t\t\t\t\t\t\t\t<a class=\"btn-cart\" data-toggle=\"tooltip\" title=\"Comprar\" onclick=\"cart.add('29432');\"><span class=\"button\"><i class=\"fa fa-shopping-cart\"><\/i>Comprar<\/span><\/a>\t\t\t\t\t\t\t\t\t\n\t\t\t\t\t\t\t\t\t<a class=\"btn-wishlist\" data-toggle=\"tooltip\" title=\"Lista de desejos\" onclick=\"wishlist.add('29432');\"><i class=\"zmdi zmdi-favorite-outline\"><\/i><\/a>\t\t\t\t\t\t\t\t\t\n\t\t\t\t\t\t\t\t\t<a class=\"btn-compare\" data-toggle=\"tooltip\" title=\"Comparar\" onclick=\"compare.add('29432');\"><i class=\"zmdi zmdi-refresh-alt\"><\/i><\/a>\n\t\t\t\t\t\t\t\t<\/div>\n\t\t\t\t\t\t\t\t<\/div>\n                            <\/div>\n\t\t\t\t\t\t\t<\/div>\n                          <\/div>\n                        <\/div>\n                                            <div class=\"product-layout product-list col-xs-12\">\n                          <div class=\"product-thumb layout1\">\n\t\t\t\t\t\t\t<div class=\"image\">\n                              \t\t\t\t\t\t\t\t                              <a href=\"https:\/\/www.sulcarautopecas.com.br.186-226-60-153.cpanel.site\/lataria-e-carroceria\/canaleta-vidro-diant-dir-fiat-fastback-2023-turbo-0km-24124\">\n                                                              <img  src=\"image\/cache\/no_image-100x100.png\" alt=\"Canaleta  Vidro Diant Dir Fiat Fastback ...\" \/>\n                              \t\t\t\t\t\t\t  <img  src=\"\" alt=\"Canaleta  Vidro Diant Dir Fiat Fastback ...\" title=\"Canaleta  Vidro Diant Dir Fiat Fastback ...\" class=\"img-responsive lazy\" \/>\n                              <\/a>\n\t\t\t\t\t\t\t  <div class=\"actions-link\">\t\t\t\t\t\t\t\t\t\n\t\t\t\t\t\t\t\t\t<a class=\"btn-wishlist\" data-toggle=\"tooltip\" title=\"Lista de desejos\" onclick=\"wishlist.add('24124');\"><i class=\"zmdi zmdi-favorite-outline\"><\/i><\/a>\t\t\t\t\t\t\t\t\t\n\t\t\t\t\t\t\t\t\t<a class=\"btn-compare\" data-toggle=\"tooltip\" title=\"Comparar\" onclick=\"compare.add('24124');\"><i class=\"zmdi zmdi-refresh-alt\"><\/i><\/a>\n\t\t\t\t\t\t\t\t<\/div>\n                            <\/div>\n                            <div class=\"product-inner\">\n                              <div class=\"product-caption\">\n\t\t\t\t\t\t\t                                <h2 class=\"product-name\"><a href=\"https:\/\/www.sulcarautopecas.com.br.186-226-60-153.cpanel.site\/lataria-e-carroceria\/canaleta-vidro-diant-dir-fiat-fastback-2023-turbo-0km-24124\">Canaleta  Vidro Diant Dir Fiat Fastback ...<\/a><\/h2>\n\t\t\t\t\t\t\t                                     <div class=\"ratings\">\n                                      <div class=\"rating-box\">\n                                                                                        <div class=\"rating0\">rating<\/div>                                                                                                                                                                                                                                                                            <\/div>\n                                  <\/div>\n                              \t\t\t\t\t\t\t                                  <p class=\"price\">\n                                                                    R$100,00                                                                                                    <\/p>\n                                \t\t\t\t\t\t\t \n                              \n\t\t\t\t\t\t\t\t<p class=\"product-des\">Trabalhamos com produtos originais, retirados de ve\u00edculos baixados no Detran, com toda a proced\u00eancia e garantia.\nTodas as nossas fotos s\u00e3o reais do produto.\n\nPara calcular o frete basta aproveitar as vantagens do MERCADO ENVIOS.\nCaso o produto n\u00e3o te..<\/p>\n                              <div class=\"product-intro\">\n\t\t\t\t\t\t\t\t<div class=\"actions-link2\">\n\t\t\t\t\t\t\t\t\t<a class=\"btn-cart\" data-toggle=\"tooltip\" title=\"Comprar\" onclick=\"cart.add('24124');\"><span class=\"button\"><i class=\"fa fa-shopping-cart\"><\/i>Comprar<\/span><\/a>\t\t\t\t\t\t\t\t\t\n\t\t\t\t\t\t\t\t\t<a class=\"btn-wishlist\" data-toggle=\"tooltip\" title=\"Lista de desejos\" onclick=\"wishlist.add('24124');\"><i class=\"zmdi zmdi-favorite-outline\"><\/i><\/a>\t\t\t\t\t\t\t\t\t\n\t\t\t\t\t\t\t\t\t<a class=\"btn-compare\" data-toggle=\"tooltip\" title=\"Comparar\" onclick=\"compare.add('24124');\"><i class=\"zmdi zmdi-refresh-alt\"><\/i><\/a>\n\t\t\t\t\t\t\t\t<\/div>\n\t\t\t\t\t\t\t\t<\/div>\n                            <\/div>\n\t\t\t\t\t\t\t<\/div>\n                          <\/div>\n                        <\/div>\n                                            <div class=\"product-layout product-list col-xs-12\">\n                          <div class=\"product-thumb layout1\">\n\t\t\t\t\t\t\t<div class=\"image\">\n                              \t\t\t\t\t\t\t\t                              <a href=\"https:\/\/www.sulcarautopecas.com.br.186-226-60-153.cpanel.site\/lataria-e-carroceria\/fechadura-tampa-traseira-subaru-forester-2011-original-18426\">\n                                                              <img  src=\"image\/cache\/no_image-100x100.png\" alt=\"Fechadura Tampa Traseira Subaru Forester...\" \/>\n                              \t\t\t\t\t\t\t  <img  src=\"\" alt=\"Fechadura Tampa Traseira Subaru Forester...\" title=\"Fechadura Tampa Traseira Subaru Forester...\" class=\"img-responsive lazy\" \/>\n                              <\/a>\n\t\t\t\t\t\t\t  <div class=\"actions-link\">\t\t\t\t\t\t\t\t\t\n\t\t\t\t\t\t\t\t\t<a class=\"btn-wishlist\" data-toggle=\"tooltip\" title=\"Lista de desejos\" onclick=\"wishlist.add('18426');\"><i class=\"zmdi zmdi-favorite-outline\"><\/i><\/a>\t\t\t\t\t\t\t\t\t\n\t\t\t\t\t\t\t\t\t<a class=\"btn-compare\" data-toggle=\"tooltip\" title=\"Comparar\" onclick=\"compare.add('18426');\"><i class=\"zmdi zmdi-refresh-alt\"><\/i><\/a>\n\t\t\t\t\t\t\t\t<\/div>\n                            <\/div>\n                            <div class=\"product-inner\">\n                              <div class=\"product-caption\">\n\t\t\t\t\t\t\t                                <h2 class=\"product-name\"><a href=\"https:\/\/www.sulcarautopecas.com.br.186-226-60-153.cpanel.site\/lataria-e-carroceria\/fechadura-tampa-traseira-subaru-forester-2011-original-18426\">Fechadura Tampa Traseira Subaru Forester...<\/a><\/h2>\n\t\t\t\t\t\t\t                                     <div class=\"ratings\">\n                                      <div class=\"rating-box\">\n                                                                                        <div class=\"rating0\">rating<\/div>                                                                                                                                                                                                                                                                            <\/div>\n                                  <\/div>\n                              \t\t\t\t\t\t\t                                  <p class=\"price\">\n                                                                    R$280,00                                                                                                    <\/p>\n                                \t\t\t\t\t\t\t \n                              \n\t\t\t\t\t\t\t\t<p class=\"product-des\">Sulcar Auto Pe\u00e7as Blumenau\nTrabalhamos com produtos originais \nFoto reais do produto \nCalcular frete...no mercado de envios \nDemais d\u00favidas...apenas nos pergunte \nAp\u00f3s confirmar do pagamento enviamos em at\u00e9 1 dia \u00fatil \nEntregamos para todo territ\u00f3rio..<\/p>\n                              <div class=\"product-intro\">\n\t\t\t\t\t\t\t\t<div class=\"actions-link2\">\n\t\t\t\t\t\t\t\t\t<a class=\"btn-cart\" data-toggle=\"tooltip\" title=\"Comprar\" onclick=\"cart.add('18426');\"><span class=\"button\"><i class=\"fa fa-shopping-cart\"><\/i>Comprar<\/span><\/a>\t\t\t\t\t\t\t\t\t\n\t\t\t\t\t\t\t\t\t<a class=\"btn-wishlist\" data-toggle=\"tooltip\" title=\"Lista de desejos\" onclick=\"wishlist.add('18426');\"><i class=\"zmdi zmdi-favorite-outline\"><\/i><\/a>\t\t\t\t\t\t\t\t\t\n\t\t\t\t\t\t\t\t\t<a class=\"btn-compare\" data-toggle=\"tooltip\" title=\"Comparar\" onclick=\"compare.add('18426');\"><i class=\"zmdi zmdi-refresh-alt\"><\/i><\/a>\n\t\t\t\t\t\t\t\t<\/div>\n\t\t\t\t\t\t\t\t<\/div>\n                            <\/div>\n\t\t\t\t\t\t\t<\/div>\n                          <\/div>\n                        <\/div>\n                                            <div class=\"product-layout product-list col-xs-12\">\n                          <div class=\"product-thumb layout1\">\n\t\t\t\t\t\t\t<div class=\"image\">\n                              \t\t\t\t\t\t\t\t                              <a href=\"https:\/\/www.sulcarautopecas.com.br.186-226-60-153.cpanel.site\/lataria-e-carroceria\/batente-tampa-traseira-renault-duster-1-3-turbo-2024-33806\">\n                                                              <img  src=\"image\/cache\/no_image-100x100.png\" alt=\"Batente Tampa Traseira Renault Duster 1....\" \/>\n                              \t\t\t\t\t\t\t  <img  src=\"\" alt=\"Batente Tampa Traseira Renault Duster 1....\" title=\"Batente Tampa Traseira Renault Duster 1....\" class=\"img-responsive lazy\" \/>\n                              <\/a>\n\t\t\t\t\t\t\t  <div class=\"actions-link\">\t\t\t\t\t\t\t\t\t\n\t\t\t\t\t\t\t\t\t<a class=\"btn-wishlist\" data-toggle=\"tooltip\" title=\"Lista de desejos\" onclick=\"wishlist.add('33806');\"><i class=\"zmdi zmdi-favorite-outline\"><\/i><\/a>\t\t\t\t\t\t\t\t\t\n\t\t\t\t\t\t\t\t\t<a class=\"btn-compare\" data-toggle=\"tooltip\" title=\"Comparar\" onclick=\"compare.add('33806');\"><i class=\"zmdi zmdi-refresh-alt\"><\/i><\/a>\n\t\t\t\t\t\t\t\t<\/div>\n                            <\/div>\n                            <div class=\"product-inner\">\n                              <div class=\"product-caption\">\n\t\t\t\t\t\t\t                                <h2 class=\"product-name\"><a href=\"https:\/\/www.sulcarautopecas.com.br.186-226-60-153.cpanel.site\/lataria-e-carroceria\/batente-tampa-traseira-renault-duster-1-3-turbo-2024-33806\">Batente Tampa Traseira Renault Duster 1....<\/a><\/h2>\n\t\t\t\t\t\t\t                                     <div class=\"ratings\">\n                                      <div class=\"rating-box\">\n                                                                                        <div class=\"rating0\">rating<\/div>                                                                                                                                                                                                                                                                            <\/div>\n                                  <\/div>\n                              \t\t\t\t\t\t\t                                  <p class=\"price\">\n                                                                    R$130,00                                                                                                    <\/p>\n                                \t\t\t\t\t\t\t \n                              \n\t\t\t\t\t\t\t\t<p class=\"product-des\">*Sulcar Auto Pe\u00e7as Blumenau.\n*Trabalhamos com produtos originais.\n*Foto reais do produto.\n*Calcular frete em mercado envios,caso tenha nos pergunte.\n*Demais D\u00favidas apenas nos pergunte.\n*Ap\u00f3s confirma\u00e7\u00e3o do pagamento enviamos em at\u00e9 1 dia \u00fatil.\n*Entr..<\/p>\n                              <div class=\"product-intro\">\n\t\t\t\t\t\t\t\t<div class=\"actions-link2\">\n\t\t\t\t\t\t\t\t\t<a class=\"btn-cart\" data-toggle=\"tooltip\" title=\"Comprar\" onclick=\"cart.add('33806');\"><span class=\"button\"><i class=\"fa fa-shopping-cart\"><\/i>Comprar<\/span><\/a>\t\t\t\t\t\t\t\t\t\n\t\t\t\t\t\t\t\t\t<a class=\"btn-wishlist\" data-toggle=\"tooltip\" title=\"Lista de desejos\" onclick=\"wishlist.add('33806');\"><i class=\"zmdi zmdi-favorite-outline\"><\/i><\/a>\t\t\t\t\t\t\t\t\t\n\t\t\t\t\t\t\t\t\t<a class=\"btn-compare\" data-toggle=\"tooltip\" title=\"Comparar\" onclick=\"compare.add('33806');\"><i class=\"zmdi zmdi-refresh-alt\"><\/i><\/a>\n\t\t\t\t\t\t\t\t<\/div>\n\t\t\t\t\t\t\t\t<\/div>\n                            <\/div>\n\t\t\t\t\t\t\t<\/div>\n                          <\/div>\n                        <\/div>\n                                            <div class=\"product-layout product-list col-xs-12\">\n                          <div class=\"product-thumb layout1\">\n\t\t\t\t\t\t\t<div class=\"image\">\n                              \t\t\t\t\t\t\t\t                              <a href=\"https:\/\/www.sulcarautopecas.com.br.186-226-60-153.cpanel.site\/lataria-e-carroceria\/pestana-interna-porta-tras-dir-captur-1-3-turbo-2022-a6279-30803\">\n                                                              <img  src=\"image\/cache\/no_image-100x100.png\" alt=\"Pestana Interna Porta Tras Dir Captur 1....\" \/>\n                              \t\t\t\t\t\t\t  <img  src=\"\" alt=\"Pestana Interna Porta Tras Dir Captur 1....\" title=\"Pestana Interna Porta Tras Dir Captur 1....\" class=\"img-responsive lazy\" \/>\n                              <\/a>\n\t\t\t\t\t\t\t  <div class=\"actions-link\">\t\t\t\t\t\t\t\t\t\n\t\t\t\t\t\t\t\t\t<a class=\"btn-wishlist\" data-toggle=\"tooltip\" title=\"Lista de desejos\" onclick=\"wishlist.add('30803');\"><i class=\"zmdi zmdi-favorite-outline\"><\/i><\/a>\t\t\t\t\t\t\t\t\t\n\t\t\t\t\t\t\t\t\t<a class=\"btn-compare\" data-toggle=\"tooltip\" title=\"Comparar\" onclick=\"compare.add('30803');\"><i class=\"zmdi zmdi-refresh-alt\"><\/i><\/a>\n\t\t\t\t\t\t\t\t<\/div>\n                            <\/div>\n                            <div class=\"product-inner\">\n                              <div class=\"product-caption\">\n\t\t\t\t\t\t\t                                <h2 class=\"product-name\"><a href=\"https:\/\/www.sulcarautopecas.com.br.186-226-60-153.cpanel.site\/lataria-e-carroceria\/pestana-interna-porta-tras-dir-captur-1-3-turbo-2022-a6279-30803\">Pestana Interna Porta Tras Dir Captur 1....<\/a><\/h2>\n\t\t\t\t\t\t\t                                     <div class=\"ratings\">\n                                      <div class=\"rating-box\">\n                                                                                        <div class=\"rating0\">rating<\/div>                                                                                                                                                                                                                                                                            <\/div>\n                                  <\/div>\n                              \t\t\t\t\t\t\t                                  <p class=\"price\">\n                                                                    R$50,00                                                                                                    <\/p>\n                                \t\t\t\t\t\t\t \n                              \n\t\t\t\t\t\t\t\t<p class=\"product-des\">Sulcar Auto Pe\u00e7as Blumenau\nTrabalhamos com produtos originais\nFoto reais do produto\nCalcular frete...no mercado de envios\nDemais d\u00favidas...apenas nos pergunte\nAp\u00f3s confirmar do pagamento enviamos em at\u00e9 1 dia \u00fatil\nEntregamos para todo territ\u00f3rio naci..<\/p>\n                              <div class=\"product-intro\">\n\t\t\t\t\t\t\t\t<div class=\"actions-link2\">\n\t\t\t\t\t\t\t\t\t<a class=\"btn-cart\" data-toggle=\"tooltip\" title=\"Comprar\" onclick=\"cart.add('30803');\"><span class=\"button\"><i class=\"fa fa-shopping-cart\"><\/i>Comprar<\/span><\/a>\t\t\t\t\t\t\t\t\t\n\t\t\t\t\t\t\t\t\t<a class=\"btn-wishlist\" data-toggle=\"tooltip\" title=\"Lista de desejos\" onclick=\"wishlist.add('30803');\"><i class=\"zmdi zmdi-favorite-outline\"><\/i><\/a>\t\t\t\t\t\t\t\t\t\n\t\t\t\t\t\t\t\t\t<a class=\"btn-compare\" data-toggle=\"tooltip\" title=\"Comparar\" onclick=\"compare.add('30803');\"><i class=\"zmdi zmdi-refresh-alt\"><\/i><\/a>\n\t\t\t\t\t\t\t\t<\/div>\n\t\t\t\t\t\t\t\t<\/div>\n                            <\/div>\n\t\t\t\t\t\t\t<\/div>\n                          <\/div>\n                        <\/div>\n                                            <div class=\"product-layout product-list col-xs-12\">\n                          <div class=\"product-thumb layout1\">\n\t\t\t\t\t\t\t<div class=\"image\">\n                              \t\t\t\t\t\t\t\t                              <a href=\"https:\/\/www.sulcarautopecas.com.br.186-226-60-153.cpanel.site\/lataria-e-carroceria\/batente-porta-diant-fiat-fastback-1-3-turbo-0km-2023-a2346-26833\">\n                                                              <img  src=\"image\/cache\/no_image-100x100.png\" alt=\"Batente Porta Diant Fiat Fastback 1.3 Tu...\" \/>\n                              \t\t\t\t\t\t\t  <img  src=\"\" alt=\"Batente Porta Diant Fiat Fastback 1.3 Tu...\" title=\"Batente Porta Diant Fiat Fastback 1.3 Tu...\" class=\"img-responsive lazy\" \/>\n                              <\/a>\n\t\t\t\t\t\t\t  <div class=\"actions-link\">\t\t\t\t\t\t\t\t\t\n\t\t\t\t\t\t\t\t\t<a class=\"btn-wishlist\" data-toggle=\"tooltip\" title=\"Lista de desejos\" onclick=\"wishlist.add('26833');\"><i class=\"zmdi zmdi-favorite-outline\"><\/i><\/a>\t\t\t\t\t\t\t\t\t\n\t\t\t\t\t\t\t\t\t<a class=\"btn-compare\" data-toggle=\"tooltip\" title=\"Comparar\" onclick=\"compare.add('26833');\"><i class=\"zmdi zmdi-refresh-alt\"><\/i><\/a>\n\t\t\t\t\t\t\t\t<\/div>\n                            <\/div>\n                            <div class=\"product-inner\">\n                              <div class=\"product-caption\">\n\t\t\t\t\t\t\t                                <h2 class=\"product-name\"><a href=\"https:\/\/www.sulcarautopecas.com.br.186-226-60-153.cpanel.site\/lataria-e-carroceria\/batente-porta-diant-fiat-fastback-1-3-turbo-0km-2023-a2346-26833\">Batente Porta Diant Fiat Fastback 1.3 Tu...<\/a><\/h2>\n\t\t\t\t\t\t\t                                     <div class=\"ratings\">\n                                      <div class=\"rating-box\">\n                                                                                        <div class=\"rating0\">rating<\/div>                                                                                                                                                                                                                                                                            <\/div>\n                                  <\/div>\n                              \t\t\t\t\t\t\t                                  <p class=\"price\">\n                                                                    R$70,00                                                                                                    <\/p>\n                                \t\t\t\t\t\t\t \n                              \n\t\t\t\t\t\t\t\t<p class=\"product-des\">Sulcar Auto Pe\u00e7as Blumenau\nTrabalhamos com produtos originais\nFoto reais do produto\nCalcular frete...no mercado de envios\nDemais d\u00favidas...apenas nos pergunte\nAp\u00f3s confirmar do pagamento enviamos em at\u00e9 1 dia \u00fatil\nEntregamos para todo territ\u00f3rio naci..<\/p>\n                              <div class=\"product-intro\">\n\t\t\t\t\t\t\t\t<div class=\"actions-link2\">\n\t\t\t\t\t\t\t\t\t<a class=\"btn-cart\" data-toggle=\"tooltip\" title=\"Comprar\" onclick=\"cart.add('26833');\"><span class=\"button\"><i class=\"fa fa-shopping-cart\"><\/i>Comprar<\/span><\/a>\t\t\t\t\t\t\t\t\t\n\t\t\t\t\t\t\t\t\t<a class=\"btn-wishlist\" data-toggle=\"tooltip\" title=\"Lista de desejos\" onclick=\"wishlist.add('26833');\"><i class=\"zmdi zmdi-favorite-outline\"><\/i><\/a>\t\t\t\t\t\t\t\t\t\n\t\t\t\t\t\t\t\t\t<a class=\"btn-compare\" data-toggle=\"tooltip\" title=\"Comparar\" onclick=\"compare.add('26833');\"><i class=\"zmdi zmdi-refresh-alt\"><\/i><\/a>\n\t\t\t\t\t\t\t\t<\/div>\n\t\t\t\t\t\t\t\t<\/div>\n                            <\/div>\n\t\t\t\t\t\t\t<\/div>\n                          <\/div>\n                        <\/div>\n                                            <div class=\"product-layout product-list col-xs-12\">\n                          <div class=\"product-thumb layout1\">\n\t\t\t\t\t\t\t<div class=\"image\">\n                              \t\t\t\t\t\t\t\t                              <a href=\"https:\/\/www.sulcarautopecas.com.br.186-226-60-153.cpanel.site\/lataria-e-carroceria\/para-choque-traseiro-lado-direito-honda-cr-v-2014-20691\">\n                                                              <img  src=\"image\/cache\/no_image-100x100.png\" alt=\"P\u00e1ra-choque Traseiro Lado Direito Honda...\" \/>\n                              \t\t\t\t\t\t\t  <img  src=\"\" alt=\"P\u00e1ra-choque Traseiro Lado Direito Honda...\" title=\"P\u00e1ra-choque Traseiro Lado Direito Honda...\" class=\"img-responsive lazy\" \/>\n                              <\/a>\n\t\t\t\t\t\t\t  <div class=\"actions-link\">\t\t\t\t\t\t\t\t\t\n\t\t\t\t\t\t\t\t\t<a class=\"btn-wishlist\" data-toggle=\"tooltip\" title=\"Lista de desejos\" onclick=\"wishlist.add('20691');\"><i class=\"zmdi zmdi-favorite-outline\"><\/i><\/a>\t\t\t\t\t\t\t\t\t\n\t\t\t\t\t\t\t\t\t<a class=\"btn-compare\" data-toggle=\"tooltip\" title=\"Comparar\" onclick=\"compare.add('20691');\"><i class=\"zmdi zmdi-refresh-alt\"><\/i><\/a>\n\t\t\t\t\t\t\t\t<\/div>\n                            <\/div>\n                            <div class=\"product-inner\">\n                              <div class=\"product-caption\">\n\t\t\t\t\t\t\t                                <h2 class=\"product-name\"><a href=\"https:\/\/www.sulcarautopecas.com.br.186-226-60-153.cpanel.site\/lataria-e-carroceria\/para-choque-traseiro-lado-direito-honda-cr-v-2014-20691\">P\u00e1ra-choque Traseiro Lado Direito Honda...<\/a><\/h2>\n\t\t\t\t\t\t\t                                     <div class=\"ratings\">\n                                      <div class=\"rating-box\">\n                                                                                        <div class=\"rating0\">rating<\/div>                                                                                                                                                                                                                                                                            <\/div>\n                                  <\/div>\n                              \t\t\t\t\t\t\t                                  <p class=\"price\">\n                                                                    R$250,00                                                                                                    <\/p>\n                                \t\t\t\t\t\t\t \n                              \n\t\t\t\t\t\t\t\t<p class=\"product-des\">Trabalhamos com produtos originais, retirados de ve\u00edculos baixados no Detran, com total proced\u00eancia e garantia.\nTodas as nossas fotos s\u00e3o reais do produto.\n\nPara calcular o frente basta aproveitar as vantagens do MERCADO ENVIOS.\nCaso o produto n\u00e3o te..<\/p>\n                              <div class=\"product-intro\">\n\t\t\t\t\t\t\t\t<div class=\"actions-link2\">\n\t\t\t\t\t\t\t\t\t<a class=\"btn-cart\" data-toggle=\"tooltip\" title=\"Comprar\" onclick=\"cart.add('20691');\"><span class=\"button\"><i class=\"fa fa-shopping-cart\"><\/i>Comprar<\/span><\/a>\t\t\t\t\t\t\t\t\t\n\t\t\t\t\t\t\t\t\t<a class=\"btn-wishlist\" data-toggle=\"tooltip\" title=\"Lista de desejos\" onclick=\"wishlist.add('20691');\"><i class=\"zmdi zmdi-favorite-outline\"><\/i><\/a>\t\t\t\t\t\t\t\t\t\n\t\t\t\t\t\t\t\t\t<a class=\"btn-compare\" data-toggle=\"tooltip\" title=\"Comparar\" onclick=\"compare.add('20691');\"><i class=\"zmdi zmdi-refresh-alt\"><\/i><\/a>\n\t\t\t\t\t\t\t\t<\/div>\n\t\t\t\t\t\t\t\t<\/div>\n                            <\/div>\n\t\t\t\t\t\t\t<\/div>\n                          <\/div>\n                        <\/div>\n                                            <div class=\"product-layout product-list col-xs-12\">\n                          <div class=\"product-thumb layout1\">\n\t\t\t\t\t\t\t<div class=\"image\">\n                              \t\t\t\t\t\t\t\t                              <a href=\"https:\/\/www.sulcarautopecas.com.br.186-226-60-153.cpanel.site\/lataria-e-carroceria\/par-dobradica-porta-tras-dir-renault-captur-2022-32131\">\n                                                              <img  src=\"image\/cache\/no_image-100x100.png\" alt=\"Par Dobradi\u00e7a Porta Tras Dir Renault Ca...\" \/>\n                              \t\t\t\t\t\t\t  <img  src=\"\" alt=\"Par Dobradi\u00e7a Porta Tras Dir Renault Ca...\" title=\"Par Dobradi\u00e7a Porta Tras Dir Renault Ca...\" class=\"img-responsive lazy\" \/>\n                              <\/a>\n\t\t\t\t\t\t\t  <div class=\"actions-link\">\t\t\t\t\t\t\t\t\t\n\t\t\t\t\t\t\t\t\t<a class=\"btn-wishlist\" data-toggle=\"tooltip\" title=\"Lista de desejos\" onclick=\"wishlist.add('32131');\"><i class=\"zmdi zmdi-favorite-outline\"><\/i><\/a>\t\t\t\t\t\t\t\t\t\n\t\t\t\t\t\t\t\t\t<a class=\"btn-compare\" data-toggle=\"tooltip\" title=\"Comparar\" onclick=\"compare.add('32131');\"><i class=\"zmdi zmdi-refresh-alt\"><\/i><\/a>\n\t\t\t\t\t\t\t\t<\/div>\n                            <\/div>\n                            <div class=\"product-inner\">\n                              <div class=\"product-caption\">\n\t\t\t\t\t\t\t                                <h2 class=\"product-name\"><a href=\"https:\/\/www.sulcarautopecas.com.br.186-226-60-153.cpanel.site\/lataria-e-carroceria\/par-dobradica-porta-tras-dir-renault-captur-2022-32131\">Par Dobradi\u00e7a Porta Tras Dir Renault Ca...<\/a><\/h2>\n\t\t\t\t\t\t\t                                     <div class=\"ratings\">\n                                      <div class=\"rating-box\">\n                                                                                        <div class=\"rating0\">rating<\/div>                                                                                                                                                                                                                                                                            <\/div>\n                                  <\/div>\n                              \t\t\t\t\t\t\t                                  <p class=\"price\">\n                                                                    R$70,00                                                                                                    <\/p>\n                                \t\t\t\t\t\t\t \n                              \n\t\t\t\t\t\t\t\t<p class=\"product-des\">*Sulcar Auto Pe\u00e7as Blumenau.\n*Trabalhamos com produtos originais.\n*Foto reais do produto.\n*Calcular frete em mercado envios,caso tenha nos pergunte.\n*Demais D\u00favidas apenas nos pergunte.\n*Ap\u00f3s confirma\u00e7\u00e3o do pagamento enviamos em at\u00e9 1 dia \u00fatil.\n*Entr..<\/p>\n                              <div class=\"product-intro\">\n\t\t\t\t\t\t\t\t<div class=\"actions-link2\">\n\t\t\t\t\t\t\t\t\t<a class=\"btn-cart\" data-toggle=\"tooltip\" title=\"Comprar\" onclick=\"cart.add('32131');\"><span class=\"button\"><i class=\"fa fa-shopping-cart\"><\/i>Comprar<\/span><\/a>\t\t\t\t\t\t\t\t\t\n\t\t\t\t\t\t\t\t\t<a class=\"btn-wishlist\" data-toggle=\"tooltip\" title=\"Lista de desejos\" onclick=\"wishlist.add('32131');\"><i class=\"zmdi zmdi-favorite-outline\"><\/i><\/a>\t\t\t\t\t\t\t\t\t\n\t\t\t\t\t\t\t\t\t<a class=\"btn-compare\" data-toggle=\"tooltip\" title=\"Comparar\" onclick=\"compare.add('32131');\"><i class=\"zmdi zmdi-refresh-alt\"><\/i><\/a>\n\t\t\t\t\t\t\t\t<\/div>\n\t\t\t\t\t\t\t\t<\/div>\n                            <\/div>\n\t\t\t\t\t\t\t<\/div>\n                          <\/div>\n                        <\/div>\n                                            <div class=\"product-layout product-list col-xs-12\">\n                          <div class=\"product-thumb layout1\">\n\t\t\t\t\t\t\t<div class=\"image\">\n                              \t\t\t\t\t\t\t\t                              <a href=\"https:\/\/www.sulcarautopecas.com.br.186-226-60-153.cpanel.site\/lataria-e-carroceria\/alma-parachoque-dianteiro-fiat-fastback-1-3-turbo-2023-a4756-29064\">\n                                                              <img  src=\"image\/cache\/no_image-100x100.png\" alt=\"Alma Parachoque Dianteiro Fiat Fastback ...\" \/>\n                              \t\t\t\t\t\t\t  <img  src=\"\" alt=\"Alma Parachoque Dianteiro Fiat Fastback ...\" title=\"Alma Parachoque Dianteiro Fiat Fastback ...\" class=\"img-responsive lazy\" \/>\n                              <\/a>\n\t\t\t\t\t\t\t  <div class=\"actions-link\">\t\t\t\t\t\t\t\t\t\n\t\t\t\t\t\t\t\t\t<a class=\"btn-wishlist\" data-toggle=\"tooltip\" title=\"Lista de desejos\" onclick=\"wishlist.add('29064');\"><i class=\"zmdi zmdi-favorite-outline\"><\/i><\/a>\t\t\t\t\t\t\t\t\t\n\t\t\t\t\t\t\t\t\t<a class=\"btn-compare\" data-toggle=\"tooltip\" title=\"Comparar\" onclick=\"compare.add('29064');\"><i class=\"zmdi zmdi-refresh-alt\"><\/i><\/a>\n\t\t\t\t\t\t\t\t<\/div>\n                            <\/div>\n                            <div class=\"product-inner\">\n                              <div class=\"product-caption\">\n\t\t\t\t\t\t\t                                <h2 class=\"product-name\"><a href=\"https:\/\/www.sulcarautopecas.com.br.186-226-60-153.cpanel.site\/lataria-e-carroceria\/alma-parachoque-dianteiro-fiat-fastback-1-3-turbo-2023-a4756-29064\">Alma Parachoque Dianteiro Fiat Fastback ...<\/a><\/h2>\n\t\t\t\t\t\t\t                                     <div class=\"ratings\">\n                                      <div class=\"rating-box\">\n                                                                                        <div class=\"rating0\">rating<\/div>                                                                                                                                                                                                                                                                            <\/div>\n                                  <\/div>\n                              \t\t\t\t\t\t\t                                  <p class=\"price\">\n                                                                    R$700,00                                                                                                    <\/p>\n                                \t\t\t\t\t\t\t \n                              \n\t\t\t\t\t\t\t\t<p class=\"product-des\">Sulcar Auto Pe\u00e7as Blumenau\nTrabalhamos com produtos originais\nFoto reais do produto\nCalcular frete...no mercado de envios\nDemais d\u00favidas...apenas nos pergunte\nAp\u00f3s confirmar do pagamento enviamos em at\u00e9 1 dia \u00fatil\nEntregamos para todo territ\u00f3rio naci..<\/p>\n                              <div class=\"product-intro\">\n\t\t\t\t\t\t\t\t<div class=\"actions-link2\">\n\t\t\t\t\t\t\t\t\t<a class=\"btn-cart\" data-toggle=\"tooltip\" title=\"Comprar\" onclick=\"cart.add('29064');\"><span class=\"button\"><i class=\"fa fa-shopping-cart\"><\/i>Comprar<\/span><\/a>\t\t\t\t\t\t\t\t\t\n\t\t\t\t\t\t\t\t\t<a class=\"btn-wishlist\" data-toggle=\"tooltip\" title=\"Lista de desejos\" onclick=\"wishlist.add('29064');\"><i class=\"zmdi zmdi-favorite-outline\"><\/i><\/a>\t\t\t\t\t\t\t\t\t\n\t\t\t\t\t\t\t\t\t<a class=\"btn-compare\" data-toggle=\"tooltip\" title=\"Comparar\" onclick=\"compare.add('29064');\"><i class=\"zmdi zmdi-refresh-alt\"><\/i><\/a>\n\t\t\t\t\t\t\t\t<\/div>\n\t\t\t\t\t\t\t\t<\/div>\n                            <\/div>\n\t\t\t\t\t\t\t<\/div>\n                          <\/div>\n                        <\/div>\n                                            <div class=\"product-layout product-list col-xs-12\">\n                          <div class=\"product-thumb layout1\">\n\t\t\t\t\t\t\t<div class=\"image\">\n                              \t\t\t\t\t\t\t\t                              <a href=\"https:\/\/www.sulcarautopecas.com.br.186-226-60-153.cpanel.site\/lataria-e-carroceria\/acabamento-interno-tampa-traseira-honda-hr-v-2021-23143\">\n                                                              <img  src=\"image\/cache\/no_image-100x100.png\" alt=\"Acabamento Interno Tampa Traseira Honda ...\" \/>\n                              \t\t\t\t\t\t\t  <img  src=\"\" alt=\"Acabamento Interno Tampa Traseira Honda ...\" title=\"Acabamento Interno Tampa Traseira Honda ...\" class=\"img-responsive lazy\" \/>\n                              <\/a>\n\t\t\t\t\t\t\t  <div class=\"actions-link\">\t\t\t\t\t\t\t\t\t\n\t\t\t\t\t\t\t\t\t<a class=\"btn-wishlist\" data-toggle=\"tooltip\" title=\"Lista de desejos\" onclick=\"wishlist.add('23143');\"><i class=\"zmdi zmdi-favorite-outline\"><\/i><\/a>\t\t\t\t\t\t\t\t\t\n\t\t\t\t\t\t\t\t\t<a class=\"btn-compare\" data-toggle=\"tooltip\" title=\"Comparar\" onclick=\"compare.add('23143');\"><i class=\"zmdi zmdi-refresh-alt\"><\/i><\/a>\n\t\t\t\t\t\t\t\t<\/div>\n                            <\/div>\n                            <div class=\"product-inner\">\n                              <div class=\"product-caption\">\n\t\t\t\t\t\t\t                                <h2 class=\"product-name\"><a href=\"https:\/\/www.sulcarautopecas.com.br.186-226-60-153.cpanel.site\/lataria-e-carroceria\/acabamento-interno-tampa-traseira-honda-hr-v-2021-23143\">Acabamento Interno Tampa Traseira Honda ...<\/a><\/h2>\n\t\t\t\t\t\t\t                                     <div class=\"ratings\">\n                                      <div class=\"rating-box\">\n                                                                                        <div class=\"rating0\">rating<\/div>                                                                                                                                                                                                                                                                            <\/div>\n                                  <\/div>\n                              \t\t\t\t\t\t\t                                  <p class=\"price\">\n                                                                    R$100,00                                                                                                    <\/p>\n                                \t\t\t\t\t\t\t \n                              \n\t\t\t\t\t\t\t\t<p class=\"product-des\">Trabalhamos com produtos originais, retirados de ve\u00edculos baixados no Detran, com toda a proced\u00eancia e garantia.\nTodas as nossas fotos s\u00e3o reais do produto.\n\nPara calcular o frete basta aproveitar as vantagens do MERCADO ENVIOS.\nCaso o produto n\u00e3o te..<\/p>\n                              <div class=\"product-intro\">\n\t\t\t\t\t\t\t\t<div class=\"actions-link2\">\n\t\t\t\t\t\t\t\t\t<a class=\"btn-cart\" data-toggle=\"tooltip\" title=\"Comprar\" onclick=\"cart.add('23143');\"><span class=\"button\"><i class=\"fa fa-shopping-cart\"><\/i>Comprar<\/span><\/a>\t\t\t\t\t\t\t\t\t\n\t\t\t\t\t\t\t\t\t<a class=\"btn-wishlist\" data-toggle=\"tooltip\" title=\"Lista de desejos\" onclick=\"wishlist.add('23143');\"><i class=\"zmdi zmdi-favorite-outline\"><\/i><\/a>\t\t\t\t\t\t\t\t\t\n\t\t\t\t\t\t\t\t\t<a class=\"btn-compare\" data-toggle=\"tooltip\" title=\"Comparar\" onclick=\"compare.add('23143');\"><i class=\"zmdi zmdi-refresh-alt\"><\/i><\/a>\n\t\t\t\t\t\t\t\t<\/div>\n\t\t\t\t\t\t\t\t<\/div>\n                            <\/div>\n\t\t\t\t\t\t\t<\/div>\n                          <\/div>\n                        <\/div>\n                                            <div class=\"product-layout product-list col-xs-12\">\n                          <div class=\"product-thumb layout1\">\n\t\t\t\t\t\t\t<div class=\"image\">\n                              \t\t\t\t\t\t\t\t                              <a href=\"https:\/\/www.sulcarautopecas.com.br.186-226-60-153.cpanel.site\/lataria-e-carroceria\/barra-estabilizadora-dianteira-hyundai-tucson-2-0-2015-17228\">\n                                                              <img  src=\"image\/cache\/no_image-100x100.png\" alt=\"Barra Estabilizadora Dia. Tucson...sport...\" \/>\n                              \t\t\t\t\t\t\t  <img  src=\"\" alt=\"Barra Estabilizadora Dia. Tucson...sport...\" title=\"Barra Estabilizadora Dia. Tucson...sport...\" class=\"img-responsive lazy\" \/>\n                              <\/a>\n\t\t\t\t\t\t\t  <div class=\"actions-link\">\t\t\t\t\t\t\t\t\t\n\t\t\t\t\t\t\t\t\t<a class=\"btn-wishlist\" data-toggle=\"tooltip\" title=\"Lista de desejos\" onclick=\"wishlist.add('17228');\"><i class=\"zmdi zmdi-favorite-outline\"><\/i><\/a>\t\t\t\t\t\t\t\t\t\n\t\t\t\t\t\t\t\t\t<a class=\"btn-compare\" data-toggle=\"tooltip\" title=\"Comparar\" onclick=\"compare.add('17228');\"><i class=\"zmdi zmdi-refresh-alt\"><\/i><\/a>\n\t\t\t\t\t\t\t\t<\/div>\n                            <\/div>\n                            <div class=\"product-inner\">\n                              <div class=\"product-caption\">\n\t\t\t\t\t\t\t                                <h2 class=\"product-name\"><a href=\"https:\/\/www.sulcarautopecas.com.br.186-226-60-153.cpanel.site\/lataria-e-carroceria\/barra-estabilizadora-dianteira-hyundai-tucson-2-0-2015-17228\">Barra Estabilizadora Dia. Tucson...sport...<\/a><\/h2>\n\t\t\t\t\t\t\t                                     <div class=\"ratings\">\n                                      <div class=\"rating-box\">\n                                                                                        <div class=\"rating0\">rating<\/div>                                                                                                                                                                                                                                                                            <\/div>\n                                  <\/div>\n                              \t\t\t\t\t\t\t                                  <p class=\"price\">\n                                                                    R$150,00                                                                                                    <\/p>\n                                \t\t\t\t\t\t\t \n                              \n\t\t\t\t\t\t\t\t<p class=\"product-des\">Sulcar Auto Pe\u00e7as Blumenau\nTrabalhamos com produtos originais \nFoto reais do produto \nCalcular frete...no mercado de envios \nDemais d\u00favidas...apenas nos pergunte \nAp\u00f3s confirmar do pagamento enviamos em at\u00e9 1 dia \u00fatil \nEntregamos para todo territ\u00f3rio..<\/p>\n                              <div class=\"product-intro\">\n\t\t\t\t\t\t\t\t<div class=\"actions-link2\">\n\t\t\t\t\t\t\t\t\t<a class=\"btn-cart\" data-toggle=\"tooltip\" title=\"Comprar\" onclick=\"cart.add('17228');\"><span class=\"button\"><i class=\"fa fa-shopping-cart\"><\/i>Comprar<\/span><\/a>\t\t\t\t\t\t\t\t\t\n\t\t\t\t\t\t\t\t\t<a class=\"btn-wishlist\" data-toggle=\"tooltip\" title=\"Lista de desejos\" onclick=\"wishlist.add('17228');\"><i class=\"zmdi zmdi-favorite-outline\"><\/i><\/a>\t\t\t\t\t\t\t\t\t\n\t\t\t\t\t\t\t\t\t<a class=\"btn-compare\" data-toggle=\"tooltip\" title=\"Comparar\" onclick=\"compare.add('17228');\"><i class=\"zmdi zmdi-refresh-alt\"><\/i><\/a>\n\t\t\t\t\t\t\t\t<\/div>\n\t\t\t\t\t\t\t\t<\/div>\n                            <\/div>\n\t\t\t\t\t\t\t<\/div>\n                          <\/div>\n                        <\/div>\n                                            <div class=\"product-layout product-list col-xs-12\">\n                          <div class=\"product-thumb layout1\">\n\t\t\t\t\t\t\t<div class=\"image\">\n                              \t\t\t\t\t\t\t\t                              <a href=\"https:\/\/www.sulcarautopecas.com.br.186-226-60-153.cpanel.site\/lataria-e-carroceria\/tweeter-porta-traseira-direita-honda-city-2023-33493\">\n                                                              <img  src=\"image\/cache\/no_image-100x100.png\" alt=\"Tweeter Porta Traseira Direita Honda Cit...\" \/>\n                              \t\t\t\t\t\t\t  <img  src=\"\" alt=\"Tweeter Porta Traseira Direita Honda Cit...\" title=\"Tweeter Porta Traseira Direita Honda Cit...\" class=\"img-responsive lazy\" \/>\n                              <\/a>\n\t\t\t\t\t\t\t  <div class=\"actions-link\">\t\t\t\t\t\t\t\t\t\n\t\t\t\t\t\t\t\t\t<a class=\"btn-wishlist\" data-toggle=\"tooltip\" title=\"Lista de desejos\" onclick=\"wishlist.add('33493');\"><i class=\"zmdi zmdi-favorite-outline\"><\/i><\/a>\t\t\t\t\t\t\t\t\t\n\t\t\t\t\t\t\t\t\t<a class=\"btn-compare\" data-toggle=\"tooltip\" title=\"Comparar\" onclick=\"compare.add('33493');\"><i class=\"zmdi zmdi-refresh-alt\"><\/i><\/a>\n\t\t\t\t\t\t\t\t<\/div>\n                            <\/div>\n                            <div class=\"product-inner\">\n                              <div class=\"product-caption\">\n\t\t\t\t\t\t\t                                <h2 class=\"product-name\"><a href=\"https:\/\/www.sulcarautopecas.com.br.186-226-60-153.cpanel.site\/lataria-e-carroceria\/tweeter-porta-traseira-direita-honda-city-2023-33493\">Tweeter Porta Traseira Direita Honda Cit...<\/a><\/h2>\n\t\t\t\t\t\t\t                                     <div class=\"ratings\">\n                                      <div class=\"rating-box\">\n                                                                                        <div class=\"rating0\">rating<\/div>                                                                                                                                                                                                                                                                            <\/div>\n                                  <\/div>\n                              \t\t\t\t\t\t\t                                  <p class=\"price\">\n                                                                    R$80,00                                                                                                    <\/p>\n                                \t\t\t\t\t\t\t \n                              \n\t\t\t\t\t\t\t\t<p class=\"product-des\">*Sulcar Auto Pe\u00e7as Blumenau.\n*Trabalhamos com produtos originais.\n*Foto reais do produto.\n*Calcular frete em mercado envios,caso tenha nos pergunte.\n*Demais D\u00favidas apenas nos pergunte.\n*Ap\u00f3s confirma\u00e7\u00e3o do pagamento enviamos em at\u00e9 1 dia \u00fatil.\n*Entr..<\/p>\n                              <div class=\"product-intro\">\n\t\t\t\t\t\t\t\t<div class=\"actions-link2\">\n\t\t\t\t\t\t\t\t\t<a class=\"btn-cart\" data-toggle=\"tooltip\" title=\"Comprar\" onclick=\"cart.add('33493');\"><span class=\"button\"><i class=\"fa fa-shopping-cart\"><\/i>Comprar<\/span><\/a>\t\t\t\t\t\t\t\t\t\n\t\t\t\t\t\t\t\t\t<a class=\"btn-wishlist\" data-toggle=\"tooltip\" title=\"Lista de desejos\" onclick=\"wishlist.add('33493');\"><i class=\"zmdi zmdi-favorite-outline\"><\/i><\/a>\t\t\t\t\t\t\t\t\t\n\t\t\t\t\t\t\t\t\t<a class=\"btn-compare\" data-toggle=\"tooltip\" title=\"Comparar\" onclick=\"compare.add('33493');\"><i class=\"zmdi zmdi-refresh-alt\"><\/i><\/a>\n\t\t\t\t\t\t\t\t<\/div>\n\t\t\t\t\t\t\t\t<\/div>\n                            <\/div>\n\t\t\t\t\t\t\t<\/div>\n                          <\/div>\n                        <\/div>\n                                            <div class=\"product-layout product-list col-xs-12\">\n                          <div class=\"product-thumb layout1\">\n\t\t\t\t\t\t\t<div class=\"image\">\n                              \t\t\t\t\t\t\t\t                              <a href=\"https:\/\/www.sulcarautopecas.com.br.186-226-60-153.cpanel.site\/lataria-e-carroceria\/dobradica-limitador-porta-diant-esq-renault-captur-21-a5866-30442\">\n                                                              <img  src=\"image\/cache\/no_image-100x100.png\" alt=\"Dobradi\u00e7a Limitador Porta Diant Esq Ren...\" \/>\n                              \t\t\t\t\t\t\t  <img  src=\"\" alt=\"Dobradi\u00e7a Limitador Porta Diant Esq Ren...\" title=\"Dobradi\u00e7a Limitador Porta Diant Esq Ren...\" class=\"img-responsive lazy\" \/>\n                              <\/a>\n\t\t\t\t\t\t\t  <div class=\"actions-link\">\t\t\t\t\t\t\t\t\t\n\t\t\t\t\t\t\t\t\t<a class=\"btn-wishlist\" data-toggle=\"tooltip\" title=\"Lista de desejos\" onclick=\"wishlist.add('30442');\"><i class=\"zmdi zmdi-favorite-outline\"><\/i><\/a>\t\t\t\t\t\t\t\t\t\n\t\t\t\t\t\t\t\t\t<a class=\"btn-compare\" data-toggle=\"tooltip\" title=\"Comparar\" onclick=\"compare.add('30442');\"><i class=\"zmdi zmdi-refresh-alt\"><\/i><\/a>\n\t\t\t\t\t\t\t\t<\/div>\n                            <\/div>\n                            <div class=\"product-inner\">\n                              <div class=\"product-caption\">\n\t\t\t\t\t\t\t                                <h2 class=\"product-name\"><a href=\"https:\/\/www.sulcarautopecas.com.br.186-226-60-153.cpanel.site\/lataria-e-carroceria\/dobradica-limitador-porta-diant-esq-renault-captur-21-a5866-30442\">Dobradi\u00e7a Limitador Porta Diant Esq Ren...<\/a><\/h2>\n\t\t\t\t\t\t\t                                     <div class=\"ratings\">\n                                      <div class=\"rating-box\">\n                                                                                        <div class=\"rating0\">rating<\/div>                                                                                                                                                                                                                                                                            <\/div>\n                                  <\/div>\n                              \t\t\t\t\t\t\t                                  <p class=\"price\">\n                                                                    R$100,00                                                                                                    <\/p>\n                                \t\t\t\t\t\t\t \n                              \n\t\t\t\t\t\t\t\t<p class=\"product-des\">Sulcar Auto Pe\u00e7as Blumenau\nTrabalhamos com produtos originais\nFoto reais do produto\nCalcular frete...no mercado de envios\nDemais d\u00favidas...apenas nos pergunte\nAp\u00f3s confirmar do pagamento enviamos em at\u00e9 1 dia \u00fatil\nEntregamos para todo territ\u00f3rio naci..<\/p>\n                              <div class=\"product-intro\">\n\t\t\t\t\t\t\t\t<div class=\"actions-link2\">\n\t\t\t\t\t\t\t\t\t<a class=\"btn-cart\" data-toggle=\"tooltip\" title=\"Comprar\" onclick=\"cart.add('30442');\"><span class=\"button\"><i class=\"fa fa-shopping-cart\"><\/i>Comprar<\/span><\/a>\t\t\t\t\t\t\t\t\t\n\t\t\t\t\t\t\t\t\t<a class=\"btn-wishlist\" data-toggle=\"tooltip\" title=\"Lista de desejos\" onclick=\"wishlist.add('30442');\"><i class=\"zmdi zmdi-favorite-outline\"><\/i><\/a>\t\t\t\t\t\t\t\t\t\n\t\t\t\t\t\t\t\t\t<a class=\"btn-compare\" data-toggle=\"tooltip\" title=\"Comparar\" onclick=\"compare.add('30442');\"><i class=\"zmdi zmdi-refresh-alt\"><\/i><\/a>\n\t\t\t\t\t\t\t\t<\/div>\n\t\t\t\t\t\t\t\t<\/div>\n                            <\/div>\n\t\t\t\t\t\t\t<\/div>\n                          <\/div>\n                        <\/div>\n                                            <div class=\"product-layout product-list col-xs-12\">\n                          <div class=\"product-thumb layout1\">\n\t\t\t\t\t\t\t<div class=\"image\">\n                              \t\t\t\t\t\t\t\t                              <a href=\"https:\/\/www.sulcarautopecas.com.br.186-226-60-153.cpanel.site\/lataria-e-carroceria\/motor-vidro-eletrico-porta-diant-dir-nivus-1-0-tsi-21-a1674-26206\">\n                                                              <img  src=\"image\/cache\/no_image-100x100.png\" alt=\"Motor Vidro Eletrico Porta Diant Dir Niv...\" \/>\n                              \t\t\t\t\t\t\t  <img  src=\"\" alt=\"Motor Vidro Eletrico Porta Diant Dir Niv...\" title=\"Motor Vidro Eletrico Porta Diant Dir Niv...\" class=\"img-responsive lazy\" \/>\n                              <\/a>\n\t\t\t\t\t\t\t  <div class=\"actions-link\">\t\t\t\t\t\t\t\t\t\n\t\t\t\t\t\t\t\t\t<a class=\"btn-wishlist\" data-toggle=\"tooltip\" title=\"Lista de desejos\" onclick=\"wishlist.add('26206');\"><i class=\"zmdi zmdi-favorite-outline\"><\/i><\/a>\t\t\t\t\t\t\t\t\t\n\t\t\t\t\t\t\t\t\t<a class=\"btn-compare\" data-toggle=\"tooltip\" title=\"Comparar\" onclick=\"compare.add('26206');\"><i class=\"zmdi zmdi-refresh-alt\"><\/i><\/a>\n\t\t\t\t\t\t\t\t<\/div>\n                            <\/div>\n                            <div class=\"product-inner\">\n                              <div class=\"product-caption\">\n\t\t\t\t\t\t\t                                <h2 class=\"product-name\"><a href=\"https:\/\/www.sulcarautopecas.com.br.186-226-60-153.cpanel.site\/lataria-e-carroceria\/motor-vidro-eletrico-porta-diant-dir-nivus-1-0-tsi-21-a1674-26206\">Motor Vidro Eletrico Porta Diant Dir Niv...<\/a><\/h2>\n\t\t\t\t\t\t\t                                     <div class=\"ratings\">\n                                      <div class=\"rating-box\">\n                                                                                        <div class=\"rating0\">rating<\/div>                                                                                                                                                                                                                                                                            <\/div>\n                                  <\/div>\n                              \t\t\t\t\t\t\t                                  <p class=\"price\">\n                                                                    R$180,00                                                                                                    <\/p>\n                                \t\t\t\t\t\t\t \n                              \n\t\t\t\t\t\t\t\t<p class=\"product-des\">Sulcar Auto Pe\u00e7as Blumenau.\nTrabalhamos com pe\u00e7as originais.\nFoto reais do produto.\nCalcule frente\u2026no mercado de envios.\nDemais d\u00favida nos pergunte.\nAp\u00f3s confirma\u00e7\u00e3o do pagamento,enviamos em at\u00e9 1 dia \u00fatil.\nEntregamos para todo pa\u00eds com qualidade e s..<\/p>\n                              <div class=\"product-intro\">\n\t\t\t\t\t\t\t\t<div class=\"actions-link2\">\n\t\t\t\t\t\t\t\t\t<a class=\"btn-cart\" data-toggle=\"tooltip\" title=\"Comprar\" onclick=\"cart.add('26206');\"><span class=\"button\"><i class=\"fa fa-shopping-cart\"><\/i>Comprar<\/span><\/a>\t\t\t\t\t\t\t\t\t\n\t\t\t\t\t\t\t\t\t<a class=\"btn-wishlist\" data-toggle=\"tooltip\" title=\"Lista de desejos\" onclick=\"wishlist.add('26206');\"><i class=\"zmdi zmdi-favorite-outline\"><\/i><\/a>\t\t\t\t\t\t\t\t\t\n\t\t\t\t\t\t\t\t\t<a class=\"btn-compare\" data-toggle=\"tooltip\" title=\"Comparar\" onclick=\"compare.add('26206');\"><i class=\"zmdi zmdi-refresh-alt\"><\/i><\/a>\n\t\t\t\t\t\t\t\t<\/div>\n\t\t\t\t\t\t\t\t<\/div>\n                            <\/div>\n\t\t\t\t\t\t\t<\/div>\n                          <\/div>\n                        <\/div>\n                                            <div class=\"product-layout product-list col-xs-12\">\n                          <div class=\"product-thumb layout1\">\n\t\t\t\t\t\t\t<div class=\"image\">\n                              \t\t\t\t\t\t\t\t                              <a href=\"https:\/\/www.sulcarautopecas.com.br.186-226-60-153.cpanel.site\/lataria-e-carroceria\/chicote-porta-dianteira-direita-jac-t5-2017-19965\">\n                                                              <img  src=\"image\/cache\/no_image-100x100.png\" alt=\"Chicote Porta Dianteira Direita Jac T5 2...\" \/>\n                              \t\t\t\t\t\t\t  <img  src=\"\" alt=\"Chicote Porta Dianteira Direita Jac T5 2...\" title=\"Chicote Porta Dianteira Direita Jac T5 2...\" class=\"img-responsive lazy\" \/>\n                              <\/a>\n\t\t\t\t\t\t\t  <div class=\"actions-link\">\t\t\t\t\t\t\t\t\t\n\t\t\t\t\t\t\t\t\t<a class=\"btn-wishlist\" data-toggle=\"tooltip\" title=\"Lista de desejos\" onclick=\"wishlist.add('19965');\"><i class=\"zmdi zmdi-favorite-outline\"><\/i><\/a>\t\t\t\t\t\t\t\t\t\n\t\t\t\t\t\t\t\t\t<a class=\"btn-compare\" data-toggle=\"tooltip\" title=\"Comparar\" onclick=\"compare.add('19965');\"><i class=\"zmdi zmdi-refresh-alt\"><\/i><\/a>\n\t\t\t\t\t\t\t\t<\/div>\n                            <\/div>\n                            <div class=\"product-inner\">\n                              <div class=\"product-caption\">\n\t\t\t\t\t\t\t                                <h2 class=\"product-name\"><a href=\"https:\/\/www.sulcarautopecas.com.br.186-226-60-153.cpanel.site\/lataria-e-carroceria\/chicote-porta-dianteira-direita-jac-t5-2017-19965\">Chicote Porta Dianteira Direita Jac T5 2...<\/a><\/h2>\n\t\t\t\t\t\t\t                                     <div class=\"ratings\">\n                                      <div class=\"rating-box\">\n                                                                                        <div class=\"rating0\">rating<\/div>                                                                                                                                                                                                                                                                            <\/div>\n                                  <\/div>\n                              \t\t\t\t\t\t\t                                  <p class=\"price\">\n                                                                    R$100,00                                                                                                    <\/p>\n                                \t\t\t\t\t\t\t \n                              \n\t\t\t\t\t\t\t\t<p class=\"product-des\">Sulcar Auto Pe\u00e7as Blumenau.\nTrabalhamos com pe\u00e7as originais.\nFoto reais do produto.\nCalcule frente\u2026no mercado de envios.\nDemais d\u00favida nos pergunte.\nAp\u00f3s confirma\u00e7\u00e3o do pagamento,enviamos em at\u00e9 1 dia \u00fatil.\nEntregamos para todo pa\u00eds com qualidade e s..<\/p>\n                              <div class=\"product-intro\">\n\t\t\t\t\t\t\t\t<div class=\"actions-link2\">\n\t\t\t\t\t\t\t\t\t<a class=\"btn-cart\" data-toggle=\"tooltip\" title=\"Comprar\" onclick=\"cart.add('19965');\"><span class=\"button\"><i class=\"fa fa-shopping-cart\"><\/i>Comprar<\/span><\/a>\t\t\t\t\t\t\t\t\t\n\t\t\t\t\t\t\t\t\t<a class=\"btn-wishlist\" data-toggle=\"tooltip\" title=\"Lista de desejos\" onclick=\"wishlist.add('19965');\"><i class=\"zmdi zmdi-favorite-outline\"><\/i><\/a>\t\t\t\t\t\t\t\t\t\n\t\t\t\t\t\t\t\t\t<a class=\"btn-compare\" data-toggle=\"tooltip\" title=\"Comparar\" onclick=\"compare.add('19965');\"><i class=\"zmdi zmdi-refresh-alt\"><\/i><\/a>\n\t\t\t\t\t\t\t\t<\/div>\n\t\t\t\t\t\t\t\t<\/div>\n                            <\/div>\n\t\t\t\t\t\t\t<\/div>\n                          <\/div>\n                        <\/div>\n                                            <div class=\"product-layout product-list col-xs-12\">\n                          <div class=\"product-thumb layout1\">\n\t\t\t\t\t\t\t<div class=\"image\">\n                              \t\t\t\t\t\t\t\t                              <a href=\"https:\/\/www.sulcarautopecas.com.br.186-226-60-153.cpanel.site\/lataria-e-carroceria\/acabamento-esquerdo-interno-porta-malas-corolla-cross-2025-31900\">\n                                                              <img  src=\"image\/cache\/no_image-100x100.png\" alt=\"Acabamento Esquerdo Interno Porta Malas ...\" \/>\n                              \t\t\t\t\t\t\t  <img  src=\"\" alt=\"Acabamento Esquerdo Interno Porta Malas ...\" title=\"Acabamento Esquerdo Interno Porta Malas ...\" class=\"img-responsive lazy\" \/>\n                              <\/a>\n\t\t\t\t\t\t\t  <div class=\"actions-link\">\t\t\t\t\t\t\t\t\t\n\t\t\t\t\t\t\t\t\t<a class=\"btn-wishlist\" data-toggle=\"tooltip\" title=\"Lista de desejos\" onclick=\"wishlist.add('31900');\"><i class=\"zmdi zmdi-favorite-outline\"><\/i><\/a>\t\t\t\t\t\t\t\t\t\n\t\t\t\t\t\t\t\t\t<a class=\"btn-compare\" data-toggle=\"tooltip\" title=\"Comparar\" onclick=\"compare.add('31900');\"><i class=\"zmdi zmdi-refresh-alt\"><\/i><\/a>\n\t\t\t\t\t\t\t\t<\/div>\n                            <\/div>\n                            <div class=\"product-inner\">\n                              <div class=\"product-caption\">\n\t\t\t\t\t\t\t                                <h2 class=\"product-name\"><a href=\"https:\/\/www.sulcarautopecas.com.br.186-226-60-153.cpanel.site\/lataria-e-carroceria\/acabamento-esquerdo-interno-porta-malas-corolla-cross-2025-31900\">Acabamento Esquerdo Interno Porta Malas ...<\/a><\/h2>\n\t\t\t\t\t\t\t                                     <div class=\"ratings\">\n                                      <div class=\"rating-box\">\n                                                                                        <div class=\"rating0\">rating<\/div>                                                                                                                                                                                                                                                                            <\/div>\n                                  <\/div>\n                              \t\t\t\t\t\t\t                                  <p class=\"price\">\n                                                                    R$130,00                                                                                                    <\/p>\n                                \t\t\t\t\t\t\t \n                              \n\t\t\t\t\t\t\t\t<p class=\"product-des\">*Sulcar Auto Pe\u00e7as Blumenau.\n*Trabalhamos com produtos originais.\n*Foto reais do produto.\n*Calcular frete em mercado envios,caso tenha nos pergunte.\n*Demais D\u00favidas apenas nos pergunte.\n*Ap\u00f3s confirma\u00e7\u00e3o do pagamento enviamos em at\u00e9 1 dia \u00fatil.\n*Entr..<\/p>\n                              <div class=\"product-intro\">\n\t\t\t\t\t\t\t\t<div class=\"actions-link2\">\n\t\t\t\t\t\t\t\t\t<a class=\"btn-cart\" data-toggle=\"tooltip\" title=\"Comprar\" onclick=\"cart.add('31900');\"><span class=\"button\"><i class=\"fa fa-shopping-cart\"><\/i>Comprar<\/span><\/a>\t\t\t\t\t\t\t\t\t\n\t\t\t\t\t\t\t\t\t<a class=\"btn-wishlist\" data-toggle=\"tooltip\" title=\"Lista de desejos\" onclick=\"wishlist.add('31900');\"><i class=\"zmdi zmdi-favorite-outline\"><\/i><\/a>\t\t\t\t\t\t\t\t\t\n\t\t\t\t\t\t\t\t\t<a class=\"btn-compare\" data-toggle=\"tooltip\" title=\"Comparar\" onclick=\"compare.add('31900');\"><i class=\"zmdi zmdi-refresh-alt\"><\/i><\/a>\n\t\t\t\t\t\t\t\t<\/div>\n\t\t\t\t\t\t\t\t<\/div>\n                            <\/div>\n\t\t\t\t\t\t\t<\/div>\n                          <\/div>\n                        <\/div>\n                                            <div class=\"product-layout product-list col-xs-12\">\n                          <div class=\"product-thumb layout1\">\n\t\t\t\t\t\t\t<div class=\"image\">\n                              \t\t\t\t\t\t\t\t                              <a href=\"https:\/\/www.sulcarautopecas.com.br.186-226-60-153.cpanel.site\/lataria-e-carroceria\/friso-porta-diant-direita-hyundai-creta-2017-a4498-28810\">\n                                                              <img  src=\"image\/cache\/no_image-100x100.png\" alt=\"Friso Porta Diant Direita Hyundai Creta ...\" \/>\n                              \t\t\t\t\t\t\t  <img  src=\"\" alt=\"Friso Porta Diant Direita Hyundai Creta ...\" title=\"Friso Porta Diant Direita Hyundai Creta ...\" class=\"img-responsive lazy\" \/>\n                              <\/a>\n\t\t\t\t\t\t\t  <div class=\"actions-link\">\t\t\t\t\t\t\t\t\t\n\t\t\t\t\t\t\t\t\t<a class=\"btn-wishlist\" data-toggle=\"tooltip\" title=\"Lista de desejos\" onclick=\"wishlist.add('28810');\"><i class=\"zmdi zmdi-favorite-outline\"><\/i><\/a>\t\t\t\t\t\t\t\t\t\n\t\t\t\t\t\t\t\t\t<a class=\"btn-compare\" data-toggle=\"tooltip\" title=\"Comparar\" onclick=\"compare.add('28810');\"><i class=\"zmdi zmdi-refresh-alt\"><\/i><\/a>\n\t\t\t\t\t\t\t\t<\/div>\n                            <\/div>\n                            <div class=\"product-inner\">\n                              <div class=\"product-caption\">\n\t\t\t\t\t\t\t                                <h2 class=\"product-name\"><a href=\"https:\/\/www.sulcarautopecas.com.br.186-226-60-153.cpanel.site\/lataria-e-carroceria\/friso-porta-diant-direita-hyundai-creta-2017-a4498-28810\">Friso Porta Diant Direita Hyundai Creta ...<\/a><\/h2>\n\t\t\t\t\t\t\t                                     <div class=\"ratings\">\n                                      <div class=\"rating-box\">\n                                                                                        <div class=\"rating0\">rating<\/div>                                                                                                                                                                                                                                                                            <\/div>\n                                  <\/div>\n                              \t\t\t\t\t\t\t                                  <p class=\"price\">\n                                                                    R$150,00                                                                                                    <\/p>\n                                \t\t\t\t\t\t\t \n                              \n\t\t\t\t\t\t\t\t<p class=\"product-des\">Sulcar Auto Pe\u00e7as Blumenau\nTrabalhamos com produtos originais\nFoto reais do produto\nCalcular frete...no mercado de envios\nDemais d\u00favidas...apenas nos pergunte\nAp\u00f3s confirmar do pagamento enviamos em at\u00e9 1 dia \u00fatil\nEntregamos para todo territ\u00f3rio naci..<\/p>\n                              <div class=\"product-intro\">\n\t\t\t\t\t\t\t\t<div class=\"actions-link2\">\n\t\t\t\t\t\t\t\t\t<a class=\"btn-cart\" data-toggle=\"tooltip\" title=\"Comprar\" onclick=\"cart.add('28810');\"><span class=\"button\"><i class=\"fa fa-shopping-cart\"><\/i>Comprar<\/span><\/a>\t\t\t\t\t\t\t\t\t\n\t\t\t\t\t\t\t\t\t<a class=\"btn-wishlist\" data-toggle=\"tooltip\" title=\"Lista de desejos\" onclick=\"wishlist.add('28810');\"><i class=\"zmdi zmdi-favorite-outline\"><\/i><\/a>\t\t\t\t\t\t\t\t\t\n\t\t\t\t\t\t\t\t\t<a class=\"btn-compare\" data-toggle=\"tooltip\" title=\"Comparar\" onclick=\"compare.add('28810');\"><i class=\"zmdi zmdi-refresh-alt\"><\/i><\/a>\n\t\t\t\t\t\t\t\t<\/div>\n\t\t\t\t\t\t\t\t<\/div>\n                            <\/div>\n\t\t\t\t\t\t\t<\/div>\n                          <\/div>\n                        <\/div>\n                                            <div class=\"product-layout product-list col-xs-12\">\n                          <div class=\"product-thumb layout1\">\n\t\t\t\t\t\t\t<div class=\"image\">\n                              \t\t\t\t\t\t\t\t                              <a href=\"https:\/\/www.sulcarautopecas.com.br.186-226-60-153.cpanel.site\/lataria-e-carroceria\/chicote-porta-dianteira-direita-honda-civic-2014-22753\">\n                                                              <img  src=\"image\/cache\/no_image-100x100.png\" alt=\"Chicote Porta Dianteira Direita Honda Ci...\" \/>\n                              \t\t\t\t\t\t\t  <img  src=\"\" alt=\"Chicote Porta Dianteira Direita Honda Ci...\" title=\"Chicote Porta Dianteira Direita Honda Ci...\" class=\"img-responsive lazy\" \/>\n                              <\/a>\n\t\t\t\t\t\t\t  <div class=\"actions-link\">\t\t\t\t\t\t\t\t\t\n\t\t\t\t\t\t\t\t\t<a class=\"btn-wishlist\" data-toggle=\"tooltip\" title=\"Lista de desejos\" onclick=\"wishlist.add('22753');\"><i class=\"zmdi zmdi-favorite-outline\"><\/i><\/a>\t\t\t\t\t\t\t\t\t\n\t\t\t\t\t\t\t\t\t<a class=\"btn-compare\" data-toggle=\"tooltip\" title=\"Comparar\" onclick=\"compare.add('22753');\"><i class=\"zmdi zmdi-refresh-alt\"><\/i><\/a>\n\t\t\t\t\t\t\t\t<\/div>\n                            <\/div>\n                            <div class=\"product-inner\">\n                              <div class=\"product-caption\">\n\t\t\t\t\t\t\t                                <h2 class=\"product-name\"><a href=\"https:\/\/www.sulcarautopecas.com.br.186-226-60-153.cpanel.site\/lataria-e-carroceria\/chicote-porta-dianteira-direita-honda-civic-2014-22753\">Chicote Porta Dianteira Direita Honda Ci...<\/a><\/h2>\n\t\t\t\t\t\t\t                                     <div class=\"ratings\">\n                                      <div class=\"rating-box\">\n                                                                                        <div class=\"rating0\">rating<\/div>                                                                                                                                                                                                                                                                            <\/div>\n                                  <\/div>\n                              \t\t\t\t\t\t\t                                  <p class=\"price\">\n                                                                    R$70,00                                                                                                    <\/p>\n                                \t\t\t\t\t\t\t \n                              \n\t\t\t\t\t\t\t\t<p class=\"product-des\">Trabalhamos com produtos originais, retirados de ve\u00edculos baixados no Detran, com total proced\u00eancia e garantia.\nTodas as nossas fotos s\u00e3o reais do produto.\n\nPara calcular o frente basta aproveitar as vantagens do MERCADO ENVIOS.\nCaso o produto n\u00e3o te..<\/p>\n                              <div class=\"product-intro\">\n\t\t\t\t\t\t\t\t<div class=\"actions-link2\">\n\t\t\t\t\t\t\t\t\t<a class=\"btn-cart\" data-toggle=\"tooltip\" title=\"Comprar\" onclick=\"cart.add('22753');\"><span class=\"button\"><i class=\"fa fa-shopping-cart\"><\/i>Comprar<\/span><\/a>\t\t\t\t\t\t\t\t\t\n\t\t\t\t\t\t\t\t\t<a class=\"btn-wishlist\" data-toggle=\"tooltip\" title=\"Lista de desejos\" onclick=\"wishlist.add('22753');\"><i class=\"zmdi zmdi-favorite-outline\"><\/i><\/a>\t\t\t\t\t\t\t\t\t\n\t\t\t\t\t\t\t\t\t<a class=\"btn-compare\" data-toggle=\"tooltip\" title=\"Comparar\" onclick=\"compare.add('22753');\"><i class=\"zmdi zmdi-refresh-alt\"><\/i><\/a>\n\t\t\t\t\t\t\t\t<\/div>\n\t\t\t\t\t\t\t\t<\/div>\n                            <\/div>\n\t\t\t\t\t\t\t<\/div>\n                          <\/div>\n                        <\/div>\n                                            <div class=\"product-layout product-list col-xs-12\">\n                          <div class=\"product-thumb layout1\">\n\t\t\t\t\t\t\t<div class=\"image\">\n                              \t\t\t\t\t\t\t\t                              <a href=\"https:\/\/www.sulcarautopecas.com.br.186-226-60-153.cpanel.site\/lataria-e-carroceria\/botao-vidro-eletrico-traseiro-honda-crv-07-11-original-15572\">\n                                                              <img  src=\"image\/cache\/no_image-100x100.png\" alt=\"Bot\u00e3o Vidro El\u00e9trico Traseiro Honda Cr...\" \/>\n                              \t\t\t\t\t\t\t  <img  src=\"\" alt=\"Bot\u00e3o Vidro El\u00e9trico Traseiro Honda Cr...\" title=\"Bot\u00e3o Vidro El\u00e9trico Traseiro Honda Cr...\" class=\"img-responsive lazy\" \/>\n                              <\/a>\n\t\t\t\t\t\t\t  <div class=\"actions-link\">\t\t\t\t\t\t\t\t\t\n\t\t\t\t\t\t\t\t\t<a class=\"btn-wishlist\" data-toggle=\"tooltip\" title=\"Lista de desejos\" onclick=\"wishlist.add('15572');\"><i class=\"zmdi zmdi-favorite-outline\"><\/i><\/a>\t\t\t\t\t\t\t\t\t\n\t\t\t\t\t\t\t\t\t<a class=\"btn-compare\" data-toggle=\"tooltip\" title=\"Comparar\" onclick=\"compare.add('15572');\"><i class=\"zmdi zmdi-refresh-alt\"><\/i><\/a>\n\t\t\t\t\t\t\t\t<\/div>\n                            <\/div>\n                            <div class=\"product-inner\">\n                              <div class=\"product-caption\">\n\t\t\t\t\t\t\t                                <h2 class=\"product-name\"><a href=\"https:\/\/www.sulcarautopecas.com.br.186-226-60-153.cpanel.site\/lataria-e-carroceria\/botao-vidro-eletrico-traseiro-honda-crv-07-11-original-15572\">Bot\u00e3o Vidro El\u00e9trico Traseiro Honda Cr...<\/a><\/h2>\n\t\t\t\t\t\t\t                                     <div class=\"ratings\">\n                                      <div class=\"rating-box\">\n                                                                                        <div class=\"rating0\">rating<\/div>                                                                                                                                                                                                                                                                            <\/div>\n                                  <\/div>\n                              \t\t\t\t\t\t\t                                  <p class=\"price\">\n                                                                    R$100,00                                                                                                    <\/p>\n                                \t\t\t\t\t\t\t \n                              \n\t\t\t\t\t\t\t\t<p class=\"product-des\">*Sulcar Auto Pe\u00e7as Blumenau.\n*Trabalhamos com produtos originais.\n*Foto reais do produto.\n*Calcular frete em mercado envios,caso tenha nos pergunte.\n*Demais D\u00favidas apenas nos pergunte.\n*Ap\u00f3s confirma\u00e7\u00e3o do pagamento enviamos em at\u00e9 1 dia \u00fatil.\n*Entr..<\/p>\n                              <div class=\"product-intro\">\n\t\t\t\t\t\t\t\t<div class=\"actions-link2\">\n\t\t\t\t\t\t\t\t\t<a class=\"btn-cart\" data-toggle=\"tooltip\" title=\"Comprar\" onclick=\"cart.add('15572');\"><span class=\"button\"><i class=\"fa fa-shopping-cart\"><\/i>Comprar<\/span><\/a>\t\t\t\t\t\t\t\t\t\n\t\t\t\t\t\t\t\t\t<a class=\"btn-wishlist\" data-toggle=\"tooltip\" title=\"Lista de desejos\" onclick=\"wishlist.add('15572');\"><i class=\"zmdi zmdi-favorite-outline\"><\/i><\/a>\t\t\t\t\t\t\t\t\t\n\t\t\t\t\t\t\t\t\t<a class=\"btn-compare\" data-toggle=\"tooltip\" title=\"Comparar\" onclick=\"compare.add('15572');\"><i class=\"zmdi zmdi-refresh-alt\"><\/i><\/a>\n\t\t\t\t\t\t\t\t<\/div>\n\t\t\t\t\t\t\t\t<\/div>\n                            <\/div>\n\t\t\t\t\t\t\t<\/div>\n                          <\/div>\n                        <\/div>\n                                            <div class=\"product-layout product-list col-xs-12\">\n                          <div class=\"product-thumb layout1\">\n\t\t\t\t\t\t\t<div class=\"image\">\n                              \t\t\t\t\t\t\t\t                              <a href=\"https:\/\/www.sulcarautopecas.com.br.186-226-60-153.cpanel.site\/lataria-e-carroceria\/moldura-botao-vidro-porta-diant-dir-renault-duster-2023-33131\">\n                                                              <img  src=\"image\/cache\/no_image-100x100.png\" alt=\"Moldura Bot\u00e3o Vidro Porta Diant Dir Ren...\" \/>\n                              \t\t\t\t\t\t\t  <img  src=\"\" alt=\"Moldura Bot\u00e3o Vidro Porta Diant Dir Ren...\" title=\"Moldura Bot\u00e3o Vidro Porta Diant Dir Ren...\" class=\"img-responsive lazy\" \/>\n                              <\/a>\n\t\t\t\t\t\t\t  <div class=\"actions-link\">\t\t\t\t\t\t\t\t\t\n\t\t\t\t\t\t\t\t\t<a class=\"btn-wishlist\" data-toggle=\"tooltip\" title=\"Lista de desejos\" onclick=\"wishlist.add('33131');\"><i class=\"zmdi zmdi-favorite-outline\"><\/i><\/a>\t\t\t\t\t\t\t\t\t\n\t\t\t\t\t\t\t\t\t<a class=\"btn-compare\" data-toggle=\"tooltip\" title=\"Comparar\" onclick=\"compare.add('33131');\"><i class=\"zmdi zmdi-refresh-alt\"><\/i><\/a>\n\t\t\t\t\t\t\t\t<\/div>\n                            <\/div>\n                            <div class=\"product-inner\">\n                              <div class=\"product-caption\">\n\t\t\t\t\t\t\t                                <h2 class=\"product-name\"><a href=\"https:\/\/www.sulcarautopecas.com.br.186-226-60-153.cpanel.site\/lataria-e-carroceria\/moldura-botao-vidro-porta-diant-dir-renault-duster-2023-33131\">Moldura Bot\u00e3o Vidro Porta Diant Dir Ren...<\/a><\/h2>\n\t\t\t\t\t\t\t                                     <div class=\"ratings\">\n                                      <div class=\"rating-box\">\n                                                                                        <div class=\"rating0\">rating<\/div>                                                                                                                                                                                                                                                                            <\/div>\n                                  <\/div>\n                              \t\t\t\t\t\t\t                                  <p class=\"price\">\n                                                                    R$80,00                                                                                                    <\/p>\n                                \t\t\t\t\t\t\t \n                              \n\t\t\t\t\t\t\t\t<p class=\"product-des\">*Sulcar Auto Pe\u00e7as Blumenau.\n*Trabalhamos com produtos originais.\n*Foto reais do produto.\n*Calcular frete em mercado envios,caso tenha nos pergunte.\n*Demais D\u00favidas apenas nos pergunte.\n*Ap\u00f3s confirma\u00e7\u00e3o do pagamento enviamos em at\u00e9 1 dia \u00fatil.\n*Entr..<\/p>\n                              <div class=\"product-intro\">\n\t\t\t\t\t\t\t\t<div class=\"actions-link2\">\n\t\t\t\t\t\t\t\t\t<a class=\"btn-cart\" data-toggle=\"tooltip\" title=\"Comprar\" onclick=\"cart.add('33131');\"><span class=\"button\"><i class=\"fa fa-shopping-cart\"><\/i>Comprar<\/span><\/a>\t\t\t\t\t\t\t\t\t\n\t\t\t\t\t\t\t\t\t<a class=\"btn-wishlist\" data-toggle=\"tooltip\" title=\"Lista de desejos\" onclick=\"wishlist.add('33131');\"><i class=\"zmdi zmdi-favorite-outline\"><\/i><\/a>\t\t\t\t\t\t\t\t\t\n\t\t\t\t\t\t\t\t\t<a class=\"btn-compare\" data-toggle=\"tooltip\" title=\"Comparar\" onclick=\"compare.add('33131');\"><i class=\"zmdi zmdi-refresh-alt\"><\/i><\/a>\n\t\t\t\t\t\t\t\t<\/div>\n\t\t\t\t\t\t\t\t<\/div>\n                            <\/div>\n\t\t\t\t\t\t\t<\/div>\n                          <\/div>\n                        <\/div>\n                                            <div class=\"product-layout product-list col-xs-12\">\n                          <div class=\"product-thumb layout1\">\n\t\t\t\t\t\t\t<div class=\"image\">\n                              \t\t\t\t\t\t\t\t                              <a href=\"https:\/\/www.sulcarautopecas.com.br.186-226-60-153.cpanel.site\/lataria-e-carroceria\/acabamento-botao-vidro-eletrico-tras-dir-captur-2021-a2384-30161\">\n                                                              <img  src=\"image\/cache\/no_image-100x100.png\" alt=\"Acabamento Bot\u00e3o Vidro Eletrico Tras Di...\" \/>\n                              \t\t\t\t\t\t\t  <img  src=\"\" alt=\"Acabamento Bot\u00e3o Vidro Eletrico Tras Di...\" title=\"Acabamento Bot\u00e3o Vidro Eletrico Tras Di...\" class=\"img-responsive lazy\" \/>\n                              <\/a>\n\t\t\t\t\t\t\t  <div class=\"actions-link\">\t\t\t\t\t\t\t\t\t\n\t\t\t\t\t\t\t\t\t<a class=\"btn-wishlist\" data-toggle=\"tooltip\" title=\"Lista de desejos\" onclick=\"wishlist.add('30161');\"><i class=\"zmdi zmdi-favorite-outline\"><\/i><\/a>\t\t\t\t\t\t\t\t\t\n\t\t\t\t\t\t\t\t\t<a class=\"btn-compare\" data-toggle=\"tooltip\" title=\"Comparar\" onclick=\"compare.add('30161');\"><i class=\"zmdi zmdi-refresh-alt\"><\/i><\/a>\n\t\t\t\t\t\t\t\t<\/div>\n                            <\/div>\n                            <div class=\"product-inner\">\n                              <div class=\"product-caption\">\n\t\t\t\t\t\t\t                                <h2 class=\"product-name\"><a href=\"https:\/\/www.sulcarautopecas.com.br.186-226-60-153.cpanel.site\/lataria-e-carroceria\/acabamento-botao-vidro-eletrico-tras-dir-captur-2021-a2384-30161\">Acabamento Bot\u00e3o Vidro Eletrico Tras Di...<\/a><\/h2>\n\t\t\t\t\t\t\t                                     <div class=\"ratings\">\n                                      <div class=\"rating-box\">\n                                                                                        <div class=\"rating0\">rating<\/div>                                                                                                                                                                                                                                                                            <\/div>\n                                  <\/div>\n                              \t\t\t\t\t\t\t                                  <p class=\"price\">\n                                                                    R$80,00                                                                                                    <\/p>\n                                \t\t\t\t\t\t\t \n                              \n\t\t\t\t\t\t\t\t<p class=\"product-des\">*Sulcar Auto Pe\u00e7as Blumenau.\n*Trabalhamos com produtos originais.\n*Foto reais do produto.\n*Calcular frete em mercado envios,caso tenha nos pergunte.\n*Demais D\u00favidas apenas nos pergunte.\n*Ap\u00f3s confirma\u00e7\u00e3o do pagamento enviamos em at\u00e9 1 dia \u00fatil.\n*Entr..<\/p>\n                              <div class=\"product-intro\">\n\t\t\t\t\t\t\t\t<div class=\"actions-link2\">\n\t\t\t\t\t\t\t\t\t<a class=\"btn-cart\" data-toggle=\"tooltip\" title=\"Comprar\" onclick=\"cart.add('30161');\"><span class=\"button\"><i class=\"fa fa-shopping-cart\"><\/i>Comprar<\/span><\/a>\t\t\t\t\t\t\t\t\t\n\t\t\t\t\t\t\t\t\t<a class=\"btn-wishlist\" data-toggle=\"tooltip\" title=\"Lista de desejos\" onclick=\"wishlist.add('30161');\"><i class=\"zmdi zmdi-favorite-outline\"><\/i><\/a>\t\t\t\t\t\t\t\t\t\n\t\t\t\t\t\t\t\t\t<a class=\"btn-compare\" data-toggle=\"tooltip\" title=\"Comparar\" onclick=\"compare.add('30161');\"><i class=\"zmdi zmdi-refresh-alt\"><\/i><\/a>\n\t\t\t\t\t\t\t\t<\/div>\n\t\t\t\t\t\t\t\t<\/div>\n                            <\/div>\n\t\t\t\t\t\t\t<\/div>\n                          <\/div>\n                        <\/div>\n                                            <div class=\"product-layout product-list col-xs-12\">\n                          <div class=\"product-thumb layout1\">\n\t\t\t\t\t\t\t<div class=\"image\">\n                              \t\t\t\t\t\t\t\t                              <a href=\"https:\/\/www.sulcarautopecas.com.br.186-226-60-153.cpanel.site\/lataria-e-carroceria\/porta-tras-esq-fiat-fastbak-2023-c-detalhe-a1138-25686\">\n                                                              <img  src=\"image\/cache\/no_image-100x100.png\" alt=\"Porta Tras Esq Fiat Fastback 2023 C\/deta...\" \/>\n                              \t\t\t\t\t\t\t  <img  src=\"\" alt=\"Porta Tras Esq Fiat Fastback 2023 C\/deta...\" title=\"Porta Tras Esq Fiat Fastback 2023 C\/deta...\" class=\"img-responsive lazy\" \/>\n                              <\/a>\n\t\t\t\t\t\t\t  <div class=\"actions-link\">\t\t\t\t\t\t\t\t\t\n\t\t\t\t\t\t\t\t\t<a class=\"btn-wishlist\" data-toggle=\"tooltip\" title=\"Lista de desejos\" onclick=\"wishlist.add('25686');\"><i class=\"zmdi zmdi-favorite-outline\"><\/i><\/a>\t\t\t\t\t\t\t\t\t\n\t\t\t\t\t\t\t\t\t<a class=\"btn-compare\" data-toggle=\"tooltip\" title=\"Comparar\" onclick=\"compare.add('25686');\"><i class=\"zmdi zmdi-refresh-alt\"><\/i><\/a>\n\t\t\t\t\t\t\t\t<\/div>\n                            <\/div>\n                            <div class=\"product-inner\">\n                              <div class=\"product-caption\">\n\t\t\t\t\t\t\t                                <h2 class=\"product-name\"><a href=\"https:\/\/www.sulcarautopecas.com.br.186-226-60-153.cpanel.site\/lataria-e-carroceria\/porta-tras-esq-fiat-fastbak-2023-c-detalhe-a1138-25686\">Porta Tras Esq Fiat Fastback 2023 C\/deta...<\/a><\/h2>\n\t\t\t\t\t\t\t                                     <div class=\"ratings\">\n                                      <div class=\"rating-box\">\n                                                                                        <div class=\"rating0\">rating<\/div>                                                                                                                                                                                                                                                                            <\/div>\n                                  <\/div>\n                              \t\t\t\t\t\t\t                                  <p class=\"price\">\n                                                                    R$500,00                                                                                                    <\/p>\n                                \t\t\t\t\t\t\t \n                              \n\t\t\t\t\t\t\t\t<p class=\"product-des\">Trabalhamos com produtos originais, retirados de ve\u00edculos baixados no Detran, com total proced\u00eancia e garantia.\nTodas as nossas fotos s\u00e3o reais do produto.\n\nPara calcular o frente basta aproveitar as vantagens do MERCADO ENVIOS.\nCaso o produto n\u00e3o te..<\/p>\n                              <div class=\"product-intro\">\n\t\t\t\t\t\t\t\t<div class=\"actions-link2\">\n\t\t\t\t\t\t\t\t\t<a class=\"btn-cart\" data-toggle=\"tooltip\" title=\"Comprar\" onclick=\"cart.add('25686');\"><span class=\"button\"><i class=\"fa fa-shopping-cart\"><\/i>Comprar<\/span><\/a>\t\t\t\t\t\t\t\t\t\n\t\t\t\t\t\t\t\t\t<a class=\"btn-wishlist\" data-toggle=\"tooltip\" title=\"Lista de desejos\" onclick=\"wishlist.add('25686');\"><i class=\"zmdi zmdi-favorite-outline\"><\/i><\/a>\t\t\t\t\t\t\t\t\t\n\t\t\t\t\t\t\t\t\t<a class=\"btn-compare\" data-toggle=\"tooltip\" title=\"Comparar\" onclick=\"compare.add('25686');\"><i class=\"zmdi zmdi-refresh-alt\"><\/i><\/a>\n\t\t\t\t\t\t\t\t<\/div>\n\t\t\t\t\t\t\t\t<\/div>\n                            <\/div>\n\t\t\t\t\t\t\t<\/div>\n                          <\/div>\n                        <\/div>\n                                            <div class=\"product-layout product-list col-xs-12\">\n                          <div class=\"product-thumb layout1\">\n\t\t\t\t\t\t\t<div class=\"image\">\n                              \t\t\t\t\t\t\t\t                              <a href=\"https:\/\/www.sulcarautopecas.com.br.186-226-60-153.cpanel.site\/lataria-e-carroceria\/porta-traseira-direita-lifan-320-2011-19527\">\n                                                              <img  src=\"image\/cache\/no_image-100x100.png\" alt=\"Porta Traseira Direita Lifan 320 2011\" \/>\n                              \t\t\t\t\t\t\t  <img  src=\"\" alt=\"Porta Traseira Direita Lifan 320 2011\" title=\"Porta Traseira Direita Lifan 320 2011\" class=\"img-responsive lazy\" \/>\n                              <\/a>\n\t\t\t\t\t\t\t  <div class=\"actions-link\">\t\t\t\t\t\t\t\t\t\n\t\t\t\t\t\t\t\t\t<a class=\"btn-wishlist\" data-toggle=\"tooltip\" title=\"Lista de desejos\" onclick=\"wishlist.add('19527');\"><i class=\"zmdi zmdi-favorite-outline\"><\/i><\/a>\t\t\t\t\t\t\t\t\t\n\t\t\t\t\t\t\t\t\t<a class=\"btn-compare\" data-toggle=\"tooltip\" title=\"Comparar\" onclick=\"compare.add('19527');\"><i class=\"zmdi zmdi-refresh-alt\"><\/i><\/a>\n\t\t\t\t\t\t\t\t<\/div>\n                            <\/div>\n                            <div class=\"product-inner\">\n                              <div class=\"product-caption\">\n\t\t\t\t\t\t\t                                <h2 class=\"product-name\"><a href=\"https:\/\/www.sulcarautopecas.com.br.186-226-60-153.cpanel.site\/lataria-e-carroceria\/porta-traseira-direita-lifan-320-2011-19527\">Porta Traseira Direita Lifan 320 2011<\/a><\/h2>\n\t\t\t\t\t\t\t                                     <div class=\"ratings\">\n                                      <div class=\"rating-box\">\n                                                                                        <div class=\"rating0\">rating<\/div>                                                                                                                                                                                                                                                                            <\/div>\n                                  <\/div>\n                              \t\t\t\t\t\t\t                                  <p class=\"price\">\n                                                                    R$300,00                                                                                                    <\/p>\n                                \t\t\t\t\t\t\t \n                              \n\t\t\t\t\t\t\t\t<p class=\"product-des\">Sulcar Auto Pe\u00e7as Blumenau.\nTrabalhamos com pe\u00e7as originais.\nFoto reais do produto.\nCalcule frente\u2026no mercado de envios.\nDemais d\u00favida nos pergunte.\nAp\u00f3s confirma\u00e7\u00e3o do pagamento,enviamos em at\u00e9 1 dia \u00fatil.\nEntregamos para todo pa\u00eds com qualidade e s..<\/p>\n                              <div class=\"product-intro\">\n\t\t\t\t\t\t\t\t<div class=\"actions-link2\">\n\t\t\t\t\t\t\t\t\t<a class=\"btn-cart\" data-toggle=\"tooltip\" title=\"Comprar\" onclick=\"cart.add('19527');\"><span class=\"button\"><i class=\"fa fa-shopping-cart\"><\/i>Comprar<\/span><\/a>\t\t\t\t\t\t\t\t\t\n\t\t\t\t\t\t\t\t\t<a class=\"btn-wishlist\" data-toggle=\"tooltip\" title=\"Lista de desejos\" onclick=\"wishlist.add('19527');\"><i class=\"zmdi zmdi-favorite-outline\"><\/i><\/a>\t\t\t\t\t\t\t\t\t\n\t\t\t\t\t\t\t\t\t<a class=\"btn-compare\" data-toggle=\"tooltip\" title=\"Comparar\" onclick=\"compare.add('19527');\"><i class=\"zmdi zmdi-refresh-alt\"><\/i><\/a>\n\t\t\t\t\t\t\t\t<\/div>\n\t\t\t\t\t\t\t\t<\/div>\n                            <\/div>\n\t\t\t\t\t\t\t<\/div>\n                          <\/div>\n                        <\/div>\n                                            <div class=\"product-layout product-list col-xs-12\">\n                          <div class=\"product-thumb layout1\">\n\t\t\t\t\t\t\t<div class=\"image\">\n                              \t\t\t\t\t\t\t\t                              <a href=\"https:\/\/www.sulcarautopecas.com.br.186-226-60-153.cpanel.site\/lataria-e-carroceria\/travessa-inferior-parachoque-diant-fastback-impetus-2023-31575\">\n                                                              <img  src=\"image\/cache\/no_image-100x100.png\" alt=\"Travessa Inferior Parachoque Diant Fastb...\" \/>\n                              \t\t\t\t\t\t\t  <img  src=\"\" alt=\"Travessa Inferior Parachoque Diant Fastb...\" title=\"Travessa Inferior Parachoque Diant Fastb...\" class=\"img-responsive lazy\" \/>\n                              <\/a>\n\t\t\t\t\t\t\t  <div class=\"actions-link\">\t\t\t\t\t\t\t\t\t\n\t\t\t\t\t\t\t\t\t<a class=\"btn-wishlist\" data-toggle=\"tooltip\" title=\"Lista de desejos\" onclick=\"wishlist.add('31575');\"><i class=\"zmdi zmdi-favorite-outline\"><\/i><\/a>\t\t\t\t\t\t\t\t\t\n\t\t\t\t\t\t\t\t\t<a class=\"btn-compare\" data-toggle=\"tooltip\" title=\"Comparar\" onclick=\"compare.add('31575');\"><i class=\"zmdi zmdi-refresh-alt\"><\/i><\/a>\n\t\t\t\t\t\t\t\t<\/div>\n                            <\/div>\n                            <div class=\"product-inner\">\n                              <div class=\"product-caption\">\n\t\t\t\t\t\t\t                                <h2 class=\"product-name\"><a href=\"https:\/\/www.sulcarautopecas.com.br.186-226-60-153.cpanel.site\/lataria-e-carroceria\/travessa-inferior-parachoque-diant-fastback-impetus-2023-31575\">Travessa Inferior Parachoque Diant Fastb...<\/a><\/h2>\n\t\t\t\t\t\t\t                                     <div class=\"ratings\">\n                                      <div class=\"rating-box\">\n                                                                                        <div class=\"rating0\">rating<\/div>                                                                                                                                                                                                                                                                            <\/div>\n                                  <\/div>\n                              \t\t\t\t\t\t\t                                  <p class=\"price\">\n                                                                    R$250,00                                                                                                    <\/p>\n                                \t\t\t\t\t\t\t \n                              \n\t\t\t\t\t\t\t\t<p class=\"product-des\">*Sulcar Auto Pe\u00e7as Blumenau.\n*Trabalhamos com produtos originais.\n*Foto reais do produto.\n*Calcular frete em mercado envios,caso tenha nos pergunte.\n*Demais D\u00favidas apenas nos pergunte.\n*Ap\u00f3s confirma\u00e7\u00e3o do pagamento enviamos em at\u00e9 1 dia \u00fatil.\n*Entr..<\/p>\n                              <div class=\"product-intro\">\n\t\t\t\t\t\t\t\t<div class=\"actions-link2\">\n\t\t\t\t\t\t\t\t\t<a class=\"btn-cart\" data-toggle=\"tooltip\" title=\"Comprar\" onclick=\"cart.add('31575');\"><span class=\"button\"><i class=\"fa fa-shopping-cart\"><\/i>Comprar<\/span><\/a>\t\t\t\t\t\t\t\t\t\n\t\t\t\t\t\t\t\t\t<a class=\"btn-wishlist\" data-toggle=\"tooltip\" title=\"Lista de desejos\" onclick=\"wishlist.add('31575');\"><i class=\"zmdi zmdi-favorite-outline\"><\/i><\/a>\t\t\t\t\t\t\t\t\t\n\t\t\t\t\t\t\t\t\t<a class=\"btn-compare\" data-toggle=\"tooltip\" title=\"Comparar\" onclick=\"compare.add('31575');\"><i class=\"zmdi zmdi-refresh-alt\"><\/i><\/a>\n\t\t\t\t\t\t\t\t<\/div>\n\t\t\t\t\t\t\t\t<\/div>\n                            <\/div>\n\t\t\t\t\t\t\t<\/div>\n                          <\/div>\n                        <\/div>\n                                            <div class=\"product-layout product-list col-xs-12\">\n                          <div class=\"product-thumb layout1\">\n\t\t\t\t\t\t\t<div class=\"image\">\n                              \t\t\t\t\t\t\t\t                              <a href=\"https:\/\/www.sulcarautopecas.com.br.186-226-60-153.cpanel.site\/lataria-e-carroceria\/fechadura-capo-dianteiro-fiat-fastback-audace-2023-a3955-28272\">\n                                                              <img  src=\"image\/cache\/no_image-100x100.png\" alt=\"Fechadura Capo Dianteiro Fiat Fastback A...\" \/>\n                              \t\t\t\t\t\t\t  <img  src=\"\" alt=\"Fechadura Capo Dianteiro Fiat Fastback A...\" title=\"Fechadura Capo Dianteiro Fiat Fastback A...\" class=\"img-responsive lazy\" \/>\n                              <\/a>\n\t\t\t\t\t\t\t  <div class=\"actions-link\">\t\t\t\t\t\t\t\t\t\n\t\t\t\t\t\t\t\t\t<a class=\"btn-wishlist\" data-toggle=\"tooltip\" title=\"Lista de desejos\" onclick=\"wishlist.add('28272');\"><i class=\"zmdi zmdi-favorite-outline\"><\/i><\/a>\t\t\t\t\t\t\t\t\t\n\t\t\t\t\t\t\t\t\t<a class=\"btn-compare\" data-toggle=\"tooltip\" title=\"Comparar\" onclick=\"compare.add('28272');\"><i class=\"zmdi zmdi-refresh-alt\"><\/i><\/a>\n\t\t\t\t\t\t\t\t<\/div>\n                            <\/div>\n                            <div class=\"product-inner\">\n                              <div class=\"product-caption\">\n\t\t\t\t\t\t\t                                <h2 class=\"product-name\"><a href=\"https:\/\/www.sulcarautopecas.com.br.186-226-60-153.cpanel.site\/lataria-e-carroceria\/fechadura-capo-dianteiro-fiat-fastback-audace-2023-a3955-28272\">Fechadura Capo Dianteiro Fiat Fastback A...<\/a><\/h2>\n\t\t\t\t\t\t\t                                     <div class=\"ratings\">\n                                      <div class=\"rating-box\">\n                                                                                        <div class=\"rating0\">rating<\/div>                                                                                                                                                                                                                                                                            <\/div>\n                                  <\/div>\n                              \t\t\t\t\t\t\t                                  <p class=\"price\">\n                                                                    R$250,00                                                                                                    <\/p>\n                                \t\t\t\t\t\t\t \n                              \n\t\t\t\t\t\t\t\t<p class=\"product-des\">Sulcar Auto Pe\u00e7as Blumenau\nTrabalhamos com produtos originais\nFoto reais do produto\nCalcular frete...no mercado de envios\nDemais d\u00favidas...apenas nos pergunte\nAp\u00f3s confirmar do pagamento enviamos em at\u00e9 1 dia \u00fatil\nEntregamos para todo territ\u00f3rio naci..<\/p>\n                              <div class=\"product-intro\">\n\t\t\t\t\t\t\t\t<div class=\"actions-link2\">\n\t\t\t\t\t\t\t\t\t<a class=\"btn-cart\" data-toggle=\"tooltip\" title=\"Comprar\" onclick=\"cart.add('28272');\"><span class=\"button\"><i class=\"fa fa-shopping-cart\"><\/i>Comprar<\/span><\/a>\t\t\t\t\t\t\t\t\t\n\t\t\t\t\t\t\t\t\t<a class=\"btn-wishlist\" data-toggle=\"tooltip\" title=\"Lista de desejos\" onclick=\"wishlist.add('28272');\"><i class=\"zmdi zmdi-favorite-outline\"><\/i><\/a>\t\t\t\t\t\t\t\t\t\n\t\t\t\t\t\t\t\t\t<a class=\"btn-compare\" data-toggle=\"tooltip\" title=\"Comparar\" onclick=\"compare.add('28272');\"><i class=\"zmdi zmdi-refresh-alt\"><\/i><\/a>\n\t\t\t\t\t\t\t\t<\/div>\n\t\t\t\t\t\t\t\t<\/div>\n                            <\/div>\n\t\t\t\t\t\t\t<\/div>\n                          <\/div>\n                        <\/div>\n                                            <div class=\"product-layout product-list col-xs-12\">\n                          <div class=\"product-thumb layout1\">\n\t\t\t\t\t\t\t<div class=\"image\">\n                              \t\t\t\t\t\t\t\t                              <a href=\"https:\/\/www.sulcarautopecas.com.br.186-226-60-153.cpanel.site\/lataria-e-carroceria\/soleira-porta-interna-tras-direita-toyota-corolla-2015-18-22462\">\n                                                              <img  src=\"image\/cache\/no_image-100x100.png\" alt=\"Soleira Porta Interna Tras.direita Toyot...\" \/>\n                              \t\t\t\t\t\t\t  <img  src=\"\" alt=\"Soleira Porta Interna Tras.direita Toyot...\" title=\"Soleira Porta Interna Tras.direita Toyot...\" class=\"img-responsive lazy\" \/>\n                              <\/a>\n\t\t\t\t\t\t\t  <div class=\"actions-link\">\t\t\t\t\t\t\t\t\t\n\t\t\t\t\t\t\t\t\t<a class=\"btn-wishlist\" data-toggle=\"tooltip\" title=\"Lista de desejos\" onclick=\"wishlist.add('22462');\"><i class=\"zmdi zmdi-favorite-outline\"><\/i><\/a>\t\t\t\t\t\t\t\t\t\n\t\t\t\t\t\t\t\t\t<a class=\"btn-compare\" data-toggle=\"tooltip\" title=\"Comparar\" onclick=\"compare.add('22462');\"><i class=\"zmdi zmdi-refresh-alt\"><\/i><\/a>\n\t\t\t\t\t\t\t\t<\/div>\n                            <\/div>\n                            <div class=\"product-inner\">\n                              <div class=\"product-caption\">\n\t\t\t\t\t\t\t                                <h2 class=\"product-name\"><a href=\"https:\/\/www.sulcarautopecas.com.br.186-226-60-153.cpanel.site\/lataria-e-carroceria\/soleira-porta-interna-tras-direita-toyota-corolla-2015-18-22462\">Soleira Porta Interna Tras.direita Toyot...<\/a><\/h2>\n\t\t\t\t\t\t\t                                     <div class=\"ratings\">\n                                      <div class=\"rating-box\">\n                                                                                        <div class=\"rating0\">rating<\/div>                                                                                                                                                                                                                                                                            <\/div>\n                                  <\/div>\n                              \t\t\t\t\t\t\t                                  <p class=\"price\">\n                                                                    R$100,00                                                                                                    <\/p>\n                                \t\t\t\t\t\t\t \n                              \n\t\t\t\t\t\t\t\t<p class=\"product-des\">Trabalhamos com produtos originais, retirados de ve\u00edculos baixados no Detran, com total proced\u00eancia e garantia.\nTodas as nossas fotos s\u00e3o reais do produto.\n\nPara calcular o frente basta aproveitar as vantagens do MERCADO ENVIOS.\nCaso o produto n\u00e3o te..<\/p>\n                              <div class=\"product-intro\">\n\t\t\t\t\t\t\t\t<div class=\"actions-link2\">\n\t\t\t\t\t\t\t\t\t<a class=\"btn-cart\" data-toggle=\"tooltip\" title=\"Comprar\" onclick=\"cart.add('22462');\"><span class=\"button\"><i class=\"fa fa-shopping-cart\"><\/i>Comprar<\/span><\/a>\t\t\t\t\t\t\t\t\t\n\t\t\t\t\t\t\t\t\t<a class=\"btn-wishlist\" data-toggle=\"tooltip\" title=\"Lista de desejos\" onclick=\"wishlist.add('22462');\"><i class=\"zmdi zmdi-favorite-outline\"><\/i><\/a>\t\t\t\t\t\t\t\t\t\n\t\t\t\t\t\t\t\t\t<a class=\"btn-compare\" data-toggle=\"tooltip\" title=\"Comparar\" onclick=\"compare.add('22462');\"><i class=\"zmdi zmdi-refresh-alt\"><\/i><\/a>\n\t\t\t\t\t\t\t\t<\/div>\n\t\t\t\t\t\t\t\t<\/div>\n                            <\/div>\n\t\t\t\t\t\t\t<\/div>\n                          <\/div>\n                        <\/div>\n                                            <div class=\"product-layout product-list col-xs-12\">\n                          <div class=\"product-thumb layout1\">\n\t\t\t\t\t\t\t<div class=\"image\">\n                              \t\t\t\t\t\t\t\t                              <a href=\"https:\/\/www.sulcarautopecas.com.br.186-226-60-153.cpanel.site\/lataria-e-carroceria\/fechadura-eletrica-porta-traseira-esquerda-vw-fox-2011-14671\">\n                                                              <img  src=\"image\/cache\/no_image-100x100.png\" alt=\"Fechadura El\u00e9trica Porta Traseira Esque...\" \/>\n                              \t\t\t\t\t\t\t  <img  src=\"\" alt=\"Fechadura El\u00e9trica Porta Traseira Esque...\" title=\"Fechadura El\u00e9trica Porta Traseira Esque...\" class=\"img-responsive lazy\" \/>\n                              <\/a>\n\t\t\t\t\t\t\t  <div class=\"actions-link\">\t\t\t\t\t\t\t\t\t\n\t\t\t\t\t\t\t\t\t<a class=\"btn-wishlist\" data-toggle=\"tooltip\" title=\"Lista de desejos\" onclick=\"wishlist.add('14671');\"><i class=\"zmdi zmdi-favorite-outline\"><\/i><\/a>\t\t\t\t\t\t\t\t\t\n\t\t\t\t\t\t\t\t\t<a class=\"btn-compare\" data-toggle=\"tooltip\" title=\"Comparar\" onclick=\"compare.add('14671');\"><i class=\"zmdi zmdi-refresh-alt\"><\/i><\/a>\n\t\t\t\t\t\t\t\t<\/div>\n                            <\/div>\n                            <div class=\"product-inner\">\n                              <div class=\"product-caption\">\n\t\t\t\t\t\t\t                                <h2 class=\"product-name\"><a href=\"https:\/\/www.sulcarautopecas.com.br.186-226-60-153.cpanel.site\/lataria-e-carroceria\/fechadura-eletrica-porta-traseira-esquerda-vw-fox-2011-14671\">Fechadura El\u00e9trica Porta Traseira Esque...<\/a><\/h2>\n\t\t\t\t\t\t\t                                     <div class=\"ratings\">\n                                      <div class=\"rating-box\">\n                                                                                        <div class=\"rating0\">rating<\/div>                                                                                                                                                                                                                                                                            <\/div>\n                                  <\/div>\n                              \t\t\t\t\t\t\t                                  <p class=\"price\">\n                                                                    R$110,00                                                                                                    <\/p>\n                                \t\t\t\t\t\t\t \n                              \n\t\t\t\t\t\t\t\t<p class=\"product-des\">*Sulcar Auto Pe\u00e7as Blumenau.\n*Trabalhamos com produtos originais.\n*Foto reais do produto.\n*Calcular frete em mercado envios,caso tenha nos pergunte.\n*Demais D\u00favidas apenas nos pergunte.\n*Ap\u00f3s confirma\u00e7\u00e3o do pagamento enviamos em at\u00e9 1 dia \u00fatil.\n*Entr..<\/p>\n                              <div class=\"product-intro\">\n\t\t\t\t\t\t\t\t<div class=\"actions-link2\">\n\t\t\t\t\t\t\t\t\t<a class=\"btn-cart\" data-toggle=\"tooltip\" title=\"Comprar\" onclick=\"cart.add('14671');\"><span class=\"button\"><i class=\"fa fa-shopping-cart\"><\/i>Comprar<\/span><\/a>\t\t\t\t\t\t\t\t\t\n\t\t\t\t\t\t\t\t\t<a class=\"btn-wishlist\" data-toggle=\"tooltip\" title=\"Lista de desejos\" onclick=\"wishlist.add('14671');\"><i class=\"zmdi zmdi-favorite-outline\"><\/i><\/a>\t\t\t\t\t\t\t\t\t\n\t\t\t\t\t\t\t\t\t<a class=\"btn-compare\" data-toggle=\"tooltip\" title=\"Comparar\" onclick=\"compare.add('14671');\"><i class=\"zmdi zmdi-refresh-alt\"><\/i><\/a>\n\t\t\t\t\t\t\t\t<\/div>\n\t\t\t\t\t\t\t\t<\/div>\n                            <\/div>\n\t\t\t\t\t\t\t<\/div>\n                          <\/div>\n                        <\/div>\n                                            <div class=\"product-layout product-list col-xs-12\">\n                          <div class=\"product-thumb layout1\">\n\t\t\t\t\t\t\t<div class=\"image\">\n                              \t\t\t\t\t\t\t\t                              <a href=\"https:\/\/www.sulcarautopecas.com.br.186-226-60-153.cpanel.site\/lataria-e-carroceria\/macaneta-externa-porta-tras-esq-pajero-sport-2008-32810\">\n                                                              <img  src=\"image\/cache\/no_image-100x100.png\" alt=\"Ma\u00e7aneta Externa Porta Tras Esq Pajero ...\" \/>\n                              \t\t\t\t\t\t\t  <img  src=\"\" alt=\"Ma\u00e7aneta Externa Porta Tras Esq Pajero ...\" title=\"Ma\u00e7aneta Externa Porta Tras Esq Pajero ...\" class=\"img-responsive lazy\" \/>\n                              <\/a>\n\t\t\t\t\t\t\t  <div class=\"actions-link\">\t\t\t\t\t\t\t\t\t\n\t\t\t\t\t\t\t\t\t<a class=\"btn-wishlist\" data-toggle=\"tooltip\" title=\"Lista de desejos\" onclick=\"wishlist.add('32810');\"><i class=\"zmdi zmdi-favorite-outline\"><\/i><\/a>\t\t\t\t\t\t\t\t\t\n\t\t\t\t\t\t\t\t\t<a class=\"btn-compare\" data-toggle=\"tooltip\" title=\"Comparar\" onclick=\"compare.add('32810');\"><i class=\"zmdi zmdi-refresh-alt\"><\/i><\/a>\n\t\t\t\t\t\t\t\t<\/div>\n                            <\/div>\n                            <div class=\"product-inner\">\n                              <div class=\"product-caption\">\n\t\t\t\t\t\t\t                                <h2 class=\"product-name\"><a href=\"https:\/\/www.sulcarautopecas.com.br.186-226-60-153.cpanel.site\/lataria-e-carroceria\/macaneta-externa-porta-tras-esq-pajero-sport-2008-32810\">Ma\u00e7aneta Externa Porta Tras Esq Pajero ...<\/a><\/h2>\n\t\t\t\t\t\t\t                                     <div class=\"ratings\">\n                                      <div class=\"rating-box\">\n                                                                                        <div class=\"rating0\">rating<\/div>                                                                                                                                                                                                                                                                            <\/div>\n                                  <\/div>\n                              \t\t\t\t\t\t\t                                  <p class=\"price\">\n                                                                    R$50,00                                                                                                    <\/p>\n                                \t\t\t\t\t\t\t \n                              \n\t\t\t\t\t\t\t\t<p class=\"product-des\">*Sulcar Auto Pe\u00e7as Blumenau.\n*Trabalhamos com produtos originais.\n*Foto reais do produto.\n*Calcular frete em mercado envios,caso tenha nos pergunte.\n*Demais D\u00favidas apenas nos pergunte.\n*Ap\u00f3s confirma\u00e7\u00e3o do pagamento enviamos em at\u00e9 1 dia \u00fatil.\n*Entr..<\/p>\n                              <div class=\"product-intro\">\n\t\t\t\t\t\t\t\t<div class=\"actions-link2\">\n\t\t\t\t\t\t\t\t\t<a class=\"btn-cart\" data-toggle=\"tooltip\" title=\"Comprar\" onclick=\"cart.add('32810');\"><span class=\"button\"><i class=\"fa fa-shopping-cart\"><\/i>Comprar<\/span><\/a>\t\t\t\t\t\t\t\t\t\n\t\t\t\t\t\t\t\t\t<a class=\"btn-wishlist\" data-toggle=\"tooltip\" title=\"Lista de desejos\" onclick=\"wishlist.add('32810');\"><i class=\"zmdi zmdi-favorite-outline\"><\/i><\/a>\t\t\t\t\t\t\t\t\t\n\t\t\t\t\t\t\t\t\t<a class=\"btn-compare\" data-toggle=\"tooltip\" title=\"Comparar\" onclick=\"compare.add('32810');\"><i class=\"zmdi zmdi-refresh-alt\"><\/i><\/a>\n\t\t\t\t\t\t\t\t<\/div>\n\t\t\t\t\t\t\t\t<\/div>\n                            <\/div>\n\t\t\t\t\t\t\t<\/div>\n                          <\/div>\n                        <\/div>\n                                            <div class=\"product-layout product-list col-xs-12\">\n                          <div class=\"product-thumb layout1\">\n\t\t\t\t\t\t\t<div class=\"image\">\n                              \t\t\t\t\t\t\t\t                              <a href=\"https:\/\/www.sulcarautopecas.com.br.186-226-60-153.cpanel.site\/lataria-e-carroceria\/vidro-porta-dianteiro-esquerdo-nissan-kicks-advance-2022-29980\">\n                                                              <img  src=\"image\/cache\/no_image-100x100.png\" alt=\"Vidro Porta Dianteiro Esquerdo Nissan Ki...\" \/>\n                              \t\t\t\t\t\t\t  <img  src=\"\" alt=\"Vidro Porta Dianteiro Esquerdo Nissan Ki...\" title=\"Vidro Porta Dianteiro Esquerdo Nissan Ki...\" class=\"img-responsive lazy\" \/>\n                              <\/a>\n\t\t\t\t\t\t\t  <div class=\"actions-link\">\t\t\t\t\t\t\t\t\t\n\t\t\t\t\t\t\t\t\t<a class=\"btn-wishlist\" data-toggle=\"tooltip\" title=\"Lista de desejos\" onclick=\"wishlist.add('29980');\"><i class=\"zmdi zmdi-favorite-outline\"><\/i><\/a>\t\t\t\t\t\t\t\t\t\n\t\t\t\t\t\t\t\t\t<a class=\"btn-compare\" data-toggle=\"tooltip\" title=\"Comparar\" onclick=\"compare.add('29980');\"><i class=\"zmdi zmdi-refresh-alt\"><\/i><\/a>\n\t\t\t\t\t\t\t\t<\/div>\n                            <\/div>\n                            <div class=\"product-inner\">\n                              <div class=\"product-caption\">\n\t\t\t\t\t\t\t                                <h2 class=\"product-name\"><a href=\"https:\/\/www.sulcarautopecas.com.br.186-226-60-153.cpanel.site\/lataria-e-carroceria\/vidro-porta-dianteiro-esquerdo-nissan-kicks-advance-2022-29980\">Vidro Porta Dianteiro Esquerdo Nissan Ki...<\/a><\/h2>\n\t\t\t\t\t\t\t                                     <div class=\"ratings\">\n                                      <div class=\"rating-box\">\n                                                                                        <div class=\"rating0\">rating<\/div>                                                                                                                                                                                                                                                                            <\/div>\n                                  <\/div>\n                              \t\t\t\t\t\t\t                                  <p class=\"price\">\n                                                                    R$130,00                                                                                                    <\/p>\n                                \t\t\t\t\t\t\t \n                              \n\t\t\t\t\t\t\t\t<p class=\"product-des\">*Sulcar Auto Pe\u00e7as Blumenau.\n*Trabalhamos com produtos originais.\n*Foto reais do produto.\n*Calcular frete em mercado envios,caso tenha nos pergunte.\n*Demais D\u00favidas apenas nos pergunte.\n*Ap\u00f3s confirma\u00e7\u00e3o do pagamento enviamos em at\u00e9 1 dia \u00fatil.\n*Entr..<\/p>\n                              <div class=\"product-intro\">\n\t\t\t\t\t\t\t\t<div class=\"actions-link2\">\n\t\t\t\t\t\t\t\t\t<a class=\"btn-cart\" data-toggle=\"tooltip\" title=\"Comprar\" onclick=\"cart.add('29980');\"><span class=\"button\"><i class=\"fa fa-shopping-cart\"><\/i>Comprar<\/span><\/a>\t\t\t\t\t\t\t\t\t\n\t\t\t\t\t\t\t\t\t<a class=\"btn-wishlist\" data-toggle=\"tooltip\" title=\"Lista de desejos\" onclick=\"wishlist.add('29980');\"><i class=\"zmdi zmdi-favorite-outline\"><\/i><\/a>\t\t\t\t\t\t\t\t\t\n\t\t\t\t\t\t\t\t\t<a class=\"btn-compare\" data-toggle=\"tooltip\" title=\"Comparar\" onclick=\"compare.add('29980');\"><i class=\"zmdi zmdi-refresh-alt\"><\/i><\/a>\n\t\t\t\t\t\t\t\t<\/div>\n\t\t\t\t\t\t\t\t<\/div>\n                            <\/div>\n\t\t\t\t\t\t\t<\/div>\n                          <\/div>\n                        <\/div>\n                                            <div class=\"product-layout product-list col-xs-12\">\n                          <div class=\"product-thumb layout1\">\n\t\t\t\t\t\t\t<div class=\"image\">\n                              \t\t\t\t\t\t\t\t                              <a href=\"https:\/\/www.sulcarautopecas.com.br.186-226-60-153.cpanel.site\/lataria-e-carroceria\/fechadura-tampa-traseira-ford-ecosport-2012-24690\">\n                                                              <img  src=\"image\/cache\/no_image-100x100.png\" alt=\"Fechadura Tampa Traseira Ford Ecosport 2...\" \/>\n                              \t\t\t\t\t\t\t  <img  src=\"\" alt=\"Fechadura Tampa Traseira Ford Ecosport 2...\" title=\"Fechadura Tampa Traseira Ford Ecosport 2...\" class=\"img-responsive lazy\" \/>\n                              <\/a>\n\t\t\t\t\t\t\t  <div class=\"actions-link\">\t\t\t\t\t\t\t\t\t\n\t\t\t\t\t\t\t\t\t<a class=\"btn-wishlist\" data-toggle=\"tooltip\" title=\"Lista de desejos\" onclick=\"wishlist.add('24690');\"><i class=\"zmdi zmdi-favorite-outline\"><\/i><\/a>\t\t\t\t\t\t\t\t\t\n\t\t\t\t\t\t\t\t\t<a class=\"btn-compare\" data-toggle=\"tooltip\" title=\"Comparar\" onclick=\"compare.add('24690');\"><i class=\"zmdi zmdi-refresh-alt\"><\/i><\/a>\n\t\t\t\t\t\t\t\t<\/div>\n                            <\/div>\n                            <div class=\"product-inner\">\n                              <div class=\"product-caption\">\n\t\t\t\t\t\t\t                                <h2 class=\"product-name\"><a href=\"https:\/\/www.sulcarautopecas.com.br.186-226-60-153.cpanel.site\/lataria-e-carroceria\/fechadura-tampa-traseira-ford-ecosport-2012-24690\">Fechadura Tampa Traseira Ford Ecosport 2...<\/a><\/h2>\n\t\t\t\t\t\t\t                                     <div class=\"ratings\">\n                                      <div class=\"rating-box\">\n                                                                                        <div class=\"rating0\">rating<\/div>                                                                                                                                                                                                                                                                            <\/div>\n                                  <\/div>\n                              \t\t\t\t\t\t\t                                  <p class=\"price\">\n                                                                    R$100,00                                                                                                    <\/p>\n                                \t\t\t\t\t\t\t \n                              \n\t\t\t\t\t\t\t\t<p class=\"product-des\">Trabalhamos com produtos originais, retirados de ve\u00edculos baixados no Detran, com total proced\u00eancia e garantia.\nTodas as nossas fotos s\u00e3o reais do produto.\n\nPara calcular o frente basta aproveitar as vantagens do MERCADO ENVIOS.\nCaso o produto n\u00e3o te..<\/p>\n                              <div class=\"product-intro\">\n\t\t\t\t\t\t\t\t<div class=\"actions-link2\">\n\t\t\t\t\t\t\t\t\t<a class=\"btn-cart\" data-toggle=\"tooltip\" title=\"Comprar\" onclick=\"cart.add('24690');\"><span class=\"button\"><i class=\"fa fa-shopping-cart\"><\/i>Comprar<\/span><\/a>\t\t\t\t\t\t\t\t\t\n\t\t\t\t\t\t\t\t\t<a class=\"btn-wishlist\" data-toggle=\"tooltip\" title=\"Lista de desejos\" onclick=\"wishlist.add('24690');\"><i class=\"zmdi zmdi-favorite-outline\"><\/i><\/a>\t\t\t\t\t\t\t\t\t\n\t\t\t\t\t\t\t\t\t<a class=\"btn-compare\" data-toggle=\"tooltip\" title=\"Comparar\" onclick=\"compare.add('24690');\"><i class=\"zmdi zmdi-refresh-alt\"><\/i><\/a>\n\t\t\t\t\t\t\t\t<\/div>\n\t\t\t\t\t\t\t\t<\/div>\n                            <\/div>\n\t\t\t\t\t\t\t<\/div>\n                          <\/div>\n                        <\/div>\n                                            <div class=\"product-layout product-list col-xs-12\">\n                          <div class=\"product-thumb layout1\">\n\t\t\t\t\t\t\t<div class=\"image\">\n                              \t\t\t\t\t\t\t\t                              <a href=\"https:\/\/www.sulcarautopecas.com.br.186-226-60-153.cpanel.site\/lataria-e-carroceria\/fechadura-porta-traseira-direita-honda-cr-v-2012-16-18868\">\n                                                              <img  src=\"image\/cache\/no_image-100x100.png\" alt=\"Fechadura Porta Traseira Direita Honda C...\" \/>\n                              \t\t\t\t\t\t\t  <img  src=\"\" alt=\"Fechadura Porta Traseira Direita Honda C...\" title=\"Fechadura Porta Traseira Direita Honda C...\" class=\"img-responsive lazy\" \/>\n                              <\/a>\n\t\t\t\t\t\t\t  <div class=\"actions-link\">\t\t\t\t\t\t\t\t\t\n\t\t\t\t\t\t\t\t\t<a class=\"btn-wishlist\" data-toggle=\"tooltip\" title=\"Lista de desejos\" onclick=\"wishlist.add('18868');\"><i class=\"zmdi zmdi-favorite-outline\"><\/i><\/a>\t\t\t\t\t\t\t\t\t\n\t\t\t\t\t\t\t\t\t<a class=\"btn-compare\" data-toggle=\"tooltip\" title=\"Comparar\" onclick=\"compare.add('18868');\"><i class=\"zmdi zmdi-refresh-alt\"><\/i><\/a>\n\t\t\t\t\t\t\t\t<\/div>\n                            <\/div>\n                            <div class=\"product-inner\">\n                              <div class=\"product-caption\">\n\t\t\t\t\t\t\t                                <h2 class=\"product-name\"><a href=\"https:\/\/www.sulcarautopecas.com.br.186-226-60-153.cpanel.site\/lataria-e-carroceria\/fechadura-porta-traseira-direita-honda-cr-v-2012-16-18868\">Fechadura Porta Traseira Direita Honda C...<\/a><\/h2>\n\t\t\t\t\t\t\t                                     <div class=\"ratings\">\n                                      <div class=\"rating-box\">\n                                                                                        <div class=\"rating0\">rating<\/div>                                                                                                                                                                                                                                                                            <\/div>\n                                  <\/div>\n                              \t\t\t\t\t\t\t                                  <p class=\"price\">\n                                                                    R$230,00                                                                                                    <\/p>\n                                \t\t\t\t\t\t\t \n                              \n\t\t\t\t\t\t\t\t<p class=\"product-des\">Sulcar Auto Pe\u00e7as Blumenau\nTrabalhamos com produtos originais \nFoto reais do produto \nCalcular frete...no mercado de envios \nDemais d\u00favidas...apenas nos pergunte \nAp\u00f3s confirmar do pagamento enviamos em at\u00e9 1 dia \u00fatil \nEntregamos para todo territ\u00f3rio..<\/p>\n                              <div class=\"product-intro\">\n\t\t\t\t\t\t\t\t<div class=\"actions-link2\">\n\t\t\t\t\t\t\t\t\t<a class=\"btn-cart\" data-toggle=\"tooltip\" title=\"Comprar\" onclick=\"cart.add('18868');\"><span class=\"button\"><i class=\"fa fa-shopping-cart\"><\/i>Comprar<\/span><\/a>\t\t\t\t\t\t\t\t\t\n\t\t\t\t\t\t\t\t\t<a class=\"btn-wishlist\" data-toggle=\"tooltip\" title=\"Lista de desejos\" onclick=\"wishlist.add('18868');\"><i class=\"zmdi zmdi-favorite-outline\"><\/i><\/a>\t\t\t\t\t\t\t\t\t\n\t\t\t\t\t\t\t\t\t<a class=\"btn-compare\" data-toggle=\"tooltip\" title=\"Comparar\" onclick=\"compare.add('18868');\"><i class=\"zmdi zmdi-refresh-alt\"><\/i><\/a>\n\t\t\t\t\t\t\t\t<\/div>\n\t\t\t\t\t\t\t\t<\/div>\n                            <\/div>\n\t\t\t\t\t\t\t<\/div>\n                          <\/div>\n                        <\/div>\n                                    <\/div>\n                <\/div>\n                <div class=\"row toolbar4\">\n                    <div class=\"col-sm-6\"><ul class=\"pagination\"><li><a href=\"https:\/\/www.sulcarautopecas.com.br.186-226-60-153.cpanel.site\/index.php?route=product\/category&path=45\">|&lt;<\/a><\/li><li><a href=\"https:\/\/www.sulcarautopecas.com.br.186-226-60-153.cpanel.site\/index.php?route=product\/category&path=45&amp;page=23\">&lt;<\/a><\/li><li><a href=\"https:\/\/www.sulcarautopecas.com.br.186-226-60-153.cpanel.site\/index.php?route=product\/category&path=45&amp;page=20\">20<\/a><\/li><li><a href=\"https:\/\/www.sulcarautopecas.com.br.186-226-60-153.cpanel.site\/index.php?route=product\/category&path=45&amp;page=21\">21<\/a><\/li><li><a href=\"https:\/\/www.sulcarautopecas.com.br.186-226-60-153.cpanel.site\/index.php?route=product\/category&path=45&amp;page=22\">22<\/a><\/li><li><a href=\"https:\/\/www.sulcarautopecas.com.br.186-226-60-153.cpanel.site\/index.php?route=product\/category&path=45&amp;page=23\">23<\/a><\/li><li class=\"active\"><span>24<\/span><\/li><li><a href=\"https:\/\/www.sulcarautopecas.com.br.186-226-60-153.cpanel.site\/index.php?route=product\/category&path=45&amp;page=25\">25<\/a><\/li><li><a href=\"https:\/\/www.sulcarautopecas.com.br.186-226-60-153.cpanel.site\/index.php?route=product\/category&path=45&amp;page=26\">26<\/a><\/li><li><a href=\"https:\/\/www.sulcarautopecas.com.br.186-226-60-153.cpanel.site\/index.php?route=product\/category&path=45&amp;page=27\">27<\/a><\/li><li><a href=\"https:\/\/www.sulcarautopecas.com.br.186-226-60-153.cpanel.site\/index.php?route=product\/category&path=45&amp;page=28\">28<\/a><\/li><li><a href=\"https:\/\/www.sulcarautopecas.com.br.186-226-60-153.cpanel.site\/index.php?route=product\/category&path=45&amp;page=25\">&gt;<\/a><\/li><li><a href=\"https:\/\/www.sulcarautopecas.com.br.186-226-60-153.cpanel.site\/index.php?route=product\/category&path=45&amp;page=52\">&gt;|<\/a><\/li><\/ul><\/div>\n                    <div class=\"col-sm-6 text-right\">Exibindo de 1381 a 1440 do total de 3111 (52 p\u00e1ginas)<\/div>\n                <\/div>\n                <script type=\"text\/javascript\">\n    \/\/ Product List\n\t$('#list-view').click(function() {\n\t\t$(this).addClass('selected');\n\t\t$('#grid-view').removeClass('selected');\n\t\t$('#content .product-grid > .clearfix').remove();\n\n\t\t\/\/$('#content .product-layout').attr('class', 'product-layout product-list col-xs-12');\n\t\t$('#content .product-layout').attr('class', 'product-layout product-list col-xs-12');\n\t\t\n\t\t$('#content .product-list .product-inner').addClass('col-xs-8');\n\t\t$('#content .product-list .image').addClass('col-xs-4');\n\n\t\tlocalStorage.setItem('display', 'list');\n\t});\n    \n\t\/\/ Product Grid\n\t$('#grid-view').click(function() {\n\t\t$(this).addClass('selected');\n\t\t$('#list-view').removeClass('selected');\n\t\t\/\/ What a shame bootstrap does not take into account dynamically loaded columns\n\t\tcols = $('#column-right, #column-left').length;\n\n\t\tif (cols == 2) {\n\t\t\t$('#content .product-layout').attr('class', 'product-layout product-grid col-md-6 col-sm-6 col-xs-6 two-items');\n\t\t} else if (cols == 1) {\n\t\t\t$('#content .product-layout').attr('class', 'product-layout product-grid col-md-4 col-sm-6 col-xs-6 three-items');\n\t\t} else {\n\t\t\t$('#content .product-layout').attr('class', 'product-layout product-grid col-md-3 col-sm-6 col-xs-6 four-items');\n\t\t}\n\t\t$('#content .product-grid .product-inner').removeClass('col-xs-8');\n\t\t$('#content .product-grid .image').removeClass('col-xs-4');\n\t\t\n\n\t\tlocalStorage.setItem('display', 'grid');\n\t});\n\n\tif (localStorage.getItem('display') == 'list') {\n\t\t\n\t\t$('#list-view').trigger('click');\n\t} else {\n\t\t$('#grid-view').trigger('click');\n\t}\n<\/script>","filter_action":"https:\/\/www.sulcarautopecas.com.br.186-226-60-153.cpanel.site\/index.php?route=extension\/module\/oclayerednavigation\/category&path=45","price_action":"https:\/\/www.sulcarautopecas.com.br.186-226-60-153.cpanel.site\/index.php?route=extension\/module\/oclayerednavigation\/category&path=45","layered_html":"<div class=\"list-group\">\n            <div class=\"filter-attribute-container filter-attribute-remove-container\">\n                                                            <\/div>\n            <div class=\"filter-attribute-container filter-price\">\n                <label>PRE\u00c7O<\/label>\n                <div class=\"list-group-item\">\n                    <div class=\"filter-price\">\n                        <div id=\"slider-price\"><\/div>\n                        <div class=\"slider-values\">\n                            <span>R$<\/span>\n                            <input id=\"price-from\" disabled=\"disabled\" class=\"input-price\" type=\"text\" value=\"50\" placeholder=\"Min\" name=\"price-from\"\/> -\n                            <span>R$<\/span>\n                            <input id=\"price-to\" disabled=\"disabled\" class=\"input-price\" type=\"text\" value=\"250\" placeholder=\"Max\" name=\"price-to\" \/>\n                        <\/div>\n                    <\/div>\n                <\/div>\n            <\/div>\n                    <\/div>\n"}