{"result_html":"                <div><a href=\"https:\/\/www.sulcarautopecas.com.br.186-226-60-153.cpanel.site\/index.php?route=product\/compare\" id=\"compare-total\">Produtos para comparar (0)<\/a><\/div>\n                <div class=\"toolbar\">\n\t\t\t\t\t<div class=\"col-md-2 toolbar3 pull-left\">\n                        <div class=\"btn-group\">\n                            <button type=\"button\" id=\"list-view\" class=\"btn btn-default\"><i class=\"fa fa-th-list\"><\/i><\/button>\n                            <button type=\"button\" id=\"grid-view\" class=\"btn btn-default\"><i class=\"fa fa-th\"><\/i><\/button>\n                        <\/div>\n                    <\/div>\n                    <div class=\"col-md-2 toolbar1 pull-right\">\n                        <select id=\"input-sort\" class=\"form-control\" onchange=\"oclayerednavigationajax.filter(this.value)\">\n                                                                                    <option value=\"https:\/\/www.sulcarautopecas.com.br.186-226-60-153.cpanel.site\/index.php?route=extension\/module\/oclayerednavigation\/category&path=45&sort=p.sort_order&order=ASC\" selected=\"selected\">Organizar por:&nbsp;Padr\u00e3o<\/option>\n                                                                                                                <option value=\"https:\/\/www.sulcarautopecas.com.br.186-226-60-153.cpanel.site\/index.php?route=extension\/module\/oclayerednavigation\/category&path=45&sort=pd.name&order=ASC\">Organizar por:&nbsp;Nome (A - Z)<\/option>\n                                                                                                                <option value=\"https:\/\/www.sulcarautopecas.com.br.186-226-60-153.cpanel.site\/index.php?route=extension\/module\/oclayerednavigation\/category&path=45&sort=pd.name&order=DESC\">Organizar por:&nbsp;Nome (Z - A)<\/option>\n                                                                                                                <option value=\"https:\/\/www.sulcarautopecas.com.br.186-226-60-153.cpanel.site\/index.php?route=extension\/module\/oclayerednavigation\/category&path=45&sort=p.price&order=ASC\">Organizar por:&nbsp;Pre\u00e7o (menor &gt; maior)<\/option>\n                                                                                                                <option value=\"https:\/\/www.sulcarautopecas.com.br.186-226-60-153.cpanel.site\/index.php?route=extension\/module\/oclayerednavigation\/category&path=45&sort=p.price&order=DESC\">Organizar por:&nbsp;Pre\u00e7o (maior &gt; menor)<\/option>\n                                                                                                                <option value=\"https:\/\/www.sulcarautopecas.com.br.186-226-60-153.cpanel.site\/index.php?route=extension\/module\/oclayerednavigation\/category&path=45&sort=rating&order=DESC\">Organizar por:&nbsp;Avalia\u00e7\u00e3o (maior)<\/option>\n                                                                                                                <option value=\"https:\/\/www.sulcarautopecas.com.br.186-226-60-153.cpanel.site\/index.php?route=extension\/module\/oclayerednavigation\/category&path=45&sort=rating&order=ASC\">Organizar por:&nbsp;Avalia\u00e7\u00e3o (menor)<\/option>\n                                                                                                                <option value=\"https:\/\/www.sulcarautopecas.com.br.186-226-60-153.cpanel.site\/index.php?route=extension\/module\/oclayerednavigation\/category&path=45&sort=p.model&order=ASC\">Organizar por:&nbsp;Modelo (A - Z)<\/option>\n                                                                                                                <option value=\"https:\/\/www.sulcarautopecas.com.br.186-226-60-153.cpanel.site\/index.php?route=extension\/module\/oclayerednavigation\/category&path=45&sort=p.model&order=DESC\">Organizar por:&nbsp;Modelo (Z - A)<\/option>\n                                                                                <\/select>\n                    <\/div>\n                    <div class=\"col-md-2 toolbar2 pull-right\">\n                        <select id=\"input-limit\" class=\"form-control\" onchange=\"oclayerednavigationajax.filter(this.value)\">\n                                                                                    <option value=\"https:\/\/www.sulcarautopecas.com.br.186-226-60-153.cpanel.site\/index.php?route=extension\/module\/oclayerednavigation\/category&path=45&limit=25\">Exibir:&nbsp;25<\/option>\n                                                                                                                <option value=\"https:\/\/www.sulcarautopecas.com.br.186-226-60-153.cpanel.site\/index.php?route=extension\/module\/oclayerednavigation\/category&path=45&limit=50\">Exibir:&nbsp;50<\/option>\n                                                                                                                <option value=\"https:\/\/www.sulcarautopecas.com.br.186-226-60-153.cpanel.site\/index.php?route=extension\/module\/oclayerednavigation\/category&path=45&limit=60\" selected=\"selected\">Exibir:&nbsp;60<\/option>\n                                                                                                                <option value=\"https:\/\/www.sulcarautopecas.com.br.186-226-60-153.cpanel.site\/index.php?route=extension\/module\/oclayerednavigation\/category&path=45&limit=75\">Exibir:&nbsp;75<\/option>\n                                                                                                                <option value=\"https:\/\/www.sulcarautopecas.com.br.186-226-60-153.cpanel.site\/index.php?route=extension\/module\/oclayerednavigation\/category&path=45&limit=100\">Exibir:&nbsp;100<\/option>\n                                                                                <\/select>\n                    <\/div>\n                <\/div>\n                <div class=\"custom-products qv-wtext\">\n                    <div>\n                                            <div class=\"product-layout product-list col-xs-12\">\n                          <div class=\"product-thumb layout1\">\n\t\t\t\t\t\t\t<div class=\"image\">\n                              \t\t\t\t\t\t\t\t                              <a href=\"https:\/\/www.sulcarautopecas.com.br.186-226-60-153.cpanel.site\/lataria-e-carroceria\/puxador-abertura-porta-traseiro-direito-suzuki-sx4-2012-16260\">\n                                                              <img  src=\"image\/cache\/no_image-100x100.png\" alt=\"Puxador Abertura Porta Traseiro Direito ...\" \/>\n                              \t\t\t\t\t\t\t  <img  src=\"\" alt=\"Puxador Abertura Porta Traseiro Direito ...\" title=\"Puxador Abertura Porta Traseiro Direito ...\" class=\"img-responsive lazy\" \/>\n                              <\/a>\n\t\t\t\t\t\t\t  <div class=\"actions-link\">\t\t\t\t\t\t\t\t\t\n\t\t\t\t\t\t\t\t\t<a class=\"btn-wishlist\" data-toggle=\"tooltip\" title=\"Lista de desejos\" onclick=\"wishlist.add('16260');\"><i class=\"zmdi zmdi-favorite-outline\"><\/i><\/a>\t\t\t\t\t\t\t\t\t\n\t\t\t\t\t\t\t\t\t<a class=\"btn-compare\" data-toggle=\"tooltip\" title=\"Comparar\" onclick=\"compare.add('16260');\"><i class=\"zmdi zmdi-refresh-alt\"><\/i><\/a>\n\t\t\t\t\t\t\t\t<\/div>\n                            <\/div>\n                            <div class=\"product-inner\">\n                              <div class=\"product-caption\">\n\t\t\t\t\t\t\t                                <h2 class=\"product-name\"><a href=\"https:\/\/www.sulcarautopecas.com.br.186-226-60-153.cpanel.site\/lataria-e-carroceria\/puxador-abertura-porta-traseiro-direito-suzuki-sx4-2012-16260\">Puxador Abertura Porta Traseiro Direito ...<\/a><\/h2>\n\t\t\t\t\t\t\t                                     <div class=\"ratings\">\n                                      <div class=\"rating-box\">\n                                                                                        <div class=\"rating0\">rating<\/div>                                                                                                                                                                                                                                                                            <\/div>\n                                  <\/div>\n                              \t\t\t\t\t\t\t                                  <p class=\"price\">\n                                                                    R$125,00                                                                                                    <\/p>\n                                \t\t\t\t\t\t\t \n                              \n\t\t\t\t\t\t\t\t<p class=\"product-des\">*Sulcar Auto Pe\u00e7as Blumenau.\n*Trabalhamos com produtos originais.\n*Foto reais do produto.\n*Calcular frete em mercado envios,caso tenha nos pergunte.\n*Demais D\u00favidas apenas nos pergunte.\n*Ap\u00f3s confirma\u00e7\u00e3o do pagamento enviamos em at\u00e9 1 dia \u00fatil.\n*Entr..<\/p>\n                              <div class=\"product-intro\">\n\t\t\t\t\t\t\t\t<div class=\"actions-link2\">\n\t\t\t\t\t\t\t\t\t<a class=\"btn-cart\" data-toggle=\"tooltip\" title=\"Comprar\" onclick=\"cart.add('16260');\"><span class=\"button\"><i class=\"fa fa-shopping-cart\"><\/i>Comprar<\/span><\/a>\t\t\t\t\t\t\t\t\t\n\t\t\t\t\t\t\t\t\t<a class=\"btn-wishlist\" data-toggle=\"tooltip\" title=\"Lista de desejos\" onclick=\"wishlist.add('16260');\"><i class=\"zmdi zmdi-favorite-outline\"><\/i><\/a>\t\t\t\t\t\t\t\t\t\n\t\t\t\t\t\t\t\t\t<a class=\"btn-compare\" data-toggle=\"tooltip\" title=\"Comparar\" onclick=\"compare.add('16260');\"><i class=\"zmdi zmdi-refresh-alt\"><\/i><\/a>\n\t\t\t\t\t\t\t\t<\/div>\n\t\t\t\t\t\t\t\t<\/div>\n                            <\/div>\n\t\t\t\t\t\t\t<\/div>\n                          <\/div>\n                        <\/div>\n                                            <div class=\"product-layout product-list col-xs-12\">\n                          <div class=\"product-thumb layout1\">\n\t\t\t\t\t\t\t<div class=\"image\">\n                              \t\t\t\t\t\t\t\t                              <a href=\"https:\/\/www.sulcarautopecas.com.br.186-226-60-153.cpanel.site\/lataria-e-carroceria\/chicote-porta-diant-dir-honda-city-2023-33162\">\n                                                              <img  src=\"image\/cache\/no_image-100x100.png\" alt=\"Chicote Porta Diant Dir Honda City 2023\" \/>\n                              \t\t\t\t\t\t\t  <img  src=\"\" alt=\"Chicote Porta Diant Dir Honda City 2023\" title=\"Chicote Porta Diant Dir Honda City 2023\" class=\"img-responsive lazy\" \/>\n                              <\/a>\n\t\t\t\t\t\t\t  <div class=\"actions-link\">\t\t\t\t\t\t\t\t\t\n\t\t\t\t\t\t\t\t\t<a class=\"btn-wishlist\" data-toggle=\"tooltip\" title=\"Lista de desejos\" onclick=\"wishlist.add('33162');\"><i class=\"zmdi zmdi-favorite-outline\"><\/i><\/a>\t\t\t\t\t\t\t\t\t\n\t\t\t\t\t\t\t\t\t<a class=\"btn-compare\" data-toggle=\"tooltip\" title=\"Comparar\" onclick=\"compare.add('33162');\"><i class=\"zmdi zmdi-refresh-alt\"><\/i><\/a>\n\t\t\t\t\t\t\t\t<\/div>\n                            <\/div>\n                            <div class=\"product-inner\">\n                              <div class=\"product-caption\">\n\t\t\t\t\t\t\t                                <h2 class=\"product-name\"><a href=\"https:\/\/www.sulcarautopecas.com.br.186-226-60-153.cpanel.site\/lataria-e-carroceria\/chicote-porta-diant-dir-honda-city-2023-33162\">Chicote Porta Diant Dir Honda City 2023<\/a><\/h2>\n\t\t\t\t\t\t\t                                     <div class=\"ratings\">\n                                      <div class=\"rating-box\">\n                                                                                        <div class=\"rating0\">rating<\/div>                                                                                                                                                                                                                                                                            <\/div>\n                                  <\/div>\n                              \t\t\t\t\t\t\t                                  <p class=\"price\">\n                                                                    R$100,00                                                                                                    <\/p>\n                                \t\t\t\t\t\t\t \n                              \n\t\t\t\t\t\t\t\t<p class=\"product-des\">*Sulcar Auto Pe\u00e7as Blumenau.\n*Trabalhamos com produtos originais.\n*Foto reais do produto.\n*Calcular frete em mercado envios,caso tenha nos pergunte.\n*Demais D\u00favidas apenas nos pergunte.\n*Ap\u00f3s confirma\u00e7\u00e3o do pagamento enviamos em at\u00e9 1 dia \u00fatil.\n*Entr..<\/p>\n                              <div class=\"product-intro\">\n\t\t\t\t\t\t\t\t<div class=\"actions-link2\">\n\t\t\t\t\t\t\t\t\t<a class=\"btn-cart\" data-toggle=\"tooltip\" title=\"Comprar\" onclick=\"cart.add('33162');\"><span class=\"button\"><i class=\"fa fa-shopping-cart\"><\/i>Comprar<\/span><\/a>\t\t\t\t\t\t\t\t\t\n\t\t\t\t\t\t\t\t\t<a class=\"btn-wishlist\" data-toggle=\"tooltip\" title=\"Lista de desejos\" onclick=\"wishlist.add('33162');\"><i class=\"zmdi zmdi-favorite-outline\"><\/i><\/a>\t\t\t\t\t\t\t\t\t\n\t\t\t\t\t\t\t\t\t<a class=\"btn-compare\" data-toggle=\"tooltip\" title=\"Comparar\" onclick=\"compare.add('33162');\"><i class=\"zmdi zmdi-refresh-alt\"><\/i><\/a>\n\t\t\t\t\t\t\t\t<\/div>\n\t\t\t\t\t\t\t\t<\/div>\n                            <\/div>\n\t\t\t\t\t\t\t<\/div>\n                          <\/div>\n                        <\/div>\n                                            <div class=\"product-layout product-list col-xs-12\">\n                          <div class=\"product-thumb layout1\">\n\t\t\t\t\t\t\t<div class=\"image\">\n                              \t\t\t\t\t\t\t\t                              <a href=\"https:\/\/www.sulcarautopecas.com.br.186-226-60-153.cpanel.site\/lataria-e-carroceria\/soleira-porta-diant-esq-honda-hr-v-1-8-2021-a1559-30223\">\n                                                              <img  src=\"image\/cache\/no_image-100x100.png\" alt=\"Soleira Porta Diant Esq Honda Hr-v 1.8 2...\" \/>\n                              \t\t\t\t\t\t\t  <img  src=\"\" alt=\"Soleira Porta Diant Esq Honda Hr-v 1.8 2...\" title=\"Soleira Porta Diant Esq Honda Hr-v 1.8 2...\" class=\"img-responsive lazy\" \/>\n                              <\/a>\n\t\t\t\t\t\t\t  <div class=\"actions-link\">\t\t\t\t\t\t\t\t\t\n\t\t\t\t\t\t\t\t\t<a class=\"btn-wishlist\" data-toggle=\"tooltip\" title=\"Lista de desejos\" onclick=\"wishlist.add('30223');\"><i class=\"zmdi zmdi-favorite-outline\"><\/i><\/a>\t\t\t\t\t\t\t\t\t\n\t\t\t\t\t\t\t\t\t<a class=\"btn-compare\" data-toggle=\"tooltip\" title=\"Comparar\" onclick=\"compare.add('30223');\"><i class=\"zmdi zmdi-refresh-alt\"><\/i><\/a>\n\t\t\t\t\t\t\t\t<\/div>\n                            <\/div>\n                            <div class=\"product-inner\">\n                              <div class=\"product-caption\">\n\t\t\t\t\t\t\t                                <h2 class=\"product-name\"><a href=\"https:\/\/www.sulcarautopecas.com.br.186-226-60-153.cpanel.site\/lataria-e-carroceria\/soleira-porta-diant-esq-honda-hr-v-1-8-2021-a1559-30223\">Soleira Porta Diant Esq Honda Hr-v 1.8 2...<\/a><\/h2>\n\t\t\t\t\t\t\t                                     <div class=\"ratings\">\n                                      <div class=\"rating-box\">\n                                                                                        <div class=\"rating0\">rating<\/div>                                                                                                                                                                                                                                                                            <\/div>\n                                  <\/div>\n                              \t\t\t\t\t\t\t                                  <p class=\"price\">\n                                                                    R$80,00                                                                                                    <\/p>\n                                \t\t\t\t\t\t\t \n                              \n\t\t\t\t\t\t\t\t<p class=\"product-des\">*Sulcar Auto Pe\u00e7as Blumenau.\n*Trabalhamos com produtos originais.\n*Foto reais do produto.\n*Calcular frete em mercado envios,caso tenha nos pergunte.\n*Demais D\u00favidas apenas nos pergunte.\n*Ap\u00f3s confirma\u00e7\u00e3o do pagamento enviamos em at\u00e9 1 dia \u00fatil.\n*Entr..<\/p>\n                              <div class=\"product-intro\">\n\t\t\t\t\t\t\t\t<div class=\"actions-link2\">\n\t\t\t\t\t\t\t\t\t<a class=\"btn-cart\" data-toggle=\"tooltip\" title=\"Comprar\" onclick=\"cart.add('30223');\"><span class=\"button\"><i class=\"fa fa-shopping-cart\"><\/i>Comprar<\/span><\/a>\t\t\t\t\t\t\t\t\t\n\t\t\t\t\t\t\t\t\t<a class=\"btn-wishlist\" data-toggle=\"tooltip\" title=\"Lista de desejos\" onclick=\"wishlist.add('30223');\"><i class=\"zmdi zmdi-favorite-outline\"><\/i><\/a>\t\t\t\t\t\t\t\t\t\n\t\t\t\t\t\t\t\t\t<a class=\"btn-compare\" data-toggle=\"tooltip\" title=\"Comparar\" onclick=\"compare.add('30223');\"><i class=\"zmdi zmdi-refresh-alt\"><\/i><\/a>\n\t\t\t\t\t\t\t\t<\/div>\n\t\t\t\t\t\t\t\t<\/div>\n                            <\/div>\n\t\t\t\t\t\t\t<\/div>\n                          <\/div>\n                        <\/div>\n                                            <div class=\"product-layout product-list col-xs-12\">\n                          <div class=\"product-thumb layout1\">\n\t\t\t\t\t\t\t<div class=\"image\">\n                              \t\t\t\t\t\t\t\t                              <a href=\"https:\/\/www.sulcarautopecas.com.br.186-226-60-153.cpanel.site\/lataria-e-carroceria\/pestana-externa-porta-tras-dir-jeep-renegade-2021-a1389-25926\">\n                                                              <img  src=\"image\/cache\/no_image-100x100.png\" alt=\"Pestana Externa Porta Tras Dir Jeep Rene...\" \/>\n                              \t\t\t\t\t\t\t  <img  src=\"\" alt=\"Pestana Externa Porta Tras Dir Jeep Rene...\" title=\"Pestana Externa Porta Tras Dir Jeep Rene...\" class=\"img-responsive lazy\" \/>\n                              <\/a>\n\t\t\t\t\t\t\t  <div class=\"actions-link\">\t\t\t\t\t\t\t\t\t\n\t\t\t\t\t\t\t\t\t<a class=\"btn-wishlist\" data-toggle=\"tooltip\" title=\"Lista de desejos\" onclick=\"wishlist.add('25926');\"><i class=\"zmdi zmdi-favorite-outline\"><\/i><\/a>\t\t\t\t\t\t\t\t\t\n\t\t\t\t\t\t\t\t\t<a class=\"btn-compare\" data-toggle=\"tooltip\" title=\"Comparar\" onclick=\"compare.add('25926');\"><i class=\"zmdi zmdi-refresh-alt\"><\/i><\/a>\n\t\t\t\t\t\t\t\t<\/div>\n                            <\/div>\n                            <div class=\"product-inner\">\n                              <div class=\"product-caption\">\n\t\t\t\t\t\t\t                                <h2 class=\"product-name\"><a href=\"https:\/\/www.sulcarautopecas.com.br.186-226-60-153.cpanel.site\/lataria-e-carroceria\/pestana-externa-porta-tras-dir-jeep-renegade-2021-a1389-25926\">Pestana Externa Porta Tras Dir Jeep Rene...<\/a><\/h2>\n\t\t\t\t\t\t\t                                     <div class=\"ratings\">\n                                      <div class=\"rating-box\">\n                                                                                        <div class=\"rating0\">rating<\/div>                                                                                                                                                                                                                                                                            <\/div>\n                                  <\/div>\n                              \t\t\t\t\t\t\t                                  <p class=\"price\">\n                                                                    R$150,00                                                                                                    <\/p>\n                                \t\t\t\t\t\t\t \n                              \n\t\t\t\t\t\t\t\t<p class=\"product-des\">Sulcar Auto Pe\u00e7as Blumenau.\nTrabalhamos com pe\u00e7as originais.\nFoto reais do produto.\nCalcule frente\u2026no mercado de envios.\nDemais d\u00favida nos pergunte.\nAp\u00f3s confirma\u00e7\u00e3o do pagamento,enviamos em at\u00e9 1 dia \u00fatil.\nEntregamos para todo pa\u00eds com qualidade e s..<\/p>\n                              <div class=\"product-intro\">\n\t\t\t\t\t\t\t\t<div class=\"actions-link2\">\n\t\t\t\t\t\t\t\t\t<a class=\"btn-cart\" data-toggle=\"tooltip\" title=\"Comprar\" onclick=\"cart.add('25926');\"><span class=\"button\"><i class=\"fa fa-shopping-cart\"><\/i>Comprar<\/span><\/a>\t\t\t\t\t\t\t\t\t\n\t\t\t\t\t\t\t\t\t<a class=\"btn-wishlist\" data-toggle=\"tooltip\" title=\"Lista de desejos\" onclick=\"wishlist.add('25926');\"><i class=\"zmdi zmdi-favorite-outline\"><\/i><\/a>\t\t\t\t\t\t\t\t\t\n\t\t\t\t\t\t\t\t\t<a class=\"btn-compare\" data-toggle=\"tooltip\" title=\"Comparar\" onclick=\"compare.add('25926');\"><i class=\"zmdi zmdi-refresh-alt\"><\/i><\/a>\n\t\t\t\t\t\t\t\t<\/div>\n\t\t\t\t\t\t\t\t<\/div>\n                            <\/div>\n\t\t\t\t\t\t\t<\/div>\n                          <\/div>\n                        <\/div>\n                                            <div class=\"product-layout product-list col-xs-12\">\n                          <div class=\"product-thumb layout1\">\n\t\t\t\t\t\t\t<div class=\"image\">\n                              \t\t\t\t\t\t\t\t                              <a href=\"https:\/\/www.sulcarautopecas.com.br.186-226-60-153.cpanel.site\/lataria-e-carroceria\/moldura-tampa-traseira-kia-sportage-2010-19732\">\n                                                              <img  src=\"image\/cache\/no_image-100x100.png\" alt=\"Moldura Tampa Traseira Kia Sportage 2010\" \/>\n                              \t\t\t\t\t\t\t  <img  src=\"\" alt=\"Moldura Tampa Traseira Kia Sportage 2010\" title=\"Moldura Tampa Traseira Kia Sportage 2010\" class=\"img-responsive lazy\" \/>\n                              <\/a>\n\t\t\t\t\t\t\t  <div class=\"actions-link\">\t\t\t\t\t\t\t\t\t\n\t\t\t\t\t\t\t\t\t<a class=\"btn-wishlist\" data-toggle=\"tooltip\" title=\"Lista de desejos\" onclick=\"wishlist.add('19732');\"><i class=\"zmdi zmdi-favorite-outline\"><\/i><\/a>\t\t\t\t\t\t\t\t\t\n\t\t\t\t\t\t\t\t\t<a class=\"btn-compare\" data-toggle=\"tooltip\" title=\"Comparar\" onclick=\"compare.add('19732');\"><i class=\"zmdi zmdi-refresh-alt\"><\/i><\/a>\n\t\t\t\t\t\t\t\t<\/div>\n                            <\/div>\n                            <div class=\"product-inner\">\n                              <div class=\"product-caption\">\n\t\t\t\t\t\t\t                                <h2 class=\"product-name\"><a href=\"https:\/\/www.sulcarautopecas.com.br.186-226-60-153.cpanel.site\/lataria-e-carroceria\/moldura-tampa-traseira-kia-sportage-2010-19732\">Moldura Tampa Traseira Kia Sportage 2010<\/a><\/h2>\n\t\t\t\t\t\t\t                                     <div class=\"ratings\">\n                                      <div class=\"rating-box\">\n                                                                                        <div class=\"rating0\">rating<\/div>                                                                                                                                                                                                                                                                            <\/div>\n                                  <\/div>\n                              \t\t\t\t\t\t\t                                  <p class=\"price\">\n                                                                    R$180,00                                                                                                    <\/p>\n                                \t\t\t\t\t\t\t \n                              \n\t\t\t\t\t\t\t\t<p class=\"product-des\">Sulcar Auto Pe\u00e7as Blumenau.\nTrabalhamos com pe\u00e7as originais.\nFoto reais do produto.\nCalcule frente\u2026no mercado de envios.\nDemais d\u00favida nos pergunte.\nAp\u00f3s confirma\u00e7\u00e3o do pagamento,enviamos em at\u00e9 1 dia \u00fatil.\nEntregamos para todo pa\u00eds com qualidade e s..<\/p>\n                              <div class=\"product-intro\">\n\t\t\t\t\t\t\t\t<div class=\"actions-link2\">\n\t\t\t\t\t\t\t\t\t<a class=\"btn-cart\" data-toggle=\"tooltip\" title=\"Comprar\" onclick=\"cart.add('19732');\"><span class=\"button\"><i class=\"fa fa-shopping-cart\"><\/i>Comprar<\/span><\/a>\t\t\t\t\t\t\t\t\t\n\t\t\t\t\t\t\t\t\t<a class=\"btn-wishlist\" data-toggle=\"tooltip\" title=\"Lista de desejos\" onclick=\"wishlist.add('19732');\"><i class=\"zmdi zmdi-favorite-outline\"><\/i><\/a>\t\t\t\t\t\t\t\t\t\n\t\t\t\t\t\t\t\t\t<a class=\"btn-compare\" data-toggle=\"tooltip\" title=\"Comparar\" onclick=\"compare.add('19732');\"><i class=\"zmdi zmdi-refresh-alt\"><\/i><\/a>\n\t\t\t\t\t\t\t\t<\/div>\n\t\t\t\t\t\t\t\t<\/div>\n                            <\/div>\n\t\t\t\t\t\t\t<\/div>\n                          <\/div>\n                        <\/div>\n                                            <div class=\"product-layout product-list col-xs-12\">\n                          <div class=\"product-thumb layout1\">\n\t\t\t\t\t\t\t<div class=\"image\">\n                              \t\t\t\t\t\t\t\t                              <a href=\"https:\/\/www.sulcarautopecas.com.br.186-226-60-153.cpanel.site\/lataria-e-carroceria\/par-dobradica-porta-tras-esq-fiat-fastback-2023-31639\">\n                                                              <img  src=\"image\/cache\/no_image-100x100.png\" alt=\"Par Dobradi\u00e7a Porta Tras Esq Fiat Fastb...\" \/>\n                              \t\t\t\t\t\t\t  <img  src=\"\" alt=\"Par Dobradi\u00e7a Porta Tras Esq Fiat Fastb...\" title=\"Par Dobradi\u00e7a Porta Tras Esq Fiat Fastb...\" class=\"img-responsive lazy\" \/>\n                              <\/a>\n\t\t\t\t\t\t\t  <div class=\"actions-link\">\t\t\t\t\t\t\t\t\t\n\t\t\t\t\t\t\t\t\t<a class=\"btn-wishlist\" data-toggle=\"tooltip\" title=\"Lista de desejos\" onclick=\"wishlist.add('31639');\"><i class=\"zmdi zmdi-favorite-outline\"><\/i><\/a>\t\t\t\t\t\t\t\t\t\n\t\t\t\t\t\t\t\t\t<a class=\"btn-compare\" data-toggle=\"tooltip\" title=\"Comparar\" onclick=\"compare.add('31639');\"><i class=\"zmdi zmdi-refresh-alt\"><\/i><\/a>\n\t\t\t\t\t\t\t\t<\/div>\n                            <\/div>\n                            <div class=\"product-inner\">\n                              <div class=\"product-caption\">\n\t\t\t\t\t\t\t                                <h2 class=\"product-name\"><a href=\"https:\/\/www.sulcarautopecas.com.br.186-226-60-153.cpanel.site\/lataria-e-carroceria\/par-dobradica-porta-tras-esq-fiat-fastback-2023-31639\">Par Dobradi\u00e7a Porta Tras Esq Fiat Fastb...<\/a><\/h2>\n\t\t\t\t\t\t\t                                     <div class=\"ratings\">\n                                      <div class=\"rating-box\">\n                                                                                        <div class=\"rating0\">rating<\/div>                                                                                                                                                                                                                                                                            <\/div>\n                                  <\/div>\n                              \t\t\t\t\t\t\t                                  <p class=\"price\">\n                                                                    R$80,00                                                                                                    <\/p>\n                                \t\t\t\t\t\t\t \n                              \n\t\t\t\t\t\t\t\t<p class=\"product-des\">*Sulcar Auto Pe\u00e7as Blumenau.\n*Trabalhamos com produtos originais.\n*Foto reais do produto.\n*Calcular frete em mercado envios,caso tenha nos pergunte.\n*Demais D\u00favidas apenas nos pergunte.\n*Ap\u00f3s confirma\u00e7\u00e3o do pagamento enviamos em at\u00e9 1 dia \u00fatil.\n*Entr..<\/p>\n                              <div class=\"product-intro\">\n\t\t\t\t\t\t\t\t<div class=\"actions-link2\">\n\t\t\t\t\t\t\t\t\t<a class=\"btn-cart\" data-toggle=\"tooltip\" title=\"Comprar\" onclick=\"cart.add('31639');\"><span class=\"button\"><i class=\"fa fa-shopping-cart\"><\/i>Comprar<\/span><\/a>\t\t\t\t\t\t\t\t\t\n\t\t\t\t\t\t\t\t\t<a class=\"btn-wishlist\" data-toggle=\"tooltip\" title=\"Lista de desejos\" onclick=\"wishlist.add('31639');\"><i class=\"zmdi zmdi-favorite-outline\"><\/i><\/a>\t\t\t\t\t\t\t\t\t\n\t\t\t\t\t\t\t\t\t<a class=\"btn-compare\" data-toggle=\"tooltip\" title=\"Comparar\" onclick=\"compare.add('31639');\"><i class=\"zmdi zmdi-refresh-alt\"><\/i><\/a>\n\t\t\t\t\t\t\t\t<\/div>\n\t\t\t\t\t\t\t\t<\/div>\n                            <\/div>\n\t\t\t\t\t\t\t<\/div>\n                          <\/div>\n                        <\/div>\n                                            <div class=\"product-layout product-list col-xs-12\">\n                          <div class=\"product-thumb layout1\">\n\t\t\t\t\t\t\t<div class=\"image\">\n                              \t\t\t\t\t\t\t\t                              <a href=\"https:\/\/www.sulcarautopecas.com.br.186-226-60-153.cpanel.site\/lataria-e-carroceria\/suporte-travessa-parachoque-diant-fastback-audace-2023-a4057-28374\">\n                                                              <img  src=\"image\/cache\/no_image-100x100.png\" alt=\"Suporte Travessa Parachoque Diant Fastba...\" \/>\n                              \t\t\t\t\t\t\t  <img  src=\"\" alt=\"Suporte Travessa Parachoque Diant Fastba...\" title=\"Suporte Travessa Parachoque Diant Fastba...\" class=\"img-responsive lazy\" \/>\n                              <\/a>\n\t\t\t\t\t\t\t  <div class=\"actions-link\">\t\t\t\t\t\t\t\t\t\n\t\t\t\t\t\t\t\t\t<a class=\"btn-wishlist\" data-toggle=\"tooltip\" title=\"Lista de desejos\" onclick=\"wishlist.add('28374');\"><i class=\"zmdi zmdi-favorite-outline\"><\/i><\/a>\t\t\t\t\t\t\t\t\t\n\t\t\t\t\t\t\t\t\t<a class=\"btn-compare\" data-toggle=\"tooltip\" title=\"Comparar\" onclick=\"compare.add('28374');\"><i class=\"zmdi zmdi-refresh-alt\"><\/i><\/a>\n\t\t\t\t\t\t\t\t<\/div>\n                            <\/div>\n                            <div class=\"product-inner\">\n                              <div class=\"product-caption\">\n\t\t\t\t\t\t\t                                <h2 class=\"product-name\"><a href=\"https:\/\/www.sulcarautopecas.com.br.186-226-60-153.cpanel.site\/lataria-e-carroceria\/suporte-travessa-parachoque-diant-fastback-audace-2023-a4057-28374\">Suporte Travessa Parachoque Diant Fastba...<\/a><\/h2>\n\t\t\t\t\t\t\t                                     <div class=\"ratings\">\n                                      <div class=\"rating-box\">\n                                                                                        <div class=\"rating0\">rating<\/div>                                                                                                                                                                                                                                                                            <\/div>\n                                  <\/div>\n                              \t\t\t\t\t\t\t                                  <p class=\"price\">\n                                                                    R$400,00                                                                                                    <\/p>\n                                \t\t\t\t\t\t\t \n                              \n\t\t\t\t\t\t\t\t<p class=\"product-des\">Sulcar Auto Pe\u00e7as Blumenau\nTrabalhamos com produtos originais\nFoto reais do produto\nCalcular frete...no mercado de envios\nDemais d\u00favidas...apenas nos pergunte\nAp\u00f3s confirmar do pagamento enviamos em at\u00e9 1 dia \u00fatil\nEntregamos para todo territ\u00f3rio naci..<\/p>\n                              <div class=\"product-intro\">\n\t\t\t\t\t\t\t\t<div class=\"actions-link2\">\n\t\t\t\t\t\t\t\t\t<a class=\"btn-cart\" data-toggle=\"tooltip\" title=\"Comprar\" onclick=\"cart.add('28374');\"><span class=\"button\"><i class=\"fa fa-shopping-cart\"><\/i>Comprar<\/span><\/a>\t\t\t\t\t\t\t\t\t\n\t\t\t\t\t\t\t\t\t<a class=\"btn-wishlist\" data-toggle=\"tooltip\" title=\"Lista de desejos\" onclick=\"wishlist.add('28374');\"><i class=\"zmdi zmdi-favorite-outline\"><\/i><\/a>\t\t\t\t\t\t\t\t\t\n\t\t\t\t\t\t\t\t\t<a class=\"btn-compare\" data-toggle=\"tooltip\" title=\"Comparar\" onclick=\"compare.add('28374');\"><i class=\"zmdi zmdi-refresh-alt\"><\/i><\/a>\n\t\t\t\t\t\t\t\t<\/div>\n\t\t\t\t\t\t\t\t<\/div>\n                            <\/div>\n\t\t\t\t\t\t\t<\/div>\n                          <\/div>\n                        <\/div>\n                                            <div class=\"product-layout product-list col-xs-12\">\n                          <div class=\"product-thumb layout1\">\n\t\t\t\t\t\t\t<div class=\"image\">\n                              \t\t\t\t\t\t\t\t                              <a href=\"https:\/\/www.sulcarautopecas.com.br.186-226-60-153.cpanel.site\/lataria-e-carroceria\/sup-macaneta-externa-porta-dia-dir-citroen-aircross-2012-22655\">\n                                                              <img  src=\"image\/cache\/no_image-100x100.png\" alt=\"Sup. Ma\u00e7aneta Externa Porta Dia.dir. Ci...\" \/>\n                              \t\t\t\t\t\t\t  <img  src=\"\" alt=\"Sup. Ma\u00e7aneta Externa Porta Dia.dir. Ci...\" title=\"Sup. Ma\u00e7aneta Externa Porta Dia.dir. Ci...\" class=\"img-responsive lazy\" \/>\n                              <\/a>\n\t\t\t\t\t\t\t  <div class=\"actions-link\">\t\t\t\t\t\t\t\t\t\n\t\t\t\t\t\t\t\t\t<a class=\"btn-wishlist\" data-toggle=\"tooltip\" title=\"Lista de desejos\" onclick=\"wishlist.add('22655');\"><i class=\"zmdi zmdi-favorite-outline\"><\/i><\/a>\t\t\t\t\t\t\t\t\t\n\t\t\t\t\t\t\t\t\t<a class=\"btn-compare\" data-toggle=\"tooltip\" title=\"Comparar\" onclick=\"compare.add('22655');\"><i class=\"zmdi zmdi-refresh-alt\"><\/i><\/a>\n\t\t\t\t\t\t\t\t<\/div>\n                            <\/div>\n                            <div class=\"product-inner\">\n                              <div class=\"product-caption\">\n\t\t\t\t\t\t\t                                <h2 class=\"product-name\"><a href=\"https:\/\/www.sulcarautopecas.com.br.186-226-60-153.cpanel.site\/lataria-e-carroceria\/sup-macaneta-externa-porta-dia-dir-citroen-aircross-2012-22655\">Sup. Ma\u00e7aneta Externa Porta Dia.dir. Ci...<\/a><\/h2>\n\t\t\t\t\t\t\t                                     <div class=\"ratings\">\n                                      <div class=\"rating-box\">\n                                                                                        <div class=\"rating0\">rating<\/div>                                                                                                                                                                                                                                                                            <\/div>\n                                  <\/div>\n                              \t\t\t\t\t\t\t                                  <p class=\"price\">\n                                                                    R$60,00                                                                                                    <\/p>\n                                \t\t\t\t\t\t\t \n                              \n\t\t\t\t\t\t\t\t<p class=\"product-des\">Trabalhamos com produtos originais, retirados de ve\u00edculos baixados no Detran, com total proced\u00eancia e garantia.\nTodas as nossas fotos s\u00e3o reais do produto.\n\nPara calcular o frente basta aproveitar as vantagens do MERCADO ENVIOS.\nCaso o produto n\u00e3o te..<\/p>\n                              <div class=\"product-intro\">\n\t\t\t\t\t\t\t\t<div class=\"actions-link2\">\n\t\t\t\t\t\t\t\t\t<a class=\"btn-cart\" data-toggle=\"tooltip\" title=\"Comprar\" onclick=\"cart.add('22655');\"><span class=\"button\"><i class=\"fa fa-shopping-cart\"><\/i>Comprar<\/span><\/a>\t\t\t\t\t\t\t\t\t\n\t\t\t\t\t\t\t\t\t<a class=\"btn-wishlist\" data-toggle=\"tooltip\" title=\"Lista de desejos\" onclick=\"wishlist.add('22655');\"><i class=\"zmdi zmdi-favorite-outline\"><\/i><\/a>\t\t\t\t\t\t\t\t\t\n\t\t\t\t\t\t\t\t\t<a class=\"btn-compare\" data-toggle=\"tooltip\" title=\"Comparar\" onclick=\"compare.add('22655');\"><i class=\"zmdi zmdi-refresh-alt\"><\/i><\/a>\n\t\t\t\t\t\t\t\t<\/div>\n\t\t\t\t\t\t\t\t<\/div>\n                            <\/div>\n\t\t\t\t\t\t\t<\/div>\n                          <\/div>\n                        <\/div>\n                                            <div class=\"product-layout product-list col-xs-12\">\n                          <div class=\"product-thumb layout1\">\n\t\t\t\t\t\t\t<div class=\"image\">\n                              \t\t\t\t\t\t\t\t                              <a href=\"https:\/\/www.sulcarautopecas.com.br.186-226-60-153.cpanel.site\/lataria-e-carroceria\/pinhao-sensor-velocidade-kia-sportage-2010-cambio-manual-14834\">\n                                                              <img  src=\"image\/cache\/no_image-100x100.png\" alt=\"Pinh\u00e3o Sensor Velocidade Kia Sportage 2...\" \/>\n                              \t\t\t\t\t\t\t  <img  src=\"\" alt=\"Pinh\u00e3o Sensor Velocidade Kia Sportage 2...\" title=\"Pinh\u00e3o Sensor Velocidade Kia Sportage 2...\" class=\"img-responsive lazy\" \/>\n                              <\/a>\n\t\t\t\t\t\t\t  <div class=\"actions-link\">\t\t\t\t\t\t\t\t\t\n\t\t\t\t\t\t\t\t\t<a class=\"btn-wishlist\" data-toggle=\"tooltip\" title=\"Lista de desejos\" onclick=\"wishlist.add('14834');\"><i class=\"zmdi zmdi-favorite-outline\"><\/i><\/a>\t\t\t\t\t\t\t\t\t\n\t\t\t\t\t\t\t\t\t<a class=\"btn-compare\" data-toggle=\"tooltip\" title=\"Comparar\" onclick=\"compare.add('14834');\"><i class=\"zmdi zmdi-refresh-alt\"><\/i><\/a>\n\t\t\t\t\t\t\t\t<\/div>\n                            <\/div>\n                            <div class=\"product-inner\">\n                              <div class=\"product-caption\">\n\t\t\t\t\t\t\t                                <h2 class=\"product-name\"><a href=\"https:\/\/www.sulcarautopecas.com.br.186-226-60-153.cpanel.site\/lataria-e-carroceria\/pinhao-sensor-velocidade-kia-sportage-2010-cambio-manual-14834\">Pinh\u00e3o Sensor Velocidade Kia Sportage 2...<\/a><\/h2>\n\t\t\t\t\t\t\t                                     <div class=\"ratings\">\n                                      <div class=\"rating-box\">\n                                                                                        <div class=\"rating0\">rating<\/div>                                                                                                                                                                                                                                                                            <\/div>\n                                  <\/div>\n                              \t\t\t\t\t\t\t                                  <p class=\"price\">\n                                                                    R$200,00                                                                                                    <\/p>\n                                \t\t\t\t\t\t\t \n                              \n\t\t\t\t\t\t\t\t<p class=\"product-des\">*Sulcar Auto Pe\u00e7as Blumenau.\n*Trabalhamos com produtos originais.\n*Foto reais do produto.\n*Calcular frete em mercado envios,caso tenha nos pergunte.\n*Demais D\u00favidas apenas nos pergunte.\n*Ap\u00f3s confirma\u00e7\u00e3o do pagamento enviamos em at\u00e9 1 dia \u00fatil.\n*Entr..<\/p>\n                              <div class=\"product-intro\">\n\t\t\t\t\t\t\t\t<div class=\"actions-link2\">\n\t\t\t\t\t\t\t\t\t<a class=\"btn-cart\" data-toggle=\"tooltip\" title=\"Comprar\" onclick=\"cart.add('14834');\"><span class=\"button\"><i class=\"fa fa-shopping-cart\"><\/i>Comprar<\/span><\/a>\t\t\t\t\t\t\t\t\t\n\t\t\t\t\t\t\t\t\t<a class=\"btn-wishlist\" data-toggle=\"tooltip\" title=\"Lista de desejos\" onclick=\"wishlist.add('14834');\"><i class=\"zmdi zmdi-favorite-outline\"><\/i><\/a>\t\t\t\t\t\t\t\t\t\n\t\t\t\t\t\t\t\t\t<a class=\"btn-compare\" data-toggle=\"tooltip\" title=\"Comparar\" onclick=\"compare.add('14834');\"><i class=\"zmdi zmdi-refresh-alt\"><\/i><\/a>\n\t\t\t\t\t\t\t\t<\/div>\n\t\t\t\t\t\t\t\t<\/div>\n                            <\/div>\n\t\t\t\t\t\t\t<\/div>\n                          <\/div>\n                        <\/div>\n                                            <div class=\"product-layout product-list col-xs-12\">\n                          <div class=\"product-thumb layout1\">\n\t\t\t\t\t\t\t<div class=\"image\">\n                              \t\t\t\t\t\t\t\t                              <a href=\"https:\/\/www.sulcarautopecas.com.br.186-226-60-153.cpanel.site\/lataria-e-carroceria\/alma-parachoque-traseiro-renault-duster-2024-32959\">\n                                                              <img  src=\"image\/cache\/no_image-100x100.png\" alt=\"Alma Parachoque Traseiro Renault Duster ...\" \/>\n                              \t\t\t\t\t\t\t  <img  src=\"\" alt=\"Alma Parachoque Traseiro Renault Duster ...\" title=\"Alma Parachoque Traseiro Renault Duster ...\" class=\"img-responsive lazy\" \/>\n                              <\/a>\n\t\t\t\t\t\t\t  <div class=\"actions-link\">\t\t\t\t\t\t\t\t\t\n\t\t\t\t\t\t\t\t\t<a class=\"btn-wishlist\" data-toggle=\"tooltip\" title=\"Lista de desejos\" onclick=\"wishlist.add('32959');\"><i class=\"zmdi zmdi-favorite-outline\"><\/i><\/a>\t\t\t\t\t\t\t\t\t\n\t\t\t\t\t\t\t\t\t<a class=\"btn-compare\" data-toggle=\"tooltip\" title=\"Comparar\" onclick=\"compare.add('32959');\"><i class=\"zmdi zmdi-refresh-alt\"><\/i><\/a>\n\t\t\t\t\t\t\t\t<\/div>\n                            <\/div>\n                            <div class=\"product-inner\">\n                              <div class=\"product-caption\">\n\t\t\t\t\t\t\t                                <h2 class=\"product-name\"><a href=\"https:\/\/www.sulcarautopecas.com.br.186-226-60-153.cpanel.site\/lataria-e-carroceria\/alma-parachoque-traseiro-renault-duster-2024-32959\">Alma Parachoque Traseiro Renault Duster ...<\/a><\/h2>\n\t\t\t\t\t\t\t                                     <div class=\"ratings\">\n                                      <div class=\"rating-box\">\n                                                                                        <div class=\"rating0\">rating<\/div>                                                                                                                                                                                                                                                                            <\/div>\n                                  <\/div>\n                              \t\t\t\t\t\t\t                                  <p class=\"price\">\n                                                                    R$200,00                                                                                                    <\/p>\n                                \t\t\t\t\t\t\t \n                              \n\t\t\t\t\t\t\t\t<p class=\"product-des\">*Sulcar Auto Pe\u00e7as Blumenau.\n*Trabalhamos com produtos originais.\n*Foto reais do produto.\n*Calcular frete em mercado envios,caso tenha nos pergunte.\n*Demais D\u00favidas apenas nos pergunte.\n*Ap\u00f3s confirma\u00e7\u00e3o do pagamento enviamos em at\u00e9 1 dia \u00fatil.\n*Entr..<\/p>\n                              <div class=\"product-intro\">\n\t\t\t\t\t\t\t\t<div class=\"actions-link2\">\n\t\t\t\t\t\t\t\t\t<a class=\"btn-cart\" data-toggle=\"tooltip\" title=\"Comprar\" onclick=\"cart.add('32959');\"><span class=\"button\"><i class=\"fa fa-shopping-cart\"><\/i>Comprar<\/span><\/a>\t\t\t\t\t\t\t\t\t\n\t\t\t\t\t\t\t\t\t<a class=\"btn-wishlist\" data-toggle=\"tooltip\" title=\"Lista de desejos\" onclick=\"wishlist.add('32959');\"><i class=\"zmdi zmdi-favorite-outline\"><\/i><\/a>\t\t\t\t\t\t\t\t\t\n\t\t\t\t\t\t\t\t\t<a class=\"btn-compare\" data-toggle=\"tooltip\" title=\"Comparar\" onclick=\"compare.add('32959');\"><i class=\"zmdi zmdi-refresh-alt\"><\/i><\/a>\n\t\t\t\t\t\t\t\t<\/div>\n\t\t\t\t\t\t\t\t<\/div>\n                            <\/div>\n\t\t\t\t\t\t\t<\/div>\n                          <\/div>\n                        <\/div>\n                                            <div class=\"product-layout product-list col-xs-12\">\n                          <div class=\"product-thumb layout1\">\n\t\t\t\t\t\t\t<div class=\"image\">\n                              \t\t\t\t\t\t\t\t                              <a href=\"https:\/\/www.sulcarautopecas.com.br.186-226-60-153.cpanel.site\/lataria-e-carroceria\/acabamento-botao-vidro-eletrico-dia-direito-honda-wr-v-2021-30039\">\n                                                              <img  src=\"image\/cache\/no_image-100x100.png\" alt=\"Acabamento Bot\u00e3o Vidro El\u00e9trico Dia.di...\" \/>\n                              \t\t\t\t\t\t\t  <img  src=\"\" alt=\"Acabamento Bot\u00e3o Vidro El\u00e9trico Dia.di...\" title=\"Acabamento Bot\u00e3o Vidro El\u00e9trico Dia.di...\" class=\"img-responsive lazy\" \/>\n                              <\/a>\n\t\t\t\t\t\t\t  <div class=\"actions-link\">\t\t\t\t\t\t\t\t\t\n\t\t\t\t\t\t\t\t\t<a class=\"btn-wishlist\" data-toggle=\"tooltip\" title=\"Lista de desejos\" onclick=\"wishlist.add('30039');\"><i class=\"zmdi zmdi-favorite-outline\"><\/i><\/a>\t\t\t\t\t\t\t\t\t\n\t\t\t\t\t\t\t\t\t<a class=\"btn-compare\" data-toggle=\"tooltip\" title=\"Comparar\" onclick=\"compare.add('30039');\"><i class=\"zmdi zmdi-refresh-alt\"><\/i><\/a>\n\t\t\t\t\t\t\t\t<\/div>\n                            <\/div>\n                            <div class=\"product-inner\">\n                              <div class=\"product-caption\">\n\t\t\t\t\t\t\t                                <h2 class=\"product-name\"><a href=\"https:\/\/www.sulcarautopecas.com.br.186-226-60-153.cpanel.site\/lataria-e-carroceria\/acabamento-botao-vidro-eletrico-dia-direito-honda-wr-v-2021-30039\">Acabamento Bot\u00e3o Vidro El\u00e9trico Dia.di...<\/a><\/h2>\n\t\t\t\t\t\t\t                                     <div class=\"ratings\">\n                                      <div class=\"rating-box\">\n                                                                                        <div class=\"rating0\">rating<\/div>                                                                                                                                                                                                                                                                            <\/div>\n                                  <\/div>\n                              \t\t\t\t\t\t\t                                  <p class=\"price\">\n                                                                    R$70,00                                                                                                    <\/p>\n                                \t\t\t\t\t\t\t \n                              \n\t\t\t\t\t\t\t\t<p class=\"product-des\">*Sulcar Auto Pe\u00e7as Blumenau.\n*Trabalhamos com produtos originais.\n*Foto reais do produto.\n*Calcular frete em mercado envios,caso tenha nos pergunte.\n*Demais D\u00favidas apenas nos pergunte.\n*Ap\u00f3s confirma\u00e7\u00e3o do pagamento enviamos em at\u00e9 1 dia \u00fatil.\n*Entr..<\/p>\n                              <div class=\"product-intro\">\n\t\t\t\t\t\t\t\t<div class=\"actions-link2\">\n\t\t\t\t\t\t\t\t\t<a class=\"btn-cart\" data-toggle=\"tooltip\" title=\"Comprar\" onclick=\"cart.add('30039');\"><span class=\"button\"><i class=\"fa fa-shopping-cart\"><\/i>Comprar<\/span><\/a>\t\t\t\t\t\t\t\t\t\n\t\t\t\t\t\t\t\t\t<a class=\"btn-wishlist\" data-toggle=\"tooltip\" title=\"Lista de desejos\" onclick=\"wishlist.add('30039');\"><i class=\"zmdi zmdi-favorite-outline\"><\/i><\/a>\t\t\t\t\t\t\t\t\t\n\t\t\t\t\t\t\t\t\t<a class=\"btn-compare\" data-toggle=\"tooltip\" title=\"Comparar\" onclick=\"compare.add('30039');\"><i class=\"zmdi zmdi-refresh-alt\"><\/i><\/a>\n\t\t\t\t\t\t\t\t<\/div>\n\t\t\t\t\t\t\t\t<\/div>\n                            <\/div>\n\t\t\t\t\t\t\t<\/div>\n                          <\/div>\n                        <\/div>\n                                            <div class=\"product-layout product-list col-xs-12\">\n                          <div class=\"product-thumb layout1\">\n\t\t\t\t\t\t\t<div class=\"image\">\n                              \t\t\t\t\t\t\t\t                              <a href=\"https:\/\/www.sulcarautopecas.com.br.186-226-60-153.cpanel.site\/lataria-e-carroceria\/apoio-braco-porta-diant-dir-corolla-2014-a-2018-gli-a593-25166\">\n                                                              <img  src=\"image\/cache\/no_image-100x100.png\" alt=\"Apoio Bra\u00e7o Porta Diant Dir Corolla 201...\" \/>\n                              \t\t\t\t\t\t\t  <img  src=\"\" alt=\"Apoio Bra\u00e7o Porta Diant Dir Corolla 201...\" title=\"Apoio Bra\u00e7o Porta Diant Dir Corolla 201...\" class=\"img-responsive lazy\" \/>\n                              <\/a>\n\t\t\t\t\t\t\t  <div class=\"actions-link\">\t\t\t\t\t\t\t\t\t\n\t\t\t\t\t\t\t\t\t<a class=\"btn-wishlist\" data-toggle=\"tooltip\" title=\"Lista de desejos\" onclick=\"wishlist.add('25166');\"><i class=\"zmdi zmdi-favorite-outline\"><\/i><\/a>\t\t\t\t\t\t\t\t\t\n\t\t\t\t\t\t\t\t\t<a class=\"btn-compare\" data-toggle=\"tooltip\" title=\"Comparar\" onclick=\"compare.add('25166');\"><i class=\"zmdi zmdi-refresh-alt\"><\/i><\/a>\n\t\t\t\t\t\t\t\t<\/div>\n                            <\/div>\n                            <div class=\"product-inner\">\n                              <div class=\"product-caption\">\n\t\t\t\t\t\t\t                                <h2 class=\"product-name\"><a href=\"https:\/\/www.sulcarautopecas.com.br.186-226-60-153.cpanel.site\/lataria-e-carroceria\/apoio-braco-porta-diant-dir-corolla-2014-a-2018-gli-a593-25166\">Apoio Bra\u00e7o Porta Diant Dir Corolla 201...<\/a><\/h2>\n\t\t\t\t\t\t\t                                     <div class=\"ratings\">\n                                      <div class=\"rating-box\">\n                                                                                        <div class=\"rating0\">rating<\/div>                                                                                                                                                                                                                                                                            <\/div>\n                                  <\/div>\n                              \t\t\t\t\t\t\t                                  <p class=\"price\">\n                                                                    R$100,00                                                                                                    <\/p>\n                                \t\t\t\t\t\t\t \n                              \n\t\t\t\t\t\t\t\t<p class=\"product-des\">Trabalhamos com produtos originais, retirados de ve\u00edculos baixados no Detran, com toda a proced\u00eancia e garantia.\nTodas as nossas fotos s\u00e3o reais do produto.\n\nPara calcular o frete basta aproveitar as vantagens do MERCADO ENVIOS.\nCaso o produto n\u00e3o te..<\/p>\n                              <div class=\"product-intro\">\n\t\t\t\t\t\t\t\t<div class=\"actions-link2\">\n\t\t\t\t\t\t\t\t\t<a class=\"btn-cart\" data-toggle=\"tooltip\" title=\"Comprar\" onclick=\"cart.add('25166');\"><span class=\"button\"><i class=\"fa fa-shopping-cart\"><\/i>Comprar<\/span><\/a>\t\t\t\t\t\t\t\t\t\n\t\t\t\t\t\t\t\t\t<a class=\"btn-wishlist\" data-toggle=\"tooltip\" title=\"Lista de desejos\" onclick=\"wishlist.add('25166');\"><i class=\"zmdi zmdi-favorite-outline\"><\/i><\/a>\t\t\t\t\t\t\t\t\t\n\t\t\t\t\t\t\t\t\t<a class=\"btn-compare\" data-toggle=\"tooltip\" title=\"Comparar\" onclick=\"compare.add('25166');\"><i class=\"zmdi zmdi-refresh-alt\"><\/i><\/a>\n\t\t\t\t\t\t\t\t<\/div>\n\t\t\t\t\t\t\t\t<\/div>\n                            <\/div>\n\t\t\t\t\t\t\t<\/div>\n                          <\/div>\n                        <\/div>\n                                            <div class=\"product-layout product-list col-xs-12\">\n                          <div class=\"product-thumb layout1\">\n\t\t\t\t\t\t\t<div class=\"image\">\n                              \t\t\t\t\t\t\t\t                              <a href=\"https:\/\/www.sulcarautopecas.com.br.186-226-60-153.cpanel.site\/lataria-e-carroceria\/soleira-porta-interna-tras-dir-nissan-kicks-advance-2022-19034\">\n                                                              <img  src=\"image\/cache\/no_image-100x100.png\" alt=\"Soleira Porta Interna Tras.dir. Nissan K...\" \/>\n                              \t\t\t\t\t\t\t  <img  src=\"\" alt=\"Soleira Porta Interna Tras.dir. Nissan K...\" title=\"Soleira Porta Interna Tras.dir. Nissan K...\" class=\"img-responsive lazy\" \/>\n                              <\/a>\n\t\t\t\t\t\t\t  <div class=\"actions-link\">\t\t\t\t\t\t\t\t\t\n\t\t\t\t\t\t\t\t\t<a class=\"btn-wishlist\" data-toggle=\"tooltip\" title=\"Lista de desejos\" onclick=\"wishlist.add('19034');\"><i class=\"zmdi zmdi-favorite-outline\"><\/i><\/a>\t\t\t\t\t\t\t\t\t\n\t\t\t\t\t\t\t\t\t<a class=\"btn-compare\" data-toggle=\"tooltip\" title=\"Comparar\" onclick=\"compare.add('19034');\"><i class=\"zmdi zmdi-refresh-alt\"><\/i><\/a>\n\t\t\t\t\t\t\t\t<\/div>\n                            <\/div>\n                            <div class=\"product-inner\">\n                              <div class=\"product-caption\">\n\t\t\t\t\t\t\t                                <h2 class=\"product-name\"><a href=\"https:\/\/www.sulcarautopecas.com.br.186-226-60-153.cpanel.site\/lataria-e-carroceria\/soleira-porta-interna-tras-dir-nissan-kicks-advance-2022-19034\">Soleira Porta Interna Tras.dir. Nissan K...<\/a><\/h2>\n\t\t\t\t\t\t\t                                     <div class=\"ratings\">\n                                      <div class=\"rating-box\">\n                                                                                        <div class=\"rating0\">rating<\/div>                                                                                                                                                                                                                                                                            <\/div>\n                                  <\/div>\n                              \t\t\t\t\t\t\t                                  <p class=\"price\">\n                                                                    R$125,00                                                                                                    <\/p>\n                                \t\t\t\t\t\t\t \n                              \n\t\t\t\t\t\t\t\t<p class=\"product-des\">Sulcar Auto Pe\u00e7as Blumenau\nTrabalhamos com produtos originais \nFoto reais do produto \nCalcular frete...no mercado de envios \nDemais d\u00favidas...apenas nos pergunte \nAp\u00f3s confirmar do pagamento enviamos em at\u00e9 1 dia \u00fatil \nEntregamos para todo territ\u00f3rio..<\/p>\n                              <div class=\"product-intro\">\n\t\t\t\t\t\t\t\t<div class=\"actions-link2\">\n\t\t\t\t\t\t\t\t\t<a class=\"btn-cart\" data-toggle=\"tooltip\" title=\"Comprar\" onclick=\"cart.add('19034');\"><span class=\"button\"><i class=\"fa fa-shopping-cart\"><\/i>Comprar<\/span><\/a>\t\t\t\t\t\t\t\t\t\n\t\t\t\t\t\t\t\t\t<a class=\"btn-wishlist\" data-toggle=\"tooltip\" title=\"Lista de desejos\" onclick=\"wishlist.add('19034');\"><i class=\"zmdi zmdi-favorite-outline\"><\/i><\/a>\t\t\t\t\t\t\t\t\t\n\t\t\t\t\t\t\t\t\t<a class=\"btn-compare\" data-toggle=\"tooltip\" title=\"Comparar\" onclick=\"compare.add('19034');\"><i class=\"zmdi zmdi-refresh-alt\"><\/i><\/a>\n\t\t\t\t\t\t\t\t<\/div>\n\t\t\t\t\t\t\t\t<\/div>\n                            <\/div>\n\t\t\t\t\t\t\t<\/div>\n                          <\/div>\n                        <\/div>\n                                            <div class=\"product-layout product-list col-xs-12\">\n                          <div class=\"product-thumb layout1\">\n\t\t\t\t\t\t\t<div class=\"image\">\n                              \t\t\t\t\t\t\t\t                              <a href=\"https:\/\/www.sulcarautopecas.com.br.186-226-60-153.cpanel.site\/lataria-e-carroceria\/fechadura-tampa-traseira-fiat-fastback-abarth-1-3-2023-a6740-31258\">\n                                                              <img  src=\"image\/cache\/no_image-100x100.png\" alt=\"Fechadura Tampa Traseira Fiat Fastback A...\" \/>\n                              \t\t\t\t\t\t\t  <img  src=\"\" alt=\"Fechadura Tampa Traseira Fiat Fastback A...\" title=\"Fechadura Tampa Traseira Fiat Fastback A...\" class=\"img-responsive lazy\" \/>\n                              <\/a>\n\t\t\t\t\t\t\t  <div class=\"actions-link\">\t\t\t\t\t\t\t\t\t\n\t\t\t\t\t\t\t\t\t<a class=\"btn-wishlist\" data-toggle=\"tooltip\" title=\"Lista de desejos\" onclick=\"wishlist.add('31258');\"><i class=\"zmdi zmdi-favorite-outline\"><\/i><\/a>\t\t\t\t\t\t\t\t\t\n\t\t\t\t\t\t\t\t\t<a class=\"btn-compare\" data-toggle=\"tooltip\" title=\"Comparar\" onclick=\"compare.add('31258');\"><i class=\"zmdi zmdi-refresh-alt\"><\/i><\/a>\n\t\t\t\t\t\t\t\t<\/div>\n                            <\/div>\n                            <div class=\"product-inner\">\n                              <div class=\"product-caption\">\n\t\t\t\t\t\t\t                                <h2 class=\"product-name\"><a href=\"https:\/\/www.sulcarautopecas.com.br.186-226-60-153.cpanel.site\/lataria-e-carroceria\/fechadura-tampa-traseira-fiat-fastback-abarth-1-3-2023-a6740-31258\">Fechadura Tampa Traseira Fiat Fastback A...<\/a><\/h2>\n\t\t\t\t\t\t\t                                     <div class=\"ratings\">\n                                      <div class=\"rating-box\">\n                                                                                        <div class=\"rating0\">rating<\/div>                                                                                                                                                                                                                                                                            <\/div>\n                                  <\/div>\n                              \t\t\t\t\t\t\t                                  <p class=\"price\">\n                                                                    R$250,00                                                                                                    <\/p>\n                                \t\t\t\t\t\t\t \n                              \n\t\t\t\t\t\t\t\t<p class=\"product-des\">Sulcar Auto Pe\u00e7as Blumenau\nTrabalhamos com produtos originais\nFoto reais do produto\nCalcular frete...no mercado de envios\nDemais d\u00favidas...apenas nos pergunte\nAp\u00f3s confirmar do pagamento enviamos em at\u00e9 1 dia \u00fatil\nEntregamos para todo territ\u00f3rio naci..<\/p>\n                              <div class=\"product-intro\">\n\t\t\t\t\t\t\t\t<div class=\"actions-link2\">\n\t\t\t\t\t\t\t\t\t<a class=\"btn-cart\" data-toggle=\"tooltip\" title=\"Comprar\" onclick=\"cart.add('31258');\"><span class=\"button\"><i class=\"fa fa-shopping-cart\"><\/i>Comprar<\/span><\/a>\t\t\t\t\t\t\t\t\t\n\t\t\t\t\t\t\t\t\t<a class=\"btn-wishlist\" data-toggle=\"tooltip\" title=\"Lista de desejos\" onclick=\"wishlist.add('31258');\"><i class=\"zmdi zmdi-favorite-outline\"><\/i><\/a>\t\t\t\t\t\t\t\t\t\n\t\t\t\t\t\t\t\t\t<a class=\"btn-compare\" data-toggle=\"tooltip\" title=\"Comparar\" onclick=\"compare.add('31258');\"><i class=\"zmdi zmdi-refresh-alt\"><\/i><\/a>\n\t\t\t\t\t\t\t\t<\/div>\n\t\t\t\t\t\t\t\t<\/div>\n                            <\/div>\n\t\t\t\t\t\t\t<\/div>\n                          <\/div>\n                        <\/div>\n                                            <div class=\"product-layout product-list col-xs-12\">\n                          <div class=\"product-thumb layout1\">\n\t\t\t\t\t\t\t<div class=\"image\">\n                              \t\t\t\t\t\t\t\t                              <a href=\"https:\/\/www.sulcarautopecas.com.br.186-226-60-153.cpanel.site\/lataria-e-carroceria\/soleira-porta-dir-honda-crv-2015-a3292-27701\">\n                                                              <img  src=\"image\/cache\/no_image-100x100.png\" alt=\"Soleira Porta Dir Honda Crv 2015 A3292\" \/>\n                              \t\t\t\t\t\t\t  <img  src=\"\" alt=\"Soleira Porta Dir Honda Crv 2015 A3292\" title=\"Soleira Porta Dir Honda Crv 2015 A3292\" class=\"img-responsive lazy\" \/>\n                              <\/a>\n\t\t\t\t\t\t\t  <div class=\"actions-link\">\t\t\t\t\t\t\t\t\t\n\t\t\t\t\t\t\t\t\t<a class=\"btn-wishlist\" data-toggle=\"tooltip\" title=\"Lista de desejos\" onclick=\"wishlist.add('27701');\"><i class=\"zmdi zmdi-favorite-outline\"><\/i><\/a>\t\t\t\t\t\t\t\t\t\n\t\t\t\t\t\t\t\t\t<a class=\"btn-compare\" data-toggle=\"tooltip\" title=\"Comparar\" onclick=\"compare.add('27701');\"><i class=\"zmdi zmdi-refresh-alt\"><\/i><\/a>\n\t\t\t\t\t\t\t\t<\/div>\n                            <\/div>\n                            <div class=\"product-inner\">\n                              <div class=\"product-caption\">\n\t\t\t\t\t\t\t                                <h2 class=\"product-name\"><a href=\"https:\/\/www.sulcarautopecas.com.br.186-226-60-153.cpanel.site\/lataria-e-carroceria\/soleira-porta-dir-honda-crv-2015-a3292-27701\">Soleira Porta Dir Honda Crv 2015 A3292<\/a><\/h2>\n\t\t\t\t\t\t\t                                     <div class=\"ratings\">\n                                      <div class=\"rating-box\">\n                                                                                        <div class=\"rating0\">rating<\/div>                                                                                                                                                                                                                                                                            <\/div>\n                                  <\/div>\n                              \t\t\t\t\t\t\t                                  <p class=\"price\">\n                                                                    R$100,00                                                                                                    <\/p>\n                                \t\t\t\t\t\t\t \n                              \n\t\t\t\t\t\t\t\t<p class=\"product-des\">Sulcar Auto Pe\u00e7as Blumenau\nTrabalhamos com produtos originais\nFoto reais do produto\nCalcular frete...no mercado de envios\nDemais d\u00favidas...apenas nos pergunte\nAp\u00f3s confirmar do pagamento enviamos em at\u00e9 1 dia \u00fatil\nEntregamos para todo territ\u00f3rio naci..<\/p>\n                              <div class=\"product-intro\">\n\t\t\t\t\t\t\t\t<div class=\"actions-link2\">\n\t\t\t\t\t\t\t\t\t<a class=\"btn-cart\" data-toggle=\"tooltip\" title=\"Comprar\" onclick=\"cart.add('27701');\"><span class=\"button\"><i class=\"fa fa-shopping-cart\"><\/i>Comprar<\/span><\/a>\t\t\t\t\t\t\t\t\t\n\t\t\t\t\t\t\t\t\t<a class=\"btn-wishlist\" data-toggle=\"tooltip\" title=\"Lista de desejos\" onclick=\"wishlist.add('27701');\"><i class=\"zmdi zmdi-favorite-outline\"><\/i><\/a>\t\t\t\t\t\t\t\t\t\n\t\t\t\t\t\t\t\t\t<a class=\"btn-compare\" data-toggle=\"tooltip\" title=\"Comparar\" onclick=\"compare.add('27701');\"><i class=\"zmdi zmdi-refresh-alt\"><\/i><\/a>\n\t\t\t\t\t\t\t\t<\/div>\n\t\t\t\t\t\t\t\t<\/div>\n                            <\/div>\n\t\t\t\t\t\t\t<\/div>\n                          <\/div>\n                        <\/div>\n                                            <div class=\"product-layout product-list col-xs-12\">\n                          <div class=\"product-thumb layout1\">\n\t\t\t\t\t\t\t<div class=\"image\">\n                              \t\t\t\t\t\t\t\t                              <a href=\"https:\/\/www.sulcarautopecas.com.br.186-226-60-153.cpanel.site\/lataria-e-carroceria\/acabamento-interno-porta-diant-dir-kia-soul-2009-a-2012-21877\">\n                                                              <img  src=\"image\/cache\/no_image-100x100.png\" alt=\"Acabamento Interno Porta Diant Dir Kia S...\" \/>\n                              \t\t\t\t\t\t\t  <img  src=\"\" alt=\"Acabamento Interno Porta Diant Dir Kia S...\" title=\"Acabamento Interno Porta Diant Dir Kia S...\" class=\"img-responsive lazy\" \/>\n                              <\/a>\n\t\t\t\t\t\t\t  <div class=\"actions-link\">\t\t\t\t\t\t\t\t\t\n\t\t\t\t\t\t\t\t\t<a class=\"btn-wishlist\" data-toggle=\"tooltip\" title=\"Lista de desejos\" onclick=\"wishlist.add('21877');\"><i class=\"zmdi zmdi-favorite-outline\"><\/i><\/a>\t\t\t\t\t\t\t\t\t\n\t\t\t\t\t\t\t\t\t<a class=\"btn-compare\" data-toggle=\"tooltip\" title=\"Comparar\" onclick=\"compare.add('21877');\"><i class=\"zmdi zmdi-refresh-alt\"><\/i><\/a>\n\t\t\t\t\t\t\t\t<\/div>\n                            <\/div>\n                            <div class=\"product-inner\">\n                              <div class=\"product-caption\">\n\t\t\t\t\t\t\t                                <h2 class=\"product-name\"><a href=\"https:\/\/www.sulcarautopecas.com.br.186-226-60-153.cpanel.site\/lataria-e-carroceria\/acabamento-interno-porta-diant-dir-kia-soul-2009-a-2012-21877\">Acabamento Interno Porta Diant Dir Kia S...<\/a><\/h2>\n\t\t\t\t\t\t\t                                     <div class=\"ratings\">\n                                      <div class=\"rating-box\">\n                                                                                        <div class=\"rating0\">rating<\/div>                                                                                                                                                                                                                                                                            <\/div>\n                                  <\/div>\n                              \t\t\t\t\t\t\t                                  <p class=\"price\">\n                                                                    R$60,00                                                                                                    <\/p>\n                                \t\t\t\t\t\t\t \n                              \n\t\t\t\t\t\t\t\t<p class=\"product-des\">Trabalhamos com produtos originais, retirados de ve\u00edculos baixados no Detran, com total proced\u00eancia e garantia.\nTodas as nossas fotos s\u00e3o reais do produto.\n\nPara calcular o frente basta aproveitar as vantagens do MERCADO ENVIOS.\nCaso o produto n\u00e3o te..<\/p>\n                              <div class=\"product-intro\">\n\t\t\t\t\t\t\t\t<div class=\"actions-link2\">\n\t\t\t\t\t\t\t\t\t<a class=\"btn-cart\" data-toggle=\"tooltip\" title=\"Comprar\" onclick=\"cart.add('21877');\"><span class=\"button\"><i class=\"fa fa-shopping-cart\"><\/i>Comprar<\/span><\/a>\t\t\t\t\t\t\t\t\t\n\t\t\t\t\t\t\t\t\t<a class=\"btn-wishlist\" data-toggle=\"tooltip\" title=\"Lista de desejos\" onclick=\"wishlist.add('21877');\"><i class=\"zmdi zmdi-favorite-outline\"><\/i><\/a>\t\t\t\t\t\t\t\t\t\n\t\t\t\t\t\t\t\t\t<a class=\"btn-compare\" data-toggle=\"tooltip\" title=\"Comparar\" onclick=\"compare.add('21877');\"><i class=\"zmdi zmdi-refresh-alt\"><\/i><\/a>\n\t\t\t\t\t\t\t\t<\/div>\n\t\t\t\t\t\t\t\t<\/div>\n                            <\/div>\n\t\t\t\t\t\t\t<\/div>\n                          <\/div>\n                        <\/div>\n                                            <div class=\"product-layout product-list col-xs-12\">\n                          <div class=\"product-thumb layout1\">\n\t\t\t\t\t\t\t<div class=\"image\">\n                              \t\t\t\t\t\t\t\t                              <a href=\"https:\/\/www.sulcarautopecas.com.br.186-226-60-153.cpanel.site\/lataria-e-carroceria\/maquina-de-vidro-traseiro-direito-kia-sportage-2010-original-13919\">\n                                                              <img  src=\"image\/cache\/no_image-100x100.png\" alt=\"M\u00e1quina De Vidro Traseiro Direito Kia S...\" \/>\n                              \t\t\t\t\t\t\t  <img  src=\"\" alt=\"M\u00e1quina De Vidro Traseiro Direito Kia S...\" title=\"M\u00e1quina De Vidro Traseiro Direito Kia S...\" class=\"img-responsive lazy\" \/>\n                              <\/a>\n\t\t\t\t\t\t\t  <div class=\"actions-link\">\t\t\t\t\t\t\t\t\t\n\t\t\t\t\t\t\t\t\t<a class=\"btn-wishlist\" data-toggle=\"tooltip\" title=\"Lista de desejos\" onclick=\"wishlist.add('13919');\"><i class=\"zmdi zmdi-favorite-outline\"><\/i><\/a>\t\t\t\t\t\t\t\t\t\n\t\t\t\t\t\t\t\t\t<a class=\"btn-compare\" data-toggle=\"tooltip\" title=\"Comparar\" onclick=\"compare.add('13919');\"><i class=\"zmdi zmdi-refresh-alt\"><\/i><\/a>\n\t\t\t\t\t\t\t\t<\/div>\n                            <\/div>\n                            <div class=\"product-inner\">\n                              <div class=\"product-caption\">\n\t\t\t\t\t\t\t                                <h2 class=\"product-name\"><a href=\"https:\/\/www.sulcarautopecas.com.br.186-226-60-153.cpanel.site\/lataria-e-carroceria\/maquina-de-vidro-traseiro-direito-kia-sportage-2010-original-13919\">M\u00e1quina De Vidro Traseiro Direito Kia S...<\/a><\/h2>\n\t\t\t\t\t\t\t                                     <div class=\"ratings\">\n                                      <div class=\"rating-box\">\n                                                                                        <div class=\"rating0\">rating<\/div>                                                                                                                                                                                                                                                                            <\/div>\n                                  <\/div>\n                              \t\t\t\t\t\t\t                                  <p class=\"price\">\n                                                                    R$130,00                                                                                                    <\/p>\n                                \t\t\t\t\t\t\t \n                              \n\t\t\t\t\t\t\t\t<p class=\"product-des\">..<\/p>\n                              <div class=\"product-intro\">\n\t\t\t\t\t\t\t\t<div class=\"actions-link2\">\n\t\t\t\t\t\t\t\t\t<a class=\"btn-cart\" data-toggle=\"tooltip\" title=\"Comprar\" onclick=\"cart.add('13919');\"><span class=\"button\"><i class=\"fa fa-shopping-cart\"><\/i>Comprar<\/span><\/a>\t\t\t\t\t\t\t\t\t\n\t\t\t\t\t\t\t\t\t<a class=\"btn-wishlist\" data-toggle=\"tooltip\" title=\"Lista de desejos\" onclick=\"wishlist.add('13919');\"><i class=\"zmdi zmdi-favorite-outline\"><\/i><\/a>\t\t\t\t\t\t\t\t\t\n\t\t\t\t\t\t\t\t\t<a class=\"btn-compare\" data-toggle=\"tooltip\" title=\"Comparar\" onclick=\"compare.add('13919');\"><i class=\"zmdi zmdi-refresh-alt\"><\/i><\/a>\n\t\t\t\t\t\t\t\t<\/div>\n\t\t\t\t\t\t\t\t<\/div>\n                            <\/div>\n\t\t\t\t\t\t\t<\/div>\n                          <\/div>\n                        <\/div>\n                                            <div class=\"product-layout product-list col-xs-12\">\n                          <div class=\"product-thumb layout1\">\n\t\t\t\t\t\t\t<div class=\"image\">\n                              \t\t\t\t\t\t\t\t                              <a href=\"https:\/\/www.sulcarautopecas.com.br.186-226-60-153.cpanel.site\/lataria-e-carroceria\/moldura-botao-vidro-diant-dir-renault-oroch-2024-32603\">\n                                                              <img  src=\"image\/cache\/no_image-100x100.png\" alt=\"Moldura Bot\u00e3o Vidro Diant Dir Renault O...\" \/>\n                              \t\t\t\t\t\t\t  <img  src=\"\" alt=\"Moldura Bot\u00e3o Vidro Diant Dir Renault O...\" title=\"Moldura Bot\u00e3o Vidro Diant Dir Renault O...\" class=\"img-responsive lazy\" \/>\n                              <\/a>\n\t\t\t\t\t\t\t  <div class=\"actions-link\">\t\t\t\t\t\t\t\t\t\n\t\t\t\t\t\t\t\t\t<a class=\"btn-wishlist\" data-toggle=\"tooltip\" title=\"Lista de desejos\" onclick=\"wishlist.add('32603');\"><i class=\"zmdi zmdi-favorite-outline\"><\/i><\/a>\t\t\t\t\t\t\t\t\t\n\t\t\t\t\t\t\t\t\t<a class=\"btn-compare\" data-toggle=\"tooltip\" title=\"Comparar\" onclick=\"compare.add('32603');\"><i class=\"zmdi zmdi-refresh-alt\"><\/i><\/a>\n\t\t\t\t\t\t\t\t<\/div>\n                            <\/div>\n                            <div class=\"product-inner\">\n                              <div class=\"product-caption\">\n\t\t\t\t\t\t\t                                <h2 class=\"product-name\"><a href=\"https:\/\/www.sulcarautopecas.com.br.186-226-60-153.cpanel.site\/lataria-e-carroceria\/moldura-botao-vidro-diant-dir-renault-oroch-2024-32603\">Moldura Bot\u00e3o Vidro Diant Dir Renault O...<\/a><\/h2>\n\t\t\t\t\t\t\t                                     <div class=\"ratings\">\n                                      <div class=\"rating-box\">\n                                                                                        <div class=\"rating0\">rating<\/div>                                                                                                                                                                                                                                                                            <\/div>\n                                  <\/div>\n                              \t\t\t\t\t\t\t                                  <p class=\"price\">\n                                                                    R$80,00                                                                                                    <\/p>\n                                \t\t\t\t\t\t\t \n                              \n\t\t\t\t\t\t\t\t<p class=\"product-des\">*Sulcar Auto Pe\u00e7as Blumenau.\n*Trabalhamos com produtos originais.\n*Foto reais do produto.\n*Calcular frete em mercado envios,caso tenha nos pergunte.\n*Demais D\u00favidas apenas nos pergunte.\n*Ap\u00f3s confirma\u00e7\u00e3o do pagamento enviamos em at\u00e9 1 dia \u00fatil.\n*Entr..<\/p>\n                              <div class=\"product-intro\">\n\t\t\t\t\t\t\t\t<div class=\"actions-link2\">\n\t\t\t\t\t\t\t\t\t<a class=\"btn-cart\" data-toggle=\"tooltip\" title=\"Comprar\" onclick=\"cart.add('32603');\"><span class=\"button\"><i class=\"fa fa-shopping-cart\"><\/i>Comprar<\/span><\/a>\t\t\t\t\t\t\t\t\t\n\t\t\t\t\t\t\t\t\t<a class=\"btn-wishlist\" data-toggle=\"tooltip\" title=\"Lista de desejos\" onclick=\"wishlist.add('32603');\"><i class=\"zmdi zmdi-favorite-outline\"><\/i><\/a>\t\t\t\t\t\t\t\t\t\n\t\t\t\t\t\t\t\t\t<a class=\"btn-compare\" data-toggle=\"tooltip\" title=\"Comparar\" onclick=\"compare.add('32603');\"><i class=\"zmdi zmdi-refresh-alt\"><\/i><\/a>\n\t\t\t\t\t\t\t\t<\/div>\n\t\t\t\t\t\t\t\t<\/div>\n                            <\/div>\n\t\t\t\t\t\t\t<\/div>\n                          <\/div>\n                        <\/div>\n                                            <div class=\"product-layout product-list col-xs-12\">\n                          <div class=\"product-thumb layout1\">\n\t\t\t\t\t\t\t<div class=\"image\">\n                              \t\t\t\t\t\t\t\t                              <a href=\"https:\/\/www.sulcarautopecas.com.br.186-226-60-153.cpanel.site\/lataria-e-carroceria\/acabamento-externo-porta-tras-esq-renault-oroch-2023-a5257-29555\">\n                                                              <img  src=\"image\/cache\/no_image-100x100.png\" alt=\"Acabamento Externo Porta Tras Esq Renaul...\" \/>\n                              \t\t\t\t\t\t\t  <img  src=\"\" alt=\"Acabamento Externo Porta Tras Esq Renaul...\" title=\"Acabamento Externo Porta Tras Esq Renaul...\" class=\"img-responsive lazy\" \/>\n                              <\/a>\n\t\t\t\t\t\t\t  <div class=\"actions-link\">\t\t\t\t\t\t\t\t\t\n\t\t\t\t\t\t\t\t\t<a class=\"btn-wishlist\" data-toggle=\"tooltip\" title=\"Lista de desejos\" onclick=\"wishlist.add('29555');\"><i class=\"zmdi zmdi-favorite-outline\"><\/i><\/a>\t\t\t\t\t\t\t\t\t\n\t\t\t\t\t\t\t\t\t<a class=\"btn-compare\" data-toggle=\"tooltip\" title=\"Comparar\" onclick=\"compare.add('29555');\"><i class=\"zmdi zmdi-refresh-alt\"><\/i><\/a>\n\t\t\t\t\t\t\t\t<\/div>\n                            <\/div>\n                            <div class=\"product-inner\">\n                              <div class=\"product-caption\">\n\t\t\t\t\t\t\t                                <h2 class=\"product-name\"><a href=\"https:\/\/www.sulcarautopecas.com.br.186-226-60-153.cpanel.site\/lataria-e-carroceria\/acabamento-externo-porta-tras-esq-renault-oroch-2023-a5257-29555\">Acabamento Externo Porta Tras Esq Renaul...<\/a><\/h2>\n\t\t\t\t\t\t\t                                     <div class=\"ratings\">\n                                      <div class=\"rating-box\">\n                                                                                        <div class=\"rating0\">rating<\/div>                                                                                                                                                                                                                                                                            <\/div>\n                                  <\/div>\n                              \t\t\t\t\t\t\t                                  <p class=\"price\">\n                                                                    R$80,00                                                                                                    <\/p>\n                                \t\t\t\t\t\t\t \n                              \n\t\t\t\t\t\t\t\t<p class=\"product-des\">Sulcar Auto Pe\u00e7as Blumenau\nTrabalhamos com produtos originais\nFoto reais do produto\nCalcular frete...no mercado de envios\nDemais d\u00favidas...apenas nos pergunte\nAp\u00f3s confirmar do pagamento enviamos em at\u00e9 1 dia \u00fatil\nEntregamos para todo territ\u00f3rio naci..<\/p>\n                              <div class=\"product-intro\">\n\t\t\t\t\t\t\t\t<div class=\"actions-link2\">\n\t\t\t\t\t\t\t\t\t<a class=\"btn-cart\" data-toggle=\"tooltip\" title=\"Comprar\" onclick=\"cart.add('29555');\"><span class=\"button\"><i class=\"fa fa-shopping-cart\"><\/i>Comprar<\/span><\/a>\t\t\t\t\t\t\t\t\t\n\t\t\t\t\t\t\t\t\t<a class=\"btn-wishlist\" data-toggle=\"tooltip\" title=\"Lista de desejos\" onclick=\"wishlist.add('29555');\"><i class=\"zmdi zmdi-favorite-outline\"><\/i><\/a>\t\t\t\t\t\t\t\t\t\n\t\t\t\t\t\t\t\t\t<a class=\"btn-compare\" data-toggle=\"tooltip\" title=\"Comparar\" onclick=\"compare.add('29555');\"><i class=\"zmdi zmdi-refresh-alt\"><\/i><\/a>\n\t\t\t\t\t\t\t\t<\/div>\n\t\t\t\t\t\t\t\t<\/div>\n                            <\/div>\n\t\t\t\t\t\t\t<\/div>\n                          <\/div>\n                        <\/div>\n                                            <div class=\"product-layout product-list col-xs-12\">\n                          <div class=\"product-thumb layout1\">\n\t\t\t\t\t\t\t<div class=\"image\">\n                              \t\t\t\t\t\t\t\t                              <a href=\"https:\/\/www.sulcarautopecas.com.br.186-226-60-153.cpanel.site\/lataria-e-carroceria\/fechadura-porta-diant-esq-renault-duster-iconic-2023-24346\">\n                                                              <img  src=\"image\/cache\/no_image-100x100.png\" alt=\"Fechadura Porta Diant Esq Renault Duster...\" \/>\n                              \t\t\t\t\t\t\t  <img  src=\"\" alt=\"Fechadura Porta Diant Esq Renault Duster...\" title=\"Fechadura Porta Diant Esq Renault Duster...\" class=\"img-responsive lazy\" \/>\n                              <\/a>\n\t\t\t\t\t\t\t  <div class=\"actions-link\">\t\t\t\t\t\t\t\t\t\n\t\t\t\t\t\t\t\t\t<a class=\"btn-wishlist\" data-toggle=\"tooltip\" title=\"Lista de desejos\" onclick=\"wishlist.add('24346');\"><i class=\"zmdi zmdi-favorite-outline\"><\/i><\/a>\t\t\t\t\t\t\t\t\t\n\t\t\t\t\t\t\t\t\t<a class=\"btn-compare\" data-toggle=\"tooltip\" title=\"Comparar\" onclick=\"compare.add('24346');\"><i class=\"zmdi zmdi-refresh-alt\"><\/i><\/a>\n\t\t\t\t\t\t\t\t<\/div>\n                            <\/div>\n                            <div class=\"product-inner\">\n                              <div class=\"product-caption\">\n\t\t\t\t\t\t\t                                <h2 class=\"product-name\"><a href=\"https:\/\/www.sulcarautopecas.com.br.186-226-60-153.cpanel.site\/lataria-e-carroceria\/fechadura-porta-diant-esq-renault-duster-iconic-2023-24346\">Fechadura Porta Diant Esq Renault Duster...<\/a><\/h2>\n\t\t\t\t\t\t\t                                     <div class=\"ratings\">\n                                      <div class=\"rating-box\">\n                                                                                        <div class=\"rating0\">rating<\/div>                                                                                                                                                                                                                                                                            <\/div>\n                                  <\/div>\n                              \t\t\t\t\t\t\t                                  <p class=\"price\">\n                                                                    R$180,00                                                                                                    <\/p>\n                                \t\t\t\t\t\t\t \n                              \n\t\t\t\t\t\t\t\t<p class=\"product-des\">Trabalhamos com produtos originais, retirados de ve\u00edculos baixados no Detran, com toda a proced\u00eancia e garantia.\nTodas as nossas fotos s\u00e3o reais do produto.\n\nPara calcular o frete basta aproveitar as vantagens do MERCADO ENVIOS.\nCaso o produto n\u00e3o te..<\/p>\n                              <div class=\"product-intro\">\n\t\t\t\t\t\t\t\t<div class=\"actions-link2\">\n\t\t\t\t\t\t\t\t\t<a class=\"btn-cart\" data-toggle=\"tooltip\" title=\"Comprar\" onclick=\"cart.add('24346');\"><span class=\"button\"><i class=\"fa fa-shopping-cart\"><\/i>Comprar<\/span><\/a>\t\t\t\t\t\t\t\t\t\n\t\t\t\t\t\t\t\t\t<a class=\"btn-wishlist\" data-toggle=\"tooltip\" title=\"Lista de desejos\" onclick=\"wishlist.add('24346');\"><i class=\"zmdi zmdi-favorite-outline\"><\/i><\/a>\t\t\t\t\t\t\t\t\t\n\t\t\t\t\t\t\t\t\t<a class=\"btn-compare\" data-toggle=\"tooltip\" title=\"Comparar\" onclick=\"compare.add('24346');\"><i class=\"zmdi zmdi-refresh-alt\"><\/i><\/a>\n\t\t\t\t\t\t\t\t<\/div>\n\t\t\t\t\t\t\t\t<\/div>\n                            <\/div>\n\t\t\t\t\t\t\t<\/div>\n                          <\/div>\n                        <\/div>\n                                            <div class=\"product-layout product-list col-xs-12\">\n                          <div class=\"product-thumb layout1\">\n\t\t\t\t\t\t\t<div class=\"image\">\n                              \t\t\t\t\t\t\t\t                              <a href=\"https:\/\/www.sulcarautopecas.com.br.186-226-60-153.cpanel.site\/lataria-e-carroceria\/moldura-interna-tampa-traseira-jeep-renegade-2016-18698\">\n                                                              <img  src=\"image\/cache\/no_image-100x100.png\" alt=\"Moldura Interna Tampa Traseira Jeep Rene...\" \/>\n                              \t\t\t\t\t\t\t  <img  src=\"\" alt=\"Moldura Interna Tampa Traseira Jeep Rene...\" title=\"Moldura Interna Tampa Traseira Jeep Rene...\" class=\"img-responsive lazy\" \/>\n                              <\/a>\n\t\t\t\t\t\t\t  <div class=\"actions-link\">\t\t\t\t\t\t\t\t\t\n\t\t\t\t\t\t\t\t\t<a class=\"btn-wishlist\" data-toggle=\"tooltip\" title=\"Lista de desejos\" onclick=\"wishlist.add('18698');\"><i class=\"zmdi zmdi-favorite-outline\"><\/i><\/a>\t\t\t\t\t\t\t\t\t\n\t\t\t\t\t\t\t\t\t<a class=\"btn-compare\" data-toggle=\"tooltip\" title=\"Comparar\" onclick=\"compare.add('18698');\"><i class=\"zmdi zmdi-refresh-alt\"><\/i><\/a>\n\t\t\t\t\t\t\t\t<\/div>\n                            <\/div>\n                            <div class=\"product-inner\">\n                              <div class=\"product-caption\">\n\t\t\t\t\t\t\t                                <h2 class=\"product-name\"><a href=\"https:\/\/www.sulcarautopecas.com.br.186-226-60-153.cpanel.site\/lataria-e-carroceria\/moldura-interna-tampa-traseira-jeep-renegade-2016-18698\">Moldura Interna Tampa Traseira Jeep Rene...<\/a><\/h2>\n\t\t\t\t\t\t\t                                     <div class=\"ratings\">\n                                      <div class=\"rating-box\">\n                                                                                        <div class=\"rating0\">rating<\/div>                                                                                                                                                                                                                                                                            <\/div>\n                                  <\/div>\n                              \t\t\t\t\t\t\t                                  <p class=\"price\">\n                                                                    R$150,00                                                                                                    <\/p>\n                                \t\t\t\t\t\t\t \n                              \n\t\t\t\t\t\t\t\t<p class=\"product-des\">Sulcar Auto Pe\u00e7as Blumenau\nTrabalhamos com produtos originais \nFoto reais do produto \nCalcular frete...no mercado de envios \nDemais d\u00favidas...apenas nos pergunte \nAp\u00f3s confirmar do pagamento enviamos em at\u00e9 1 dia \u00fatil \nEntregamos para todo territ\u00f3rio..<\/p>\n                              <div class=\"product-intro\">\n\t\t\t\t\t\t\t\t<div class=\"actions-link2\">\n\t\t\t\t\t\t\t\t\t<a class=\"btn-cart\" data-toggle=\"tooltip\" title=\"Comprar\" onclick=\"cart.add('18698');\"><span class=\"button\"><i class=\"fa fa-shopping-cart\"><\/i>Comprar<\/span><\/a>\t\t\t\t\t\t\t\t\t\n\t\t\t\t\t\t\t\t\t<a class=\"btn-wishlist\" data-toggle=\"tooltip\" title=\"Lista de desejos\" onclick=\"wishlist.add('18698');\"><i class=\"zmdi zmdi-favorite-outline\"><\/i><\/a>\t\t\t\t\t\t\t\t\t\n\t\t\t\t\t\t\t\t\t<a class=\"btn-compare\" data-toggle=\"tooltip\" title=\"Comparar\" onclick=\"compare.add('18698');\"><i class=\"zmdi zmdi-refresh-alt\"><\/i><\/a>\n\t\t\t\t\t\t\t\t<\/div>\n\t\t\t\t\t\t\t\t<\/div>\n                            <\/div>\n\t\t\t\t\t\t\t<\/div>\n                          <\/div>\n                        <\/div>\n                                            <div class=\"product-layout product-list col-xs-12\">\n                          <div class=\"product-thumb layout1\">\n\t\t\t\t\t\t\t<div class=\"image\">\n                              \t\t\t\t\t\t\t\t                              <a href=\"https:\/\/www.sulcarautopecas.com.br.186-226-60-153.cpanel.site\/lataria-e-carroceria\/maquina-vidro-porta-tras-dir-vw-nivus-2023-34028\">\n                                                              <img  src=\"image\/cache\/no_image-100x100.png\" alt=\"Maquina Vidro Porta Tras Dir Vw Nivus 20...\" \/>\n                              \t\t\t\t\t\t\t  <img  src=\"\" alt=\"Maquina Vidro Porta Tras Dir Vw Nivus 20...\" title=\"Maquina Vidro Porta Tras Dir Vw Nivus 20...\" class=\"img-responsive lazy\" \/>\n                              <\/a>\n\t\t\t\t\t\t\t  <div class=\"actions-link\">\t\t\t\t\t\t\t\t\t\n\t\t\t\t\t\t\t\t\t<a class=\"btn-wishlist\" data-toggle=\"tooltip\" title=\"Lista de desejos\" onclick=\"wishlist.add('34028');\"><i class=\"zmdi zmdi-favorite-outline\"><\/i><\/a>\t\t\t\t\t\t\t\t\t\n\t\t\t\t\t\t\t\t\t<a class=\"btn-compare\" data-toggle=\"tooltip\" title=\"Comparar\" onclick=\"compare.add('34028');\"><i class=\"zmdi zmdi-refresh-alt\"><\/i><\/a>\n\t\t\t\t\t\t\t\t<\/div>\n                            <\/div>\n                            <div class=\"product-inner\">\n                              <div class=\"product-caption\">\n\t\t\t\t\t\t\t                                <h2 class=\"product-name\"><a href=\"https:\/\/www.sulcarautopecas.com.br.186-226-60-153.cpanel.site\/lataria-e-carroceria\/maquina-vidro-porta-tras-dir-vw-nivus-2023-34028\">Maquina Vidro Porta Tras Dir Vw Nivus 20...<\/a><\/h2>\n\t\t\t\t\t\t\t                                     <div class=\"ratings\">\n                                      <div class=\"rating-box\">\n                                                                                        <div class=\"rating0\">rating<\/div>                                                                                                                                                                                                                                                                            <\/div>\n                                  <\/div>\n                              \t\t\t\t\t\t\t                                  <p class=\"price\">\n                                                                    R$150,00                                                                                                    <\/p>\n                                \t\t\t\t\t\t\t \n                              \n\t\t\t\t\t\t\t\t<p class=\"product-des\">*Sulcar Auto Pe\u00e7as Blumenau.\n*Trabalhamos com produtos originais.\n*Foto reais do produto.\n*Calcular frete em mercado envios,caso tenha nos pergunte.\n*Demais D\u00favidas apenas nos pergunte.\n*Ap\u00f3s confirma\u00e7\u00e3o do pagamento enviamos em at\u00e9 1 dia \u00fatil.\n*Entr..<\/p>\n                              <div class=\"product-intro\">\n\t\t\t\t\t\t\t\t<div class=\"actions-link2\">\n\t\t\t\t\t\t\t\t\t<a class=\"btn-cart\" data-toggle=\"tooltip\" title=\"Comprar\" onclick=\"cart.add('34028');\"><span class=\"button\"><i class=\"fa fa-shopping-cart\"><\/i>Comprar<\/span><\/a>\t\t\t\t\t\t\t\t\t\n\t\t\t\t\t\t\t\t\t<a class=\"btn-wishlist\" data-toggle=\"tooltip\" title=\"Lista de desejos\" onclick=\"wishlist.add('34028');\"><i class=\"zmdi zmdi-favorite-outline\"><\/i><\/a>\t\t\t\t\t\t\t\t\t\n\t\t\t\t\t\t\t\t\t<a class=\"btn-compare\" data-toggle=\"tooltip\" title=\"Comparar\" onclick=\"compare.add('34028');\"><i class=\"zmdi zmdi-refresh-alt\"><\/i><\/a>\n\t\t\t\t\t\t\t\t<\/div>\n\t\t\t\t\t\t\t\t<\/div>\n                            <\/div>\n\t\t\t\t\t\t\t<\/div>\n                          <\/div>\n                        <\/div>\n                                            <div class=\"product-layout product-list col-xs-12\">\n                          <div class=\"product-thumb layout1\">\n\t\t\t\t\t\t\t<div class=\"image\">\n                              \t\t\t\t\t\t\t\t                              <a href=\"https:\/\/www.sulcarautopecas.com.br.186-226-60-153.cpanel.site\/lataria-e-carroceria\/vidro-porta-dianteiro-direito-captur-1-3-turbo-2022-a6342-30869\">\n                                                              <img  src=\"image\/cache\/no_image-100x100.png\" alt=\"Vidro Porta Dianteiro Direito Captur 1.3...\" \/>\n                              \t\t\t\t\t\t\t  <img  src=\"\" alt=\"Vidro Porta Dianteiro Direito Captur 1.3...\" title=\"Vidro Porta Dianteiro Direito Captur 1.3...\" class=\"img-responsive lazy\" \/>\n                              <\/a>\n\t\t\t\t\t\t\t  <div class=\"actions-link\">\t\t\t\t\t\t\t\t\t\n\t\t\t\t\t\t\t\t\t<a class=\"btn-wishlist\" data-toggle=\"tooltip\" title=\"Lista de desejos\" onclick=\"wishlist.add('30869');\"><i class=\"zmdi zmdi-favorite-outline\"><\/i><\/a>\t\t\t\t\t\t\t\t\t\n\t\t\t\t\t\t\t\t\t<a class=\"btn-compare\" data-toggle=\"tooltip\" title=\"Comparar\" onclick=\"compare.add('30869');\"><i class=\"zmdi zmdi-refresh-alt\"><\/i><\/a>\n\t\t\t\t\t\t\t\t<\/div>\n                            <\/div>\n                            <div class=\"product-inner\">\n                              <div class=\"product-caption\">\n\t\t\t\t\t\t\t                                <h2 class=\"product-name\"><a href=\"https:\/\/www.sulcarautopecas.com.br.186-226-60-153.cpanel.site\/lataria-e-carroceria\/vidro-porta-dianteiro-direito-captur-1-3-turbo-2022-a6342-30869\">Vidro Porta Dianteiro Direito Captur 1.3...<\/a><\/h2>\n\t\t\t\t\t\t\t                                     <div class=\"ratings\">\n                                      <div class=\"rating-box\">\n                                                                                        <div class=\"rating0\">rating<\/div>                                                                                                                                                                                                                                                                            <\/div>\n                                  <\/div>\n                              \t\t\t\t\t\t\t                                  <p class=\"price\">\n                                                                    R$120,00                                                                                                    <\/p>\n                                \t\t\t\t\t\t\t \n                              \n\t\t\t\t\t\t\t\t<p class=\"product-des\">Sulcar Auto Pe\u00e7as Blumenau\nTrabalhamos com produtos originais\nFoto reais do produto\nCalcular frete...no mercado de envios\nDemais d\u00favidas...apenas nos pergunte\nAp\u00f3s confirmar do pagamento enviamos em at\u00e9 1 dia \u00fatil\nEntregamos para todo territ\u00f3rio naci..<\/p>\n                              <div class=\"product-intro\">\n\t\t\t\t\t\t\t\t<div class=\"actions-link2\">\n\t\t\t\t\t\t\t\t\t<a class=\"btn-cart\" data-toggle=\"tooltip\" title=\"Comprar\" onclick=\"cart.add('30869');\"><span class=\"button\"><i class=\"fa fa-shopping-cart\"><\/i>Comprar<\/span><\/a>\t\t\t\t\t\t\t\t\t\n\t\t\t\t\t\t\t\t\t<a class=\"btn-wishlist\" data-toggle=\"tooltip\" title=\"Lista de desejos\" onclick=\"wishlist.add('30869');\"><i class=\"zmdi zmdi-favorite-outline\"><\/i><\/a>\t\t\t\t\t\t\t\t\t\n\t\t\t\t\t\t\t\t\t<a class=\"btn-compare\" data-toggle=\"tooltip\" title=\"Comparar\" onclick=\"compare.add('30869');\"><i class=\"zmdi zmdi-refresh-alt\"><\/i><\/a>\n\t\t\t\t\t\t\t\t<\/div>\n\t\t\t\t\t\t\t\t<\/div>\n                            <\/div>\n\t\t\t\t\t\t\t<\/div>\n                          <\/div>\n                        <\/div>\n                                            <div class=\"product-layout product-list col-xs-12\">\n                          <div class=\"product-thumb layout1\">\n\t\t\t\t\t\t\t<div class=\"image\">\n                              \t\t\t\t\t\t\t\t                              <a href=\"https:\/\/www.sulcarautopecas.com.br.186-226-60-153.cpanel.site\/lataria-e-carroceria\/pestana-interna-porta-diant-esq-honda-hr-v-2018-a2653-27052\">\n                                                              <img  src=\"image\/cache\/no_image-100x100.png\" alt=\"Pestana Interna Porta Diant Esq Honda Hr...\" \/>\n                              \t\t\t\t\t\t\t  <img  src=\"\" alt=\"Pestana Interna Porta Diant Esq Honda Hr...\" title=\"Pestana Interna Porta Diant Esq Honda Hr...\" class=\"img-responsive lazy\" \/>\n                              <\/a>\n\t\t\t\t\t\t\t  <div class=\"actions-link\">\t\t\t\t\t\t\t\t\t\n\t\t\t\t\t\t\t\t\t<a class=\"btn-wishlist\" data-toggle=\"tooltip\" title=\"Lista de desejos\" onclick=\"wishlist.add('27052');\"><i class=\"zmdi zmdi-favorite-outline\"><\/i><\/a>\t\t\t\t\t\t\t\t\t\n\t\t\t\t\t\t\t\t\t<a class=\"btn-compare\" data-toggle=\"tooltip\" title=\"Comparar\" onclick=\"compare.add('27052');\"><i class=\"zmdi zmdi-refresh-alt\"><\/i><\/a>\n\t\t\t\t\t\t\t\t<\/div>\n                            <\/div>\n                            <div class=\"product-inner\">\n                              <div class=\"product-caption\">\n\t\t\t\t\t\t\t                                <h2 class=\"product-name\"><a href=\"https:\/\/www.sulcarautopecas.com.br.186-226-60-153.cpanel.site\/lataria-e-carroceria\/pestana-interna-porta-diant-esq-honda-hr-v-2018-a2653-27052\">Pestana Interna Porta Diant Esq Honda Hr...<\/a><\/h2>\n\t\t\t\t\t\t\t                                     <div class=\"ratings\">\n                                      <div class=\"rating-box\">\n                                                                                        <div class=\"rating0\">rating<\/div>                                                                                                                                                                                                                                                                            <\/div>\n                                  <\/div>\n                              \t\t\t\t\t\t\t                                  <p class=\"price\">\n                                                                    R$80,00                                                                                                    <\/p>\n                                \t\t\t\t\t\t\t \n                              \n\t\t\t\t\t\t\t\t<p class=\"product-des\">Sulcar Auto Pe\u00e7as Blumenau\nTrabalhamos com produtos originais\nFoto reais do produto\nCalcular frete...no mercado de envios\nDemais d\u00favidas...apenas nos pergunte\nAp\u00f3s confirmar do pagamento enviamos em at\u00e9 1 dia \u00fatil\nEntregamos para todo territ\u00f3rio naci..<\/p>\n                              <div class=\"product-intro\">\n\t\t\t\t\t\t\t\t<div class=\"actions-link2\">\n\t\t\t\t\t\t\t\t\t<a class=\"btn-cart\" data-toggle=\"tooltip\" title=\"Comprar\" onclick=\"cart.add('27052');\"><span class=\"button\"><i class=\"fa fa-shopping-cart\"><\/i>Comprar<\/span><\/a>\t\t\t\t\t\t\t\t\t\n\t\t\t\t\t\t\t\t\t<a class=\"btn-wishlist\" data-toggle=\"tooltip\" title=\"Lista de desejos\" onclick=\"wishlist.add('27052');\"><i class=\"zmdi zmdi-favorite-outline\"><\/i><\/a>\t\t\t\t\t\t\t\t\t\n\t\t\t\t\t\t\t\t\t<a class=\"btn-compare\" data-toggle=\"tooltip\" title=\"Comparar\" onclick=\"compare.add('27052');\"><i class=\"zmdi zmdi-refresh-alt\"><\/i><\/a>\n\t\t\t\t\t\t\t\t<\/div>\n\t\t\t\t\t\t\t\t<\/div>\n                            <\/div>\n\t\t\t\t\t\t\t<\/div>\n                          <\/div>\n                        <\/div>\n                                            <div class=\"product-layout product-list col-xs-12\">\n                          <div class=\"product-thumb layout1\">\n\t\t\t\t\t\t\t<div class=\"image\">\n                              \t\t\t\t\t\t\t\t                              <a href=\"https:\/\/www.sulcarautopecas.com.br.186-226-60-153.cpanel.site\/lataria-e-carroceria\/canaleta-vidro-porta-dia-dir-mitsubishi-pajero-sport-2008-20987\">\n                                                              <img  src=\"image\/cache\/no_image-100x100.png\" alt=\"Canaleta Vidro Porta Dia.dir. Mitsubishi...\" \/>\n                              \t\t\t\t\t\t\t  <img  src=\"\" alt=\"Canaleta Vidro Porta Dia.dir. Mitsubishi...\" title=\"Canaleta Vidro Porta Dia.dir. Mitsubishi...\" class=\"img-responsive lazy\" \/>\n                              <\/a>\n\t\t\t\t\t\t\t  <div class=\"actions-link\">\t\t\t\t\t\t\t\t\t\n\t\t\t\t\t\t\t\t\t<a class=\"btn-wishlist\" data-toggle=\"tooltip\" title=\"Lista de desejos\" onclick=\"wishlist.add('20987');\"><i class=\"zmdi zmdi-favorite-outline\"><\/i><\/a>\t\t\t\t\t\t\t\t\t\n\t\t\t\t\t\t\t\t\t<a class=\"btn-compare\" data-toggle=\"tooltip\" title=\"Comparar\" onclick=\"compare.add('20987');\"><i class=\"zmdi zmdi-refresh-alt\"><\/i><\/a>\n\t\t\t\t\t\t\t\t<\/div>\n                            <\/div>\n                            <div class=\"product-inner\">\n                              <div class=\"product-caption\">\n\t\t\t\t\t\t\t                                <h2 class=\"product-name\"><a href=\"https:\/\/www.sulcarautopecas.com.br.186-226-60-153.cpanel.site\/lataria-e-carroceria\/canaleta-vidro-porta-dia-dir-mitsubishi-pajero-sport-2008-20987\">Canaleta Vidro Porta Dia.dir. Mitsubishi...<\/a><\/h2>\n\t\t\t\t\t\t\t                                     <div class=\"ratings\">\n                                      <div class=\"rating-box\">\n                                                                                        <div class=\"rating0\">rating<\/div>                                                                                                                                                                                                                                                                            <\/div>\n                                  <\/div>\n                              \t\t\t\t\t\t\t                                  <p class=\"price\">\n                                                                    R$80,00                                                                                                    <\/p>\n                                \t\t\t\t\t\t\t \n                              \n\t\t\t\t\t\t\t\t<p class=\"product-des\">Trabalhamos com produtos originais, retirados de ve\u00edculos baixados no Detran, com total proced\u00eancia e garantia.\nTodas as nossas fotos s\u00e3o reais do produto.\n\nPara calcular o frente basta aproveitar as vantagens do MERCADO ENVIOS.\nCaso o produto n\u00e3o te..<\/p>\n                              <div class=\"product-intro\">\n\t\t\t\t\t\t\t\t<div class=\"actions-link2\">\n\t\t\t\t\t\t\t\t\t<a class=\"btn-cart\" data-toggle=\"tooltip\" title=\"Comprar\" onclick=\"cart.add('20987');\"><span class=\"button\"><i class=\"fa fa-shopping-cart\"><\/i>Comprar<\/span><\/a>\t\t\t\t\t\t\t\t\t\n\t\t\t\t\t\t\t\t\t<a class=\"btn-wishlist\" data-toggle=\"tooltip\" title=\"Lista de desejos\" onclick=\"wishlist.add('20987');\"><i class=\"zmdi zmdi-favorite-outline\"><\/i><\/a>\t\t\t\t\t\t\t\t\t\n\t\t\t\t\t\t\t\t\t<a class=\"btn-compare\" data-toggle=\"tooltip\" title=\"Comparar\" onclick=\"compare.add('20987');\"><i class=\"zmdi zmdi-refresh-alt\"><\/i><\/a>\n\t\t\t\t\t\t\t\t<\/div>\n\t\t\t\t\t\t\t\t<\/div>\n                            <\/div>\n\t\t\t\t\t\t\t<\/div>\n                          <\/div>\n                        <\/div>\n                                            <div class=\"product-layout product-list col-xs-12\">\n                          <div class=\"product-thumb layout1\">\n\t\t\t\t\t\t\t<div class=\"image\">\n                              \t\t\t\t\t\t\t\t                              <a href=\"https:\/\/www.sulcarautopecas.com.br.186-226-60-153.cpanel.site\/lataria-e-carroceria\/botao-do-vidro-eletrico-traseiro-esquerdo-nissan-tiida-2011-11697\">\n                                                              <img  src=\"image\/cache\/no_image-100x100.png\" alt=\"Bot\u00e3o Do Vidro El\u00e9trico Traseiro Esque...\" \/>\n                              \t\t\t\t\t\t\t  <img  src=\"\" alt=\"Bot\u00e3o Do Vidro El\u00e9trico Traseiro Esque...\" title=\"Bot\u00e3o Do Vidro El\u00e9trico Traseiro Esque...\" class=\"img-responsive lazy\" \/>\n                              <\/a>\n\t\t\t\t\t\t\t  <div class=\"actions-link\">\t\t\t\t\t\t\t\t\t\n\t\t\t\t\t\t\t\t\t<a class=\"btn-wishlist\" data-toggle=\"tooltip\" title=\"Lista de desejos\" onclick=\"wishlist.add('11697');\"><i class=\"zmdi zmdi-favorite-outline\"><\/i><\/a>\t\t\t\t\t\t\t\t\t\n\t\t\t\t\t\t\t\t\t<a class=\"btn-compare\" data-toggle=\"tooltip\" title=\"Comparar\" onclick=\"compare.add('11697');\"><i class=\"zmdi zmdi-refresh-alt\"><\/i><\/a>\n\t\t\t\t\t\t\t\t<\/div>\n                            <\/div>\n                            <div class=\"product-inner\">\n                              <div class=\"product-caption\">\n\t\t\t\t\t\t\t                                <h2 class=\"product-name\"><a href=\"https:\/\/www.sulcarautopecas.com.br.186-226-60-153.cpanel.site\/lataria-e-carroceria\/botao-do-vidro-eletrico-traseiro-esquerdo-nissan-tiida-2011-11697\">Bot\u00e3o Do Vidro El\u00e9trico Traseiro Esque...<\/a><\/h2>\n\t\t\t\t\t\t\t                                     <div class=\"ratings\">\n                                      <div class=\"rating-box\">\n                                                                                        <div class=\"rating0\">rating<\/div>                                                                                                                                                                                                                                                                            <\/div>\n                                  <\/div>\n                              \t\t\t\t\t\t\t                                  <p class=\"price\">\n                                                                    R$100,00                                                                                                    <\/p>\n                                \t\t\t\t\t\t\t \n                              \n\t\t\t\t\t\t\t\t<p class=\"product-des\">..<\/p>\n                              <div class=\"product-intro\">\n\t\t\t\t\t\t\t\t<div class=\"actions-link2\">\n\t\t\t\t\t\t\t\t\t<a class=\"btn-cart\" data-toggle=\"tooltip\" title=\"Comprar\" onclick=\"cart.add('11697');\"><span class=\"button\"><i class=\"fa fa-shopping-cart\"><\/i>Comprar<\/span><\/a>\t\t\t\t\t\t\t\t\t\n\t\t\t\t\t\t\t\t\t<a class=\"btn-wishlist\" data-toggle=\"tooltip\" title=\"Lista de desejos\" onclick=\"wishlist.add('11697');\"><i class=\"zmdi zmdi-favorite-outline\"><\/i><\/a>\t\t\t\t\t\t\t\t\t\n\t\t\t\t\t\t\t\t\t<a class=\"btn-compare\" data-toggle=\"tooltip\" title=\"Comparar\" onclick=\"compare.add('11697');\"><i class=\"zmdi zmdi-refresh-alt\"><\/i><\/a>\n\t\t\t\t\t\t\t\t<\/div>\n\t\t\t\t\t\t\t\t<\/div>\n                            <\/div>\n\t\t\t\t\t\t\t<\/div>\n                          <\/div>\n                        <\/div>\n                                            <div class=\"product-layout product-list col-xs-12\">\n                          <div class=\"product-thumb layout1\">\n\t\t\t\t\t\t\t<div class=\"image\">\n                              \t\t\t\t\t\t\t\t                              <a href=\"https:\/\/www.sulcarautopecas.com.br.186-226-60-153.cpanel.site\/lataria-e-carroceria\/guia-vidro-porta-diant-esq-honda-hr-v-2018-32213\">\n                                                              <img  src=\"image\/cache\/no_image-100x100.png\" alt=\"Guia Vidro Porta Diant Esq Honda Hr-v 20...\" \/>\n                              \t\t\t\t\t\t\t  <img  src=\"\" alt=\"Guia Vidro Porta Diant Esq Honda Hr-v 20...\" title=\"Guia Vidro Porta Diant Esq Honda Hr-v 20...\" class=\"img-responsive lazy\" \/>\n                              <\/a>\n\t\t\t\t\t\t\t  <div class=\"actions-link\">\t\t\t\t\t\t\t\t\t\n\t\t\t\t\t\t\t\t\t<a class=\"btn-wishlist\" data-toggle=\"tooltip\" title=\"Lista de desejos\" onclick=\"wishlist.add('32213');\"><i class=\"zmdi zmdi-favorite-outline\"><\/i><\/a>\t\t\t\t\t\t\t\t\t\n\t\t\t\t\t\t\t\t\t<a class=\"btn-compare\" data-toggle=\"tooltip\" title=\"Comparar\" onclick=\"compare.add('32213');\"><i class=\"zmdi zmdi-refresh-alt\"><\/i><\/a>\n\t\t\t\t\t\t\t\t<\/div>\n                            <\/div>\n                            <div class=\"product-inner\">\n                              <div class=\"product-caption\">\n\t\t\t\t\t\t\t                                <h2 class=\"product-name\"><a href=\"https:\/\/www.sulcarautopecas.com.br.186-226-60-153.cpanel.site\/lataria-e-carroceria\/guia-vidro-porta-diant-esq-honda-hr-v-2018-32213\">Guia Vidro Porta Diant Esq Honda Hr-v 20...<\/a><\/h2>\n\t\t\t\t\t\t\t                                     <div class=\"ratings\">\n                                      <div class=\"rating-box\">\n                                                                                        <div class=\"rating0\">rating<\/div>                                                                                                                                                                                                                                                                            <\/div>\n                                  <\/div>\n                              \t\t\t\t\t\t\t                                  <p class=\"price\">\n                                                                    R$50,00                                                                                                    <\/p>\n                                \t\t\t\t\t\t\t \n                              \n\t\t\t\t\t\t\t\t<p class=\"product-des\">*Sulcar Auto Pe\u00e7as Blumenau.\n*Trabalhamos com produtos originais.\n*Foto reais do produto.\n*Calcular frete em mercado envios,caso tenha nos pergunte.\n*Demais D\u00favidas apenas nos pergunte.\n*Ap\u00f3s confirma\u00e7\u00e3o do pagamento enviamos em at\u00e9 1 dia \u00fatil.\n*Entr..<\/p>\n                              <div class=\"product-intro\">\n\t\t\t\t\t\t\t\t<div class=\"actions-link2\">\n\t\t\t\t\t\t\t\t\t<a class=\"btn-cart\" data-toggle=\"tooltip\" title=\"Comprar\" onclick=\"cart.add('32213');\"><span class=\"button\"><i class=\"fa fa-shopping-cart\"><\/i>Comprar<\/span><\/a>\t\t\t\t\t\t\t\t\t\n\t\t\t\t\t\t\t\t\t<a class=\"btn-wishlist\" data-toggle=\"tooltip\" title=\"Lista de desejos\" onclick=\"wishlist.add('32213');\"><i class=\"zmdi zmdi-favorite-outline\"><\/i><\/a>\t\t\t\t\t\t\t\t\t\n\t\t\t\t\t\t\t\t\t<a class=\"btn-compare\" data-toggle=\"tooltip\" title=\"Comparar\" onclick=\"compare.add('32213');\"><i class=\"zmdi zmdi-refresh-alt\"><\/i><\/a>\n\t\t\t\t\t\t\t\t<\/div>\n\t\t\t\t\t\t\t\t<\/div>\n                            <\/div>\n\t\t\t\t\t\t\t<\/div>\n                          <\/div>\n                        <\/div>\n                                            <div class=\"product-layout product-list col-xs-12\">\n                          <div class=\"product-thumb layout1\">\n\t\t\t\t\t\t\t<div class=\"image\">\n                              \t\t\t\t\t\t\t\t                              <a href=\"https:\/\/www.sulcarautopecas.com.br.186-226-60-153.cpanel.site\/lataria-e-carroceria\/batente-tampa-traseira-esq-renault-oroch-2023-a5583-29840\">\n                                                              <img  src=\"image\/cache\/no_image-100x100.png\" alt=\"Batente Tampa Traseira Esq Renault Oroch...\" \/>\n                              \t\t\t\t\t\t\t  <img  src=\"\" alt=\"Batente Tampa Traseira Esq Renault Oroch...\" title=\"Batente Tampa Traseira Esq Renault Oroch...\" class=\"img-responsive lazy\" \/>\n                              <\/a>\n\t\t\t\t\t\t\t  <div class=\"actions-link\">\t\t\t\t\t\t\t\t\t\n\t\t\t\t\t\t\t\t\t<a class=\"btn-wishlist\" data-toggle=\"tooltip\" title=\"Lista de desejos\" onclick=\"wishlist.add('29840');\"><i class=\"zmdi zmdi-favorite-outline\"><\/i><\/a>\t\t\t\t\t\t\t\t\t\n\t\t\t\t\t\t\t\t\t<a class=\"btn-compare\" data-toggle=\"tooltip\" title=\"Comparar\" onclick=\"compare.add('29840');\"><i class=\"zmdi zmdi-refresh-alt\"><\/i><\/a>\n\t\t\t\t\t\t\t\t<\/div>\n                            <\/div>\n                            <div class=\"product-inner\">\n                              <div class=\"product-caption\">\n\t\t\t\t\t\t\t                                <h2 class=\"product-name\"><a href=\"https:\/\/www.sulcarautopecas.com.br.186-226-60-153.cpanel.site\/lataria-e-carroceria\/batente-tampa-traseira-esq-renault-oroch-2023-a5583-29840\">Batente Tampa Traseira Esq Renault Oroch...<\/a><\/h2>\n\t\t\t\t\t\t\t                                     <div class=\"ratings\">\n                                      <div class=\"rating-box\">\n                                                                                        <div class=\"rating0\">rating<\/div>                                                                                                                                                                                                                                                                            <\/div>\n                                  <\/div>\n                              \t\t\t\t\t\t\t                                  <p class=\"price\">\n                                                                    R$100,00                                                                                                    <\/p>\n                                \t\t\t\t\t\t\t \n                              \n\t\t\t\t\t\t\t\t<p class=\"product-des\">Sulcar Auto Pe\u00e7as Blumenau\nTrabalhamos com produtos originais\nFoto reais do produto\nCalcular frete...no mercado de envios\nDemais d\u00favidas...apenas nos pergunte\nAp\u00f3s confirmar do pagamento enviamos em at\u00e9 1 dia \u00fatil\nEntregamos para todo territ\u00f3rio naci..<\/p>\n                              <div class=\"product-intro\">\n\t\t\t\t\t\t\t\t<div class=\"actions-link2\">\n\t\t\t\t\t\t\t\t\t<a class=\"btn-cart\" data-toggle=\"tooltip\" title=\"Comprar\" onclick=\"cart.add('29840');\"><span class=\"button\"><i class=\"fa fa-shopping-cart\"><\/i>Comprar<\/span><\/a>\t\t\t\t\t\t\t\t\t\n\t\t\t\t\t\t\t\t\t<a class=\"btn-wishlist\" data-toggle=\"tooltip\" title=\"Lista de desejos\" onclick=\"wishlist.add('29840');\"><i class=\"zmdi zmdi-favorite-outline\"><\/i><\/a>\t\t\t\t\t\t\t\t\t\n\t\t\t\t\t\t\t\t\t<a class=\"btn-compare\" data-toggle=\"tooltip\" title=\"Comparar\" onclick=\"compare.add('29840');\"><i class=\"zmdi zmdi-refresh-alt\"><\/i><\/a>\n\t\t\t\t\t\t\t\t<\/div>\n\t\t\t\t\t\t\t\t<\/div>\n                            <\/div>\n\t\t\t\t\t\t\t<\/div>\n                          <\/div>\n                        <\/div>\n                                            <div class=\"product-layout product-list col-xs-12\">\n                          <div class=\"product-thumb layout1\">\n\t\t\t\t\t\t\t<div class=\"image\">\n                              \t\t\t\t\t\t\t\t                              <a href=\"https:\/\/www.sulcarautopecas.com.br.186-226-60-153.cpanel.site\/lataria-e-carroceria\/pestana-interna-porta-traseira-esquerda-kia-soul-2013-23718\">\n                                                              <img  src=\"image\/cache\/no_image-100x100.png\" alt=\"Pestana Interna Porta Traseira Esquerda ...\" \/>\n                              \t\t\t\t\t\t\t  <img  src=\"\" alt=\"Pestana Interna Porta Traseira Esquerda ...\" title=\"Pestana Interna Porta Traseira Esquerda ...\" class=\"img-responsive lazy\" \/>\n                              <\/a>\n\t\t\t\t\t\t\t  <div class=\"actions-link\">\t\t\t\t\t\t\t\t\t\n\t\t\t\t\t\t\t\t\t<a class=\"btn-wishlist\" data-toggle=\"tooltip\" title=\"Lista de desejos\" onclick=\"wishlist.add('23718');\"><i class=\"zmdi zmdi-favorite-outline\"><\/i><\/a>\t\t\t\t\t\t\t\t\t\n\t\t\t\t\t\t\t\t\t<a class=\"btn-compare\" data-toggle=\"tooltip\" title=\"Comparar\" onclick=\"compare.add('23718');\"><i class=\"zmdi zmdi-refresh-alt\"><\/i><\/a>\n\t\t\t\t\t\t\t\t<\/div>\n                            <\/div>\n                            <div class=\"product-inner\">\n                              <div class=\"product-caption\">\n\t\t\t\t\t\t\t                                <h2 class=\"product-name\"><a href=\"https:\/\/www.sulcarautopecas.com.br.186-226-60-153.cpanel.site\/lataria-e-carroceria\/pestana-interna-porta-traseira-esquerda-kia-soul-2013-23718\">Pestana Interna Porta Traseira Esquerda ...<\/a><\/h2>\n\t\t\t\t\t\t\t                                     <div class=\"ratings\">\n                                      <div class=\"rating-box\">\n                                                                                        <div class=\"rating0\">rating<\/div>                                                                                                                                                                                                                                                                            <\/div>\n                                  <\/div>\n                              \t\t\t\t\t\t\t                                  <p class=\"price\">\n                                                                    R$60,00                                                                                                    <\/p>\n                                \t\t\t\t\t\t\t \n                              \n\t\t\t\t\t\t\t\t<p class=\"product-des\">Trabalhamos com produtos originais, retirados de ve\u00edculos baixados no Detran, com toda a proced\u00eancia e garantia.\nTodas as nossas fotos s\u00e3o reais do produto.\n\nPara calcular o frete basta aproveitar as vantagens do MERCADO ENVIOS.\nCaso o produto n\u00e3o te..<\/p>\n                              <div class=\"product-intro\">\n\t\t\t\t\t\t\t\t<div class=\"actions-link2\">\n\t\t\t\t\t\t\t\t\t<a class=\"btn-cart\" data-toggle=\"tooltip\" title=\"Comprar\" onclick=\"cart.add('23718');\"><span class=\"button\"><i class=\"fa fa-shopping-cart\"><\/i>Comprar<\/span><\/a>\t\t\t\t\t\t\t\t\t\n\t\t\t\t\t\t\t\t\t<a class=\"btn-wishlist\" data-toggle=\"tooltip\" title=\"Lista de desejos\" onclick=\"wishlist.add('23718');\"><i class=\"zmdi zmdi-favorite-outline\"><\/i><\/a>\t\t\t\t\t\t\t\t\t\n\t\t\t\t\t\t\t\t\t<a class=\"btn-compare\" data-toggle=\"tooltip\" title=\"Comparar\" onclick=\"compare.add('23718');\"><i class=\"zmdi zmdi-refresh-alt\"><\/i><\/a>\n\t\t\t\t\t\t\t\t<\/div>\n\t\t\t\t\t\t\t\t<\/div>\n                            <\/div>\n\t\t\t\t\t\t\t<\/div>\n                          <\/div>\n                        <\/div>\n                                            <div class=\"product-layout product-list col-xs-12\">\n                          <div class=\"product-thumb layout1\">\n\t\t\t\t\t\t\t<div class=\"image\">\n                              \t\t\t\t\t\t\t\t                              <a href=\"https:\/\/www.sulcarautopecas.com.br.186-226-60-153.cpanel.site\/lataria-e-carroceria\/motor-vidro-eletrico-dianteiro-direito-hyundai-tucson-2015-17837\">\n                                                              <img  src=\"image\/cache\/no_image-100x100.png\" alt=\"Motor Vidro El\u00e9trico Dianteiro Direito ...\" \/>\n                              \t\t\t\t\t\t\t  <img  src=\"\" alt=\"Motor Vidro El\u00e9trico Dianteiro Direito ...\" title=\"Motor Vidro El\u00e9trico Dianteiro Direito ...\" class=\"img-responsive lazy\" \/>\n                              <\/a>\n\t\t\t\t\t\t\t  <div class=\"actions-link\">\t\t\t\t\t\t\t\t\t\n\t\t\t\t\t\t\t\t\t<a class=\"btn-wishlist\" data-toggle=\"tooltip\" title=\"Lista de desejos\" onclick=\"wishlist.add('17837');\"><i class=\"zmdi zmdi-favorite-outline\"><\/i><\/a>\t\t\t\t\t\t\t\t\t\n\t\t\t\t\t\t\t\t\t<a class=\"btn-compare\" data-toggle=\"tooltip\" title=\"Comparar\" onclick=\"compare.add('17837');\"><i class=\"zmdi zmdi-refresh-alt\"><\/i><\/a>\n\t\t\t\t\t\t\t\t<\/div>\n                            <\/div>\n                            <div class=\"product-inner\">\n                              <div class=\"product-caption\">\n\t\t\t\t\t\t\t                                <h2 class=\"product-name\"><a href=\"https:\/\/www.sulcarautopecas.com.br.186-226-60-153.cpanel.site\/lataria-e-carroceria\/motor-vidro-eletrico-dianteiro-direito-hyundai-tucson-2015-17837\">Motor Vidro El\u00e9trico Dianteiro Direito ...<\/a><\/h2>\n\t\t\t\t\t\t\t                                     <div class=\"ratings\">\n                                      <div class=\"rating-box\">\n                                                                                        <div class=\"rating0\">rating<\/div>                                                                                                                                                                                                                                                                            <\/div>\n                                  <\/div>\n                              \t\t\t\t\t\t\t                                  <p class=\"price\">\n                                                                    R$125,00                                                                                                    <\/p>\n                                \t\t\t\t\t\t\t \n                              \n\t\t\t\t\t\t\t\t<p class=\"product-des\">Sulcar Auto Pe\u00e7as Blumenau\nTrabalhamos com produtos originais \nFoto reais do produto \nCalcular frete...no mercado de envios \nDemais d\u00favidas...apenas nos pergunte \nAp\u00f3s confirmar do pagamento enviamos em at\u00e9 1 dia \u00fatil \nEntregamos para todo territ\u00f3rio..<\/p>\n                              <div class=\"product-intro\">\n\t\t\t\t\t\t\t\t<div class=\"actions-link2\">\n\t\t\t\t\t\t\t\t\t<a class=\"btn-cart\" data-toggle=\"tooltip\" title=\"Comprar\" onclick=\"cart.add('17837');\"><span class=\"button\"><i class=\"fa fa-shopping-cart\"><\/i>Comprar<\/span><\/a>\t\t\t\t\t\t\t\t\t\n\t\t\t\t\t\t\t\t\t<a class=\"btn-wishlist\" data-toggle=\"tooltip\" title=\"Lista de desejos\" onclick=\"wishlist.add('17837');\"><i class=\"zmdi zmdi-favorite-outline\"><\/i><\/a>\t\t\t\t\t\t\t\t\t\n\t\t\t\t\t\t\t\t\t<a class=\"btn-compare\" data-toggle=\"tooltip\" title=\"Comparar\" onclick=\"compare.add('17837');\"><i class=\"zmdi zmdi-refresh-alt\"><\/i><\/a>\n\t\t\t\t\t\t\t\t<\/div>\n\t\t\t\t\t\t\t\t<\/div>\n                            <\/div>\n\t\t\t\t\t\t\t<\/div>\n                          <\/div>\n                        <\/div>\n                                            <div class=\"product-layout product-list col-xs-12\">\n                          <div class=\"product-thumb layout1\">\n\t\t\t\t\t\t\t<div class=\"image\">\n                              \t\t\t\t\t\t\t\t                              <a href=\"https:\/\/www.sulcarautopecas.com.br.186-226-60-153.cpanel.site\/lataria-e-carroceria\/botao-vidro-eletrico-honda-cr-v-2011-33631\">\n                                                              <img  src=\"image\/cache\/no_image-100x100.png\" alt=\"Botao Vidro Eletrico Honda Cr-v 2011\" \/>\n                              \t\t\t\t\t\t\t  <img  src=\"\" alt=\"Botao Vidro Eletrico Honda Cr-v 2011\" title=\"Botao Vidro Eletrico Honda Cr-v 2011\" class=\"img-responsive lazy\" \/>\n                              <\/a>\n\t\t\t\t\t\t\t  <div class=\"actions-link\">\t\t\t\t\t\t\t\t\t\n\t\t\t\t\t\t\t\t\t<a class=\"btn-wishlist\" data-toggle=\"tooltip\" title=\"Lista de desejos\" onclick=\"wishlist.add('33631');\"><i class=\"zmdi zmdi-favorite-outline\"><\/i><\/a>\t\t\t\t\t\t\t\t\t\n\t\t\t\t\t\t\t\t\t<a class=\"btn-compare\" data-toggle=\"tooltip\" title=\"Comparar\" onclick=\"compare.add('33631');\"><i class=\"zmdi zmdi-refresh-alt\"><\/i><\/a>\n\t\t\t\t\t\t\t\t<\/div>\n                            <\/div>\n                            <div class=\"product-inner\">\n                              <div class=\"product-caption\">\n\t\t\t\t\t\t\t                                <h2 class=\"product-name\"><a href=\"https:\/\/www.sulcarautopecas.com.br.186-226-60-153.cpanel.site\/lataria-e-carroceria\/botao-vidro-eletrico-honda-cr-v-2011-33631\">Botao Vidro Eletrico Honda Cr-v 2011<\/a><\/h2>\n\t\t\t\t\t\t\t                                     <div class=\"ratings\">\n                                      <div class=\"rating-box\">\n                                                                                        <div class=\"rating0\">rating<\/div>                                                                                                                                                                                                                                                                            <\/div>\n                                  <\/div>\n                              \t\t\t\t\t\t\t                                  <p class=\"price\">\n                                                                    R$50,00                                                                                                    <\/p>\n                                \t\t\t\t\t\t\t \n                              \n\t\t\t\t\t\t\t\t<p class=\"product-des\">*Sulcar Auto Pe\u00e7as Blumenau.\n*Trabalhamos com produtos originais.\n*Foto reais do produto.\n*Calcular frete em mercado envios,caso tenha nos pergunte.\n*Demais D\u00favidas apenas nos pergunte.\n*Ap\u00f3s confirma\u00e7\u00e3o do pagamento enviamos em at\u00e9 1 dia \u00fatil.\n*Entr..<\/p>\n                              <div class=\"product-intro\">\n\t\t\t\t\t\t\t\t<div class=\"actions-link2\">\n\t\t\t\t\t\t\t\t\t<a class=\"btn-cart\" data-toggle=\"tooltip\" title=\"Comprar\" onclick=\"cart.add('33631');\"><span class=\"button\"><i class=\"fa fa-shopping-cart\"><\/i>Comprar<\/span><\/a>\t\t\t\t\t\t\t\t\t\n\t\t\t\t\t\t\t\t\t<a class=\"btn-wishlist\" data-toggle=\"tooltip\" title=\"Lista de desejos\" onclick=\"wishlist.add('33631');\"><i class=\"zmdi zmdi-favorite-outline\"><\/i><\/a>\t\t\t\t\t\t\t\t\t\n\t\t\t\t\t\t\t\t\t<a class=\"btn-compare\" data-toggle=\"tooltip\" title=\"Comparar\" onclick=\"compare.add('33631');\"><i class=\"zmdi zmdi-refresh-alt\"><\/i><\/a>\n\t\t\t\t\t\t\t\t<\/div>\n\t\t\t\t\t\t\t\t<\/div>\n                            <\/div>\n\t\t\t\t\t\t\t<\/div>\n                          <\/div>\n                        <\/div>\n                                            <div class=\"product-layout product-list col-xs-12\">\n                          <div class=\"product-thumb layout1\">\n\t\t\t\t\t\t\t<div class=\"image\">\n                              \t\t\t\t\t\t\t\t                              <a href=\"https:\/\/www.sulcarautopecas.com.br.186-226-60-153.cpanel.site\/lataria-e-carroceria\/borracha-porta-traseira-direita-jeep-renegade-1-8-2021-a6081-30646\">\n                                                              <img  src=\"image\/cache\/no_image-100x100.png\" alt=\"Borracha Porta Traseira Direita Jeep Ren...\" \/>\n                              \t\t\t\t\t\t\t  <img  src=\"\" alt=\"Borracha Porta Traseira Direita Jeep Ren...\" title=\"Borracha Porta Traseira Direita Jeep Ren...\" class=\"img-responsive lazy\" \/>\n                              <\/a>\n\t\t\t\t\t\t\t  <div class=\"actions-link\">\t\t\t\t\t\t\t\t\t\n\t\t\t\t\t\t\t\t\t<a class=\"btn-wishlist\" data-toggle=\"tooltip\" title=\"Lista de desejos\" onclick=\"wishlist.add('30646');\"><i class=\"zmdi zmdi-favorite-outline\"><\/i><\/a>\t\t\t\t\t\t\t\t\t\n\t\t\t\t\t\t\t\t\t<a class=\"btn-compare\" data-toggle=\"tooltip\" title=\"Comparar\" onclick=\"compare.add('30646');\"><i class=\"zmdi zmdi-refresh-alt\"><\/i><\/a>\n\t\t\t\t\t\t\t\t<\/div>\n                            <\/div>\n                            <div class=\"product-inner\">\n                              <div class=\"product-caption\">\n\t\t\t\t\t\t\t                                <h2 class=\"product-name\"><a href=\"https:\/\/www.sulcarautopecas.com.br.186-226-60-153.cpanel.site\/lataria-e-carroceria\/borracha-porta-traseira-direita-jeep-renegade-1-8-2021-a6081-30646\">Borracha Porta Traseira Direita Jeep Ren...<\/a><\/h2>\n\t\t\t\t\t\t\t                                     <div class=\"ratings\">\n                                      <div class=\"rating-box\">\n                                                                                        <div class=\"rating0\">rating<\/div>                                                                                                                                                                                                                                                                            <\/div>\n                                  <\/div>\n                              \t\t\t\t\t\t\t                                  <p class=\"price\">\n                                                                    R$100,00                                                                                                    <\/p>\n                                \t\t\t\t\t\t\t \n                              \n\t\t\t\t\t\t\t\t<p class=\"product-des\">*Sulcar Auto Pe\u00e7as Blumenau.\n*Trabalhamos com produtos originais.\n*Foto reais do produto.\n*Calcular frete em mercado envios,caso tenha nos pergunte.\n*Demais D\u00favidas apenas nos pergunte.\n*Ap\u00f3s confirma\u00e7\u00e3o do pagamento enviamos em at\u00e9 1 dia \u00fatil.\n*Entr..<\/p>\n                              <div class=\"product-intro\">\n\t\t\t\t\t\t\t\t<div class=\"actions-link2\">\n\t\t\t\t\t\t\t\t\t<a class=\"btn-cart\" data-toggle=\"tooltip\" title=\"Comprar\" onclick=\"cart.add('30646');\"><span class=\"button\"><i class=\"fa fa-shopping-cart\"><\/i>Comprar<\/span><\/a>\t\t\t\t\t\t\t\t\t\n\t\t\t\t\t\t\t\t\t<a class=\"btn-wishlist\" data-toggle=\"tooltip\" title=\"Lista de desejos\" onclick=\"wishlist.add('30646');\"><i class=\"zmdi zmdi-favorite-outline\"><\/i><\/a>\t\t\t\t\t\t\t\t\t\n\t\t\t\t\t\t\t\t\t<a class=\"btn-compare\" data-toggle=\"tooltip\" title=\"Comparar\" onclick=\"compare.add('30646');\"><i class=\"zmdi zmdi-refresh-alt\"><\/i><\/a>\n\t\t\t\t\t\t\t\t<\/div>\n\t\t\t\t\t\t\t\t<\/div>\n                            <\/div>\n\t\t\t\t\t\t\t<\/div>\n                          <\/div>\n                        <\/div>\n                                            <div class=\"product-layout product-list col-xs-12\">\n                          <div class=\"product-thumb layout1\">\n\t\t\t\t\t\t\t<div class=\"image\">\n                              \t\t\t\t\t\t\t\t                              <a href=\"https:\/\/www.sulcarautopecas.com.br.186-226-60-153.cpanel.site\/lataria-e-carroceria\/moldura-comando-vidro-eletrico-diant-esq-captur-2019-a1940-26457\">\n                                                              <img  src=\"image\/cache\/no_image-100x100.png\" alt=\"Moldura Comando Vidro Eletrico Diant Esq...\" \/>\n                              \t\t\t\t\t\t\t  <img  src=\"\" alt=\"Moldura Comando Vidro Eletrico Diant Esq...\" title=\"Moldura Comando Vidro Eletrico Diant Esq...\" class=\"img-responsive lazy\" \/>\n                              <\/a>\n\t\t\t\t\t\t\t  <div class=\"actions-link\">\t\t\t\t\t\t\t\t\t\n\t\t\t\t\t\t\t\t\t<a class=\"btn-wishlist\" data-toggle=\"tooltip\" title=\"Lista de desejos\" onclick=\"wishlist.add('26457');\"><i class=\"zmdi zmdi-favorite-outline\"><\/i><\/a>\t\t\t\t\t\t\t\t\t\n\t\t\t\t\t\t\t\t\t<a class=\"btn-compare\" data-toggle=\"tooltip\" title=\"Comparar\" onclick=\"compare.add('26457');\"><i class=\"zmdi zmdi-refresh-alt\"><\/i><\/a>\n\t\t\t\t\t\t\t\t<\/div>\n                            <\/div>\n                            <div class=\"product-inner\">\n                              <div class=\"product-caption\">\n\t\t\t\t\t\t\t                                <h2 class=\"product-name\"><a href=\"https:\/\/www.sulcarautopecas.com.br.186-226-60-153.cpanel.site\/lataria-e-carroceria\/moldura-comando-vidro-eletrico-diant-esq-captur-2019-a1940-26457\">Moldura Comando Vidro Eletrico Diant Esq...<\/a><\/h2>\n\t\t\t\t\t\t\t                                     <div class=\"ratings\">\n                                      <div class=\"rating-box\">\n                                                                                        <div class=\"rating0\">rating<\/div>                                                                                                                                                                                                                                                                            <\/div>\n                                  <\/div>\n                              \t\t\t\t\t\t\t                                  <p class=\"price\">\n                                                                    R$100,00                                                                                                    <\/p>\n                                \t\t\t\t\t\t\t \n                              \n\t\t\t\t\t\t\t\t<p class=\"product-des\">Sulcar Auto Pe\u00e7as Blumenau\nTrabalhamos com produtos originais\nFoto reais do produto\nCalcular frete...no mercado de envios\nDemais d\u00favidas...apenas nos pergunte\nAp\u00f3s confirmar do pagamento enviamos em at\u00e9 1 dia \u00fatil\nEntregamos para todo territ\u00f3rio naci..<\/p>\n                              <div class=\"product-intro\">\n\t\t\t\t\t\t\t\t<div class=\"actions-link2\">\n\t\t\t\t\t\t\t\t\t<a class=\"btn-cart\" data-toggle=\"tooltip\" title=\"Comprar\" onclick=\"cart.add('26457');\"><span class=\"button\"><i class=\"fa fa-shopping-cart\"><\/i>Comprar<\/span><\/a>\t\t\t\t\t\t\t\t\t\n\t\t\t\t\t\t\t\t\t<a class=\"btn-wishlist\" data-toggle=\"tooltip\" title=\"Lista de desejos\" onclick=\"wishlist.add('26457');\"><i class=\"zmdi zmdi-favorite-outline\"><\/i><\/a>\t\t\t\t\t\t\t\t\t\n\t\t\t\t\t\t\t\t\t<a class=\"btn-compare\" data-toggle=\"tooltip\" title=\"Comparar\" onclick=\"compare.add('26457');\"><i class=\"zmdi zmdi-refresh-alt\"><\/i><\/a>\n\t\t\t\t\t\t\t\t<\/div>\n\t\t\t\t\t\t\t\t<\/div>\n                            <\/div>\n\t\t\t\t\t\t\t<\/div>\n                          <\/div>\n                        <\/div>\n                                            <div class=\"product-layout product-list col-xs-12\">\n                          <div class=\"product-thumb layout1\">\n\t\t\t\t\t\t\t<div class=\"image\">\n                              \t\t\t\t\t\t\t\t                              <a href=\"https:\/\/www.sulcarautopecas.com.br.186-226-60-153.cpanel.site\/lataria-e-carroceria\/vidro-porta-dianteiro-esquerdo-renault-captur-iconic-2022-20320\">\n                                                              <img  src=\"image\/cache\/no_image-100x100.png\" alt=\"Vidro Porta Dianteiro Esquerdo Renault C...\" \/>\n                              \t\t\t\t\t\t\t  <img  src=\"\" alt=\"Vidro Porta Dianteiro Esquerdo Renault C...\" title=\"Vidro Porta Dianteiro Esquerdo Renault C...\" class=\"img-responsive lazy\" \/>\n                              <\/a>\n\t\t\t\t\t\t\t  <div class=\"actions-link\">\t\t\t\t\t\t\t\t\t\n\t\t\t\t\t\t\t\t\t<a class=\"btn-wishlist\" data-toggle=\"tooltip\" title=\"Lista de desejos\" onclick=\"wishlist.add('20320');\"><i class=\"zmdi zmdi-favorite-outline\"><\/i><\/a>\t\t\t\t\t\t\t\t\t\n\t\t\t\t\t\t\t\t\t<a class=\"btn-compare\" data-toggle=\"tooltip\" title=\"Comparar\" onclick=\"compare.add('20320');\"><i class=\"zmdi zmdi-refresh-alt\"><\/i><\/a>\n\t\t\t\t\t\t\t\t<\/div>\n                            <\/div>\n                            <div class=\"product-inner\">\n                              <div class=\"product-caption\">\n\t\t\t\t\t\t\t                                <h2 class=\"product-name\"><a href=\"https:\/\/www.sulcarautopecas.com.br.186-226-60-153.cpanel.site\/lataria-e-carroceria\/vidro-porta-dianteiro-esquerdo-renault-captur-iconic-2022-20320\">Vidro Porta Dianteiro Esquerdo Renault C...<\/a><\/h2>\n\t\t\t\t\t\t\t                                     <div class=\"ratings\">\n                                      <div class=\"rating-box\">\n                                                                                        <div class=\"rating0\">rating<\/div>                                                                                                                                                                                                                                                                            <\/div>\n                                  <\/div>\n                              \t\t\t\t\t\t\t                                  <p class=\"price\">\n                                                                    R$130,00                                                                                                    <\/p>\n                                \t\t\t\t\t\t\t \n                              \n\t\t\t\t\t\t\t\t<p class=\"product-des\">Trabalhamos com produtos originais, retirados de ve\u00edculos baixados no Detran, com toda a proced\u00eancia e garantia.\nTodas as nossas fotos s\u00e3o reais do produto.\n\nPara calcular o frete basta aproveitar as vantagens do MERCADO ENVIOS.\nCaso o produto n\u00e3o te..<\/p>\n                              <div class=\"product-intro\">\n\t\t\t\t\t\t\t\t<div class=\"actions-link2\">\n\t\t\t\t\t\t\t\t\t<a class=\"btn-cart\" data-toggle=\"tooltip\" title=\"Comprar\" onclick=\"cart.add('20320');\"><span class=\"button\"><i class=\"fa fa-shopping-cart\"><\/i>Comprar<\/span><\/a>\t\t\t\t\t\t\t\t\t\n\t\t\t\t\t\t\t\t\t<a class=\"btn-wishlist\" data-toggle=\"tooltip\" title=\"Lista de desejos\" onclick=\"wishlist.add('20320');\"><i class=\"zmdi zmdi-favorite-outline\"><\/i><\/a>\t\t\t\t\t\t\t\t\t\n\t\t\t\t\t\t\t\t\t<a class=\"btn-compare\" data-toggle=\"tooltip\" title=\"Comparar\" onclick=\"compare.add('20320');\"><i class=\"zmdi zmdi-refresh-alt\"><\/i><\/a>\n\t\t\t\t\t\t\t\t<\/div>\n\t\t\t\t\t\t\t\t<\/div>\n                            <\/div>\n\t\t\t\t\t\t\t<\/div>\n                          <\/div>\n                        <\/div>\n                                            <div class=\"product-layout product-list col-xs-12\">\n                          <div class=\"product-thumb layout1\">\n\t\t\t\t\t\t\t<div class=\"image\">\n                              \t\t\t\t\t\t\t\t                              <a href=\"https:\/\/www.sulcarautopecas.com.br.186-226-60-153.cpanel.site\/lataria-e-carroceria\/par-amortecedor-tampa-traseira-renault-duster-2023-32042\">\n                                                              <img  src=\"image\/cache\/no_image-100x100.png\" alt=\"Par Amortecedor Tampa Traseira Renault D...\" \/>\n                              \t\t\t\t\t\t\t  <img  src=\"\" alt=\"Par Amortecedor Tampa Traseira Renault D...\" title=\"Par Amortecedor Tampa Traseira Renault D...\" class=\"img-responsive lazy\" \/>\n                              <\/a>\n\t\t\t\t\t\t\t  <div class=\"actions-link\">\t\t\t\t\t\t\t\t\t\n\t\t\t\t\t\t\t\t\t<a class=\"btn-wishlist\" data-toggle=\"tooltip\" title=\"Lista de desejos\" onclick=\"wishlist.add('32042');\"><i class=\"zmdi zmdi-favorite-outline\"><\/i><\/a>\t\t\t\t\t\t\t\t\t\n\t\t\t\t\t\t\t\t\t<a class=\"btn-compare\" data-toggle=\"tooltip\" title=\"Comparar\" onclick=\"compare.add('32042');\"><i class=\"zmdi zmdi-refresh-alt\"><\/i><\/a>\n\t\t\t\t\t\t\t\t<\/div>\n                            <\/div>\n                            <div class=\"product-inner\">\n                              <div class=\"product-caption\">\n\t\t\t\t\t\t\t                                <h2 class=\"product-name\"><a href=\"https:\/\/www.sulcarautopecas.com.br.186-226-60-153.cpanel.site\/lataria-e-carroceria\/par-amortecedor-tampa-traseira-renault-duster-2023-32042\">Par Amortecedor Tampa Traseira Renault D...<\/a><\/h2>\n\t\t\t\t\t\t\t                                     <div class=\"ratings\">\n                                      <div class=\"rating-box\">\n                                                                                        <div class=\"rating0\">rating<\/div>                                                                                                                                                                                                                                                                            <\/div>\n                                  <\/div>\n                              \t\t\t\t\t\t\t                                  <p class=\"price\">\n                                                                    R$150,00                                                                                                    <\/p>\n                                \t\t\t\t\t\t\t \n                              \n\t\t\t\t\t\t\t\t<p class=\"product-des\">*Sulcar Auto Pe\u00e7as Blumenau.\n*Trabalhamos com produtos originais.\n*Foto reais do produto.\n*Calcular frete em mercado envios,caso tenha nos pergunte.\n*Demais D\u00favidas apenas nos pergunte.\n*Ap\u00f3s confirma\u00e7\u00e3o do pagamento enviamos em at\u00e9 1 dia \u00fatil.\n*Entr..<\/p>\n                              <div class=\"product-intro\">\n\t\t\t\t\t\t\t\t<div class=\"actions-link2\">\n\t\t\t\t\t\t\t\t\t<a class=\"btn-cart\" data-toggle=\"tooltip\" title=\"Comprar\" onclick=\"cart.add('32042');\"><span class=\"button\"><i class=\"fa fa-shopping-cart\"><\/i>Comprar<\/span><\/a>\t\t\t\t\t\t\t\t\t\n\t\t\t\t\t\t\t\t\t<a class=\"btn-wishlist\" data-toggle=\"tooltip\" title=\"Lista de desejos\" onclick=\"wishlist.add('32042');\"><i class=\"zmdi zmdi-favorite-outline\"><\/i><\/a>\t\t\t\t\t\t\t\t\t\n\t\t\t\t\t\t\t\t\t<a class=\"btn-compare\" data-toggle=\"tooltip\" title=\"Comparar\" onclick=\"compare.add('32042');\"><i class=\"zmdi zmdi-refresh-alt\"><\/i><\/a>\n\t\t\t\t\t\t\t\t<\/div>\n\t\t\t\t\t\t\t\t<\/div>\n                            <\/div>\n\t\t\t\t\t\t\t<\/div>\n                          <\/div>\n                        <\/div>\n                                            <div class=\"product-layout product-list col-xs-12\">\n                          <div class=\"product-thumb layout1\">\n\t\t\t\t\t\t\t<div class=\"image\">\n                              \t\t\t\t\t\t\t\t                              <a href=\"https:\/\/www.sulcarautopecas.com.br.186-226-60-153.cpanel.site\/lataria-e-carroceria\/moldura-botao-vidro-eletrico-tras-duster-1-3-turbo-23-a4615-28921\">\n                                                              <img  src=\"image\/cache\/no_image-100x100.png\" alt=\"Moldura Bot\u00e3o Vidro Eletrico Tras Duste...\" \/>\n                              \t\t\t\t\t\t\t  <img  src=\"\" alt=\"Moldura Bot\u00e3o Vidro Eletrico Tras Duste...\" title=\"Moldura Bot\u00e3o Vidro Eletrico Tras Duste...\" class=\"img-responsive lazy\" \/>\n                              <\/a>\n\t\t\t\t\t\t\t  <div class=\"actions-link\">\t\t\t\t\t\t\t\t\t\n\t\t\t\t\t\t\t\t\t<a class=\"btn-wishlist\" data-toggle=\"tooltip\" title=\"Lista de desejos\" onclick=\"wishlist.add('28921');\"><i class=\"zmdi zmdi-favorite-outline\"><\/i><\/a>\t\t\t\t\t\t\t\t\t\n\t\t\t\t\t\t\t\t\t<a class=\"btn-compare\" data-toggle=\"tooltip\" title=\"Comparar\" onclick=\"compare.add('28921');\"><i class=\"zmdi zmdi-refresh-alt\"><\/i><\/a>\n\t\t\t\t\t\t\t\t<\/div>\n                            <\/div>\n                            <div class=\"product-inner\">\n                              <div class=\"product-caption\">\n\t\t\t\t\t\t\t                                <h2 class=\"product-name\"><a href=\"https:\/\/www.sulcarautopecas.com.br.186-226-60-153.cpanel.site\/lataria-e-carroceria\/moldura-botao-vidro-eletrico-tras-duster-1-3-turbo-23-a4615-28921\">Moldura Bot\u00e3o Vidro Eletrico Tras Duste...<\/a><\/h2>\n\t\t\t\t\t\t\t                                     <div class=\"ratings\">\n                                      <div class=\"rating-box\">\n                                                                                        <div class=\"rating0\">rating<\/div>                                                                                                                                                                                                                                                                            <\/div>\n                                  <\/div>\n                              \t\t\t\t\t\t\t                                  <p class=\"price\">\n                                                                    R$100,00                                                                                                    <\/p>\n                                \t\t\t\t\t\t\t \n                              \n\t\t\t\t\t\t\t\t<p class=\"product-des\">Sulcar Auto Pe\u00e7as Blumenau\nTrabalhamos com produtos originais\nFoto reais do produto\nCalcular frete...no mercado de envios\nDemais d\u00favidas...apenas nos pergunte\nAp\u00f3s confirmar do pagamento enviamos em at\u00e9 1 dia \u00fatil\nEntregamos para todo territ\u00f3rio naci..<\/p>\n                              <div class=\"product-intro\">\n\t\t\t\t\t\t\t\t<div class=\"actions-link2\">\n\t\t\t\t\t\t\t\t\t<a class=\"btn-cart\" data-toggle=\"tooltip\" title=\"Comprar\" onclick=\"cart.add('28921');\"><span class=\"button\"><i class=\"fa fa-shopping-cart\"><\/i>Comprar<\/span><\/a>\t\t\t\t\t\t\t\t\t\n\t\t\t\t\t\t\t\t\t<a class=\"btn-wishlist\" data-toggle=\"tooltip\" title=\"Lista de desejos\" onclick=\"wishlist.add('28921');\"><i class=\"zmdi zmdi-favorite-outline\"><\/i><\/a>\t\t\t\t\t\t\t\t\t\n\t\t\t\t\t\t\t\t\t<a class=\"btn-compare\" data-toggle=\"tooltip\" title=\"Comparar\" onclick=\"compare.add('28921');\"><i class=\"zmdi zmdi-refresh-alt\"><\/i><\/a>\n\t\t\t\t\t\t\t\t<\/div>\n\t\t\t\t\t\t\t\t<\/div>\n                            <\/div>\n\t\t\t\t\t\t\t<\/div>\n                          <\/div>\n                        <\/div>\n                                            <div class=\"product-layout product-list col-xs-12\">\n                          <div class=\"product-thumb layout1\">\n\t\t\t\t\t\t\t<div class=\"image\">\n                              \t\t\t\t\t\t\t\t                              <a href=\"https:\/\/www.sulcarautopecas.com.br.186-226-60-153.cpanel.site\/lataria-e-carroceria\/cabo-abertura-porta-traseira-direita-wr-v-2021-22866\">\n                                                              <img  src=\"image\/cache\/no_image-100x100.png\" alt=\"Cabo Abertura Porta Traseira Direita Wr-...\" \/>\n                              \t\t\t\t\t\t\t  <img  src=\"\" alt=\"Cabo Abertura Porta Traseira Direita Wr-...\" title=\"Cabo Abertura Porta Traseira Direita Wr-...\" class=\"img-responsive lazy\" \/>\n                              <\/a>\n\t\t\t\t\t\t\t  <div class=\"actions-link\">\t\t\t\t\t\t\t\t\t\n\t\t\t\t\t\t\t\t\t<a class=\"btn-wishlist\" data-toggle=\"tooltip\" title=\"Lista de desejos\" onclick=\"wishlist.add('22866');\"><i class=\"zmdi zmdi-favorite-outline\"><\/i><\/a>\t\t\t\t\t\t\t\t\t\n\t\t\t\t\t\t\t\t\t<a class=\"btn-compare\" data-toggle=\"tooltip\" title=\"Comparar\" onclick=\"compare.add('22866');\"><i class=\"zmdi zmdi-refresh-alt\"><\/i><\/a>\n\t\t\t\t\t\t\t\t<\/div>\n                            <\/div>\n                            <div class=\"product-inner\">\n                              <div class=\"product-caption\">\n\t\t\t\t\t\t\t                                <h2 class=\"product-name\"><a href=\"https:\/\/www.sulcarautopecas.com.br.186-226-60-153.cpanel.site\/lataria-e-carroceria\/cabo-abertura-porta-traseira-direita-wr-v-2021-22866\">Cabo Abertura Porta Traseira Direita Wr-...<\/a><\/h2>\n\t\t\t\t\t\t\t                                     <div class=\"ratings\">\n                                      <div class=\"rating-box\">\n                                                                                        <div class=\"rating0\">rating<\/div>                                                                                                                                                                                                                                                                            <\/div>\n                                  <\/div>\n                              \t\t\t\t\t\t\t                                  <p class=\"price\">\n                                                                    R$60,00                                                                                                    <\/p>\n                                \t\t\t\t\t\t\t \n                              \n\t\t\t\t\t\t\t\t<p class=\"product-des\">Trabalhamos com produtos originais, retirados de ve\u00edculos baixados no Detran, com total proced\u00eancia e garantia.\nTodas as nossas fotos s\u00e3o reais do produto.\n\nPara calcular o frente basta aproveitar as vantagens do MERCADO ENVIOS.\nCaso o produto n\u00e3o te..<\/p>\n                              <div class=\"product-intro\">\n\t\t\t\t\t\t\t\t<div class=\"actions-link2\">\n\t\t\t\t\t\t\t\t\t<a class=\"btn-cart\" data-toggle=\"tooltip\" title=\"Comprar\" onclick=\"cart.add('22866');\"><span class=\"button\"><i class=\"fa fa-shopping-cart\"><\/i>Comprar<\/span><\/a>\t\t\t\t\t\t\t\t\t\n\t\t\t\t\t\t\t\t\t<a class=\"btn-wishlist\" data-toggle=\"tooltip\" title=\"Lista de desejos\" onclick=\"wishlist.add('22866');\"><i class=\"zmdi zmdi-favorite-outline\"><\/i><\/a>\t\t\t\t\t\t\t\t\t\n\t\t\t\t\t\t\t\t\t<a class=\"btn-compare\" data-toggle=\"tooltip\" title=\"Comparar\" onclick=\"compare.add('22866');\"><i class=\"zmdi zmdi-refresh-alt\"><\/i><\/a>\n\t\t\t\t\t\t\t\t<\/div>\n\t\t\t\t\t\t\t\t<\/div>\n                            <\/div>\n\t\t\t\t\t\t\t<\/div>\n                          <\/div>\n                        <\/div>\n                                            <div class=\"product-layout product-list col-xs-12\">\n                          <div class=\"product-thumb layout1\">\n\t\t\t\t\t\t\t<div class=\"image\">\n                              \t\t\t\t\t\t\t\t                              <a href=\"https:\/\/www.sulcarautopecas.com.br.186-226-60-153.cpanel.site\/lataria-e-carroceria\/fechadura-eletrica-porta-traseira-esquerda-citroen-c4-2011-16528\">\n                                                              <img  src=\"image\/cache\/no_image-100x100.png\" alt=\"Fechadura El\u00e9trica Porta Traseira Esque...\" \/>\n                              \t\t\t\t\t\t\t  <img  src=\"\" alt=\"Fechadura El\u00e9trica Porta Traseira Esque...\" title=\"Fechadura El\u00e9trica Porta Traseira Esque...\" class=\"img-responsive lazy\" \/>\n                              <\/a>\n\t\t\t\t\t\t\t  <div class=\"actions-link\">\t\t\t\t\t\t\t\t\t\n\t\t\t\t\t\t\t\t\t<a class=\"btn-wishlist\" data-toggle=\"tooltip\" title=\"Lista de desejos\" onclick=\"wishlist.add('16528');\"><i class=\"zmdi zmdi-favorite-outline\"><\/i><\/a>\t\t\t\t\t\t\t\t\t\n\t\t\t\t\t\t\t\t\t<a class=\"btn-compare\" data-toggle=\"tooltip\" title=\"Comparar\" onclick=\"compare.add('16528');\"><i class=\"zmdi zmdi-refresh-alt\"><\/i><\/a>\n\t\t\t\t\t\t\t\t<\/div>\n                            <\/div>\n                            <div class=\"product-inner\">\n                              <div class=\"product-caption\">\n\t\t\t\t\t\t\t                                <h2 class=\"product-name\"><a href=\"https:\/\/www.sulcarautopecas.com.br.186-226-60-153.cpanel.site\/lataria-e-carroceria\/fechadura-eletrica-porta-traseira-esquerda-citroen-c4-2011-16528\">Fechadura El\u00e9trica Porta Traseira Esque...<\/a><\/h2>\n\t\t\t\t\t\t\t                                     <div class=\"ratings\">\n                                      <div class=\"rating-box\">\n                                                                                        <div class=\"rating0\">rating<\/div>                                                                                                                                                                                                                                                                            <\/div>\n                                  <\/div>\n                              \t\t\t\t\t\t\t                                  <p class=\"price\">\n                                                                    R$110,00                                                                                                    <\/p>\n                                \t\t\t\t\t\t\t \n                              \n\t\t\t\t\t\t\t\t<p class=\"product-des\">*Sulcar Auto Pe\u00e7as Blumenau.\n*Trabalhamos com produtos originais.\n*Foto reais do produto.\n*Calcular frete em mercado envios,caso tenha nos pergunte.\n*Demais D\u00favidas apenas nos pergunte.\n*Ap\u00f3s confirma\u00e7\u00e3o do pagamento enviamos em at\u00e9 1 dia \u00fatil.\n*Entr..<\/p>\n                              <div class=\"product-intro\">\n\t\t\t\t\t\t\t\t<div class=\"actions-link2\">\n\t\t\t\t\t\t\t\t\t<a class=\"btn-cart\" data-toggle=\"tooltip\" title=\"Comprar\" onclick=\"cart.add('16528');\"><span class=\"button\"><i class=\"fa fa-shopping-cart\"><\/i>Comprar<\/span><\/a>\t\t\t\t\t\t\t\t\t\n\t\t\t\t\t\t\t\t\t<a class=\"btn-wishlist\" data-toggle=\"tooltip\" title=\"Lista de desejos\" onclick=\"wishlist.add('16528');\"><i class=\"zmdi zmdi-favorite-outline\"><\/i><\/a>\t\t\t\t\t\t\t\t\t\n\t\t\t\t\t\t\t\t\t<a class=\"btn-compare\" data-toggle=\"tooltip\" title=\"Comparar\" onclick=\"compare.add('16528');\"><i class=\"zmdi zmdi-refresh-alt\"><\/i><\/a>\n\t\t\t\t\t\t\t\t<\/div>\n\t\t\t\t\t\t\t\t<\/div>\n                            <\/div>\n\t\t\t\t\t\t\t<\/div>\n                          <\/div>\n                        <\/div>\n                                            <div class=\"product-layout product-list col-xs-12\">\n                          <div class=\"product-thumb layout1\">\n\t\t\t\t\t\t\t<div class=\"image\">\n                              \t\t\t\t\t\t\t\t                              <a href=\"https:\/\/www.sulcarautopecas.com.br.186-226-60-153.cpanel.site\/lataria-e-carroceria\/porta-copos-console-central-honda-city-2023-33221\">\n                                                              <img  src=\"image\/cache\/no_image-100x100.png\" alt=\"Porta Copos Console Central Honda City 2...\" \/>\n                              \t\t\t\t\t\t\t  <img  src=\"\" alt=\"Porta Copos Console Central Honda City 2...\" title=\"Porta Copos Console Central Honda City 2...\" class=\"img-responsive lazy\" \/>\n                              <\/a>\n\t\t\t\t\t\t\t  <div class=\"actions-link\">\t\t\t\t\t\t\t\t\t\n\t\t\t\t\t\t\t\t\t<a class=\"btn-wishlist\" data-toggle=\"tooltip\" title=\"Lista de desejos\" onclick=\"wishlist.add('33221');\"><i class=\"zmdi zmdi-favorite-outline\"><\/i><\/a>\t\t\t\t\t\t\t\t\t\n\t\t\t\t\t\t\t\t\t<a class=\"btn-compare\" data-toggle=\"tooltip\" title=\"Comparar\" onclick=\"compare.add('33221');\"><i class=\"zmdi zmdi-refresh-alt\"><\/i><\/a>\n\t\t\t\t\t\t\t\t<\/div>\n                            <\/div>\n                            <div class=\"product-inner\">\n                              <div class=\"product-caption\">\n\t\t\t\t\t\t\t                                <h2 class=\"product-name\"><a href=\"https:\/\/www.sulcarautopecas.com.br.186-226-60-153.cpanel.site\/lataria-e-carroceria\/porta-copos-console-central-honda-city-2023-33221\">Porta Copos Console Central Honda City 2...<\/a><\/h2>\n\t\t\t\t\t\t\t                                     <div class=\"ratings\">\n                                      <div class=\"rating-box\">\n                                                                                        <div class=\"rating0\">rating<\/div>                                                                                                                                                                                                                                                                            <\/div>\n                                  <\/div>\n                              \t\t\t\t\t\t\t                                  <p class=\"price\">\n                                                                    R$100,00                                                                                                    <\/p>\n                                \t\t\t\t\t\t\t \n                              \n\t\t\t\t\t\t\t\t<p class=\"product-des\">*Sulcar Auto Pe\u00e7as Blumenau.\n*Trabalhamos com produtos originais.\n*Foto reais do produto.\n*Calcular frete em mercado envios,caso tenha nos pergunte.\n*Demais D\u00favidas apenas nos pergunte.\n*Ap\u00f3s confirma\u00e7\u00e3o do pagamento enviamos em at\u00e9 1 dia \u00fatil.\n*Entr..<\/p>\n                              <div class=\"product-intro\">\n\t\t\t\t\t\t\t\t<div class=\"actions-link2\">\n\t\t\t\t\t\t\t\t\t<a class=\"btn-cart\" data-toggle=\"tooltip\" title=\"Comprar\" onclick=\"cart.add('33221');\"><span class=\"button\"><i class=\"fa fa-shopping-cart\"><\/i>Comprar<\/span><\/a>\t\t\t\t\t\t\t\t\t\n\t\t\t\t\t\t\t\t\t<a class=\"btn-wishlist\" data-toggle=\"tooltip\" title=\"Lista de desejos\" onclick=\"wishlist.add('33221');\"><i class=\"zmdi zmdi-favorite-outline\"><\/i><\/a>\t\t\t\t\t\t\t\t\t\n\t\t\t\t\t\t\t\t\t<a class=\"btn-compare\" data-toggle=\"tooltip\" title=\"Comparar\" onclick=\"compare.add('33221');\"><i class=\"zmdi zmdi-refresh-alt\"><\/i><\/a>\n\t\t\t\t\t\t\t\t<\/div>\n\t\t\t\t\t\t\t\t<\/div>\n                            <\/div>\n\t\t\t\t\t\t\t<\/div>\n                          <\/div>\n                        <\/div>\n                                            <div class=\"product-layout product-list col-xs-12\">\n                          <div class=\"product-thumb layout1\">\n\t\t\t\t\t\t\t<div class=\"image\">\n                              \t\t\t\t\t\t\t\t                              <a href=\"https:\/\/www.sulcarautopecas.com.br.186-226-60-153.cpanel.site\/lataria-e-carroceria\/vidro-porta-diant-esq-honda-hr-v-2018-a2650-30317\">\n                                                              <img  src=\"image\/cache\/no_image-100x100.png\" alt=\"Vidro Porta Diant Esq Honda Hr-v 2018 A2...\" \/>\n                              \t\t\t\t\t\t\t  <img  src=\"\" alt=\"Vidro Porta Diant Esq Honda Hr-v 2018 A2...\" title=\"Vidro Porta Diant Esq Honda Hr-v 2018 A2...\" class=\"img-responsive lazy\" \/>\n                              <\/a>\n\t\t\t\t\t\t\t  <div class=\"actions-link\">\t\t\t\t\t\t\t\t\t\n\t\t\t\t\t\t\t\t\t<a class=\"btn-wishlist\" data-toggle=\"tooltip\" title=\"Lista de desejos\" onclick=\"wishlist.add('30317');\"><i class=\"zmdi zmdi-favorite-outline\"><\/i><\/a>\t\t\t\t\t\t\t\t\t\n\t\t\t\t\t\t\t\t\t<a class=\"btn-compare\" data-toggle=\"tooltip\" title=\"Comparar\" onclick=\"compare.add('30317');\"><i class=\"zmdi zmdi-refresh-alt\"><\/i><\/a>\n\t\t\t\t\t\t\t\t<\/div>\n                            <\/div>\n                            <div class=\"product-inner\">\n                              <div class=\"product-caption\">\n\t\t\t\t\t\t\t                                <h2 class=\"product-name\"><a href=\"https:\/\/www.sulcarautopecas.com.br.186-226-60-153.cpanel.site\/lataria-e-carroceria\/vidro-porta-diant-esq-honda-hr-v-2018-a2650-30317\">Vidro Porta Diant Esq Honda Hr-v 2018 A2...<\/a><\/h2>\n\t\t\t\t\t\t\t                                     <div class=\"ratings\">\n                                      <div class=\"rating-box\">\n                                                                                        <div class=\"rating0\">rating<\/div>                                                                                                                                                                                                                                                                            <\/div>\n                                  <\/div>\n                              \t\t\t\t\t\t\t                                  <p class=\"price\">\n                                                                    R$150,00                                                                                                    <\/p>\n                                \t\t\t\t\t\t\t \n                              \n\t\t\t\t\t\t\t\t<p class=\"product-des\">*Sulcar Auto Pe\u00e7as Blumenau.\n*Trabalhamos com produtos originais.\n*Foto reais do produto.\n*Calcular frete em mercado envios,caso tenha nos pergunte.\n*Demais D\u00favidas apenas nos pergunte.\n*Ap\u00f3s confirma\u00e7\u00e3o do pagamento enviamos em at\u00e9 1 dia \u00fatil.\n*Entr..<\/p>\n                              <div class=\"product-intro\">\n\t\t\t\t\t\t\t\t<div class=\"actions-link2\">\n\t\t\t\t\t\t\t\t\t<a class=\"btn-cart\" data-toggle=\"tooltip\" title=\"Comprar\" onclick=\"cart.add('30317');\"><span class=\"button\"><i class=\"fa fa-shopping-cart\"><\/i>Comprar<\/span><\/a>\t\t\t\t\t\t\t\t\t\n\t\t\t\t\t\t\t\t\t<a class=\"btn-wishlist\" data-toggle=\"tooltip\" title=\"Lista de desejos\" onclick=\"wishlist.add('30317');\"><i class=\"zmdi zmdi-favorite-outline\"><\/i><\/a>\t\t\t\t\t\t\t\t\t\n\t\t\t\t\t\t\t\t\t<a class=\"btn-compare\" data-toggle=\"tooltip\" title=\"Comparar\" onclick=\"compare.add('30317');\"><i class=\"zmdi zmdi-refresh-alt\"><\/i><\/a>\n\t\t\t\t\t\t\t\t<\/div>\n\t\t\t\t\t\t\t\t<\/div>\n                            <\/div>\n\t\t\t\t\t\t\t<\/div>\n                          <\/div>\n                        <\/div>\n                                            <div class=\"product-layout product-list col-xs-12\">\n                          <div class=\"product-thumb layout1\">\n\t\t\t\t\t\t\t<div class=\"image\">\n                              \t\t\t\t\t\t\t\t                              <a href=\"https:\/\/www.sulcarautopecas.com.br.186-226-60-153.cpanel.site\/lataria-e-carroceria\/borracha-porta-tras-esq-jeep-renegade-2021-a1413-25950\">\n                                                              <img  src=\"image\/cache\/no_image-100x100.png\" alt=\"Borracha Porta Tras Esq Jeep Renegade 20...\" \/>\n                              \t\t\t\t\t\t\t  <img  src=\"\" alt=\"Borracha Porta Tras Esq Jeep Renegade 20...\" title=\"Borracha Porta Tras Esq Jeep Renegade 20...\" class=\"img-responsive lazy\" \/>\n                              <\/a>\n\t\t\t\t\t\t\t  <div class=\"actions-link\">\t\t\t\t\t\t\t\t\t\n\t\t\t\t\t\t\t\t\t<a class=\"btn-wishlist\" data-toggle=\"tooltip\" title=\"Lista de desejos\" onclick=\"wishlist.add('25950');\"><i class=\"zmdi zmdi-favorite-outline\"><\/i><\/a>\t\t\t\t\t\t\t\t\t\n\t\t\t\t\t\t\t\t\t<a class=\"btn-compare\" data-toggle=\"tooltip\" title=\"Comparar\" onclick=\"compare.add('25950');\"><i class=\"zmdi zmdi-refresh-alt\"><\/i><\/a>\n\t\t\t\t\t\t\t\t<\/div>\n                            <\/div>\n                            <div class=\"product-inner\">\n                              <div class=\"product-caption\">\n\t\t\t\t\t\t\t                                <h2 class=\"product-name\"><a href=\"https:\/\/www.sulcarautopecas.com.br.186-226-60-153.cpanel.site\/lataria-e-carroceria\/borracha-porta-tras-esq-jeep-renegade-2021-a1413-25950\">Borracha Porta Tras Esq Jeep Renegade 20...<\/a><\/h2>\n\t\t\t\t\t\t\t                                     <div class=\"ratings\">\n                                      <div class=\"rating-box\">\n                                                                                        <div class=\"rating0\">rating<\/div>                                                                                                                                                                                                                                                                            <\/div>\n                                  <\/div>\n                              \t\t\t\t\t\t\t                                  <p class=\"price\">\n                                                                    R$100,00                                                                                                    <\/p>\n                                \t\t\t\t\t\t\t \n                              \n\t\t\t\t\t\t\t\t<p class=\"product-des\">Sulcar Auto Pe\u00e7as Blumenau.\nTrabalhamos com pe\u00e7as originais.\nFoto reais do produto.\nCalcule frente\u2026no mercado de envios.\nDemais d\u00favida nos pergunte.\nAp\u00f3s confirma\u00e7\u00e3o do pagamento,enviamos em at\u00e9 1 dia \u00fatil.\nEntregamos para todo pa\u00eds com qualidade e s..<\/p>\n                              <div class=\"product-intro\">\n\t\t\t\t\t\t\t\t<div class=\"actions-link2\">\n\t\t\t\t\t\t\t\t\t<a class=\"btn-cart\" data-toggle=\"tooltip\" title=\"Comprar\" onclick=\"cart.add('25950');\"><span class=\"button\"><i class=\"fa fa-shopping-cart\"><\/i>Comprar<\/span><\/a>\t\t\t\t\t\t\t\t\t\n\t\t\t\t\t\t\t\t\t<a class=\"btn-wishlist\" data-toggle=\"tooltip\" title=\"Lista de desejos\" onclick=\"wishlist.add('25950');\"><i class=\"zmdi zmdi-favorite-outline\"><\/i><\/a>\t\t\t\t\t\t\t\t\t\n\t\t\t\t\t\t\t\t\t<a class=\"btn-compare\" data-toggle=\"tooltip\" title=\"Comparar\" onclick=\"compare.add('25950');\"><i class=\"zmdi zmdi-refresh-alt\"><\/i><\/a>\n\t\t\t\t\t\t\t\t<\/div>\n\t\t\t\t\t\t\t\t<\/div>\n                            <\/div>\n\t\t\t\t\t\t\t<\/div>\n                          <\/div>\n                        <\/div>\n                                            <div class=\"product-layout product-list col-xs-12\">\n                          <div class=\"product-thumb layout1\">\n\t\t\t\t\t\t\t<div class=\"image\">\n                              \t\t\t\t\t\t\t\t                              <a href=\"https:\/\/www.sulcarautopecas.com.br.186-226-60-153.cpanel.site\/lataria-e-carroceria\/chicote-porta-diant-esq-duster-2023-a5384-29638\">\n                                                              <img  src=\"image\/cache\/no_image-100x100.png\" alt=\"Chicote Porta Diant Esq Duster 2023 A538...\" \/>\n                              \t\t\t\t\t\t\t  <img  src=\"\" alt=\"Chicote Porta Diant Esq Duster 2023 A538...\" title=\"Chicote Porta Diant Esq Duster 2023 A538...\" class=\"img-responsive lazy\" \/>\n                              <\/a>\n\t\t\t\t\t\t\t  <div class=\"actions-link\">\t\t\t\t\t\t\t\t\t\n\t\t\t\t\t\t\t\t\t<a class=\"btn-wishlist\" data-toggle=\"tooltip\" title=\"Lista de desejos\" onclick=\"wishlist.add('29638');\"><i class=\"zmdi zmdi-favorite-outline\"><\/i><\/a>\t\t\t\t\t\t\t\t\t\n\t\t\t\t\t\t\t\t\t<a class=\"btn-compare\" data-toggle=\"tooltip\" title=\"Comparar\" onclick=\"compare.add('29638');\"><i class=\"zmdi zmdi-refresh-alt\"><\/i><\/a>\n\t\t\t\t\t\t\t\t<\/div>\n                            <\/div>\n                            <div class=\"product-inner\">\n                              <div class=\"product-caption\">\n\t\t\t\t\t\t\t                                <h2 class=\"product-name\"><a href=\"https:\/\/www.sulcarautopecas.com.br.186-226-60-153.cpanel.site\/lataria-e-carroceria\/chicote-porta-diant-esq-duster-2023-a5384-29638\">Chicote Porta Diant Esq Duster 2023 A538...<\/a><\/h2>\n\t\t\t\t\t\t\t                                     <div class=\"ratings\">\n                                      <div class=\"rating-box\">\n                                                                                        <div class=\"rating0\">rating<\/div>                                                                                                                                                                                                                                                                            <\/div>\n                                  <\/div>\n                              \t\t\t\t\t\t\t                                  <p class=\"price\">\n                                                                    R$80,00                                                                                                    <\/p>\n                                \t\t\t\t\t\t\t \n                              \n\t\t\t\t\t\t\t\t<p class=\"product-des\">Sulcar Auto Pe\u00e7as Blumenau\nTrabalhamos com produtos originais\nFoto reais do produto\nCalcular frete...no mercado de envios\nDemais d\u00favidas...apenas nos pergunte\nAp\u00f3s confirmar do pagamento enviamos em at\u00e9 1 dia \u00fatil\nEntregamos para todo territ\u00f3rio naci..<\/p>\n                              <div class=\"product-intro\">\n\t\t\t\t\t\t\t\t<div class=\"actions-link2\">\n\t\t\t\t\t\t\t\t\t<a class=\"btn-cart\" data-toggle=\"tooltip\" title=\"Comprar\" onclick=\"cart.add('29638');\"><span class=\"button\"><i class=\"fa fa-shopping-cart\"><\/i>Comprar<\/span><\/a>\t\t\t\t\t\t\t\t\t\n\t\t\t\t\t\t\t\t\t<a class=\"btn-wishlist\" data-toggle=\"tooltip\" title=\"Lista de desejos\" onclick=\"wishlist.add('29638');\"><i class=\"zmdi zmdi-favorite-outline\"><\/i><\/a>\t\t\t\t\t\t\t\t\t\n\t\t\t\t\t\t\t\t\t<a class=\"btn-compare\" data-toggle=\"tooltip\" title=\"Comparar\" onclick=\"compare.add('29638');\"><i class=\"zmdi zmdi-refresh-alt\"><\/i><\/a>\n\t\t\t\t\t\t\t\t<\/div>\n\t\t\t\t\t\t\t\t<\/div>\n                            <\/div>\n\t\t\t\t\t\t\t<\/div>\n                          <\/div>\n                        <\/div>\n                                            <div class=\"product-layout product-list col-xs-12\">\n                          <div class=\"product-thumb layout1\">\n\t\t\t\t\t\t\t<div class=\"image\">\n                              \t\t\t\t\t\t\t\t                              <a href=\"https:\/\/www.sulcarautopecas.com.br.186-226-60-153.cpanel.site\/lataria-e-carroceria\/vidro-fixo-tras-dir-fiat-fastback-2023-31744\">\n                                                              <img  src=\"image\/cache\/no_image-100x100.png\" alt=\"Vidro Fixo Tras Dir Fiat Fastback 2023\" \/>\n                              \t\t\t\t\t\t\t  <img  src=\"\" alt=\"Vidro Fixo Tras Dir Fiat Fastback 2023\" title=\"Vidro Fixo Tras Dir Fiat Fastback 2023\" class=\"img-responsive lazy\" \/>\n                              <\/a>\n\t\t\t\t\t\t\t  <div class=\"actions-link\">\t\t\t\t\t\t\t\t\t\n\t\t\t\t\t\t\t\t\t<a class=\"btn-wishlist\" data-toggle=\"tooltip\" title=\"Lista de desejos\" onclick=\"wishlist.add('31744');\"><i class=\"zmdi zmdi-favorite-outline\"><\/i><\/a>\t\t\t\t\t\t\t\t\t\n\t\t\t\t\t\t\t\t\t<a class=\"btn-compare\" data-toggle=\"tooltip\" title=\"Comparar\" onclick=\"compare.add('31744');\"><i class=\"zmdi zmdi-refresh-alt\"><\/i><\/a>\n\t\t\t\t\t\t\t\t<\/div>\n                            <\/div>\n                            <div class=\"product-inner\">\n                              <div class=\"product-caption\">\n\t\t\t\t\t\t\t                                <h2 class=\"product-name\"><a href=\"https:\/\/www.sulcarautopecas.com.br.186-226-60-153.cpanel.site\/lataria-e-carroceria\/vidro-fixo-tras-dir-fiat-fastback-2023-31744\">Vidro Fixo Tras Dir Fiat Fastback 2023<\/a><\/h2>\n\t\t\t\t\t\t\t                                     <div class=\"ratings\">\n                                      <div class=\"rating-box\">\n                                                                                        <div class=\"rating0\">rating<\/div>                                                                                                                                                                                                                                                                            <\/div>\n                                  <\/div>\n                              \t\t\t\t\t\t\t                                  <p class=\"price\">\n                                                                    R$280,00                                                                                                    <\/p>\n                                \t\t\t\t\t\t\t \n                              \n\t\t\t\t\t\t\t\t<p class=\"product-des\">*Sulcar Auto Pe\u00e7as Blumenau.\n*Trabalhamos com produtos originais.\n*Foto reais do produto.\n*Calcular frete em mercado envios,caso tenha nos pergunte.\n*Demais D\u00favidas apenas nos pergunte.\n*Ap\u00f3s confirma\u00e7\u00e3o do pagamento enviamos em at\u00e9 1 dia \u00fatil.\n*Entr..<\/p>\n                              <div class=\"product-intro\">\n\t\t\t\t\t\t\t\t<div class=\"actions-link2\">\n\t\t\t\t\t\t\t\t\t<a class=\"btn-cart\" data-toggle=\"tooltip\" title=\"Comprar\" onclick=\"cart.add('31744');\"><span class=\"button\"><i class=\"fa fa-shopping-cart\"><\/i>Comprar<\/span><\/a>\t\t\t\t\t\t\t\t\t\n\t\t\t\t\t\t\t\t\t<a class=\"btn-wishlist\" data-toggle=\"tooltip\" title=\"Lista de desejos\" onclick=\"wishlist.add('31744');\"><i class=\"zmdi zmdi-favorite-outline\"><\/i><\/a>\t\t\t\t\t\t\t\t\t\n\t\t\t\t\t\t\t\t\t<a class=\"btn-compare\" data-toggle=\"tooltip\" title=\"Comparar\" onclick=\"compare.add('31744');\"><i class=\"zmdi zmdi-refresh-alt\"><\/i><\/a>\n\t\t\t\t\t\t\t\t<\/div>\n\t\t\t\t\t\t\t\t<\/div>\n                            <\/div>\n\t\t\t\t\t\t\t<\/div>\n                          <\/div>\n                        <\/div>\n                                            <div class=\"product-layout product-list col-xs-12\">\n                          <div class=\"product-thumb layout1\">\n\t\t\t\t\t\t\t<div class=\"image\">\n                              \t\t\t\t\t\t\t\t                              <a href=\"https:\/\/www.sulcarautopecas.com.br.186-226-60-153.cpanel.site\/lataria-e-carroceria\/guia-vidro-diant-dir-fiat-fastback-audace-2023-a4216-28532\">\n                                                              <img  src=\"image\/cache\/no_image-100x100.png\" alt=\"Guia Vidro Diant Dir Fiat Fastback Audac...\" \/>\n                              \t\t\t\t\t\t\t  <img  src=\"\" alt=\"Guia Vidro Diant Dir Fiat Fastback Audac...\" title=\"Guia Vidro Diant Dir Fiat Fastback Audac...\" class=\"img-responsive lazy\" \/>\n                              <\/a>\n\t\t\t\t\t\t\t  <div class=\"actions-link\">\t\t\t\t\t\t\t\t\t\n\t\t\t\t\t\t\t\t\t<a class=\"btn-wishlist\" data-toggle=\"tooltip\" title=\"Lista de desejos\" onclick=\"wishlist.add('28532');\"><i class=\"zmdi zmdi-favorite-outline\"><\/i><\/a>\t\t\t\t\t\t\t\t\t\n\t\t\t\t\t\t\t\t\t<a class=\"btn-compare\" data-toggle=\"tooltip\" title=\"Comparar\" onclick=\"compare.add('28532');\"><i class=\"zmdi zmdi-refresh-alt\"><\/i><\/a>\n\t\t\t\t\t\t\t\t<\/div>\n                            <\/div>\n                            <div class=\"product-inner\">\n                              <div class=\"product-caption\">\n\t\t\t\t\t\t\t                                <h2 class=\"product-name\"><a href=\"https:\/\/www.sulcarautopecas.com.br.186-226-60-153.cpanel.site\/lataria-e-carroceria\/guia-vidro-diant-dir-fiat-fastback-audace-2023-a4216-28532\">Guia Vidro Diant Dir Fiat Fastback Audac...<\/a><\/h2>\n\t\t\t\t\t\t\t                                     <div class=\"ratings\">\n                                      <div class=\"rating-box\">\n                                                                                        <div class=\"rating0\">rating<\/div>                                                                                                                                                                                                                                                                            <\/div>\n                                  <\/div>\n                              \t\t\t\t\t\t\t                                  <p class=\"price\">\n                                                                    R$50,00                                                                                                    <\/p>\n                                \t\t\t\t\t\t\t \n                              \n\t\t\t\t\t\t\t\t<p class=\"product-des\">Sulcar Auto Pe\u00e7as Blumenau\nTrabalhamos com produtos originais\nFoto reais do produto\nCalcular frete...no mercado de envios\nDemais d\u00favidas...apenas nos pergunte\nAp\u00f3s confirmar do pagamento enviamos em at\u00e9 1 dia \u00fatil\nEntregamos para todo territ\u00f3rio naci..<\/p>\n                              <div class=\"product-intro\">\n\t\t\t\t\t\t\t\t<div class=\"actions-link2\">\n\t\t\t\t\t\t\t\t\t<a class=\"btn-cart\" data-toggle=\"tooltip\" title=\"Comprar\" onclick=\"cart.add('28532');\"><span class=\"button\"><i class=\"fa fa-shopping-cart\"><\/i>Comprar<\/span><\/a>\t\t\t\t\t\t\t\t\t\n\t\t\t\t\t\t\t\t\t<a class=\"btn-wishlist\" data-toggle=\"tooltip\" title=\"Lista de desejos\" onclick=\"wishlist.add('28532');\"><i class=\"zmdi zmdi-favorite-outline\"><\/i><\/a>\t\t\t\t\t\t\t\t\t\n\t\t\t\t\t\t\t\t\t<a class=\"btn-compare\" data-toggle=\"tooltip\" title=\"Comparar\" onclick=\"compare.add('28532');\"><i class=\"zmdi zmdi-refresh-alt\"><\/i><\/a>\n\t\t\t\t\t\t\t\t<\/div>\n\t\t\t\t\t\t\t\t<\/div>\n                            <\/div>\n\t\t\t\t\t\t\t<\/div>\n                          <\/div>\n                        <\/div>\n                                            <div class=\"product-layout product-list col-xs-12\">\n                          <div class=\"product-thumb layout1\">\n\t\t\t\t\t\t\t<div class=\"image\">\n                              \t\t\t\t\t\t\t\t                              <a href=\"https:\/\/www.sulcarautopecas.com.br.186-226-60-153.cpanel.site\/lataria-e-carroceria\/vidro-fixo-traseiro-direito-honda-civic-2014-22693\">\n                                                              <img  src=\"image\/cache\/no_image-100x100.png\" alt=\"Vidro Fixo Traseiro Direito Honda Civic ...\" \/>\n                              \t\t\t\t\t\t\t  <img  src=\"\" alt=\"Vidro Fixo Traseiro Direito Honda Civic ...\" title=\"Vidro Fixo Traseiro Direito Honda Civic ...\" class=\"img-responsive lazy\" \/>\n                              <\/a>\n\t\t\t\t\t\t\t  <div class=\"actions-link\">\t\t\t\t\t\t\t\t\t\n\t\t\t\t\t\t\t\t\t<a class=\"btn-wishlist\" data-toggle=\"tooltip\" title=\"Lista de desejos\" onclick=\"wishlist.add('22693');\"><i class=\"zmdi zmdi-favorite-outline\"><\/i><\/a>\t\t\t\t\t\t\t\t\t\n\t\t\t\t\t\t\t\t\t<a class=\"btn-compare\" data-toggle=\"tooltip\" title=\"Comparar\" onclick=\"compare.add('22693');\"><i class=\"zmdi zmdi-refresh-alt\"><\/i><\/a>\n\t\t\t\t\t\t\t\t<\/div>\n                            <\/div>\n                            <div class=\"product-inner\">\n                              <div class=\"product-caption\">\n\t\t\t\t\t\t\t                                <h2 class=\"product-name\"><a href=\"https:\/\/www.sulcarautopecas.com.br.186-226-60-153.cpanel.site\/lataria-e-carroceria\/vidro-fixo-traseiro-direito-honda-civic-2014-22693\">Vidro Fixo Traseiro Direito Honda Civic ...<\/a><\/h2>\n\t\t\t\t\t\t\t                                     <div class=\"ratings\">\n                                      <div class=\"rating-box\">\n                                                                                        <div class=\"rating0\">rating<\/div>                                                                                                                                                                                                                                                                            <\/div>\n                                  <\/div>\n                              \t\t\t\t\t\t\t                                  <p class=\"price\">\n                                                                    R$130,00                                                                                                    <\/p>\n                                \t\t\t\t\t\t\t \n                              \n\t\t\t\t\t\t\t\t<p class=\"product-des\">Trabalhamos com produtos originais, retirados de ve\u00edculos baixados no Detran, com total proced\u00eancia e garantia.\nTodas as nossas fotos s\u00e3o reais do produto.\n\nPara calcular o frente basta aproveitar as vantagens do MERCADO ENVIOS.\nCaso o produto n\u00e3o te..<\/p>\n                              <div class=\"product-intro\">\n\t\t\t\t\t\t\t\t<div class=\"actions-link2\">\n\t\t\t\t\t\t\t\t\t<a class=\"btn-cart\" data-toggle=\"tooltip\" title=\"Comprar\" onclick=\"cart.add('22693');\"><span class=\"button\"><i class=\"fa fa-shopping-cart\"><\/i>Comprar<\/span><\/a>\t\t\t\t\t\t\t\t\t\n\t\t\t\t\t\t\t\t\t<a class=\"btn-wishlist\" data-toggle=\"tooltip\" title=\"Lista de desejos\" onclick=\"wishlist.add('22693');\"><i class=\"zmdi zmdi-favorite-outline\"><\/i><\/a>\t\t\t\t\t\t\t\t\t\n\t\t\t\t\t\t\t\t\t<a class=\"btn-compare\" data-toggle=\"tooltip\" title=\"Comparar\" onclick=\"compare.add('22693');\"><i class=\"zmdi zmdi-refresh-alt\"><\/i><\/a>\n\t\t\t\t\t\t\t\t<\/div>\n\t\t\t\t\t\t\t\t<\/div>\n                            <\/div>\n\t\t\t\t\t\t\t<\/div>\n                          <\/div>\n                        <\/div>\n                                            <div class=\"product-layout product-list col-xs-12\">\n                          <div class=\"product-thumb layout1\">\n\t\t\t\t\t\t\t<div class=\"image\">\n                              \t\t\t\t\t\t\t\t                              <a href=\"https:\/\/www.sulcarautopecas.com.br.186-226-60-153.cpanel.site\/lataria-e-carroceria\/amortecedor-tampa-porta-luva-honda-crv-2010-original-14986\">\n                                                              <img  src=\"image\/cache\/no_image-100x100.png\" alt=\"Amortecedor Tampa Porta Luva Honda Crv 2...\" \/>\n                              \t\t\t\t\t\t\t  <img  src=\"\" alt=\"Amortecedor Tampa Porta Luva Honda Crv 2...\" title=\"Amortecedor Tampa Porta Luva Honda Crv 2...\" class=\"img-responsive lazy\" \/>\n                              <\/a>\n\t\t\t\t\t\t\t  <div class=\"actions-link\">\t\t\t\t\t\t\t\t\t\n\t\t\t\t\t\t\t\t\t<a class=\"btn-wishlist\" data-toggle=\"tooltip\" title=\"Lista de desejos\" onclick=\"wishlist.add('14986');\"><i class=\"zmdi zmdi-favorite-outline\"><\/i><\/a>\t\t\t\t\t\t\t\t\t\n\t\t\t\t\t\t\t\t\t<a class=\"btn-compare\" data-toggle=\"tooltip\" title=\"Comparar\" onclick=\"compare.add('14986');\"><i class=\"zmdi zmdi-refresh-alt\"><\/i><\/a>\n\t\t\t\t\t\t\t\t<\/div>\n                            <\/div>\n                            <div class=\"product-inner\">\n                              <div class=\"product-caption\">\n\t\t\t\t\t\t\t                                <h2 class=\"product-name\"><a href=\"https:\/\/www.sulcarautopecas.com.br.186-226-60-153.cpanel.site\/lataria-e-carroceria\/amortecedor-tampa-porta-luva-honda-crv-2010-original-14986\">Amortecedor Tampa Porta Luva Honda Crv 2...<\/a><\/h2>\n\t\t\t\t\t\t\t                                     <div class=\"ratings\">\n                                      <div class=\"rating-box\">\n                                                                                        <div class=\"rating0\">rating<\/div>                                                                                                                                                                                                                                                                            <\/div>\n                                  <\/div>\n                              \t\t\t\t\t\t\t                                  <p class=\"price\">\n                                                                    R$60,00                                                                                                    <\/p>\n                                \t\t\t\t\t\t\t \n                              \n\t\t\t\t\t\t\t\t<p class=\"product-des\">*Sulcar Auto Pe\u00e7as Blumenau.\n*Trabalhamos com produtos originais.\n*Foto reais do produto.\n*Calcular frete em mercado envios,caso tenha nos pergunte.\n*Demais D\u00favidas apenas nos pergunte.\n*Ap\u00f3s confirma\u00e7\u00e3o do pagamento enviamos em at\u00e9 1 dia \u00fatil.\n*Entr..<\/p>\n                              <div class=\"product-intro\">\n\t\t\t\t\t\t\t\t<div class=\"actions-link2\">\n\t\t\t\t\t\t\t\t\t<a class=\"btn-cart\" data-toggle=\"tooltip\" title=\"Comprar\" onclick=\"cart.add('14986');\"><span class=\"button\"><i class=\"fa fa-shopping-cart\"><\/i>Comprar<\/span><\/a>\t\t\t\t\t\t\t\t\t\n\t\t\t\t\t\t\t\t\t<a class=\"btn-wishlist\" data-toggle=\"tooltip\" title=\"Lista de desejos\" onclick=\"wishlist.add('14986');\"><i class=\"zmdi zmdi-favorite-outline\"><\/i><\/a>\t\t\t\t\t\t\t\t\t\n\t\t\t\t\t\t\t\t\t<a class=\"btn-compare\" data-toggle=\"tooltip\" title=\"Comparar\" onclick=\"compare.add('14986');\"><i class=\"zmdi zmdi-refresh-alt\"><\/i><\/a>\n\t\t\t\t\t\t\t\t<\/div>\n\t\t\t\t\t\t\t\t<\/div>\n                            <\/div>\n\t\t\t\t\t\t\t<\/div>\n                          <\/div>\n                        <\/div>\n                                            <div class=\"product-layout product-list col-xs-12\">\n                          <div class=\"product-thumb layout1\">\n\t\t\t\t\t\t\t<div class=\"image\">\n                              \t\t\t\t\t\t\t\t                              <a href=\"https:\/\/www.sulcarautopecas.com.br.186-226-60-153.cpanel.site\/lataria-e-carroceria\/pestana-externa-porta-diant-dir-renault-duster-2024-33064\">\n                                                              <img  src=\"image\/cache\/no_image-100x100.png\" alt=\"Pestana Externa Porta Diant Dir Renault ...\" \/>\n                              \t\t\t\t\t\t\t  <img  src=\"\" alt=\"Pestana Externa Porta Diant Dir Renault ...\" title=\"Pestana Externa Porta Diant Dir Renault ...\" class=\"img-responsive lazy\" \/>\n                              <\/a>\n\t\t\t\t\t\t\t  <div class=\"actions-link\">\t\t\t\t\t\t\t\t\t\n\t\t\t\t\t\t\t\t\t<a class=\"btn-wishlist\" data-toggle=\"tooltip\" title=\"Lista de desejos\" onclick=\"wishlist.add('33064');\"><i class=\"zmdi zmdi-favorite-outline\"><\/i><\/a>\t\t\t\t\t\t\t\t\t\n\t\t\t\t\t\t\t\t\t<a class=\"btn-compare\" data-toggle=\"tooltip\" title=\"Comparar\" onclick=\"compare.add('33064');\"><i class=\"zmdi zmdi-refresh-alt\"><\/i><\/a>\n\t\t\t\t\t\t\t\t<\/div>\n                            <\/div>\n                            <div class=\"product-inner\">\n                              <div class=\"product-caption\">\n\t\t\t\t\t\t\t                                <h2 class=\"product-name\"><a href=\"https:\/\/www.sulcarautopecas.com.br.186-226-60-153.cpanel.site\/lataria-e-carroceria\/pestana-externa-porta-diant-dir-renault-duster-2024-33064\">Pestana Externa Porta Diant Dir Renault ...<\/a><\/h2>\n\t\t\t\t\t\t\t                                     <div class=\"ratings\">\n                                      <div class=\"rating-box\">\n                                                                                        <div class=\"rating0\">rating<\/div>                                                                                                                                                                                                                                                                            <\/div>\n                                  <\/div>\n                              \t\t\t\t\t\t\t                                  <p class=\"price\">\n                                                                    R$100,00                                                                                                    <\/p>\n                                \t\t\t\t\t\t\t \n                              \n\t\t\t\t\t\t\t\t<p class=\"product-des\">*Sulcar Auto Pe\u00e7as Blumenau.\n*Trabalhamos com produtos originais.\n*Foto reais do produto.\n*Calcular frete em mercado envios,caso tenha nos pergunte.\n*Demais D\u00favidas apenas nos pergunte.\n*Ap\u00f3s confirma\u00e7\u00e3o do pagamento enviamos em at\u00e9 1 dia \u00fatil.\n*Entr..<\/p>\n                              <div class=\"product-intro\">\n\t\t\t\t\t\t\t\t<div class=\"actions-link2\">\n\t\t\t\t\t\t\t\t\t<a class=\"btn-cart\" data-toggle=\"tooltip\" title=\"Comprar\" onclick=\"cart.add('33064');\"><span class=\"button\"><i class=\"fa fa-shopping-cart\"><\/i>Comprar<\/span><\/a>\t\t\t\t\t\t\t\t\t\n\t\t\t\t\t\t\t\t\t<a class=\"btn-wishlist\" data-toggle=\"tooltip\" title=\"Lista de desejos\" onclick=\"wishlist.add('33064');\"><i class=\"zmdi zmdi-favorite-outline\"><\/i><\/a>\t\t\t\t\t\t\t\t\t\n\t\t\t\t\t\t\t\t\t<a class=\"btn-compare\" data-toggle=\"tooltip\" title=\"Comparar\" onclick=\"compare.add('33064');\"><i class=\"zmdi zmdi-refresh-alt\"><\/i><\/a>\n\t\t\t\t\t\t\t\t<\/div>\n\t\t\t\t\t\t\t\t<\/div>\n                            <\/div>\n\t\t\t\t\t\t\t<\/div>\n                          <\/div>\n                        <\/div>\n                                            <div class=\"product-layout product-list col-xs-12\">\n                          <div class=\"product-thumb layout1\">\n\t\t\t\t\t\t\t<div class=\"image\">\n                              \t\t\t\t\t\t\t\t                              <a href=\"https:\/\/www.sulcarautopecas.com.br.186-226-60-153.cpanel.site\/lataria-e-carroceria\/vidro-porta-dianteira-direita-honda-civic-2014-30064\">\n                                                              <img  src=\"image\/cache\/no_image-100x100.png\" alt=\"Vidro Porta Dianteira Direita Honda Civi...\" \/>\n                              \t\t\t\t\t\t\t  <img  src=\"\" alt=\"Vidro Porta Dianteira Direita Honda Civi...\" title=\"Vidro Porta Dianteira Direita Honda Civi...\" class=\"img-responsive lazy\" \/>\n                              <\/a>\n\t\t\t\t\t\t\t  <div class=\"actions-link\">\t\t\t\t\t\t\t\t\t\n\t\t\t\t\t\t\t\t\t<a class=\"btn-wishlist\" data-toggle=\"tooltip\" title=\"Lista de desejos\" onclick=\"wishlist.add('30064');\"><i class=\"zmdi zmdi-favorite-outline\"><\/i><\/a>\t\t\t\t\t\t\t\t\t\n\t\t\t\t\t\t\t\t\t<a class=\"btn-compare\" data-toggle=\"tooltip\" title=\"Comparar\" onclick=\"compare.add('30064');\"><i class=\"zmdi zmdi-refresh-alt\"><\/i><\/a>\n\t\t\t\t\t\t\t\t<\/div>\n                            <\/div>\n                            <div class=\"product-inner\">\n                              <div class=\"product-caption\">\n\t\t\t\t\t\t\t                                <h2 class=\"product-name\"><a href=\"https:\/\/www.sulcarautopecas.com.br.186-226-60-153.cpanel.site\/lataria-e-carroceria\/vidro-porta-dianteira-direita-honda-civic-2014-30064\">Vidro Porta Dianteira Direita Honda Civi...<\/a><\/h2>\n\t\t\t\t\t\t\t                                     <div class=\"ratings\">\n                                      <div class=\"rating-box\">\n                                                                                        <div class=\"rating0\">rating<\/div>                                                                                                                                                                                                                                                                            <\/div>\n                                  <\/div>\n                              \t\t\t\t\t\t\t                                  <p class=\"price\">\n                                                                    R$100,00                                                                                                    <\/p>\n                                \t\t\t\t\t\t\t \n                              \n\t\t\t\t\t\t\t\t<p class=\"product-des\">*Sulcar Auto Pe\u00e7as Blumenau.\n*Trabalhamos com produtos originais.\n*Foto reais do produto.\n*Calcular frete em mercado envios,caso tenha nos pergunte.\n*Demais D\u00favidas apenas nos pergunte.\n*Ap\u00f3s confirma\u00e7\u00e3o do pagamento enviamos em at\u00e9 1 dia \u00fatil.\n*Entr..<\/p>\n                              <div class=\"product-intro\">\n\t\t\t\t\t\t\t\t<div class=\"actions-link2\">\n\t\t\t\t\t\t\t\t\t<a class=\"btn-cart\" data-toggle=\"tooltip\" title=\"Comprar\" onclick=\"cart.add('30064');\"><span class=\"button\"><i class=\"fa fa-shopping-cart\"><\/i>Comprar<\/span><\/a>\t\t\t\t\t\t\t\t\t\n\t\t\t\t\t\t\t\t\t<a class=\"btn-wishlist\" data-toggle=\"tooltip\" title=\"Lista de desejos\" onclick=\"wishlist.add('30064');\"><i class=\"zmdi zmdi-favorite-outline\"><\/i><\/a>\t\t\t\t\t\t\t\t\t\n\t\t\t\t\t\t\t\t\t<a class=\"btn-compare\" data-toggle=\"tooltip\" title=\"Comparar\" onclick=\"compare.add('30064');\"><i class=\"zmdi zmdi-refresh-alt\"><\/i><\/a>\n\t\t\t\t\t\t\t\t<\/div>\n\t\t\t\t\t\t\t\t<\/div>\n                            <\/div>\n\t\t\t\t\t\t\t<\/div>\n                          <\/div>\n                        <\/div>\n                                            <div class=\"product-layout product-list col-xs-12\">\n                          <div class=\"product-thumb layout1\">\n\t\t\t\t\t\t\t<div class=\"image\">\n                              \t\t\t\t\t\t\t\t                              <a href=\"https:\/\/www.sulcarautopecas.com.br.186-226-60-153.cpanel.site\/lataria-e-carroceria\/limitador-porta-tras-esq-kia-soul-2010-1-6-aut-a707-25278\">\n                                                              <img  src=\"image\/cache\/no_image-100x100.png\" alt=\"Limitador Porta Tras Esq Kia Soul 2010 1...\" \/>\n                              \t\t\t\t\t\t\t  <img  src=\"\" alt=\"Limitador Porta Tras Esq Kia Soul 2010 1...\" title=\"Limitador Porta Tras Esq Kia Soul 2010 1...\" class=\"img-responsive lazy\" \/>\n                              <\/a>\n\t\t\t\t\t\t\t  <div class=\"actions-link\">\t\t\t\t\t\t\t\t\t\n\t\t\t\t\t\t\t\t\t<a class=\"btn-wishlist\" data-toggle=\"tooltip\" title=\"Lista de desejos\" onclick=\"wishlist.add('25278');\"><i class=\"zmdi zmdi-favorite-outline\"><\/i><\/a>\t\t\t\t\t\t\t\t\t\n\t\t\t\t\t\t\t\t\t<a class=\"btn-compare\" data-toggle=\"tooltip\" title=\"Comparar\" onclick=\"compare.add('25278');\"><i class=\"zmdi zmdi-refresh-alt\"><\/i><\/a>\n\t\t\t\t\t\t\t\t<\/div>\n                            <\/div>\n                            <div class=\"product-inner\">\n                              <div class=\"product-caption\">\n\t\t\t\t\t\t\t                                <h2 class=\"product-name\"><a href=\"https:\/\/www.sulcarautopecas.com.br.186-226-60-153.cpanel.site\/lataria-e-carroceria\/limitador-porta-tras-esq-kia-soul-2010-1-6-aut-a707-25278\">Limitador Porta Tras Esq Kia Soul 2010 1...<\/a><\/h2>\n\t\t\t\t\t\t\t                                     <div class=\"ratings\">\n                                      <div class=\"rating-box\">\n                                                                                        <div class=\"rating0\">rating<\/div>                                                                                                                                                                                                                                                                            <\/div>\n                                  <\/div>\n                              \t\t\t\t\t\t\t                                  <p class=\"price\">\n                                                                    R$80,00                                                                                                    <\/p>\n                                \t\t\t\t\t\t\t \n                              \n\t\t\t\t\t\t\t\t<p class=\"product-des\">Sulcar Auto Pe\u00e7as Blumenau.\nTrabalhamos com pe\u00e7as originais.\nFoto reais do produto.\nCalcule frente\u2026no mercado de envios.\nDemais d\u00favida nos pergunte.\nAp\u00f3s confirma\u00e7\u00e3o do pagamento,enviamos em at\u00e9 1 dia \u00fatil.\nEntregamos para todo pa\u00eds com qualidade e s..<\/p>\n                              <div class=\"product-intro\">\n\t\t\t\t\t\t\t\t<div class=\"actions-link2\">\n\t\t\t\t\t\t\t\t\t<a class=\"btn-cart\" data-toggle=\"tooltip\" title=\"Comprar\" onclick=\"cart.add('25278');\"><span class=\"button\"><i class=\"fa fa-shopping-cart\"><\/i>Comprar<\/span><\/a>\t\t\t\t\t\t\t\t\t\n\t\t\t\t\t\t\t\t\t<a class=\"btn-wishlist\" data-toggle=\"tooltip\" title=\"Lista de desejos\" onclick=\"wishlist.add('25278');\"><i class=\"zmdi zmdi-favorite-outline\"><\/i><\/a>\t\t\t\t\t\t\t\t\t\n\t\t\t\t\t\t\t\t\t<a class=\"btn-compare\" data-toggle=\"tooltip\" title=\"Comparar\" onclick=\"compare.add('25278');\"><i class=\"zmdi zmdi-refresh-alt\"><\/i><\/a>\n\t\t\t\t\t\t\t\t<\/div>\n\t\t\t\t\t\t\t\t<\/div>\n                            <\/div>\n\t\t\t\t\t\t\t<\/div>\n                          <\/div>\n                        <\/div>\n                                            <div class=\"product-layout product-list col-xs-12\">\n                          <div class=\"product-thumb layout1\">\n\t\t\t\t\t\t\t<div class=\"image\">\n                              \t\t\t\t\t\t\t\t                              <a href=\"https:\/\/www.sulcarautopecas.com.br.186-226-60-153.cpanel.site\/lataria-e-carroceria\/auto-falante-porta-dianteira-direita-nissan-kicks-2022-19192\">\n                                                              <img  src=\"image\/cache\/no_image-100x100.png\" alt=\"Auto Falante Porta Dianteira Direita Nis...\" \/>\n                              \t\t\t\t\t\t\t  <img  src=\"\" alt=\"Auto Falante Porta Dianteira Direita Nis...\" title=\"Auto Falante Porta Dianteira Direita Nis...\" class=\"img-responsive lazy\" \/>\n                              <\/a>\n\t\t\t\t\t\t\t  <div class=\"actions-link\">\t\t\t\t\t\t\t\t\t\n\t\t\t\t\t\t\t\t\t<a class=\"btn-wishlist\" data-toggle=\"tooltip\" title=\"Lista de desejos\" onclick=\"wishlist.add('19192');\"><i class=\"zmdi zmdi-favorite-outline\"><\/i><\/a>\t\t\t\t\t\t\t\t\t\n\t\t\t\t\t\t\t\t\t<a class=\"btn-compare\" data-toggle=\"tooltip\" title=\"Comparar\" onclick=\"compare.add('19192');\"><i class=\"zmdi zmdi-refresh-alt\"><\/i><\/a>\n\t\t\t\t\t\t\t\t<\/div>\n                            <\/div>\n                            <div class=\"product-inner\">\n                              <div class=\"product-caption\">\n\t\t\t\t\t\t\t                                <h2 class=\"product-name\"><a href=\"https:\/\/www.sulcarautopecas.com.br.186-226-60-153.cpanel.site\/lataria-e-carroceria\/auto-falante-porta-dianteira-direita-nissan-kicks-2022-19192\">Auto Falante Porta Dianteira Direita Nis...<\/a><\/h2>\n\t\t\t\t\t\t\t                                     <div class=\"ratings\">\n                                      <div class=\"rating-box\">\n                                                                                        <div class=\"rating0\">rating<\/div>                                                                                                                                                                                                                                                                            <\/div>\n                                  <\/div>\n                              \t\t\t\t\t\t\t                                  <p class=\"price\">\n                                                                    R$80,00                                                                                                    <\/p>\n                                \t\t\t\t\t\t\t \n                              \n\t\t\t\t\t\t\t\t<p class=\"product-des\">Sulcar Auto Pe\u00e7as Blumenau.\nTrabalhamos com pe\u00e7as originais.\nFoto reais do produto.\nCalcule frente\u2026no mercado de envios.\nDemais d\u00favida nos pergunte.\nAp\u00f3s confirma\u00e7\u00e3o do pagamento,enviamos em at\u00e9 1 dia \u00fatil.\nEntregamos para todo pa\u00eds com qualidade e s..<\/p>\n                              <div class=\"product-intro\">\n\t\t\t\t\t\t\t\t<div class=\"actions-link2\">\n\t\t\t\t\t\t\t\t\t<a class=\"btn-cart\" data-toggle=\"tooltip\" title=\"Comprar\" onclick=\"cart.add('19192');\"><span class=\"button\"><i class=\"fa fa-shopping-cart\"><\/i>Comprar<\/span><\/a>\t\t\t\t\t\t\t\t\t\n\t\t\t\t\t\t\t\t\t<a class=\"btn-wishlist\" data-toggle=\"tooltip\" title=\"Lista de desejos\" onclick=\"wishlist.add('19192');\"><i class=\"zmdi zmdi-favorite-outline\"><\/i><\/a>\t\t\t\t\t\t\t\t\t\n\t\t\t\t\t\t\t\t\t<a class=\"btn-compare\" data-toggle=\"tooltip\" title=\"Comparar\" onclick=\"compare.add('19192');\"><i class=\"zmdi zmdi-refresh-alt\"><\/i><\/a>\n\t\t\t\t\t\t\t\t<\/div>\n\t\t\t\t\t\t\t\t<\/div>\n                            <\/div>\n\t\t\t\t\t\t\t<\/div>\n                          <\/div>\n                        <\/div>\n                                            <div class=\"product-layout product-list col-xs-12\">\n                          <div class=\"product-thumb layout1\">\n\t\t\t\t\t\t\t<div class=\"image\">\n                              \t\t\t\t\t\t\t\t                              <a href=\"https:\/\/www.sulcarautopecas.com.br.186-226-60-153.cpanel.site\/lataria-e-carroceria\/suporte-agregado-esquerdo-renault-duster-1-3-turbo-2024-31429\">\n                                                              <img  src=\"image\/cache\/no_image-100x100.png\" alt=\"Suporte Agregado Esquerdo Renault Duster...\" \/>\n                              \t\t\t\t\t\t\t  <img  src=\"\" alt=\"Suporte Agregado Esquerdo Renault Duster...\" title=\"Suporte Agregado Esquerdo Renault Duster...\" class=\"img-responsive lazy\" \/>\n                              <\/a>\n\t\t\t\t\t\t\t  <div class=\"actions-link\">\t\t\t\t\t\t\t\t\t\n\t\t\t\t\t\t\t\t\t<a class=\"btn-wishlist\" data-toggle=\"tooltip\" title=\"Lista de desejos\" onclick=\"wishlist.add('31429');\"><i class=\"zmdi zmdi-favorite-outline\"><\/i><\/a>\t\t\t\t\t\t\t\t\t\n\t\t\t\t\t\t\t\t\t<a class=\"btn-compare\" data-toggle=\"tooltip\" title=\"Comparar\" onclick=\"compare.add('31429');\"><i class=\"zmdi zmdi-refresh-alt\"><\/i><\/a>\n\t\t\t\t\t\t\t\t<\/div>\n                            <\/div>\n                            <div class=\"product-inner\">\n                              <div class=\"product-caption\">\n\t\t\t\t\t\t\t                                <h2 class=\"product-name\"><a href=\"https:\/\/www.sulcarautopecas.com.br.186-226-60-153.cpanel.site\/lataria-e-carroceria\/suporte-agregado-esquerdo-renault-duster-1-3-turbo-2024-31429\">Suporte Agregado Esquerdo Renault Duster...<\/a><\/h2>\n\t\t\t\t\t\t\t                                     <div class=\"ratings\">\n                                      <div class=\"rating-box\">\n                                                                                        <div class=\"rating0\">rating<\/div>                                                                                                                                                                                                                                                                            <\/div>\n                                  <\/div>\n                              \t\t\t\t\t\t\t                                  <p class=\"price\">\n                                                                    R$70,00                                                                                                    <\/p>\n                                \t\t\t\t\t\t\t \n                              \n\t\t\t\t\t\t\t\t<p class=\"product-des\">*Sulcar Auto Pe\u00e7as Blumenau.\n*Trabalhamos com produtos originais.\n*Foto reais do produto.\n*Calcular frete em mercado envios,caso tenha nos pergunte.\n*Demais D\u00favidas apenas nos pergunte.\n*Ap\u00f3s confirma\u00e7\u00e3o do pagamento enviamos em at\u00e9 1 dia \u00fatil.\n*Entr..<\/p>\n                              <div class=\"product-intro\">\n\t\t\t\t\t\t\t\t<div class=\"actions-link2\">\n\t\t\t\t\t\t\t\t\t<a class=\"btn-cart\" data-toggle=\"tooltip\" title=\"Comprar\" onclick=\"cart.add('31429');\"><span class=\"button\"><i class=\"fa fa-shopping-cart\"><\/i>Comprar<\/span><\/a>\t\t\t\t\t\t\t\t\t\n\t\t\t\t\t\t\t\t\t<a class=\"btn-wishlist\" data-toggle=\"tooltip\" title=\"Lista de desejos\" onclick=\"wishlist.add('31429');\"><i class=\"zmdi zmdi-favorite-outline\"><\/i><\/a>\t\t\t\t\t\t\t\t\t\n\t\t\t\t\t\t\t\t\t<a class=\"btn-compare\" data-toggle=\"tooltip\" title=\"Comparar\" onclick=\"compare.add('31429');\"><i class=\"zmdi zmdi-refresh-alt\"><\/i><\/a>\n\t\t\t\t\t\t\t\t<\/div>\n\t\t\t\t\t\t\t\t<\/div>\n                            <\/div>\n\t\t\t\t\t\t\t<\/div>\n                          <\/div>\n                        <\/div>\n                                            <div class=\"product-layout product-list col-xs-12\">\n                          <div class=\"product-thumb layout1\">\n\t\t\t\t\t\t\t<div class=\"image\">\n                              \t\t\t\t\t\t\t\t                              <a href=\"https:\/\/www.sulcarautopecas.com.br.186-226-60-153.cpanel.site\/lataria-e-carroceria\/carpet-porta-malas-fiat-fastback-2023-abart-turbo-a3549-27891\">\n                                                              <img  src=\"image\/cache\/no_image-100x100.png\" alt=\"Carpet Porta Malas Fiat Fastback 2023 Ab...\" \/>\n                              \t\t\t\t\t\t\t  <img  src=\"\" alt=\"Carpet Porta Malas Fiat Fastback 2023 Ab...\" title=\"Carpet Porta Malas Fiat Fastback 2023 Ab...\" class=\"img-responsive lazy\" \/>\n                              <\/a>\n\t\t\t\t\t\t\t  <div class=\"actions-link\">\t\t\t\t\t\t\t\t\t\n\t\t\t\t\t\t\t\t\t<a class=\"btn-wishlist\" data-toggle=\"tooltip\" title=\"Lista de desejos\" onclick=\"wishlist.add('27891');\"><i class=\"zmdi zmdi-favorite-outline\"><\/i><\/a>\t\t\t\t\t\t\t\t\t\n\t\t\t\t\t\t\t\t\t<a class=\"btn-compare\" data-toggle=\"tooltip\" title=\"Comparar\" onclick=\"compare.add('27891');\"><i class=\"zmdi zmdi-refresh-alt\"><\/i><\/a>\n\t\t\t\t\t\t\t\t<\/div>\n                            <\/div>\n                            <div class=\"product-inner\">\n                              <div class=\"product-caption\">\n\t\t\t\t\t\t\t                                <h2 class=\"product-name\"><a href=\"https:\/\/www.sulcarautopecas.com.br.186-226-60-153.cpanel.site\/lataria-e-carroceria\/carpet-porta-malas-fiat-fastback-2023-abart-turbo-a3549-27891\">Carpet Porta Malas Fiat Fastback 2023 Ab...<\/a><\/h2>\n\t\t\t\t\t\t\t                                     <div class=\"ratings\">\n                                      <div class=\"rating-box\">\n                                                                                        <div class=\"rating0\">rating<\/div>                                                                                                                                                                                                                                                                            <\/div>\n                                  <\/div>\n                              \t\t\t\t\t\t\t                                  <p class=\"price\">\n                                                                    R$400,00                                                                                                    <\/p>\n                                \t\t\t\t\t\t\t \n                              \n\t\t\t\t\t\t\t\t<p class=\"product-des\">Sulcar Auto Pe\u00e7as Blumenau\nTrabalhamos com produtos originais\nFoto reais do produto\nCalcular frete...no mercado de envios\nDemais d\u00favidas...apenas nos pergunte\nAp\u00f3s confirmar do pagamento enviamos em at\u00e9 1 dia \u00fatil\nEntregamos para todo territ\u00f3rio naci..<\/p>\n                              <div class=\"product-intro\">\n\t\t\t\t\t\t\t\t<div class=\"actions-link2\">\n\t\t\t\t\t\t\t\t\t<a class=\"btn-cart\" data-toggle=\"tooltip\" title=\"Comprar\" onclick=\"cart.add('27891');\"><span class=\"button\"><i class=\"fa fa-shopping-cart\"><\/i>Comprar<\/span><\/a>\t\t\t\t\t\t\t\t\t\n\t\t\t\t\t\t\t\t\t<a class=\"btn-wishlist\" data-toggle=\"tooltip\" title=\"Lista de desejos\" onclick=\"wishlist.add('27891');\"><i class=\"zmdi zmdi-favorite-outline\"><\/i><\/a>\t\t\t\t\t\t\t\t\t\n\t\t\t\t\t\t\t\t\t<a class=\"btn-compare\" data-toggle=\"tooltip\" title=\"Comparar\" onclick=\"compare.add('27891');\"><i class=\"zmdi zmdi-refresh-alt\"><\/i><\/a>\n\t\t\t\t\t\t\t\t<\/div>\n\t\t\t\t\t\t\t\t<\/div>\n                            <\/div>\n\t\t\t\t\t\t\t<\/div>\n                          <\/div>\n                        <\/div>\n                                            <div class=\"product-layout product-list col-xs-12\">\n                          <div class=\"product-thumb layout1\">\n\t\t\t\t\t\t\t<div class=\"image\">\n                              \t\t\t\t\t\t\t\t                              <a href=\"https:\/\/www.sulcarautopecas.com.br.186-226-60-153.cpanel.site\/lataria-e-carroceria\/acabamento-porta-traseira-esquerda-renault-captur-2022-22093\">\n                                                              <img  src=\"image\/cache\/no_image-100x100.png\" alt=\"Acabamento Porta Traseira Esquerda Renau...\" \/>\n                              \t\t\t\t\t\t\t  <img  src=\"\" alt=\"Acabamento Porta Traseira Esquerda Renau...\" title=\"Acabamento Porta Traseira Esquerda Renau...\" class=\"img-responsive lazy\" \/>\n                              <\/a>\n\t\t\t\t\t\t\t  <div class=\"actions-link\">\t\t\t\t\t\t\t\t\t\n\t\t\t\t\t\t\t\t\t<a class=\"btn-wishlist\" data-toggle=\"tooltip\" title=\"Lista de desejos\" onclick=\"wishlist.add('22093');\"><i class=\"zmdi zmdi-favorite-outline\"><\/i><\/a>\t\t\t\t\t\t\t\t\t\n\t\t\t\t\t\t\t\t\t<a class=\"btn-compare\" data-toggle=\"tooltip\" title=\"Comparar\" onclick=\"compare.add('22093');\"><i class=\"zmdi zmdi-refresh-alt\"><\/i><\/a>\n\t\t\t\t\t\t\t\t<\/div>\n                            <\/div>\n                            <div class=\"product-inner\">\n                              <div class=\"product-caption\">\n\t\t\t\t\t\t\t                                <h2 class=\"product-name\"><a href=\"https:\/\/www.sulcarautopecas.com.br.186-226-60-153.cpanel.site\/lataria-e-carroceria\/acabamento-porta-traseira-esquerda-renault-captur-2022-22093\">Acabamento Porta Traseira Esquerda Renau...<\/a><\/h2>\n\t\t\t\t\t\t\t                                     <div class=\"ratings\">\n                                      <div class=\"rating-box\">\n                                                                                        <div class=\"rating0\">rating<\/div>                                                                                                                                                                                                                                                                            <\/div>\n                                  <\/div>\n                              \t\t\t\t\t\t\t                                  <p class=\"price\">\n                                                                    R$80,00                                                                                                    <\/p>\n                                \t\t\t\t\t\t\t \n                              \n\t\t\t\t\t\t\t\t<p class=\"product-des\">Trabalhamos com produtos originais, retirados de ve\u00edculos baixados no Detran, com total proced\u00eancia e garantia.\nTodas as nossas fotos s\u00e3o reais do produto.\n\nPara calcular o frente basta aproveitar as vantagens do MERCADO ENVIOS.\nCaso o produto n\u00e3o te..<\/p>\n                              <div class=\"product-intro\">\n\t\t\t\t\t\t\t\t<div class=\"actions-link2\">\n\t\t\t\t\t\t\t\t\t<a class=\"btn-cart\" data-toggle=\"tooltip\" title=\"Comprar\" onclick=\"cart.add('22093');\"><span class=\"button\"><i class=\"fa fa-shopping-cart\"><\/i>Comprar<\/span><\/a>\t\t\t\t\t\t\t\t\t\n\t\t\t\t\t\t\t\t\t<a class=\"btn-wishlist\" data-toggle=\"tooltip\" title=\"Lista de desejos\" onclick=\"wishlist.add('22093');\"><i class=\"zmdi zmdi-favorite-outline\"><\/i><\/a>\t\t\t\t\t\t\t\t\t\n\t\t\t\t\t\t\t\t\t<a class=\"btn-compare\" data-toggle=\"tooltip\" title=\"Comparar\" onclick=\"compare.add('22093');\"><i class=\"zmdi zmdi-refresh-alt\"><\/i><\/a>\n\t\t\t\t\t\t\t\t<\/div>\n\t\t\t\t\t\t\t\t<\/div>\n                            <\/div>\n\t\t\t\t\t\t\t<\/div>\n                          <\/div>\n                        <\/div>\n                                            <div class=\"product-layout product-list col-xs-12\">\n                          <div class=\"product-thumb layout1\">\n\t\t\t\t\t\t\t<div class=\"image\">\n                              \t\t\t\t\t\t\t\t                              <a href=\"https:\/\/www.sulcarautopecas.com.br.186-226-60-153.cpanel.site\/lataria-e-carroceria\/calha-vidro-porta-dianteiro-direito-hyundai-ix35-2012-14291\">\n                                                              <img  src=\"image\/cache\/no_image-100x100.png\" alt=\"Calha Vidro Porta Dianteiro Direito Hyun...\" \/>\n                              \t\t\t\t\t\t\t  <img  src=\"\" alt=\"Calha Vidro Porta Dianteiro Direito Hyun...\" title=\"Calha Vidro Porta Dianteiro Direito Hyun...\" class=\"img-responsive lazy\" \/>\n                              <\/a>\n\t\t\t\t\t\t\t  <div class=\"actions-link\">\t\t\t\t\t\t\t\t\t\n\t\t\t\t\t\t\t\t\t<a class=\"btn-wishlist\" data-toggle=\"tooltip\" title=\"Lista de desejos\" onclick=\"wishlist.add('14291');\"><i class=\"zmdi zmdi-favorite-outline\"><\/i><\/a>\t\t\t\t\t\t\t\t\t\n\t\t\t\t\t\t\t\t\t<a class=\"btn-compare\" data-toggle=\"tooltip\" title=\"Comparar\" onclick=\"compare.add('14291');\"><i class=\"zmdi zmdi-refresh-alt\"><\/i><\/a>\n\t\t\t\t\t\t\t\t<\/div>\n                            <\/div>\n                            <div class=\"product-inner\">\n                              <div class=\"product-caption\">\n\t\t\t\t\t\t\t                                <h2 class=\"product-name\"><a href=\"https:\/\/www.sulcarautopecas.com.br.186-226-60-153.cpanel.site\/lataria-e-carroceria\/calha-vidro-porta-dianteiro-direito-hyundai-ix35-2012-14291\">Calha Vidro Porta Dianteiro Direito Hyun...<\/a><\/h2>\n\t\t\t\t\t\t\t                                     <div class=\"ratings\">\n                                      <div class=\"rating-box\">\n                                                                                        <div class=\"rating0\">rating<\/div>                                                                                                                                                                                                                                                                            <\/div>\n                                  <\/div>\n                              \t\t\t\t\t\t\t                                  <p class=\"price\">\n                                                                    R$60,00                                                                                                    <\/p>\n                                \t\t\t\t\t\t\t \n                              \n\t\t\t\t\t\t\t\t<p class=\"product-des\">*Sulcar Auto Pe\u00e7as Blumenau.\n*Trabalhamos com produtos original.\n*Foto reais do produto.\n*Calcular frete em mercado envios,caso n\u00e3o tenha nos pergunte.\n*Demais d\u00favidas apenas nos pergunte.\n*Ap\u00f3s confirma\u00e7\u00e3o do pagamento enviamos em at\u00e9 1 dia \u00fatil.\n*E..<\/p>\n                              <div class=\"product-intro\">\n\t\t\t\t\t\t\t\t<div class=\"actions-link2\">\n\t\t\t\t\t\t\t\t\t<a class=\"btn-cart\" data-toggle=\"tooltip\" title=\"Comprar\" onclick=\"cart.add('14291');\"><span class=\"button\"><i class=\"fa fa-shopping-cart\"><\/i>Comprar<\/span><\/a>\t\t\t\t\t\t\t\t\t\n\t\t\t\t\t\t\t\t\t<a class=\"btn-wishlist\" data-toggle=\"tooltip\" title=\"Lista de desejos\" onclick=\"wishlist.add('14291');\"><i class=\"zmdi zmdi-favorite-outline\"><\/i><\/a>\t\t\t\t\t\t\t\t\t\n\t\t\t\t\t\t\t\t\t<a class=\"btn-compare\" data-toggle=\"tooltip\" title=\"Comparar\" onclick=\"compare.add('14291');\"><i class=\"zmdi zmdi-refresh-alt\"><\/i><\/a>\n\t\t\t\t\t\t\t\t<\/div>\n\t\t\t\t\t\t\t\t<\/div>\n                            <\/div>\n\t\t\t\t\t\t\t<\/div>\n                          <\/div>\n                        <\/div>\n                                            <div class=\"product-layout product-list col-xs-12\">\n                          <div class=\"product-thumb layout1\">\n\t\t\t\t\t\t\t<div class=\"image\">\n                              \t\t\t\t\t\t\t\t                              <a href=\"https:\/\/www.sulcarautopecas.com.br.186-226-60-153.cpanel.site\/lataria-e-carroceria\/macaneta-externa-porta-traseira-direita-renault-oroch-2024-32641\">\n                                                              <img  src=\"image\/cache\/no_image-100x100.png\" alt=\"Ma\u00e7aneta Externa Porta Traseira Direita...\" \/>\n                              \t\t\t\t\t\t\t  <img  src=\"\" alt=\"Ma\u00e7aneta Externa Porta Traseira Direita...\" title=\"Ma\u00e7aneta Externa Porta Traseira Direita...\" class=\"img-responsive lazy\" \/>\n                              <\/a>\n\t\t\t\t\t\t\t  <div class=\"actions-link\">\t\t\t\t\t\t\t\t\t\n\t\t\t\t\t\t\t\t\t<a class=\"btn-wishlist\" data-toggle=\"tooltip\" title=\"Lista de desejos\" onclick=\"wishlist.add('32641');\"><i class=\"zmdi zmdi-favorite-outline\"><\/i><\/a>\t\t\t\t\t\t\t\t\t\n\t\t\t\t\t\t\t\t\t<a class=\"btn-compare\" data-toggle=\"tooltip\" title=\"Comparar\" onclick=\"compare.add('32641');\"><i class=\"zmdi zmdi-refresh-alt\"><\/i><\/a>\n\t\t\t\t\t\t\t\t<\/div>\n                            <\/div>\n                            <div class=\"product-inner\">\n                              <div class=\"product-caption\">\n\t\t\t\t\t\t\t                                <h2 class=\"product-name\"><a href=\"https:\/\/www.sulcarautopecas.com.br.186-226-60-153.cpanel.site\/lataria-e-carroceria\/macaneta-externa-porta-traseira-direita-renault-oroch-2024-32641\">Ma\u00e7aneta Externa Porta Traseira Direita...<\/a><\/h2>\n\t\t\t\t\t\t\t                                     <div class=\"ratings\">\n                                      <div class=\"rating-box\">\n                                                                                        <div class=\"rating0\">rating<\/div>                                                                                                                                                                                                                                                                            <\/div>\n                                  <\/div>\n                              \t\t\t\t\t\t\t                                  <p class=\"price\">\n                                                                    R$100,00                                                                                                    <\/p>\n                                \t\t\t\t\t\t\t \n                              \n\t\t\t\t\t\t\t\t<p class=\"product-des\">*Sulcar Auto Pe\u00e7as Blumenau.\n*Trabalhamos com produtos originais.\n*Foto reais do produto.\n*Calcular frete em mercado envios,caso tenha nos pergunte.\n*Demais D\u00favidas apenas nos pergunte.\n*Ap\u00f3s confirma\u00e7\u00e3o do pagamento enviamos em at\u00e9 1 dia \u00fatil.\n*Entr..<\/p>\n                              <div class=\"product-intro\">\n\t\t\t\t\t\t\t\t<div class=\"actions-link2\">\n\t\t\t\t\t\t\t\t\t<a class=\"btn-cart\" data-toggle=\"tooltip\" title=\"Comprar\" onclick=\"cart.add('32641');\"><span class=\"button\"><i class=\"fa fa-shopping-cart\"><\/i>Comprar<\/span><\/a>\t\t\t\t\t\t\t\t\t\n\t\t\t\t\t\t\t\t\t<a class=\"btn-wishlist\" data-toggle=\"tooltip\" title=\"Lista de desejos\" onclick=\"wishlist.add('32641');\"><i class=\"zmdi zmdi-favorite-outline\"><\/i><\/a>\t\t\t\t\t\t\t\t\t\n\t\t\t\t\t\t\t\t\t<a class=\"btn-compare\" data-toggle=\"tooltip\" title=\"Comparar\" onclick=\"compare.add('32641');\"><i class=\"zmdi zmdi-refresh-alt\"><\/i><\/a>\n\t\t\t\t\t\t\t\t<\/div>\n\t\t\t\t\t\t\t\t<\/div>\n                            <\/div>\n\t\t\t\t\t\t\t<\/div>\n                          <\/div>\n                        <\/div>\n                                            <div class=\"product-layout product-list col-xs-12\">\n                          <div class=\"product-thumb layout1\">\n\t\t\t\t\t\t\t<div class=\"image\">\n                              \t\t\t\t\t\t\t\t                              <a href=\"https:\/\/www.sulcarautopecas.com.br.186-226-60-153.cpanel.site\/lataria-e-carroceria\/sensor-keyless-porta-tras-direita-renault-duster-2023-a5391-29645\">\n                                                              <img  src=\"image\/cache\/no_image-100x100.png\" alt=\"Sensor Keyless Porta Tras Direita Renaul...\" \/>\n                              \t\t\t\t\t\t\t  <img  src=\"\" alt=\"Sensor Keyless Porta Tras Direita Renaul...\" title=\"Sensor Keyless Porta Tras Direita Renaul...\" class=\"img-responsive lazy\" \/>\n                              <\/a>\n\t\t\t\t\t\t\t  <div class=\"actions-link\">\t\t\t\t\t\t\t\t\t\n\t\t\t\t\t\t\t\t\t<a class=\"btn-wishlist\" data-toggle=\"tooltip\" title=\"Lista de desejos\" onclick=\"wishlist.add('29645');\"><i class=\"zmdi zmdi-favorite-outline\"><\/i><\/a>\t\t\t\t\t\t\t\t\t\n\t\t\t\t\t\t\t\t\t<a class=\"btn-compare\" data-toggle=\"tooltip\" title=\"Comparar\" onclick=\"compare.add('29645');\"><i class=\"zmdi zmdi-refresh-alt\"><\/i><\/a>\n\t\t\t\t\t\t\t\t<\/div>\n                            <\/div>\n                            <div class=\"product-inner\">\n                              <div class=\"product-caption\">\n\t\t\t\t\t\t\t                                <h2 class=\"product-name\"><a href=\"https:\/\/www.sulcarautopecas.com.br.186-226-60-153.cpanel.site\/lataria-e-carroceria\/sensor-keyless-porta-tras-direita-renault-duster-2023-a5391-29645\">Sensor Keyless Porta Tras Direita Renaul...<\/a><\/h2>\n\t\t\t\t\t\t\t                                     <div class=\"ratings\">\n                                      <div class=\"rating-box\">\n                                                                                        <div class=\"rating0\">rating<\/div>                                                                                                                                                                                                                                                                            <\/div>\n                                  <\/div>\n                              \t\t\t\t\t\t\t                                  <p class=\"price\">\n                                                                    R$100,00                                                                                                    <\/p>\n                                \t\t\t\t\t\t\t \n                              \n\t\t\t\t\t\t\t\t<p class=\"product-des\">Sulcar Auto Pe\u00e7as Blumenau\nTrabalhamos com produtos originais\nFoto reais do produto\nCalcular frete...no mercado de envios\nDemais d\u00favidas...apenas nos pergunte\nAp\u00f3s confirmar do pagamento enviamos em at\u00e9 1 dia \u00fatil\nEntregamos para todo territ\u00f3rio naci..<\/p>\n                              <div class=\"product-intro\">\n\t\t\t\t\t\t\t\t<div class=\"actions-link2\">\n\t\t\t\t\t\t\t\t\t<a class=\"btn-cart\" data-toggle=\"tooltip\" title=\"Comprar\" onclick=\"cart.add('29645');\"><span class=\"button\"><i class=\"fa fa-shopping-cart\"><\/i>Comprar<\/span><\/a>\t\t\t\t\t\t\t\t\t\n\t\t\t\t\t\t\t\t\t<a class=\"btn-wishlist\" data-toggle=\"tooltip\" title=\"Lista de desejos\" onclick=\"wishlist.add('29645');\"><i class=\"zmdi zmdi-favorite-outline\"><\/i><\/a>\t\t\t\t\t\t\t\t\t\n\t\t\t\t\t\t\t\t\t<a class=\"btn-compare\" data-toggle=\"tooltip\" title=\"Comparar\" onclick=\"compare.add('29645');\"><i class=\"zmdi zmdi-refresh-alt\"><\/i><\/a>\n\t\t\t\t\t\t\t\t<\/div>\n\t\t\t\t\t\t\t\t<\/div>\n                            <\/div>\n\t\t\t\t\t\t\t<\/div>\n                          <\/div>\n                        <\/div>\n                                            <div class=\"product-layout product-list col-xs-12\">\n                          <div class=\"product-thumb layout1\">\n\t\t\t\t\t\t\t<div class=\"image\">\n                              \t\t\t\t\t\t\t\t                              <a href=\"https:\/\/www.sulcarautopecas.com.br.186-226-60-153.cpanel.site\/lataria-e-carroceria\/motor-limpador-vidro-tras-renault-duster-23-1-3-turbo-iconic-24407\">\n                                                              <img  src=\"image\/cache\/no_image-100x100.png\" alt=\"Motor Limpador Vidro Tras Renault Duster...\" \/>\n                              \t\t\t\t\t\t\t  <img  src=\"\" alt=\"Motor Limpador Vidro Tras Renault Duster...\" title=\"Motor Limpador Vidro Tras Renault Duster...\" class=\"img-responsive lazy\" \/>\n                              <\/a>\n\t\t\t\t\t\t\t  <div class=\"actions-link\">\t\t\t\t\t\t\t\t\t\n\t\t\t\t\t\t\t\t\t<a class=\"btn-wishlist\" data-toggle=\"tooltip\" title=\"Lista de desejos\" onclick=\"wishlist.add('24407');\"><i class=\"zmdi zmdi-favorite-outline\"><\/i><\/a>\t\t\t\t\t\t\t\t\t\n\t\t\t\t\t\t\t\t\t<a class=\"btn-compare\" data-toggle=\"tooltip\" title=\"Comparar\" onclick=\"compare.add('24407');\"><i class=\"zmdi zmdi-refresh-alt\"><\/i><\/a>\n\t\t\t\t\t\t\t\t<\/div>\n                            <\/div>\n                            <div class=\"product-inner\">\n                              <div class=\"product-caption\">\n\t\t\t\t\t\t\t                                <h2 class=\"product-name\"><a href=\"https:\/\/www.sulcarautopecas.com.br.186-226-60-153.cpanel.site\/lataria-e-carroceria\/motor-limpador-vidro-tras-renault-duster-23-1-3-turbo-iconic-24407\">Motor Limpador Vidro Tras Renault Duster...<\/a><\/h2>\n\t\t\t\t\t\t\t                                     <div class=\"ratings\">\n                                      <div class=\"rating-box\">\n                                                                                        <div class=\"rating0\">rating<\/div>                                                                                                                                                                                                                                                                            <\/div>\n                                  <\/div>\n                              \t\t\t\t\t\t\t                                  <p class=\"price\">\n                                                                    R$200,00                                                                                                    <\/p>\n                                \t\t\t\t\t\t\t \n                              \n\t\t\t\t\t\t\t\t<p class=\"product-des\">Trabalhamos com produtos originais, retirados de ve\u00edculos baixados no Detran, com toda a proced\u00eancia e garantia.\nTodas as nossas fotos s\u00e3o reais do produto.\n\n\nPara calcular o frete basta aproveitar as vantagens do MERCADO ENVIOS.\nCaso o produto n\u00e3o t..<\/p>\n                              <div class=\"product-intro\">\n\t\t\t\t\t\t\t\t<div class=\"actions-link2\">\n\t\t\t\t\t\t\t\t\t<a class=\"btn-cart\" data-toggle=\"tooltip\" title=\"Comprar\" onclick=\"cart.add('24407');\"><span class=\"button\"><i class=\"fa fa-shopping-cart\"><\/i>Comprar<\/span><\/a>\t\t\t\t\t\t\t\t\t\n\t\t\t\t\t\t\t\t\t<a class=\"btn-wishlist\" data-toggle=\"tooltip\" title=\"Lista de desejos\" onclick=\"wishlist.add('24407');\"><i class=\"zmdi zmdi-favorite-outline\"><\/i><\/a>\t\t\t\t\t\t\t\t\t\n\t\t\t\t\t\t\t\t\t<a class=\"btn-compare\" data-toggle=\"tooltip\" title=\"Comparar\" onclick=\"compare.add('24407');\"><i class=\"zmdi zmdi-refresh-alt\"><\/i><\/a>\n\t\t\t\t\t\t\t\t<\/div>\n\t\t\t\t\t\t\t\t<\/div>\n                            <\/div>\n\t\t\t\t\t\t\t<\/div>\n                          <\/div>\n                        <\/div>\n                                            <div class=\"product-layout product-list col-xs-12\">\n                          <div class=\"product-thumb layout1\">\n\t\t\t\t\t\t\t<div class=\"image\">\n                              \t\t\t\t\t\t\t\t                              <a href=\"https:\/\/www.sulcarautopecas.com.br.186-226-60-153.cpanel.site\/lataria-e-carroceria\/maquina-de-vidro-traseiro-direito-honda-hr-v-2016-21-18770\">\n                                                              <img  src=\"image\/cache\/no_image-100x100.png\" alt=\"M\u00e1quina De Vidro Traseiro Direito Honda...\" \/>\n                              \t\t\t\t\t\t\t  <img  src=\"\" alt=\"M\u00e1quina De Vidro Traseiro Direito Honda...\" title=\"M\u00e1quina De Vidro Traseiro Direito Honda...\" class=\"img-responsive lazy\" \/>\n                              <\/a>\n\t\t\t\t\t\t\t  <div class=\"actions-link\">\t\t\t\t\t\t\t\t\t\n\t\t\t\t\t\t\t\t\t<a class=\"btn-wishlist\" data-toggle=\"tooltip\" title=\"Lista de desejos\" onclick=\"wishlist.add('18770');\"><i class=\"zmdi zmdi-favorite-outline\"><\/i><\/a>\t\t\t\t\t\t\t\t\t\n\t\t\t\t\t\t\t\t\t<a class=\"btn-compare\" data-toggle=\"tooltip\" title=\"Comparar\" onclick=\"compare.add('18770');\"><i class=\"zmdi zmdi-refresh-alt\"><\/i><\/a>\n\t\t\t\t\t\t\t\t<\/div>\n                            <\/div>\n                            <div class=\"product-inner\">\n                              <div class=\"product-caption\">\n\t\t\t\t\t\t\t                                <h2 class=\"product-name\"><a href=\"https:\/\/www.sulcarautopecas.com.br.186-226-60-153.cpanel.site\/lataria-e-carroceria\/maquina-de-vidro-traseiro-direito-honda-hr-v-2016-21-18770\">M\u00e1quina De Vidro Traseiro Direito Honda...<\/a><\/h2>\n\t\t\t\t\t\t\t                                     <div class=\"ratings\">\n                                      <div class=\"rating-box\">\n                                                                                        <div class=\"rating0\">rating<\/div>                                                                                                                                                                                                                                                                            <\/div>\n                                  <\/div>\n                              \t\t\t\t\t\t\t                                  <p class=\"price\">\n                                                                    R$140,00                                                                                                    <\/p>\n                                \t\t\t\t\t\t\t \n                              \n\t\t\t\t\t\t\t\t<p class=\"product-des\">Sulcar Auto Pe\u00e7as Blumenau\nTrabalhamos com produtos originais \nFoto reais do produto \nCalcular frete...no mercado de envios \nDemais d\u00favidas...apenas nos pergunte \nAp\u00f3s confirmar do pagamento enviamos em at\u00e9 1 dia \u00fatil \nEntregamos para todo territ\u00f3rio..<\/p>\n                              <div class=\"product-intro\">\n\t\t\t\t\t\t\t\t<div class=\"actions-link2\">\n\t\t\t\t\t\t\t\t\t<a class=\"btn-cart\" data-toggle=\"tooltip\" title=\"Comprar\" onclick=\"cart.add('18770');\"><span class=\"button\"><i class=\"fa fa-shopping-cart\"><\/i>Comprar<\/span><\/a>\t\t\t\t\t\t\t\t\t\n\t\t\t\t\t\t\t\t\t<a class=\"btn-wishlist\" data-toggle=\"tooltip\" title=\"Lista de desejos\" onclick=\"wishlist.add('18770');\"><i class=\"zmdi zmdi-favorite-outline\"><\/i><\/a>\t\t\t\t\t\t\t\t\t\n\t\t\t\t\t\t\t\t\t<a class=\"btn-compare\" data-toggle=\"tooltip\" title=\"Comparar\" onclick=\"compare.add('18770');\"><i class=\"zmdi zmdi-refresh-alt\"><\/i><\/a>\n\t\t\t\t\t\t\t\t<\/div>\n\t\t\t\t\t\t\t\t<\/div>\n                            <\/div>\n\t\t\t\t\t\t\t<\/div>\n                          <\/div>\n                        <\/div>\n                                            <div class=\"product-layout product-list col-xs-12\">\n                          <div class=\"product-thumb layout1\">\n\t\t\t\t\t\t\t<div class=\"image\">\n                              \t\t\t\t\t\t\t\t                              <a href=\"https:\/\/www.sulcarautopecas.com.br.186-226-60-153.cpanel.site\/lataria-e-carroceria\/moldura-botao-vidro-tras-dir-kia-magentis-2008-34050\">\n                                                              <img  src=\"image\/cache\/no_image-100x100.png\" alt=\"Moldura Bot\u00e3o Vidro Tras Dir Kia Magent...\" \/>\n                              \t\t\t\t\t\t\t  <img  src=\"\" alt=\"Moldura Bot\u00e3o Vidro Tras Dir Kia Magent...\" title=\"Moldura Bot\u00e3o Vidro Tras Dir Kia Magent...\" class=\"img-responsive lazy\" \/>\n                              <\/a>\n\t\t\t\t\t\t\t  <div class=\"actions-link\">\t\t\t\t\t\t\t\t\t\n\t\t\t\t\t\t\t\t\t<a class=\"btn-wishlist\" data-toggle=\"tooltip\" title=\"Lista de desejos\" onclick=\"wishlist.add('34050');\"><i class=\"zmdi zmdi-favorite-outline\"><\/i><\/a>\t\t\t\t\t\t\t\t\t\n\t\t\t\t\t\t\t\t\t<a class=\"btn-compare\" data-toggle=\"tooltip\" title=\"Comparar\" onclick=\"compare.add('34050');\"><i class=\"zmdi zmdi-refresh-alt\"><\/i><\/a>\n\t\t\t\t\t\t\t\t<\/div>\n                            <\/div>\n                            <div class=\"product-inner\">\n                              <div class=\"product-caption\">\n\t\t\t\t\t\t\t                                <h2 class=\"product-name\"><a href=\"https:\/\/www.sulcarautopecas.com.br.186-226-60-153.cpanel.site\/lataria-e-carroceria\/moldura-botao-vidro-tras-dir-kia-magentis-2008-34050\">Moldura Bot\u00e3o Vidro Tras Dir Kia Magent...<\/a><\/h2>\n\t\t\t\t\t\t\t                                     <div class=\"ratings\">\n                                      <div class=\"rating-box\">\n                                                                                        <div class=\"rating0\">rating<\/div>                                                                                                                                                                                                                                                                            <\/div>\n                                  <\/div>\n                              \t\t\t\t\t\t\t                                  <p class=\"price\">\n                                                                    R$50,00                                                                                                    <\/p>\n                                \t\t\t\t\t\t\t \n                              \n\t\t\t\t\t\t\t\t<p class=\"product-des\">*Sulcar Auto Pe\u00e7as Blumenau.\n*Trabalhamos com produtos originais.\n*Foto reais do produto.\n*Calcular frete em mercado envios,caso tenha nos pergunte.\n*Demais D\u00favidas apenas nos pergunte.\n*Ap\u00f3s confirma\u00e7\u00e3o do pagamento enviamos em at\u00e9 1 dia \u00fatil.\n*Entr..<\/p>\n                              <div class=\"product-intro\">\n\t\t\t\t\t\t\t\t<div class=\"actions-link2\">\n\t\t\t\t\t\t\t\t\t<a class=\"btn-cart\" data-toggle=\"tooltip\" title=\"Comprar\" onclick=\"cart.add('34050');\"><span class=\"button\"><i class=\"fa fa-shopping-cart\"><\/i>Comprar<\/span><\/a>\t\t\t\t\t\t\t\t\t\n\t\t\t\t\t\t\t\t\t<a class=\"btn-wishlist\" data-toggle=\"tooltip\" title=\"Lista de desejos\" onclick=\"wishlist.add('34050');\"><i class=\"zmdi zmdi-favorite-outline\"><\/i><\/a>\t\t\t\t\t\t\t\t\t\n\t\t\t\t\t\t\t\t\t<a class=\"btn-compare\" data-toggle=\"tooltip\" title=\"Comparar\" onclick=\"compare.add('34050');\"><i class=\"zmdi zmdi-refresh-alt\"><\/i><\/a>\n\t\t\t\t\t\t\t\t<\/div>\n\t\t\t\t\t\t\t\t<\/div>\n                            <\/div>\n\t\t\t\t\t\t\t<\/div>\n                          <\/div>\n                        <\/div>\n                                            <div class=\"product-layout product-list col-xs-12\">\n                          <div class=\"product-thumb layout1\">\n\t\t\t\t\t\t\t<div class=\"image\">\n                              \t\t\t\t\t\t\t\t                              <a href=\"https:\/\/www.sulcarautopecas.com.br.186-226-60-153.cpanel.site\/lataria-e-carroceria\/soquete-chicote-porta-diant-esq-jeep-renage-1-8-2021-a6461-31008\">\n                                                              <img  src=\"image\/cache\/no_image-100x100.png\" alt=\"Soquete Chicote Porta Diant Esq Jeep Ren...\" \/>\n                              \t\t\t\t\t\t\t  <img  src=\"\" alt=\"Soquete Chicote Porta Diant Esq Jeep Ren...\" title=\"Soquete Chicote Porta Diant Esq Jeep Ren...\" class=\"img-responsive lazy\" \/>\n                              <\/a>\n\t\t\t\t\t\t\t  <div class=\"actions-link\">\t\t\t\t\t\t\t\t\t\n\t\t\t\t\t\t\t\t\t<a class=\"btn-wishlist\" data-toggle=\"tooltip\" title=\"Lista de desejos\" onclick=\"wishlist.add('31008');\"><i class=\"zmdi zmdi-favorite-outline\"><\/i><\/a>\t\t\t\t\t\t\t\t\t\n\t\t\t\t\t\t\t\t\t<a class=\"btn-compare\" data-toggle=\"tooltip\" title=\"Comparar\" onclick=\"compare.add('31008');\"><i class=\"zmdi zmdi-refresh-alt\"><\/i><\/a>\n\t\t\t\t\t\t\t\t<\/div>\n                            <\/div>\n                            <div class=\"product-inner\">\n                              <div class=\"product-caption\">\n\t\t\t\t\t\t\t                                <h2 class=\"product-name\"><a href=\"https:\/\/www.sulcarautopecas.com.br.186-226-60-153.cpanel.site\/lataria-e-carroceria\/soquete-chicote-porta-diant-esq-jeep-renage-1-8-2021-a6461-31008\">Soquete Chicote Porta Diant Esq Jeep Ren...<\/a><\/h2>\n\t\t\t\t\t\t\t                                     <div class=\"ratings\">\n                                      <div class=\"rating-box\">\n                                                                                        <div class=\"rating0\">rating<\/div>                                                                                                                                                                                                                                                                            <\/div>\n                                  <\/div>\n                              \t\t\t\t\t\t\t                                  <p class=\"price\">\n                                                                    R$100,00                                                                                                    <\/p>\n                                \t\t\t\t\t\t\t \n                              \n\t\t\t\t\t\t\t\t<p class=\"product-des\">Sulcar Auto Pe\u00e7as Blumenau\nTrabalhamos com produtos originais\nFoto reais do produto\nCalcular frete...no mercado de envios\nDemais d\u00favidas...apenas nos pergunte\nAp\u00f3s confirmar do pagamento enviamos em at\u00e9 1 dia \u00fatil\nEntregamos para todo territ\u00f3rio naci..<\/p>\n                              <div class=\"product-intro\">\n\t\t\t\t\t\t\t\t<div class=\"actions-link2\">\n\t\t\t\t\t\t\t\t\t<a class=\"btn-cart\" data-toggle=\"tooltip\" title=\"Comprar\" onclick=\"cart.add('31008');\"><span class=\"button\"><i class=\"fa fa-shopping-cart\"><\/i>Comprar<\/span><\/a>\t\t\t\t\t\t\t\t\t\n\t\t\t\t\t\t\t\t\t<a class=\"btn-wishlist\" data-toggle=\"tooltip\" title=\"Lista de desejos\" onclick=\"wishlist.add('31008');\"><i class=\"zmdi zmdi-favorite-outline\"><\/i><\/a>\t\t\t\t\t\t\t\t\t\n\t\t\t\t\t\t\t\t\t<a class=\"btn-compare\" data-toggle=\"tooltip\" title=\"Comparar\" onclick=\"compare.add('31008');\"><i class=\"zmdi zmdi-refresh-alt\"><\/i><\/a>\n\t\t\t\t\t\t\t\t<\/div>\n\t\t\t\t\t\t\t\t<\/div>\n                            <\/div>\n\t\t\t\t\t\t\t<\/div>\n                          <\/div>\n                        <\/div>\n                                    <\/div>\n                <\/div>\n                <div class=\"row toolbar4\">\n                    <div class=\"col-sm-6\"><ul class=\"pagination\"><li><a href=\"https:\/\/www.sulcarautopecas.com.br.186-226-60-153.cpanel.site\/index.php?route=product\/category&path=45\">|&lt;<\/a><\/li><li><a href=\"https:\/\/www.sulcarautopecas.com.br.186-226-60-153.cpanel.site\/index.php?route=product\/category&path=45&amp;page=14\">&lt;<\/a><\/li><li><a href=\"https:\/\/www.sulcarautopecas.com.br.186-226-60-153.cpanel.site\/index.php?route=product\/category&path=45&amp;page=11\">11<\/a><\/li><li><a href=\"https:\/\/www.sulcarautopecas.com.br.186-226-60-153.cpanel.site\/index.php?route=product\/category&path=45&amp;page=12\">12<\/a><\/li><li><a href=\"https:\/\/www.sulcarautopecas.com.br.186-226-60-153.cpanel.site\/index.php?route=product\/category&path=45&amp;page=13\">13<\/a><\/li><li><a href=\"https:\/\/www.sulcarautopecas.com.br.186-226-60-153.cpanel.site\/index.php?route=product\/category&path=45&amp;page=14\">14<\/a><\/li><li class=\"active\"><span>15<\/span><\/li><li><a href=\"https:\/\/www.sulcarautopecas.com.br.186-226-60-153.cpanel.site\/index.php?route=product\/category&path=45&amp;page=16\">16<\/a><\/li><li><a href=\"https:\/\/www.sulcarautopecas.com.br.186-226-60-153.cpanel.site\/index.php?route=product\/category&path=45&amp;page=17\">17<\/a><\/li><li><a href=\"https:\/\/www.sulcarautopecas.com.br.186-226-60-153.cpanel.site\/index.php?route=product\/category&path=45&amp;page=18\">18<\/a><\/li><li><a href=\"https:\/\/www.sulcarautopecas.com.br.186-226-60-153.cpanel.site\/index.php?route=product\/category&path=45&amp;page=19\">19<\/a><\/li><li><a href=\"https:\/\/www.sulcarautopecas.com.br.186-226-60-153.cpanel.site\/index.php?route=product\/category&path=45&amp;page=16\">&gt;<\/a><\/li><li><a href=\"https:\/\/www.sulcarautopecas.com.br.186-226-60-153.cpanel.site\/index.php?route=product\/category&path=45&amp;page=52\">&gt;|<\/a><\/li><\/ul><\/div>\n                    <div class=\"col-sm-6 text-right\">Exibindo de 841 a 900 do total de 3111 (52 p\u00e1ginas)<\/div>\n                <\/div>\n                <script type=\"text\/javascript\">\n    \/\/ Product List\n\t$('#list-view').click(function() {\n\t\t$(this).addClass('selected');\n\t\t$('#grid-view').removeClass('selected');\n\t\t$('#content .product-grid > .clearfix').remove();\n\n\t\t\/\/$('#content .product-layout').attr('class', 'product-layout product-list col-xs-12');\n\t\t$('#content .product-layout').attr('class', 'product-layout product-list col-xs-12');\n\t\t\n\t\t$('#content .product-list .product-inner').addClass('col-xs-8');\n\t\t$('#content .product-list .image').addClass('col-xs-4');\n\n\t\tlocalStorage.setItem('display', 'list');\n\t});\n    \n\t\/\/ Product Grid\n\t$('#grid-view').click(function() {\n\t\t$(this).addClass('selected');\n\t\t$('#list-view').removeClass('selected');\n\t\t\/\/ What a shame bootstrap does not take into account dynamically loaded columns\n\t\tcols = $('#column-right, #column-left').length;\n\n\t\tif (cols == 2) {\n\t\t\t$('#content .product-layout').attr('class', 'product-layout product-grid col-md-6 col-sm-6 col-xs-6 two-items');\n\t\t} else if (cols == 1) {\n\t\t\t$('#content .product-layout').attr('class', 'product-layout product-grid col-md-4 col-sm-6 col-xs-6 three-items');\n\t\t} else {\n\t\t\t$('#content .product-layout').attr('class', 'product-layout product-grid col-md-3 col-sm-6 col-xs-6 four-items');\n\t\t}\n\t\t$('#content .product-grid .product-inner').removeClass('col-xs-8');\n\t\t$('#content .product-grid .image').removeClass('col-xs-4');\n\t\t\n\n\t\tlocalStorage.setItem('display', 'grid');\n\t});\n\n\tif (localStorage.getItem('display') == 'list') {\n\t\t\n\t\t$('#list-view').trigger('click');\n\t} else {\n\t\t$('#grid-view').trigger('click');\n\t}\n<\/script>","filter_action":"https:\/\/www.sulcarautopecas.com.br.186-226-60-153.cpanel.site\/index.php?route=extension\/module\/oclayerednavigation\/category&path=45","price_action":"https:\/\/www.sulcarautopecas.com.br.186-226-60-153.cpanel.site\/index.php?route=extension\/module\/oclayerednavigation\/category&path=45","layered_html":"<div class=\"list-group\">\n            <div class=\"filter-attribute-container filter-attribute-remove-container\">\n                                                            <\/div>\n            <div class=\"filter-attribute-container filter-price\">\n                <label>PRE\u00c7O<\/label>\n                <div class=\"list-group-item\">\n                    <div class=\"filter-price\">\n                        <div id=\"slider-price\"><\/div>\n                        <div class=\"slider-values\">\n                            <span>R$<\/span>\n                            <input id=\"price-from\" disabled=\"disabled\" class=\"input-price\" type=\"text\" value=\"40\" placeholder=\"Min\" name=\"price-from\"\/> -\n                            <span>R$<\/span>\n                            <input id=\"price-to\" disabled=\"disabled\" class=\"input-price\" type=\"text\" value=\"1400\" placeholder=\"Max\" name=\"price-to\" \/>\n                        <\/div>\n                    <\/div>\n                <\/div>\n            <\/div>\n                    <\/div>\n"}