{"result_html":"                <div><a href=\"https:\/\/www.sulcarautopecas.com.br.186-226-60-153.cpanel.site\/index.php?route=product\/compare\" id=\"compare-total\">Produtos para comparar (0)<\/a><\/div>\n                <div class=\"toolbar\">\n\t\t\t\t\t<div class=\"col-md-2 toolbar3 pull-left\">\n                        <div class=\"btn-group\">\n                            <button type=\"button\" id=\"list-view\" class=\"btn btn-default\"><i class=\"fa fa-th-list\"><\/i><\/button>\n                            <button type=\"button\" id=\"grid-view\" class=\"btn btn-default\"><i class=\"fa fa-th\"><\/i><\/button>\n                        <\/div>\n                    <\/div>\n                    <div class=\"col-md-2 toolbar1 pull-right\">\n                        <select id=\"input-sort\" class=\"form-control\" onchange=\"oclayerednavigationajax.filter(this.value)\">\n                                                                                    <option value=\"https:\/\/www.sulcarautopecas.com.br.186-226-60-153.cpanel.site\/index.php?route=extension\/module\/oclayerednavigation\/category&path=136&sort=p.sort_order&order=ASC\" selected=\"selected\">Organizar por:&nbsp;Padr\u00e3o<\/option>\n                                                                                                                <option value=\"https:\/\/www.sulcarautopecas.com.br.186-226-60-153.cpanel.site\/index.php?route=extension\/module\/oclayerednavigation\/category&path=136&sort=pd.name&order=ASC\">Organizar por:&nbsp;Nome (A - Z)<\/option>\n                                                                                                                <option value=\"https:\/\/www.sulcarautopecas.com.br.186-226-60-153.cpanel.site\/index.php?route=extension\/module\/oclayerednavigation\/category&path=136&sort=pd.name&order=DESC\">Organizar por:&nbsp;Nome (Z - A)<\/option>\n                                                                                                                <option value=\"https:\/\/www.sulcarautopecas.com.br.186-226-60-153.cpanel.site\/index.php?route=extension\/module\/oclayerednavigation\/category&path=136&sort=p.price&order=ASC\">Organizar por:&nbsp;Pre\u00e7o (menor &gt; maior)<\/option>\n                                                                                                                <option value=\"https:\/\/www.sulcarautopecas.com.br.186-226-60-153.cpanel.site\/index.php?route=extension\/module\/oclayerednavigation\/category&path=136&sort=p.price&order=DESC\">Organizar por:&nbsp;Pre\u00e7o (maior &gt; menor)<\/option>\n                                                                                                                <option value=\"https:\/\/www.sulcarautopecas.com.br.186-226-60-153.cpanel.site\/index.php?route=extension\/module\/oclayerednavigation\/category&path=136&sort=rating&order=DESC\">Organizar por:&nbsp;Avalia\u00e7\u00e3o (maior)<\/option>\n                                                                                                                <option value=\"https:\/\/www.sulcarautopecas.com.br.186-226-60-153.cpanel.site\/index.php?route=extension\/module\/oclayerednavigation\/category&path=136&sort=rating&order=ASC\">Organizar por:&nbsp;Avalia\u00e7\u00e3o (menor)<\/option>\n                                                                                                                <option value=\"https:\/\/www.sulcarautopecas.com.br.186-226-60-153.cpanel.site\/index.php?route=extension\/module\/oclayerednavigation\/category&path=136&sort=p.model&order=ASC\">Organizar por:&nbsp;Modelo (A - Z)<\/option>\n                                                                                                                <option value=\"https:\/\/www.sulcarautopecas.com.br.186-226-60-153.cpanel.site\/index.php?route=extension\/module\/oclayerednavigation\/category&path=136&sort=p.model&order=DESC\">Organizar por:&nbsp;Modelo (Z - A)<\/option>\n                                                                                <\/select>\n                    <\/div>\n                    <div class=\"col-md-2 toolbar2 pull-right\">\n                        <select id=\"input-limit\" class=\"form-control\" onchange=\"oclayerednavigationajax.filter(this.value)\">\n                                                                                    <option value=\"https:\/\/www.sulcarautopecas.com.br.186-226-60-153.cpanel.site\/index.php?route=extension\/module\/oclayerednavigation\/category&path=136&limit=25\">Exibir:&nbsp;25<\/option>\n                                                                                                                <option value=\"https:\/\/www.sulcarautopecas.com.br.186-226-60-153.cpanel.site\/index.php?route=extension\/module\/oclayerednavigation\/category&path=136&limit=50\">Exibir:&nbsp;50<\/option>\n                                                                                                                <option value=\"https:\/\/www.sulcarautopecas.com.br.186-226-60-153.cpanel.site\/index.php?route=extension\/module\/oclayerednavigation\/category&path=136&limit=60\" selected=\"selected\">Exibir:&nbsp;60<\/option>\n                                                                                                                <option value=\"https:\/\/www.sulcarautopecas.com.br.186-226-60-153.cpanel.site\/index.php?route=extension\/module\/oclayerednavigation\/category&path=136&limit=75\">Exibir:&nbsp;75<\/option>\n                                                                                                                <option value=\"https:\/\/www.sulcarautopecas.com.br.186-226-60-153.cpanel.site\/index.php?route=extension\/module\/oclayerednavigation\/category&path=136&limit=100\">Exibir:&nbsp;100<\/option>\n                                                                                <\/select>\n                    <\/div>\n                <\/div>\n                <div class=\"custom-products qv-wtext\">\n                    <div>\n                                            <div class=\"product-layout product-list col-xs-12\">\n                          <div class=\"product-thumb layout1\">\n\t\t\t\t\t\t\t<div class=\"image\">\n                              \t\t\t\t\t\t\t\t                              <a href=\"https:\/\/www.sulcarautopecas.com.br.186-226-60-153.cpanel.site\/porta\/guia-vidro-porta-diant-dir-honda-wr-v-2018-31459\">\n                                                              <img  src=\"image\/cache\/no_image-100x100.png\" alt=\"Guia Vidro Porta Diant Dir Honda Wr-v 20...\" \/>\n                              \t\t\t\t\t\t\t  <img  src=\"\" alt=\"Guia Vidro Porta Diant Dir Honda Wr-v 20...\" title=\"Guia Vidro Porta Diant Dir Honda Wr-v 20...\" class=\"img-responsive lazy\" \/>\n                              <\/a>\n\t\t\t\t\t\t\t  <div class=\"actions-link\">\t\t\t\t\t\t\t\t\t\n\t\t\t\t\t\t\t\t\t<a class=\"btn-wishlist\" data-toggle=\"tooltip\" title=\"Lista de desejos\" onclick=\"wishlist.add('31459');\"><i class=\"zmdi zmdi-favorite-outline\"><\/i><\/a>\t\t\t\t\t\t\t\t\t\n\t\t\t\t\t\t\t\t\t<a class=\"btn-compare\" data-toggle=\"tooltip\" title=\"Comparar\" onclick=\"compare.add('31459');\"><i class=\"zmdi zmdi-refresh-alt\"><\/i><\/a>\n\t\t\t\t\t\t\t\t<\/div>\n                            <\/div>\n                            <div class=\"product-inner\">\n                              <div class=\"product-caption\">\n\t\t\t\t\t\t\t                                <h2 class=\"product-name\"><a href=\"https:\/\/www.sulcarautopecas.com.br.186-226-60-153.cpanel.site\/porta\/guia-vidro-porta-diant-dir-honda-wr-v-2018-31459\">Guia Vidro Porta Diant Dir Honda Wr-v 20...<\/a><\/h2>\n\t\t\t\t\t\t\t                                     <div class=\"ratings\">\n                                      <div class=\"rating-box\">\n                                                                                        <div class=\"rating0\">rating<\/div>                                                                                                                                                                                                                                                                            <\/div>\n                                  <\/div>\n                              \t\t\t\t\t\t\t                                  <p class=\"price\">\n                                                                    R$40,00                                                                                                    <\/p>\n                                \t\t\t\t\t\t\t \n                              \n\t\t\t\t\t\t\t\t<p class=\"product-des\">*Sulcar Auto Pe\u00e7as Blumenau.\n*Trabalhamos com produtos originais.\n*Foto reais do produto.\n*Calcular frete em mercado envios,caso tenha nos pergunte.\n*Demais D\u00favidas apenas nos pergunte.\n*Ap\u00f3s confirma\u00e7\u00e3o do pagamento enviamos em at\u00e9 1 dia \u00fatil.\n*Entr..<\/p>\n                              <div class=\"product-intro\">\n\t\t\t\t\t\t\t\t<div class=\"actions-link2\">\n\t\t\t\t\t\t\t\t\t<a class=\"btn-cart\" data-toggle=\"tooltip\" title=\"Comprar\" onclick=\"cart.add('31459');\"><span class=\"button\"><i class=\"fa fa-shopping-cart\"><\/i>Comprar<\/span><\/a>\t\t\t\t\t\t\t\t\t\n\t\t\t\t\t\t\t\t\t<a class=\"btn-wishlist\" data-toggle=\"tooltip\" title=\"Lista de desejos\" onclick=\"wishlist.add('31459');\"><i class=\"zmdi zmdi-favorite-outline\"><\/i><\/a>\t\t\t\t\t\t\t\t\t\n\t\t\t\t\t\t\t\t\t<a class=\"btn-compare\" data-toggle=\"tooltip\" title=\"Comparar\" onclick=\"compare.add('31459');\"><i class=\"zmdi zmdi-refresh-alt\"><\/i><\/a>\n\t\t\t\t\t\t\t\t<\/div>\n\t\t\t\t\t\t\t\t<\/div>\n                            <\/div>\n\t\t\t\t\t\t\t<\/div>\n                          <\/div>\n                        <\/div>\n                                            <div class=\"product-layout product-list col-xs-12\">\n                          <div class=\"product-thumb layout1\">\n\t\t\t\t\t\t\t<div class=\"image\">\n                              \t\t\t\t\t\t\t\t                              <a href=\"https:\/\/www.sulcarautopecas.com.br.186-226-60-153.cpanel.site\/porta\/chicote-porta-traseira-esquerda-honda-hr-v-2021-original-18810\">\n                                                              <img  src=\"image\/cache\/no_image-100x100.png\" alt=\"Chicote Porta Traseira Esquerda Honda Hr...\" \/>\n                              \t\t\t\t\t\t\t  <img  src=\"\" alt=\"Chicote Porta Traseira Esquerda Honda Hr...\" title=\"Chicote Porta Traseira Esquerda Honda Hr...\" class=\"img-responsive lazy\" \/>\n                              <\/a>\n\t\t\t\t\t\t\t  <div class=\"actions-link\">\t\t\t\t\t\t\t\t\t\n\t\t\t\t\t\t\t\t\t<a class=\"btn-wishlist\" data-toggle=\"tooltip\" title=\"Lista de desejos\" onclick=\"wishlist.add('18810');\"><i class=\"zmdi zmdi-favorite-outline\"><\/i><\/a>\t\t\t\t\t\t\t\t\t\n\t\t\t\t\t\t\t\t\t<a class=\"btn-compare\" data-toggle=\"tooltip\" title=\"Comparar\" onclick=\"compare.add('18810');\"><i class=\"zmdi zmdi-refresh-alt\"><\/i><\/a>\n\t\t\t\t\t\t\t\t<\/div>\n                            <\/div>\n                            <div class=\"product-inner\">\n                              <div class=\"product-caption\">\n\t\t\t\t\t\t\t                                <h2 class=\"product-name\"><a href=\"https:\/\/www.sulcarautopecas.com.br.186-226-60-153.cpanel.site\/porta\/chicote-porta-traseira-esquerda-honda-hr-v-2021-original-18810\">Chicote Porta Traseira Esquerda Honda Hr...<\/a><\/h2>\n\t\t\t\t\t\t\t                                     <div class=\"ratings\">\n                                      <div class=\"rating-box\">\n                                                                                        <div class=\"rating0\">rating<\/div>                                                                                                                                                                                                                                                                            <\/div>\n                                  <\/div>\n                              \t\t\t\t\t\t\t                                  <p class=\"price\">\n                                                                    R$100,00                                                                                                    <\/p>\n                                \t\t\t\t\t\t\t \n                              \n\t\t\t\t\t\t\t\t<p class=\"product-des\">Sulcar Auto Pe\u00e7as Blumenau\nTrabalhamos com produtos originais \nFoto reais do produto \nCalcular frete...no mercado de envios \nDemais d\u00favidas...apenas nos pergunte \nAp\u00f3s confirmar do pagamento enviamos em at\u00e9 1 dia \u00fatil \nEntregamos para todo territ\u00f3rio..<\/p>\n                              <div class=\"product-intro\">\n\t\t\t\t\t\t\t\t<div class=\"actions-link2\">\n\t\t\t\t\t\t\t\t\t<a class=\"btn-cart\" data-toggle=\"tooltip\" title=\"Comprar\" onclick=\"cart.add('18810');\"><span class=\"button\"><i class=\"fa fa-shopping-cart\"><\/i>Comprar<\/span><\/a>\t\t\t\t\t\t\t\t\t\n\t\t\t\t\t\t\t\t\t<a class=\"btn-wishlist\" data-toggle=\"tooltip\" title=\"Lista de desejos\" onclick=\"wishlist.add('18810');\"><i class=\"zmdi zmdi-favorite-outline\"><\/i><\/a>\t\t\t\t\t\t\t\t\t\n\t\t\t\t\t\t\t\t\t<a class=\"btn-compare\" data-toggle=\"tooltip\" title=\"Comparar\" onclick=\"compare.add('18810');\"><i class=\"zmdi zmdi-refresh-alt\"><\/i><\/a>\n\t\t\t\t\t\t\t\t<\/div>\n\t\t\t\t\t\t\t\t<\/div>\n                            <\/div>\n\t\t\t\t\t\t\t<\/div>\n                          <\/div>\n                        <\/div>\n                                            <div class=\"product-layout product-list col-xs-12\">\n                          <div class=\"product-thumb layout1\">\n\t\t\t\t\t\t\t<div class=\"image\">\n                              \t\t\t\t\t\t\t\t                              <a href=\"https:\/\/www.sulcarautopecas.com.br.186-226-60-153.cpanel.site\/porta\/friso-porta-tras-esq-jeep-renegade-2021-a1417-25954\">\n                                                              <img  src=\"image\/cache\/no_image-100x100.png\" alt=\"Friso Porta Tras Esq Jeep Renegade 2021 ...\" \/>\n                              \t\t\t\t\t\t\t  <img  src=\"\" alt=\"Friso Porta Tras Esq Jeep Renegade 2021 ...\" title=\"Friso Porta Tras Esq Jeep Renegade 2021 ...\" class=\"img-responsive lazy\" \/>\n                              <\/a>\n\t\t\t\t\t\t\t  <div class=\"actions-link\">\t\t\t\t\t\t\t\t\t\n\t\t\t\t\t\t\t\t\t<a class=\"btn-wishlist\" data-toggle=\"tooltip\" title=\"Lista de desejos\" onclick=\"wishlist.add('25954');\"><i class=\"zmdi zmdi-favorite-outline\"><\/i><\/a>\t\t\t\t\t\t\t\t\t\n\t\t\t\t\t\t\t\t\t<a class=\"btn-compare\" data-toggle=\"tooltip\" title=\"Comparar\" onclick=\"compare.add('25954');\"><i class=\"zmdi zmdi-refresh-alt\"><\/i><\/a>\n\t\t\t\t\t\t\t\t<\/div>\n                            <\/div>\n                            <div class=\"product-inner\">\n                              <div class=\"product-caption\">\n\t\t\t\t\t\t\t                                <h2 class=\"product-name\"><a href=\"https:\/\/www.sulcarautopecas.com.br.186-226-60-153.cpanel.site\/porta\/friso-porta-tras-esq-jeep-renegade-2021-a1417-25954\">Friso Porta Tras Esq Jeep Renegade 2021 ...<\/a><\/h2>\n\t\t\t\t\t\t\t                                     <div class=\"ratings\">\n                                      <div class=\"rating-box\">\n                                                                                        <div class=\"rating0\">rating<\/div>                                                                                                                                                                                                                                                                            <\/div>\n                                  <\/div>\n                              \t\t\t\t\t\t\t                                  <p class=\"price\">\n                                                                    R$100,00                                                                                                    <\/p>\n                                \t\t\t\t\t\t\t \n                              \n\t\t\t\t\t\t\t\t<p class=\"product-des\">Sulcar Auto Pe\u00e7as Blumenau.\nTrabalhamos com pe\u00e7as originais.\nFoto reais do produto.\nCalcule frente\u2026no mercado de envios.\nDemais d\u00favida nos pergunte.\nAp\u00f3s confirma\u00e7\u00e3o do pagamento,enviamos em at\u00e9 1 dia \u00fatil.\nEntregamos para todo pa\u00eds com qualidade e s..<\/p>\n                              <div class=\"product-intro\">\n\t\t\t\t\t\t\t\t<div class=\"actions-link2\">\n\t\t\t\t\t\t\t\t\t<a class=\"btn-cart\" data-toggle=\"tooltip\" title=\"Comprar\" onclick=\"cart.add('25954');\"><span class=\"button\"><i class=\"fa fa-shopping-cart\"><\/i>Comprar<\/span><\/a>\t\t\t\t\t\t\t\t\t\n\t\t\t\t\t\t\t\t\t<a class=\"btn-wishlist\" data-toggle=\"tooltip\" title=\"Lista de desejos\" onclick=\"wishlist.add('25954');\"><i class=\"zmdi zmdi-favorite-outline\"><\/i><\/a>\t\t\t\t\t\t\t\t\t\n\t\t\t\t\t\t\t\t\t<a class=\"btn-compare\" data-toggle=\"tooltip\" title=\"Comparar\" onclick=\"compare.add('25954');\"><i class=\"zmdi zmdi-refresh-alt\"><\/i><\/a>\n\t\t\t\t\t\t\t\t<\/div>\n\t\t\t\t\t\t\t\t<\/div>\n                            <\/div>\n\t\t\t\t\t\t\t<\/div>\n                          <\/div>\n                        <\/div>\n                                            <div class=\"product-layout product-list col-xs-12\">\n                          <div class=\"product-thumb layout1\">\n\t\t\t\t\t\t\t<div class=\"image\">\n                              \t\t\t\t\t\t\t\t                              <a href=\"https:\/\/www.sulcarautopecas.com.br.186-226-60-153.cpanel.site\/porta\/borracha-porta-diant-direita-jeep-renegade-1-8-2021-a5966-30535\">\n                                                              <img  src=\"image\/cache\/no_image-100x100.png\" alt=\"Borracha Porta Diant Direita Jeep Renega...\" \/>\n                              \t\t\t\t\t\t\t  <img  src=\"\" alt=\"Borracha Porta Diant Direita Jeep Renega...\" title=\"Borracha Porta Diant Direita Jeep Renega...\" class=\"img-responsive lazy\" \/>\n                              <\/a>\n\t\t\t\t\t\t\t  <div class=\"actions-link\">\t\t\t\t\t\t\t\t\t\n\t\t\t\t\t\t\t\t\t<a class=\"btn-wishlist\" data-toggle=\"tooltip\" title=\"Lista de desejos\" onclick=\"wishlist.add('30535');\"><i class=\"zmdi zmdi-favorite-outline\"><\/i><\/a>\t\t\t\t\t\t\t\t\t\n\t\t\t\t\t\t\t\t\t<a class=\"btn-compare\" data-toggle=\"tooltip\" title=\"Comparar\" onclick=\"compare.add('30535');\"><i class=\"zmdi zmdi-refresh-alt\"><\/i><\/a>\n\t\t\t\t\t\t\t\t<\/div>\n                            <\/div>\n                            <div class=\"product-inner\">\n                              <div class=\"product-caption\">\n\t\t\t\t\t\t\t                                <h2 class=\"product-name\"><a href=\"https:\/\/www.sulcarautopecas.com.br.186-226-60-153.cpanel.site\/porta\/borracha-porta-diant-direita-jeep-renegade-1-8-2021-a5966-30535\">Borracha Porta Diant Direita Jeep Renega...<\/a><\/h2>\n\t\t\t\t\t\t\t                                     <div class=\"ratings\">\n                                      <div class=\"rating-box\">\n                                                                                        <div class=\"rating0\">rating<\/div>                                                                                                                                                                                                                                                                            <\/div>\n                                  <\/div>\n                              \t\t\t\t\t\t\t                                  <p class=\"price\">\n                                                                    R$100,00                                                                                                    <\/p>\n                                \t\t\t\t\t\t\t \n                              \n\t\t\t\t\t\t\t\t<p class=\"product-des\">*Sulcar Auto Pe\u00e7as Blumenau.\n*Trabalhamos com produtos originais.\n*Foto reais do produto.\n*Calcular frete em mercado envios,caso tenha nos pergunte.\n*Demais D\u00favidas apenas nos pergunte.\n*Ap\u00f3s confirma\u00e7\u00e3o do pagamento enviamos em at\u00e9 1 dia \u00fatil.\n*Entr..<\/p>\n                              <div class=\"product-intro\">\n\t\t\t\t\t\t\t\t<div class=\"actions-link2\">\n\t\t\t\t\t\t\t\t\t<a class=\"btn-cart\" data-toggle=\"tooltip\" title=\"Comprar\" onclick=\"cart.add('30535');\"><span class=\"button\"><i class=\"fa fa-shopping-cart\"><\/i>Comprar<\/span><\/a>\t\t\t\t\t\t\t\t\t\n\t\t\t\t\t\t\t\t\t<a class=\"btn-wishlist\" data-toggle=\"tooltip\" title=\"Lista de desejos\" onclick=\"wishlist.add('30535');\"><i class=\"zmdi zmdi-favorite-outline\"><\/i><\/a>\t\t\t\t\t\t\t\t\t\n\t\t\t\t\t\t\t\t\t<a class=\"btn-compare\" data-toggle=\"tooltip\" title=\"Comparar\" onclick=\"compare.add('30535');\"><i class=\"zmdi zmdi-refresh-alt\"><\/i><\/a>\n\t\t\t\t\t\t\t\t<\/div>\n\t\t\t\t\t\t\t\t<\/div>\n                            <\/div>\n\t\t\t\t\t\t\t<\/div>\n                          <\/div>\n                        <\/div>\n                                            <div class=\"product-layout product-list col-xs-12\">\n                          <div class=\"product-thumb layout1\">\n\t\t\t\t\t\t\t<div class=\"image\">\n                              \t\t\t\t\t\t\t\t                              <a href=\"https:\/\/www.sulcarautopecas.com.br.186-226-60-153.cpanel.site\/porta\/borracha-vedacao-da-porta-traseira-esquerda-honda-cr-v-2013-15584\">\n                                                              <img  src=\"image\/cache\/no_image-100x100.png\" alt=\"Borracha Veda\u00e7\u00e3o Da Porta Traseira Esq...\" \/>\n                              \t\t\t\t\t\t\t  <img  src=\"\" alt=\"Borracha Veda\u00e7\u00e3o Da Porta Traseira Esq...\" title=\"Borracha Veda\u00e7\u00e3o Da Porta Traseira Esq...\" class=\"img-responsive lazy\" \/>\n                              <\/a>\n\t\t\t\t\t\t\t  <div class=\"actions-link\">\t\t\t\t\t\t\t\t\t\n\t\t\t\t\t\t\t\t\t<a class=\"btn-wishlist\" data-toggle=\"tooltip\" title=\"Lista de desejos\" onclick=\"wishlist.add('15584');\"><i class=\"zmdi zmdi-favorite-outline\"><\/i><\/a>\t\t\t\t\t\t\t\t\t\n\t\t\t\t\t\t\t\t\t<a class=\"btn-compare\" data-toggle=\"tooltip\" title=\"Comparar\" onclick=\"compare.add('15584');\"><i class=\"zmdi zmdi-refresh-alt\"><\/i><\/a>\n\t\t\t\t\t\t\t\t<\/div>\n                            <\/div>\n                            <div class=\"product-inner\">\n                              <div class=\"product-caption\">\n\t\t\t\t\t\t\t                                <h2 class=\"product-name\"><a href=\"https:\/\/www.sulcarautopecas.com.br.186-226-60-153.cpanel.site\/porta\/borracha-vedacao-da-porta-traseira-esquerda-honda-cr-v-2013-15584\">Borracha Veda\u00e7\u00e3o Da Porta Traseira Esq...<\/a><\/h2>\n\t\t\t\t\t\t\t                                     <div class=\"ratings\">\n                                      <div class=\"rating-box\">\n                                                                                        <div class=\"rating0\">rating<\/div>                                                                                                                                                                                                                                                                            <\/div>\n                                  <\/div>\n                              \t\t\t\t\t\t\t                                  <p class=\"price\">\n                                                                    R$125,00                                                                                                    <\/p>\n                                \t\t\t\t\t\t\t \n                              \n\t\t\t\t\t\t\t\t<p class=\"product-des\">*Sulcar Auto Pe\u00e7as Blumenau.\n*Trabalhamos com produtos originais.\n*Foto reais do produto.\n*Calcular frete em mercado envios,caso tenha nos pergunte.\n*Demais D\u00favidas apenas nos pergunte.\n*Ap\u00f3s confirma\u00e7\u00e3o do pagamento enviamos em at\u00e9 1 dia \u00fatil.\n*Entr..<\/p>\n                              <div class=\"product-intro\">\n\t\t\t\t\t\t\t\t<div class=\"actions-link2\">\n\t\t\t\t\t\t\t\t\t<a class=\"btn-cart\" data-toggle=\"tooltip\" title=\"Comprar\" onclick=\"cart.add('15584');\"><span class=\"button\"><i class=\"fa fa-shopping-cart\"><\/i>Comprar<\/span><\/a>\t\t\t\t\t\t\t\t\t\n\t\t\t\t\t\t\t\t\t<a class=\"btn-wishlist\" data-toggle=\"tooltip\" title=\"Lista de desejos\" onclick=\"wishlist.add('15584');\"><i class=\"zmdi zmdi-favorite-outline\"><\/i><\/a>\t\t\t\t\t\t\t\t\t\n\t\t\t\t\t\t\t\t\t<a class=\"btn-compare\" data-toggle=\"tooltip\" title=\"Comparar\" onclick=\"compare.add('15584');\"><i class=\"zmdi zmdi-refresh-alt\"><\/i><\/a>\n\t\t\t\t\t\t\t\t<\/div>\n\t\t\t\t\t\t\t\t<\/div>\n                            <\/div>\n\t\t\t\t\t\t\t<\/div>\n                          <\/div>\n                        <\/div>\n                                            <div class=\"product-layout product-list col-xs-12\">\n                          <div class=\"product-thumb layout1\">\n\t\t\t\t\t\t\t<div class=\"image\">\n                              \t\t\t\t\t\t\t\t                              <a href=\"https:\/\/www.sulcarautopecas.com.br.186-226-60-153.cpanel.site\/porta\/aplique-externo-porta-tras-dir-vw-nivus-2023-34105\">\n                                                              <img  src=\"image\/cache\/no_image-100x100.png\" alt=\"Aplique Externo Porta Tras Dir Vw Nivus ...\" \/>\n                              \t\t\t\t\t\t\t  <img  src=\"\" alt=\"Aplique Externo Porta Tras Dir Vw Nivus ...\" title=\"Aplique Externo Porta Tras Dir Vw Nivus ...\" class=\"img-responsive lazy\" \/>\n                              <\/a>\n\t\t\t\t\t\t\t  <div class=\"actions-link\">\t\t\t\t\t\t\t\t\t\n\t\t\t\t\t\t\t\t\t<a class=\"btn-wishlist\" data-toggle=\"tooltip\" title=\"Lista de desejos\" onclick=\"wishlist.add('34105');\"><i class=\"zmdi zmdi-favorite-outline\"><\/i><\/a>\t\t\t\t\t\t\t\t\t\n\t\t\t\t\t\t\t\t\t<a class=\"btn-compare\" data-toggle=\"tooltip\" title=\"Comparar\" onclick=\"compare.add('34105');\"><i class=\"zmdi zmdi-refresh-alt\"><\/i><\/a>\n\t\t\t\t\t\t\t\t<\/div>\n                            <\/div>\n                            <div class=\"product-inner\">\n                              <div class=\"product-caption\">\n\t\t\t\t\t\t\t                                <h2 class=\"product-name\"><a href=\"https:\/\/www.sulcarautopecas.com.br.186-226-60-153.cpanel.site\/porta\/aplique-externo-porta-tras-dir-vw-nivus-2023-34105\">Aplique Externo Porta Tras Dir Vw Nivus ...<\/a><\/h2>\n\t\t\t\t\t\t\t                                     <div class=\"ratings\">\n                                      <div class=\"rating-box\">\n                                                                                        <div class=\"rating0\">rating<\/div>                                                                                                                                                                                                                                                                            <\/div>\n                                  <\/div>\n                              \t\t\t\t\t\t\t                                  <p class=\"price\">\n                                                                    R$80,00                                                                                                    <\/p>\n                                \t\t\t\t\t\t\t \n                              \n\t\t\t\t\t\t\t\t<p class=\"product-des\">*Sulcar Auto Pe\u00e7as Blumenau.\n*Trabalhamos com produtos originais.\n*Foto reais do produto.\n*Calcular frete em mercado envios,caso tenha nos pergunte.\n*Demais D\u00favidas apenas nos pergunte.\n*Ap\u00f3s confirma\u00e7\u00e3o do pagamento enviamos em at\u00e9 1 dia \u00fatil.\n*Entr..<\/p>\n                              <div class=\"product-intro\">\n\t\t\t\t\t\t\t\t<div class=\"actions-link2\">\n\t\t\t\t\t\t\t\t\t<a class=\"btn-cart\" data-toggle=\"tooltip\" title=\"Comprar\" onclick=\"cart.add('34105');\"><span class=\"button\"><i class=\"fa fa-shopping-cart\"><\/i>Comprar<\/span><\/a>\t\t\t\t\t\t\t\t\t\n\t\t\t\t\t\t\t\t\t<a class=\"btn-wishlist\" data-toggle=\"tooltip\" title=\"Lista de desejos\" onclick=\"wishlist.add('34105');\"><i class=\"zmdi zmdi-favorite-outline\"><\/i><\/a>\t\t\t\t\t\t\t\t\t\n\t\t\t\t\t\t\t\t\t<a class=\"btn-compare\" data-toggle=\"tooltip\" title=\"Comparar\" onclick=\"compare.add('34105');\"><i class=\"zmdi zmdi-refresh-alt\"><\/i><\/a>\n\t\t\t\t\t\t\t\t<\/div>\n\t\t\t\t\t\t\t\t<\/div>\n                            <\/div>\n\t\t\t\t\t\t\t<\/div>\n                          <\/div>\n                        <\/div>\n                                            <div class=\"product-layout product-list col-xs-12\">\n                          <div class=\"product-thumb layout1\">\n\t\t\t\t\t\t\t<div class=\"image\">\n                              \t\t\t\t\t\t\t\t                              <a href=\"https:\/\/www.sulcarautopecas.com.br.186-226-60-153.cpanel.site\/porta\/borracha-guarda-po-porta-diant-dir-fiat-fastback-2023-turbo-24125\">\n                                                              <img  src=\"image\/cache\/no_image-100x100.png\" alt=\"Borracha Guarda Po Porta Diant Dir Fiat ...\" \/>\n                              \t\t\t\t\t\t\t  <img  src=\"\" alt=\"Borracha Guarda Po Porta Diant Dir Fiat ...\" title=\"Borracha Guarda Po Porta Diant Dir Fiat ...\" class=\"img-responsive lazy\" \/>\n                              <\/a>\n\t\t\t\t\t\t\t  <div class=\"actions-link\">\t\t\t\t\t\t\t\t\t\n\t\t\t\t\t\t\t\t\t<a class=\"btn-wishlist\" data-toggle=\"tooltip\" title=\"Lista de desejos\" onclick=\"wishlist.add('24125');\"><i class=\"zmdi zmdi-favorite-outline\"><\/i><\/a>\t\t\t\t\t\t\t\t\t\n\t\t\t\t\t\t\t\t\t<a class=\"btn-compare\" data-toggle=\"tooltip\" title=\"Comparar\" onclick=\"compare.add('24125');\"><i class=\"zmdi zmdi-refresh-alt\"><\/i><\/a>\n\t\t\t\t\t\t\t\t<\/div>\n                            <\/div>\n                            <div class=\"product-inner\">\n                              <div class=\"product-caption\">\n\t\t\t\t\t\t\t                                <h2 class=\"product-name\"><a href=\"https:\/\/www.sulcarautopecas.com.br.186-226-60-153.cpanel.site\/porta\/borracha-guarda-po-porta-diant-dir-fiat-fastback-2023-turbo-24125\">Borracha Guarda Po Porta Diant Dir Fiat ...<\/a><\/h2>\n\t\t\t\t\t\t\t                                     <div class=\"ratings\">\n                                      <div class=\"rating-box\">\n                                                                                        <div class=\"rating0\">rating<\/div>                                                                                                                                                                                                                                                                            <\/div>\n                                  <\/div>\n                              \t\t\t\t\t\t\t                                  <p class=\"price\">\n                                                                    R$150,00                                                                                                    <\/p>\n                                \t\t\t\t\t\t\t \n                              \n\t\t\t\t\t\t\t\t<p class=\"product-des\">Trabalhamos com produtos originais, retirados de ve\u00edculos baixados no Detran, com toda a proced\u00eancia e garantia.\nTodas as nossas fotos s\u00e3o reais do produto.\n\nPara calcular o frete basta aproveitar as vantagens do MERCADO ENVIOS.\nCaso o produto n\u00e3o te..<\/p>\n                              <div class=\"product-intro\">\n\t\t\t\t\t\t\t\t<div class=\"actions-link2\">\n\t\t\t\t\t\t\t\t\t<a class=\"btn-cart\" data-toggle=\"tooltip\" title=\"Comprar\" onclick=\"cart.add('24125');\"><span class=\"button\"><i class=\"fa fa-shopping-cart\"><\/i>Comprar<\/span><\/a>\t\t\t\t\t\t\t\t\t\n\t\t\t\t\t\t\t\t\t<a class=\"btn-wishlist\" data-toggle=\"tooltip\" title=\"Lista de desejos\" onclick=\"wishlist.add('24125');\"><i class=\"zmdi zmdi-favorite-outline\"><\/i><\/a>\t\t\t\t\t\t\t\t\t\n\t\t\t\t\t\t\t\t\t<a class=\"btn-compare\" data-toggle=\"tooltip\" title=\"Comparar\" onclick=\"compare.add('24125');\"><i class=\"zmdi zmdi-refresh-alt\"><\/i><\/a>\n\t\t\t\t\t\t\t\t<\/div>\n\t\t\t\t\t\t\t\t<\/div>\n                            <\/div>\n\t\t\t\t\t\t\t<\/div>\n                          <\/div>\n                        <\/div>\n                                            <div class=\"product-layout product-list col-xs-12\">\n                          <div class=\"product-thumb layout1\">\n\t\t\t\t\t\t\t<div class=\"image\">\n                              \t\t\t\t\t\t\t\t                              <a href=\"https:\/\/www.sulcarautopecas.com.br.186-226-60-153.cpanel.site\/porta\/soleira-porta-dianteira-esquerda-toyota-corolla-gli-2016-30020\">\n                                                              <img  src=\"image\/cache\/no_image-100x100.png\" alt=\"Soleira Porta Dianteira Esquerda Toyota ...\" \/>\n                              \t\t\t\t\t\t\t  <img  src=\"\" alt=\"Soleira Porta Dianteira Esquerda Toyota ...\" title=\"Soleira Porta Dianteira Esquerda Toyota ...\" class=\"img-responsive lazy\" \/>\n                              <\/a>\n\t\t\t\t\t\t\t  <div class=\"actions-link\">\t\t\t\t\t\t\t\t\t\n\t\t\t\t\t\t\t\t\t<a class=\"btn-wishlist\" data-toggle=\"tooltip\" title=\"Lista de desejos\" onclick=\"wishlist.add('30020');\"><i class=\"zmdi zmdi-favorite-outline\"><\/i><\/a>\t\t\t\t\t\t\t\t\t\n\t\t\t\t\t\t\t\t\t<a class=\"btn-compare\" data-toggle=\"tooltip\" title=\"Comparar\" onclick=\"compare.add('30020');\"><i class=\"zmdi zmdi-refresh-alt\"><\/i><\/a>\n\t\t\t\t\t\t\t\t<\/div>\n                            <\/div>\n                            <div class=\"product-inner\">\n                              <div class=\"product-caption\">\n\t\t\t\t\t\t\t                                <h2 class=\"product-name\"><a href=\"https:\/\/www.sulcarautopecas.com.br.186-226-60-153.cpanel.site\/porta\/soleira-porta-dianteira-esquerda-toyota-corolla-gli-2016-30020\">Soleira Porta Dianteira Esquerda Toyota ...<\/a><\/h2>\n\t\t\t\t\t\t\t                                     <div class=\"ratings\">\n                                      <div class=\"rating-box\">\n                                                                                        <div class=\"rating0\">rating<\/div>                                                                                                                                                                                                                                                                            <\/div>\n                                  <\/div>\n                              \t\t\t\t\t\t\t                                  <p class=\"price\">\n                                                                    R$100,00                                                                                                    <\/p>\n                                \t\t\t\t\t\t\t \n                              \n\t\t\t\t\t\t\t\t<p class=\"product-des\">*Sulcar Auto Pe\u00e7as Blumenau.\n*Trabalhamos com produtos originais.\n*Foto reais do produto.\n*Calcular frete em mercado envios,caso tenha nos pergunte.\n*Demais D\u00favidas apenas nos pergunte.\n*Ap\u00f3s confirma\u00e7\u00e3o do pagamento enviamos em at\u00e9 1 dia \u00fatil.\n*Entr..<\/p>\n                              <div class=\"product-intro\">\n\t\t\t\t\t\t\t\t<div class=\"actions-link2\">\n\t\t\t\t\t\t\t\t\t<a class=\"btn-cart\" data-toggle=\"tooltip\" title=\"Comprar\" onclick=\"cart.add('30020');\"><span class=\"button\"><i class=\"fa fa-shopping-cart\"><\/i>Comprar<\/span><\/a>\t\t\t\t\t\t\t\t\t\n\t\t\t\t\t\t\t\t\t<a class=\"btn-wishlist\" data-toggle=\"tooltip\" title=\"Lista de desejos\" onclick=\"wishlist.add('30020');\"><i class=\"zmdi zmdi-favorite-outline\"><\/i><\/a>\t\t\t\t\t\t\t\t\t\n\t\t\t\t\t\t\t\t\t<a class=\"btn-compare\" data-toggle=\"tooltip\" title=\"Comparar\" onclick=\"compare.add('30020');\"><i class=\"zmdi zmdi-refresh-alt\"><\/i><\/a>\n\t\t\t\t\t\t\t\t<\/div>\n\t\t\t\t\t\t\t\t<\/div>\n                            <\/div>\n\t\t\t\t\t\t\t<\/div>\n                          <\/div>\n                        <\/div>\n                                            <div class=\"product-layout product-list col-xs-12\">\n                          <div class=\"product-thumb layout1\">\n\t\t\t\t\t\t\t<div class=\"image\">\n                              \t\t\t\t\t\t\t\t                              <a href=\"https:\/\/www.sulcarautopecas.com.br.186-226-60-153.cpanel.site\/porta\/guia-vidro-porta-diant-esq-renault-duster-2023-33148\">\n                                                              <img  src=\"image\/cache\/no_image-100x100.png\" alt=\"Guia Vidro Porta Diant Esq Renault Duste...\" \/>\n                              \t\t\t\t\t\t\t  <img  src=\"\" alt=\"Guia Vidro Porta Diant Esq Renault Duste...\" title=\"Guia Vidro Porta Diant Esq Renault Duste...\" class=\"img-responsive lazy\" \/>\n                              <\/a>\n\t\t\t\t\t\t\t  <div class=\"actions-link\">\t\t\t\t\t\t\t\t\t\n\t\t\t\t\t\t\t\t\t<a class=\"btn-wishlist\" data-toggle=\"tooltip\" title=\"Lista de desejos\" onclick=\"wishlist.add('33148');\"><i class=\"zmdi zmdi-favorite-outline\"><\/i><\/a>\t\t\t\t\t\t\t\t\t\n\t\t\t\t\t\t\t\t\t<a class=\"btn-compare\" data-toggle=\"tooltip\" title=\"Comparar\" onclick=\"compare.add('33148');\"><i class=\"zmdi zmdi-refresh-alt\"><\/i><\/a>\n\t\t\t\t\t\t\t\t<\/div>\n                            <\/div>\n                            <div class=\"product-inner\">\n                              <div class=\"product-caption\">\n\t\t\t\t\t\t\t                                <h2 class=\"product-name\"><a href=\"https:\/\/www.sulcarautopecas.com.br.186-226-60-153.cpanel.site\/porta\/guia-vidro-porta-diant-esq-renault-duster-2023-33148\">Guia Vidro Porta Diant Esq Renault Duste...<\/a><\/h2>\n\t\t\t\t\t\t\t                                     <div class=\"ratings\">\n                                      <div class=\"rating-box\">\n                                                                                        <div class=\"rating0\">rating<\/div>                                                                                                                                                                                                                                                                            <\/div>\n                                  <\/div>\n                              \t\t\t\t\t\t\t                                  <p class=\"price\">\n                                                                    R$50,00                                                                                                    <\/p>\n                                \t\t\t\t\t\t\t \n                              \n\t\t\t\t\t\t\t\t<p class=\"product-des\">*Sulcar Auto Pe\u00e7as Blumenau.\n*Trabalhamos com produtos originais.\n*Foto reais do produto.\n*Calcular frete em mercado envios,caso tenha nos pergunte.\n*Demais D\u00favidas apenas nos pergunte.\n*Ap\u00f3s confirma\u00e7\u00e3o do pagamento enviamos em at\u00e9 1 dia \u00fatil.\n*Entr..<\/p>\n                              <div class=\"product-intro\">\n\t\t\t\t\t\t\t\t<div class=\"actions-link2\">\n\t\t\t\t\t\t\t\t\t<a class=\"btn-cart\" data-toggle=\"tooltip\" title=\"Comprar\" onclick=\"cart.add('33148');\"><span class=\"button\"><i class=\"fa fa-shopping-cart\"><\/i>Comprar<\/span><\/a>\t\t\t\t\t\t\t\t\t\n\t\t\t\t\t\t\t\t\t<a class=\"btn-wishlist\" data-toggle=\"tooltip\" title=\"Lista de desejos\" onclick=\"wishlist.add('33148');\"><i class=\"zmdi zmdi-favorite-outline\"><\/i><\/a>\t\t\t\t\t\t\t\t\t\n\t\t\t\t\t\t\t\t\t<a class=\"btn-compare\" data-toggle=\"tooltip\" title=\"Comparar\" onclick=\"compare.add('33148');\"><i class=\"zmdi zmdi-refresh-alt\"><\/i><\/a>\n\t\t\t\t\t\t\t\t<\/div>\n\t\t\t\t\t\t\t\t<\/div>\n                            <\/div>\n\t\t\t\t\t\t\t<\/div>\n                          <\/div>\n                        <\/div>\n                                            <div class=\"product-layout product-list col-xs-12\">\n                          <div class=\"product-thumb layout1\">\n\t\t\t\t\t\t\t<div class=\"image\">\n                              \t\t\t\t\t\t\t\t                              <a href=\"https:\/\/www.sulcarautopecas.com.br.186-226-60-153.cpanel.site\/porta\/chicote-porta-traseira-direita-honda-civic-2014-22692\">\n                                                              <img  src=\"image\/cache\/no_image-100x100.png\" alt=\"Chicote Porta Traseira Direita Honda Civ...\" \/>\n                              \t\t\t\t\t\t\t  <img  src=\"\" alt=\"Chicote Porta Traseira Direita Honda Civ...\" title=\"Chicote Porta Traseira Direita Honda Civ...\" class=\"img-responsive lazy\" \/>\n                              <\/a>\n\t\t\t\t\t\t\t  <div class=\"actions-link\">\t\t\t\t\t\t\t\t\t\n\t\t\t\t\t\t\t\t\t<a class=\"btn-wishlist\" data-toggle=\"tooltip\" title=\"Lista de desejos\" onclick=\"wishlist.add('22692');\"><i class=\"zmdi zmdi-favorite-outline\"><\/i><\/a>\t\t\t\t\t\t\t\t\t\n\t\t\t\t\t\t\t\t\t<a class=\"btn-compare\" data-toggle=\"tooltip\" title=\"Comparar\" onclick=\"compare.add('22692');\"><i class=\"zmdi zmdi-refresh-alt\"><\/i><\/a>\n\t\t\t\t\t\t\t\t<\/div>\n                            <\/div>\n                            <div class=\"product-inner\">\n                              <div class=\"product-caption\">\n\t\t\t\t\t\t\t                                <h2 class=\"product-name\"><a href=\"https:\/\/www.sulcarautopecas.com.br.186-226-60-153.cpanel.site\/porta\/chicote-porta-traseira-direita-honda-civic-2014-22692\">Chicote Porta Traseira Direita Honda Civ...<\/a><\/h2>\n\t\t\t\t\t\t\t                                     <div class=\"ratings\">\n                                      <div class=\"rating-box\">\n                                                                                        <div class=\"rating0\">rating<\/div>                                                                                                                                                                                                                                                                            <\/div>\n                                  <\/div>\n                              \t\t\t\t\t\t\t                                  <p class=\"price\">\n                                                                    R$80,00                                                                                                    <\/p>\n                                \t\t\t\t\t\t\t \n                              \n\t\t\t\t\t\t\t\t<p class=\"product-des\">Trabalhamos com produtos originais, retirados de ve\u00edculos baixados no Detran, com total proced\u00eancia e garantia.\nTodas as nossas fotos s\u00e3o reais do produto.\n\nPara calcular o frente basta aproveitar as vantagens do MERCADO ENVIOS.\nCaso o produto n\u00e3o te..<\/p>\n                              <div class=\"product-intro\">\n\t\t\t\t\t\t\t\t<div class=\"actions-link2\">\n\t\t\t\t\t\t\t\t\t<a class=\"btn-cart\" data-toggle=\"tooltip\" title=\"Comprar\" onclick=\"cart.add('22692');\"><span class=\"button\"><i class=\"fa fa-shopping-cart\"><\/i>Comprar<\/span><\/a>\t\t\t\t\t\t\t\t\t\n\t\t\t\t\t\t\t\t\t<a class=\"btn-wishlist\" data-toggle=\"tooltip\" title=\"Lista de desejos\" onclick=\"wishlist.add('22692');\"><i class=\"zmdi zmdi-favorite-outline\"><\/i><\/a>\t\t\t\t\t\t\t\t\t\n\t\t\t\t\t\t\t\t\t<a class=\"btn-compare\" data-toggle=\"tooltip\" title=\"Comparar\" onclick=\"compare.add('22692');\"><i class=\"zmdi zmdi-refresh-alt\"><\/i><\/a>\n\t\t\t\t\t\t\t\t<\/div>\n\t\t\t\t\t\t\t\t<\/div>\n                            <\/div>\n\t\t\t\t\t\t\t<\/div>\n                          <\/div>\n                        <\/div>\n                                            <div class=\"product-layout product-list col-xs-12\">\n                          <div class=\"product-thumb layout1\">\n\t\t\t\t\t\t\t<div class=\"image\">\n                              \t\t\t\t\t\t\t\t                              <a href=\"https:\/\/www.sulcarautopecas.com.br.186-226-60-153.cpanel.site\/porta\/chicote-porta-traseira-esquerda-peugeot-2008-2020-a4986-29292\">\n                                                              <img  src=\"image\/cache\/no_image-100x100.png\" alt=\"Chicote Porta Traseira Esquerda Peugeot ...\" \/>\n                              \t\t\t\t\t\t\t  <img  src=\"\" alt=\"Chicote Porta Traseira Esquerda Peugeot ...\" title=\"Chicote Porta Traseira Esquerda Peugeot ...\" class=\"img-responsive lazy\" \/>\n                              <\/a>\n\t\t\t\t\t\t\t  <div class=\"actions-link\">\t\t\t\t\t\t\t\t\t\n\t\t\t\t\t\t\t\t\t<a class=\"btn-wishlist\" data-toggle=\"tooltip\" title=\"Lista de desejos\" onclick=\"wishlist.add('29292');\"><i class=\"zmdi zmdi-favorite-outline\"><\/i><\/a>\t\t\t\t\t\t\t\t\t\n\t\t\t\t\t\t\t\t\t<a class=\"btn-compare\" data-toggle=\"tooltip\" title=\"Comparar\" onclick=\"compare.add('29292');\"><i class=\"zmdi zmdi-refresh-alt\"><\/i><\/a>\n\t\t\t\t\t\t\t\t<\/div>\n                            <\/div>\n                            <div class=\"product-inner\">\n                              <div class=\"product-caption\">\n\t\t\t\t\t\t\t                                <h2 class=\"product-name\"><a href=\"https:\/\/www.sulcarautopecas.com.br.186-226-60-153.cpanel.site\/porta\/chicote-porta-traseira-esquerda-peugeot-2008-2020-a4986-29292\">Chicote Porta Traseira Esquerda Peugeot ...<\/a><\/h2>\n\t\t\t\t\t\t\t                                     <div class=\"ratings\">\n                                      <div class=\"rating-box\">\n                                                                                        <div class=\"rating0\">rating<\/div>                                                                                                                                                                                                                                                                            <\/div>\n                                  <\/div>\n                              \t\t\t\t\t\t\t                                  <p class=\"price\">\n                                                                    R$80,00                                                                                                    <\/p>\n                                \t\t\t\t\t\t\t \n                              \n\t\t\t\t\t\t\t\t<p class=\"product-des\">Sulcar Auto Pe\u00e7as Blumenau\nTrabalhamos com produtos originais\nFoto reais do produto\nCalcular frete...no mercado de envios\nDemais d\u00favidas...apenas nos pergunte\nAp\u00f3s confirmar do pagamento enviamos em at\u00e9 1 dia \u00fatil\nEntregamos para todo territ\u00f3rio naci..<\/p>\n                              <div class=\"product-intro\">\n\t\t\t\t\t\t\t\t<div class=\"actions-link2\">\n\t\t\t\t\t\t\t\t\t<a class=\"btn-cart\" data-toggle=\"tooltip\" title=\"Comprar\" onclick=\"cart.add('29292');\"><span class=\"button\"><i class=\"fa fa-shopping-cart\"><\/i>Comprar<\/span><\/a>\t\t\t\t\t\t\t\t\t\n\t\t\t\t\t\t\t\t\t<a class=\"btn-wishlist\" data-toggle=\"tooltip\" title=\"Lista de desejos\" onclick=\"wishlist.add('29292');\"><i class=\"zmdi zmdi-favorite-outline\"><\/i><\/a>\t\t\t\t\t\t\t\t\t\n\t\t\t\t\t\t\t\t\t<a class=\"btn-compare\" data-toggle=\"tooltip\" title=\"Comparar\" onclick=\"compare.add('29292');\"><i class=\"zmdi zmdi-refresh-alt\"><\/i><\/a>\n\t\t\t\t\t\t\t\t<\/div>\n\t\t\t\t\t\t\t\t<\/div>\n                            <\/div>\n\t\t\t\t\t\t\t<\/div>\n                          <\/div>\n                        <\/div>\n                                            <div class=\"product-layout product-list col-xs-12\">\n                          <div class=\"product-thumb layout1\">\n\t\t\t\t\t\t\t<div class=\"image\">\n                              \t\t\t\t\t\t\t\t                              <a href=\"https:\/\/www.sulcarautopecas.com.br.186-226-60-153.cpanel.site\/porta\/pestana-externa-porta-tras-dir-nissan-kicks-2019-32220\">\n                                                              <img  src=\"image\/cache\/no_image-100x100.png\" alt=\"Pestana Externa Porta Tras Dir Nissan Ki...\" \/>\n                              \t\t\t\t\t\t\t  <img  src=\"\" alt=\"Pestana Externa Porta Tras Dir Nissan Ki...\" title=\"Pestana Externa Porta Tras Dir Nissan Ki...\" class=\"img-responsive lazy\" \/>\n                              <\/a>\n\t\t\t\t\t\t\t  <div class=\"actions-link\">\t\t\t\t\t\t\t\t\t\n\t\t\t\t\t\t\t\t\t<a class=\"btn-wishlist\" data-toggle=\"tooltip\" title=\"Lista de desejos\" onclick=\"wishlist.add('32220');\"><i class=\"zmdi zmdi-favorite-outline\"><\/i><\/a>\t\t\t\t\t\t\t\t\t\n\t\t\t\t\t\t\t\t\t<a class=\"btn-compare\" data-toggle=\"tooltip\" title=\"Comparar\" onclick=\"compare.add('32220');\"><i class=\"zmdi zmdi-refresh-alt\"><\/i><\/a>\n\t\t\t\t\t\t\t\t<\/div>\n                            <\/div>\n                            <div class=\"product-inner\">\n                              <div class=\"product-caption\">\n\t\t\t\t\t\t\t                                <h2 class=\"product-name\"><a href=\"https:\/\/www.sulcarautopecas.com.br.186-226-60-153.cpanel.site\/porta\/pestana-externa-porta-tras-dir-nissan-kicks-2019-32220\">Pestana Externa Porta Tras Dir Nissan Ki...<\/a><\/h2>\n\t\t\t\t\t\t\t                                     <div class=\"ratings\">\n                                      <div class=\"rating-box\">\n                                                                                        <div class=\"rating0\">rating<\/div>                                                                                                                                                                                                                                                                            <\/div>\n                                  <\/div>\n                              \t\t\t\t\t\t\t                                  <p class=\"price\">\n                                                                    R$100,00                                                                                                    <\/p>\n                                \t\t\t\t\t\t\t \n                              \n\t\t\t\t\t\t\t\t<p class=\"product-des\">*Sulcar Auto Pe\u00e7as Blumenau.\n*Trabalhamos com produtos originais.\n*Foto reais do produto.\n*Calcular frete em mercado envios,caso tenha nos pergunte.\n*Demais D\u00favidas apenas nos pergunte.\n*Ap\u00f3s confirma\u00e7\u00e3o do pagamento enviamos em at\u00e9 1 dia \u00fatil.\n*Entr..<\/p>\n                              <div class=\"product-intro\">\n\t\t\t\t\t\t\t\t<div class=\"actions-link2\">\n\t\t\t\t\t\t\t\t\t<a class=\"btn-cart\" data-toggle=\"tooltip\" title=\"Comprar\" onclick=\"cart.add('32220');\"><span class=\"button\"><i class=\"fa fa-shopping-cart\"><\/i>Comprar<\/span><\/a>\t\t\t\t\t\t\t\t\t\n\t\t\t\t\t\t\t\t\t<a class=\"btn-wishlist\" data-toggle=\"tooltip\" title=\"Lista de desejos\" onclick=\"wishlist.add('32220');\"><i class=\"zmdi zmdi-favorite-outline\"><\/i><\/a>\t\t\t\t\t\t\t\t\t\n\t\t\t\t\t\t\t\t\t<a class=\"btn-compare\" data-toggle=\"tooltip\" title=\"Comparar\" onclick=\"compare.add('32220');\"><i class=\"zmdi zmdi-refresh-alt\"><\/i><\/a>\n\t\t\t\t\t\t\t\t<\/div>\n\t\t\t\t\t\t\t\t<\/div>\n                            <\/div>\n\t\t\t\t\t\t\t<\/div>\n                          <\/div>\n                        <\/div>\n                                            <div class=\"product-layout product-list col-xs-12\">\n                          <div class=\"product-thumb layout1\">\n\t\t\t\t\t\t\t<div class=\"image\">\n                              \t\t\t\t\t\t\t\t                              <a href=\"https:\/\/www.sulcarautopecas.com.br.186-226-60-153.cpanel.site\/porta\/vidro-porta-dianteiro-esquerdo-renault-captur-iconic-2022-20320\">\n                                                              <img  src=\"image\/cache\/no_image-100x100.png\" alt=\"Vidro Porta Dianteiro Esquerdo Renault C...\" \/>\n                              \t\t\t\t\t\t\t  <img  src=\"\" alt=\"Vidro Porta Dianteiro Esquerdo Renault C...\" title=\"Vidro Porta Dianteiro Esquerdo Renault C...\" class=\"img-responsive lazy\" \/>\n                              <\/a>\n\t\t\t\t\t\t\t  <div class=\"actions-link\">\t\t\t\t\t\t\t\t\t\n\t\t\t\t\t\t\t\t\t<a class=\"btn-wishlist\" data-toggle=\"tooltip\" title=\"Lista de desejos\" onclick=\"wishlist.add('20320');\"><i class=\"zmdi zmdi-favorite-outline\"><\/i><\/a>\t\t\t\t\t\t\t\t\t\n\t\t\t\t\t\t\t\t\t<a class=\"btn-compare\" data-toggle=\"tooltip\" title=\"Comparar\" onclick=\"compare.add('20320');\"><i class=\"zmdi zmdi-refresh-alt\"><\/i><\/a>\n\t\t\t\t\t\t\t\t<\/div>\n                            <\/div>\n                            <div class=\"product-inner\">\n                              <div class=\"product-caption\">\n\t\t\t\t\t\t\t                                <h2 class=\"product-name\"><a href=\"https:\/\/www.sulcarautopecas.com.br.186-226-60-153.cpanel.site\/porta\/vidro-porta-dianteiro-esquerdo-renault-captur-iconic-2022-20320\">Vidro Porta Dianteiro Esquerdo Renault C...<\/a><\/h2>\n\t\t\t\t\t\t\t                                     <div class=\"ratings\">\n                                      <div class=\"rating-box\">\n                                                                                        <div class=\"rating0\">rating<\/div>                                                                                                                                                                                                                                                                            <\/div>\n                                  <\/div>\n                              \t\t\t\t\t\t\t                                  <p class=\"price\">\n                                                                    R$130,00                                                                                                    <\/p>\n                                \t\t\t\t\t\t\t \n                              \n\t\t\t\t\t\t\t\t<p class=\"product-des\">Trabalhamos com produtos originais, retirados de ve\u00edculos baixados no Detran, com toda a proced\u00eancia e garantia.\nTodas as nossas fotos s\u00e3o reais do produto.\n\nPara calcular o frete basta aproveitar as vantagens do MERCADO ENVIOS.\nCaso o produto n\u00e3o te..<\/p>\n                              <div class=\"product-intro\">\n\t\t\t\t\t\t\t\t<div class=\"actions-link2\">\n\t\t\t\t\t\t\t\t\t<a class=\"btn-cart\" data-toggle=\"tooltip\" title=\"Comprar\" onclick=\"cart.add('20320');\"><span class=\"button\"><i class=\"fa fa-shopping-cart\"><\/i>Comprar<\/span><\/a>\t\t\t\t\t\t\t\t\t\n\t\t\t\t\t\t\t\t\t<a class=\"btn-wishlist\" data-toggle=\"tooltip\" title=\"Lista de desejos\" onclick=\"wishlist.add('20320');\"><i class=\"zmdi zmdi-favorite-outline\"><\/i><\/a>\t\t\t\t\t\t\t\t\t\n\t\t\t\t\t\t\t\t\t<a class=\"btn-compare\" data-toggle=\"tooltip\" title=\"Comparar\" onclick=\"compare.add('20320');\"><i class=\"zmdi zmdi-refresh-alt\"><\/i><\/a>\n\t\t\t\t\t\t\t\t<\/div>\n\t\t\t\t\t\t\t\t<\/div>\n                            <\/div>\n\t\t\t\t\t\t\t<\/div>\n                          <\/div>\n                        <\/div>\n                                            <div class=\"product-layout product-list col-xs-12\">\n                          <div class=\"product-thumb layout1\">\n\t\t\t\t\t\t\t<div class=\"image\">\n                              \t\t\t\t\t\t\t\t                              <a href=\"https:\/\/www.sulcarautopecas.com.br.186-226-60-153.cpanel.site\/porta\/alto-falante-porta-tras-dir-renault-duster-2023-a3095-27503\">\n                                                              <img  src=\"image\/cache\/no_image-100x100.png\" alt=\"Alto Falante Porta Tras Dir Renault Dust...\" \/>\n                              \t\t\t\t\t\t\t  <img  src=\"\" alt=\"Alto Falante Porta Tras Dir Renault Dust...\" title=\"Alto Falante Porta Tras Dir Renault Dust...\" class=\"img-responsive lazy\" \/>\n                              <\/a>\n\t\t\t\t\t\t\t  <div class=\"actions-link\">\t\t\t\t\t\t\t\t\t\n\t\t\t\t\t\t\t\t\t<a class=\"btn-wishlist\" data-toggle=\"tooltip\" title=\"Lista de desejos\" onclick=\"wishlist.add('27503');\"><i class=\"zmdi zmdi-favorite-outline\"><\/i><\/a>\t\t\t\t\t\t\t\t\t\n\t\t\t\t\t\t\t\t\t<a class=\"btn-compare\" data-toggle=\"tooltip\" title=\"Comparar\" onclick=\"compare.add('27503');\"><i class=\"zmdi zmdi-refresh-alt\"><\/i><\/a>\n\t\t\t\t\t\t\t\t<\/div>\n                            <\/div>\n                            <div class=\"product-inner\">\n                              <div class=\"product-caption\">\n\t\t\t\t\t\t\t                                <h2 class=\"product-name\"><a href=\"https:\/\/www.sulcarautopecas.com.br.186-226-60-153.cpanel.site\/porta\/alto-falante-porta-tras-dir-renault-duster-2023-a3095-27503\">Alto Falante Porta Tras Dir Renault Dust...<\/a><\/h2>\n\t\t\t\t\t\t\t                                     <div class=\"ratings\">\n                                      <div class=\"rating-box\">\n                                                                                        <div class=\"rating0\">rating<\/div>                                                                                                                                                                                                                                                                            <\/div>\n                                  <\/div>\n                              \t\t\t\t\t\t\t                                  <p class=\"price\">\n                                                                    R$80,00                                                                                                    <\/p>\n                                \t\t\t\t\t\t\t \n                              \n\t\t\t\t\t\t\t\t<p class=\"product-des\">Sulcar Auto Pe\u00e7as Blumenau\nTrabalhamos com produtos originais\nFoto reais do produto\nCalcular frete...no mercado de envios\nDemais d\u00favidas...apenas nos pergunte\nAp\u00f3s confirmar do pagamento enviamos em at\u00e9 1 dia \u00fatil\nEntregamos para todo territ\u00f3rio naci..<\/p>\n                              <div class=\"product-intro\">\n\t\t\t\t\t\t\t\t<div class=\"actions-link2\">\n\t\t\t\t\t\t\t\t\t<a class=\"btn-cart\" data-toggle=\"tooltip\" title=\"Comprar\" onclick=\"cart.add('27503');\"><span class=\"button\"><i class=\"fa fa-shopping-cart\"><\/i>Comprar<\/span><\/a>\t\t\t\t\t\t\t\t\t\n\t\t\t\t\t\t\t\t\t<a class=\"btn-wishlist\" data-toggle=\"tooltip\" title=\"Lista de desejos\" onclick=\"wishlist.add('27503');\"><i class=\"zmdi zmdi-favorite-outline\"><\/i><\/a>\t\t\t\t\t\t\t\t\t\n\t\t\t\t\t\t\t\t\t<a class=\"btn-compare\" data-toggle=\"tooltip\" title=\"Comparar\" onclick=\"compare.add('27503');\"><i class=\"zmdi zmdi-refresh-alt\"><\/i><\/a>\n\t\t\t\t\t\t\t\t<\/div>\n\t\t\t\t\t\t\t\t<\/div>\n                            <\/div>\n\t\t\t\t\t\t\t<\/div>\n                          <\/div>\n                        <\/div>\n                                            <div class=\"product-layout product-list col-xs-12\">\n                          <div class=\"product-thumb layout1\">\n\t\t\t\t\t\t\t<div class=\"image\">\n                              \t\t\t\t\t\t\t\t                              <a href=\"https:\/\/www.sulcarautopecas.com.br.186-226-60-153.cpanel.site\/porta\/porta-dianteira-direita-honda-wr-v-2017-31601\">\n                                                              <img  src=\"image\/cache\/no_image-100x100.png\" alt=\"Porta Dianteira Direita Honda Wr-v 2017\" \/>\n                              \t\t\t\t\t\t\t  <img  src=\"\" alt=\"Porta Dianteira Direita Honda Wr-v 2017\" title=\"Porta Dianteira Direita Honda Wr-v 2017\" class=\"img-responsive lazy\" \/>\n                              <\/a>\n\t\t\t\t\t\t\t  <div class=\"actions-link\">\t\t\t\t\t\t\t\t\t\n\t\t\t\t\t\t\t\t\t<a class=\"btn-wishlist\" data-toggle=\"tooltip\" title=\"Lista de desejos\" onclick=\"wishlist.add('31601');\"><i class=\"zmdi zmdi-favorite-outline\"><\/i><\/a>\t\t\t\t\t\t\t\t\t\n\t\t\t\t\t\t\t\t\t<a class=\"btn-compare\" data-toggle=\"tooltip\" title=\"Comparar\" onclick=\"compare.add('31601');\"><i class=\"zmdi zmdi-refresh-alt\"><\/i><\/a>\n\t\t\t\t\t\t\t\t<\/div>\n                            <\/div>\n                            <div class=\"product-inner\">\n                              <div class=\"product-caption\">\n\t\t\t\t\t\t\t                                <h2 class=\"product-name\"><a href=\"https:\/\/www.sulcarautopecas.com.br.186-226-60-153.cpanel.site\/porta\/porta-dianteira-direita-honda-wr-v-2017-31601\">Porta Dianteira Direita Honda Wr-v 2017<\/a><\/h2>\n\t\t\t\t\t\t\t                                     <div class=\"ratings\">\n                                      <div class=\"rating-box\">\n                                                                                        <div class=\"rating0\">rating<\/div>                                                                                                                                                                                                                                                                            <\/div>\n                                  <\/div>\n                              \t\t\t\t\t\t\t                                  <p class=\"price\">\n                                                                    R$650,00                                                                                                    <\/p>\n                                \t\t\t\t\t\t\t \n                              \n\t\t\t\t\t\t\t\t<p class=\"product-des\">..<\/p>\n                              <div class=\"product-intro\">\n\t\t\t\t\t\t\t\t<div class=\"actions-link2\">\n\t\t\t\t\t\t\t\t\t<a class=\"btn-cart\" data-toggle=\"tooltip\" title=\"Comprar\" onclick=\"cart.add('31601');\"><span class=\"button\"><i class=\"fa fa-shopping-cart\"><\/i>Comprar<\/span><\/a>\t\t\t\t\t\t\t\t\t\n\t\t\t\t\t\t\t\t\t<a class=\"btn-wishlist\" data-toggle=\"tooltip\" title=\"Lista de desejos\" onclick=\"wishlist.add('31601');\"><i class=\"zmdi zmdi-favorite-outline\"><\/i><\/a>\t\t\t\t\t\t\t\t\t\n\t\t\t\t\t\t\t\t\t<a class=\"btn-compare\" data-toggle=\"tooltip\" title=\"Comparar\" onclick=\"compare.add('31601');\"><i class=\"zmdi zmdi-refresh-alt\"><\/i><\/a>\n\t\t\t\t\t\t\t\t<\/div>\n\t\t\t\t\t\t\t\t<\/div>\n                            <\/div>\n\t\t\t\t\t\t\t<\/div>\n                          <\/div>\n                        <\/div>\n                                            <div class=\"product-layout product-list col-xs-12\">\n                          <div class=\"product-thumb layout1\">\n\t\t\t\t\t\t\t<div class=\"image\">\n                              \t\t\t\t\t\t\t\t                              <a href=\"https:\/\/www.sulcarautopecas.com.br.186-226-60-153.cpanel.site\/porta\/canaleta-porta-dianteira-direita-honda-cr-v-2012-15-18889\">\n                                                              <img  src=\"image\/cache\/no_image-100x100.png\" alt=\"Canaleta Porta Dianteira Direita Honda C...\" \/>\n                              \t\t\t\t\t\t\t  <img  src=\"\" alt=\"Canaleta Porta Dianteira Direita Honda C...\" title=\"Canaleta Porta Dianteira Direita Honda C...\" class=\"img-responsive lazy\" \/>\n                              <\/a>\n\t\t\t\t\t\t\t  <div class=\"actions-link\">\t\t\t\t\t\t\t\t\t\n\t\t\t\t\t\t\t\t\t<a class=\"btn-wishlist\" data-toggle=\"tooltip\" title=\"Lista de desejos\" onclick=\"wishlist.add('18889');\"><i class=\"zmdi zmdi-favorite-outline\"><\/i><\/a>\t\t\t\t\t\t\t\t\t\n\t\t\t\t\t\t\t\t\t<a class=\"btn-compare\" data-toggle=\"tooltip\" title=\"Comparar\" onclick=\"compare.add('18889');\"><i class=\"zmdi zmdi-refresh-alt\"><\/i><\/a>\n\t\t\t\t\t\t\t\t<\/div>\n                            <\/div>\n                            <div class=\"product-inner\">\n                              <div class=\"product-caption\">\n\t\t\t\t\t\t\t                                <h2 class=\"product-name\"><a href=\"https:\/\/www.sulcarautopecas.com.br.186-226-60-153.cpanel.site\/porta\/canaleta-porta-dianteira-direita-honda-cr-v-2012-15-18889\">Canaleta Porta Dianteira Direita Honda C...<\/a><\/h2>\n\t\t\t\t\t\t\t                                     <div class=\"ratings\">\n                                      <div class=\"rating-box\">\n                                                                                        <div class=\"rating0\">rating<\/div>                                                                                                                                                                                                                                                                            <\/div>\n                                  <\/div>\n                              \t\t\t\t\t\t\t                                  <p class=\"price\">\n                                                                    R$100,00                                                                                                    <\/p>\n                                \t\t\t\t\t\t\t \n                              \n\t\t\t\t\t\t\t\t<p class=\"product-des\">Sulcar Auto Pe\u00e7as Blumenau\nTrabalhamos com produtos originais \nFoto reais do produto \nCalcular frete...no mercado de envios \nDemais d\u00favidas...apenas nos pergunte \nAp\u00f3s confirmar do pagamento enviamos em at\u00e9 1 dia \u00fatil \nEntregamos para todo territ\u00f3rio..<\/p>\n                              <div class=\"product-intro\">\n\t\t\t\t\t\t\t\t<div class=\"actions-link2\">\n\t\t\t\t\t\t\t\t\t<a class=\"btn-cart\" data-toggle=\"tooltip\" title=\"Comprar\" onclick=\"cart.add('18889');\"><span class=\"button\"><i class=\"fa fa-shopping-cart\"><\/i>Comprar<\/span><\/a>\t\t\t\t\t\t\t\t\t\n\t\t\t\t\t\t\t\t\t<a class=\"btn-wishlist\" data-toggle=\"tooltip\" title=\"Lista de desejos\" onclick=\"wishlist.add('18889');\"><i class=\"zmdi zmdi-favorite-outline\"><\/i><\/a>\t\t\t\t\t\t\t\t\t\n\t\t\t\t\t\t\t\t\t<a class=\"btn-compare\" data-toggle=\"tooltip\" title=\"Comparar\" onclick=\"compare.add('18889');\"><i class=\"zmdi zmdi-refresh-alt\"><\/i><\/a>\n\t\t\t\t\t\t\t\t<\/div>\n\t\t\t\t\t\t\t\t<\/div>\n                            <\/div>\n\t\t\t\t\t\t\t<\/div>\n                          <\/div>\n                        <\/div>\n                                            <div class=\"product-layout product-list col-xs-12\">\n                          <div class=\"product-thumb layout1\">\n\t\t\t\t\t\t\t<div class=\"image\">\n                              \t\t\t\t\t\t\t\t                              <a href=\"https:\/\/www.sulcarautopecas.com.br.186-226-60-153.cpanel.site\/porta\/maquina-vidro-porta-diant-dir-vw-nivus-1-0-tsi-2021-a1668-26200\">\n                                                              <img  src=\"image\/cache\/no_image-100x100.png\" alt=\"Maquina Vidro Porta Diant Dir Vw Nivus 1...\" \/>\n                              \t\t\t\t\t\t\t  <img  src=\"\" alt=\"Maquina Vidro Porta Diant Dir Vw Nivus 1...\" title=\"Maquina Vidro Porta Diant Dir Vw Nivus 1...\" class=\"img-responsive lazy\" \/>\n                              <\/a>\n\t\t\t\t\t\t\t  <div class=\"actions-link\">\t\t\t\t\t\t\t\t\t\n\t\t\t\t\t\t\t\t\t<a class=\"btn-wishlist\" data-toggle=\"tooltip\" title=\"Lista de desejos\" onclick=\"wishlist.add('26200');\"><i class=\"zmdi zmdi-favorite-outline\"><\/i><\/a>\t\t\t\t\t\t\t\t\t\n\t\t\t\t\t\t\t\t\t<a class=\"btn-compare\" data-toggle=\"tooltip\" title=\"Comparar\" onclick=\"compare.add('26200');\"><i class=\"zmdi zmdi-refresh-alt\"><\/i><\/a>\n\t\t\t\t\t\t\t\t<\/div>\n                            <\/div>\n                            <div class=\"product-inner\">\n                              <div class=\"product-caption\">\n\t\t\t\t\t\t\t                                <h2 class=\"product-name\"><a href=\"https:\/\/www.sulcarautopecas.com.br.186-226-60-153.cpanel.site\/porta\/maquina-vidro-porta-diant-dir-vw-nivus-1-0-tsi-2021-a1668-26200\">Maquina Vidro Porta Diant Dir Vw Nivus 1...<\/a><\/h2>\n\t\t\t\t\t\t\t                                     <div class=\"ratings\">\n                                      <div class=\"rating-box\">\n                                                                                        <div class=\"rating0\">rating<\/div>                                                                                                                                                                                                                                                                            <\/div>\n                                  <\/div>\n                              \t\t\t\t\t\t\t                                  <p class=\"price\">\n                                                                    R$150,00                                                                                                    <\/p>\n                                \t\t\t\t\t\t\t \n                              \n\t\t\t\t\t\t\t\t<p class=\"product-des\">Sulcar Auto Pe\u00e7as Blumenau.\nTrabalhamos com pe\u00e7as originais.\nFoto reais do produto.\nCalcule frente\u2026no mercado de envios.\nDemais d\u00favida nos pergunte.\nAp\u00f3s confirma\u00e7\u00e3o do pagamento,enviamos em at\u00e9 1 dia \u00fatil.\nEntregamos para todo pa\u00eds com qualidade e s..<\/p>\n                              <div class=\"product-intro\">\n\t\t\t\t\t\t\t\t<div class=\"actions-link2\">\n\t\t\t\t\t\t\t\t\t<a class=\"btn-cart\" data-toggle=\"tooltip\" title=\"Comprar\" onclick=\"cart.add('26200');\"><span class=\"button\"><i class=\"fa fa-shopping-cart\"><\/i>Comprar<\/span><\/a>\t\t\t\t\t\t\t\t\t\n\t\t\t\t\t\t\t\t\t<a class=\"btn-wishlist\" data-toggle=\"tooltip\" title=\"Lista de desejos\" onclick=\"wishlist.add('26200');\"><i class=\"zmdi zmdi-favorite-outline\"><\/i><\/a>\t\t\t\t\t\t\t\t\t\n\t\t\t\t\t\t\t\t\t<a class=\"btn-compare\" data-toggle=\"tooltip\" title=\"Comparar\" onclick=\"compare.add('26200');\"><i class=\"zmdi zmdi-refresh-alt\"><\/i><\/a>\n\t\t\t\t\t\t\t\t<\/div>\n\t\t\t\t\t\t\t\t<\/div>\n                            <\/div>\n\t\t\t\t\t\t\t<\/div>\n                          <\/div>\n                        <\/div>\n                                            <div class=\"product-layout product-list col-xs-12\">\n                          <div class=\"product-thumb layout1\">\n\t\t\t\t\t\t\t<div class=\"image\">\n                              \t\t\t\t\t\t\t\t                              <a href=\"https:\/\/www.sulcarautopecas.com.br.186-226-60-153.cpanel.site\/porta\/vidro-porta-traseira-direita-jeep-renegade-1-8-2021-a6137-30702\">\n                                                              <img  src=\"image\/cache\/no_image-100x100.png\" alt=\"Vidro Porta Traseira Direita Jeep Renega...\" \/>\n                              \t\t\t\t\t\t\t  <img  src=\"\" alt=\"Vidro Porta Traseira Direita Jeep Renega...\" title=\"Vidro Porta Traseira Direita Jeep Renega...\" class=\"img-responsive lazy\" \/>\n                              <\/a>\n\t\t\t\t\t\t\t  <div class=\"actions-link\">\t\t\t\t\t\t\t\t\t\n\t\t\t\t\t\t\t\t\t<a class=\"btn-wishlist\" data-toggle=\"tooltip\" title=\"Lista de desejos\" onclick=\"wishlist.add('30702');\"><i class=\"zmdi zmdi-favorite-outline\"><\/i><\/a>\t\t\t\t\t\t\t\t\t\n\t\t\t\t\t\t\t\t\t<a class=\"btn-compare\" data-toggle=\"tooltip\" title=\"Comparar\" onclick=\"compare.add('30702');\"><i class=\"zmdi zmdi-refresh-alt\"><\/i><\/a>\n\t\t\t\t\t\t\t\t<\/div>\n                            <\/div>\n                            <div class=\"product-inner\">\n                              <div class=\"product-caption\">\n\t\t\t\t\t\t\t                                <h2 class=\"product-name\"><a href=\"https:\/\/www.sulcarautopecas.com.br.186-226-60-153.cpanel.site\/porta\/vidro-porta-traseira-direita-jeep-renegade-1-8-2021-a6137-30702\">Vidro Porta Traseira Direita Jeep Renega...<\/a><\/h2>\n\t\t\t\t\t\t\t                                     <div class=\"ratings\">\n                                      <div class=\"rating-box\">\n                                                                                        <div class=\"rating0\">rating<\/div>                                                                                                                                                                                                                                                                            <\/div>\n                                  <\/div>\n                              \t\t\t\t\t\t\t                                  <p class=\"price\">\n                                                                    R$120,00                                                                                                    <\/p>\n                                \t\t\t\t\t\t\t \n                              \n\t\t\t\t\t\t\t\t<p class=\"product-des\">*Sulcar Auto Pe\u00e7as Blumenau.\n*Trabalhamos com produtos originais.\n*Foto reais do produto.\n*Calcular frete em mercado envios,caso tenha nos pergunte.\n*Demais D\u00favidas apenas nos pergunte.\n*Ap\u00f3s confirma\u00e7\u00e3o do pagamento enviamos em at\u00e9 1 dia \u00fatil.\n*Entr..<\/p>\n                              <div class=\"product-intro\">\n\t\t\t\t\t\t\t\t<div class=\"actions-link2\">\n\t\t\t\t\t\t\t\t\t<a class=\"btn-cart\" data-toggle=\"tooltip\" title=\"Comprar\" onclick=\"cart.add('30702');\"><span class=\"button\"><i class=\"fa fa-shopping-cart\"><\/i>Comprar<\/span><\/a>\t\t\t\t\t\t\t\t\t\n\t\t\t\t\t\t\t\t\t<a class=\"btn-wishlist\" data-toggle=\"tooltip\" title=\"Lista de desejos\" onclick=\"wishlist.add('30702');\"><i class=\"zmdi zmdi-favorite-outline\"><\/i><\/a>\t\t\t\t\t\t\t\t\t\n\t\t\t\t\t\t\t\t\t<a class=\"btn-compare\" data-toggle=\"tooltip\" title=\"Comparar\" onclick=\"compare.add('30702');\"><i class=\"zmdi zmdi-refresh-alt\"><\/i><\/a>\n\t\t\t\t\t\t\t\t<\/div>\n\t\t\t\t\t\t\t\t<\/div>\n                            <\/div>\n\t\t\t\t\t\t\t<\/div>\n                          <\/div>\n                        <\/div>\n                                            <div class=\"product-layout product-list col-xs-12\">\n                          <div class=\"product-thumb layout1\">\n\t\t\t\t\t\t\t<div class=\"image\">\n                              \t\t\t\t\t\t\t\t                              <a href=\"https:\/\/www.sulcarautopecas.com.br.186-226-60-153.cpanel.site\/porta\/alto-falante-porta-renault-fluence-2012original-16682\">\n                                                              <img  src=\"image\/cache\/no_image-100x100.png\" alt=\"Alto-falante Porta Renault Fluence 2012o...\" \/>\n                              \t\t\t\t\t\t\t  <img  src=\"\" alt=\"Alto-falante Porta Renault Fluence 2012o...\" title=\"Alto-falante Porta Renault Fluence 2012o...\" class=\"img-responsive lazy\" \/>\n                              <\/a>\n\t\t\t\t\t\t\t  <div class=\"actions-link\">\t\t\t\t\t\t\t\t\t\n\t\t\t\t\t\t\t\t\t<a class=\"btn-wishlist\" data-toggle=\"tooltip\" title=\"Lista de desejos\" onclick=\"wishlist.add('16682');\"><i class=\"zmdi zmdi-favorite-outline\"><\/i><\/a>\t\t\t\t\t\t\t\t\t\n\t\t\t\t\t\t\t\t\t<a class=\"btn-compare\" data-toggle=\"tooltip\" title=\"Comparar\" onclick=\"compare.add('16682');\"><i class=\"zmdi zmdi-refresh-alt\"><\/i><\/a>\n\t\t\t\t\t\t\t\t<\/div>\n                            <\/div>\n                            <div class=\"product-inner\">\n                              <div class=\"product-caption\">\n\t\t\t\t\t\t\t                                <h2 class=\"product-name\"><a href=\"https:\/\/www.sulcarautopecas.com.br.186-226-60-153.cpanel.site\/porta\/alto-falante-porta-renault-fluence-2012original-16682\">Alto-falante Porta Renault Fluence 2012o...<\/a><\/h2>\n\t\t\t\t\t\t\t                                     <div class=\"ratings\">\n                                      <div class=\"rating-box\">\n                                                                                        <div class=\"rating0\">rating<\/div>                                                                                                                                                                                                                                                                            <\/div>\n                                  <\/div>\n                              \t\t\t\t\t\t\t                                  <p class=\"price\">\n                                                                    R$60,00                                                                                                    <\/p>\n                                \t\t\t\t\t\t\t \n                              \n\t\t\t\t\t\t\t\t<p class=\"product-des\">*Sulcar Auto Pe\u00e7as Blumenau.\n*Trabalhamos com produtos originais.\n*Foto reais do produto.\n*Calcular frete em mercado envios,caso tenha nos pergunte.\n*Demais D\u00favidas apenas nos pergunte.\n*Ap\u00f3s confirma\u00e7\u00e3o do pagamento enviamos em at\u00e9 1 dia \u00fatil.\n*Entr..<\/p>\n                              <div class=\"product-intro\">\n\t\t\t\t\t\t\t\t<div class=\"actions-link2\">\n\t\t\t\t\t\t\t\t\t<a class=\"btn-cart\" data-toggle=\"tooltip\" title=\"Comprar\" onclick=\"cart.add('16682');\"><span class=\"button\"><i class=\"fa fa-shopping-cart\"><\/i>Comprar<\/span><\/a>\t\t\t\t\t\t\t\t\t\n\t\t\t\t\t\t\t\t\t<a class=\"btn-wishlist\" data-toggle=\"tooltip\" title=\"Lista de desejos\" onclick=\"wishlist.add('16682');\"><i class=\"zmdi zmdi-favorite-outline\"><\/i><\/a>\t\t\t\t\t\t\t\t\t\n\t\t\t\t\t\t\t\t\t<a class=\"btn-compare\" data-toggle=\"tooltip\" title=\"Comparar\" onclick=\"compare.add('16682');\"><i class=\"zmdi zmdi-refresh-alt\"><\/i><\/a>\n\t\t\t\t\t\t\t\t<\/div>\n\t\t\t\t\t\t\t\t<\/div>\n                            <\/div>\n\t\t\t\t\t\t\t<\/div>\n                          <\/div>\n                        <\/div>\n                                            <div class=\"product-layout product-list col-xs-12\">\n                          <div class=\"product-thumb layout1\">\n\t\t\t\t\t\t\t<div class=\"image\">\n                              \t\t\t\t\t\t\t\t                              <a href=\"https:\/\/www.sulcarautopecas.com.br.186-226-60-153.cpanel.site\/porta\/vidro-fixo-porta-diant-direita-jeep-renegade-1-8-2021-34170\">\n                                                              <img  src=\"image\/cache\/no_image-100x100.png\" alt=\"Vidro Fixo Porta Diant Direita Jeep Rene...\" \/>\n                              \t\t\t\t\t\t\t  <img  src=\"\" alt=\"Vidro Fixo Porta Diant Direita Jeep Rene...\" title=\"Vidro Fixo Porta Diant Direita Jeep Rene...\" class=\"img-responsive lazy\" \/>\n                              <\/a>\n\t\t\t\t\t\t\t  <div class=\"actions-link\">\t\t\t\t\t\t\t\t\t\n\t\t\t\t\t\t\t\t\t<a class=\"btn-wishlist\" data-toggle=\"tooltip\" title=\"Lista de desejos\" onclick=\"wishlist.add('34170');\"><i class=\"zmdi zmdi-favorite-outline\"><\/i><\/a>\t\t\t\t\t\t\t\t\t\n\t\t\t\t\t\t\t\t\t<a class=\"btn-compare\" data-toggle=\"tooltip\" title=\"Comparar\" onclick=\"compare.add('34170');\"><i class=\"zmdi zmdi-refresh-alt\"><\/i><\/a>\n\t\t\t\t\t\t\t\t<\/div>\n                            <\/div>\n                            <div class=\"product-inner\">\n                              <div class=\"product-caption\">\n\t\t\t\t\t\t\t                                <h2 class=\"product-name\"><a href=\"https:\/\/www.sulcarautopecas.com.br.186-226-60-153.cpanel.site\/porta\/vidro-fixo-porta-diant-direita-jeep-renegade-1-8-2021-34170\">Vidro Fixo Porta Diant Direita Jeep Rene...<\/a><\/h2>\n\t\t\t\t\t\t\t                                     <div class=\"ratings\">\n                                      <div class=\"rating-box\">\n                                                                                        <div class=\"rating0\">rating<\/div>                                                                                                                                                                                                                                                                            <\/div>\n                                  <\/div>\n                              \t\t\t\t\t\t\t                                  <p class=\"price\">\n                                                                    R$180,00                                                                                                    <\/p>\n                                \t\t\t\t\t\t\t \n                              \n\t\t\t\t\t\t\t\t<p class=\"product-des\">*Sulcar Auto Pe\u00e7as Blumenau.\n*Trabalhamos com produtos originais.\n*Foto reais do produto.\n*Calcular frete em mercado envios,caso tenha nos pergunte.\n*Demais D\u00favidas apenas nos pergunte.\n*Ap\u00f3s confirma\u00e7\u00e3o do pagamento enviamos em at\u00e9 1 dia \u00fatil.\n*Entr..<\/p>\n                              <div class=\"product-intro\">\n\t\t\t\t\t\t\t\t<div class=\"actions-link2\">\n\t\t\t\t\t\t\t\t\t<a class=\"btn-cart\" data-toggle=\"tooltip\" title=\"Comprar\" onclick=\"cart.add('34170');\"><span class=\"button\"><i class=\"fa fa-shopping-cart\"><\/i>Comprar<\/span><\/a>\t\t\t\t\t\t\t\t\t\n\t\t\t\t\t\t\t\t\t<a class=\"btn-wishlist\" data-toggle=\"tooltip\" title=\"Lista de desejos\" onclick=\"wishlist.add('34170');\"><i class=\"zmdi zmdi-favorite-outline\"><\/i><\/a>\t\t\t\t\t\t\t\t\t\n\t\t\t\t\t\t\t\t\t<a class=\"btn-compare\" data-toggle=\"tooltip\" title=\"Comparar\" onclick=\"compare.add('34170');\"><i class=\"zmdi zmdi-refresh-alt\"><\/i><\/a>\n\t\t\t\t\t\t\t\t<\/div>\n\t\t\t\t\t\t\t\t<\/div>\n                            <\/div>\n\t\t\t\t\t\t\t<\/div>\n                          <\/div>\n                        <\/div>\n                                            <div class=\"product-layout product-list col-xs-12\">\n                          <div class=\"product-thumb layout1\">\n\t\t\t\t\t\t\t<div class=\"image\">\n                              \t\t\t\t\t\t\t\t                              <a href=\"https:\/\/www.sulcarautopecas.com.br.186-226-60-153.cpanel.site\/porta\/pestana-interna-porta-tras-esq-renault-duster-iconic-2023-24367\">\n                                                              <img  src=\"image\/cache\/no_image-100x100.png\" alt=\"Pestana Interna Porta Tras Esq Renault D...\" \/>\n                              \t\t\t\t\t\t\t  <img  src=\"\" alt=\"Pestana Interna Porta Tras Esq Renault D...\" title=\"Pestana Interna Porta Tras Esq Renault D...\" class=\"img-responsive lazy\" \/>\n                              <\/a>\n\t\t\t\t\t\t\t  <div class=\"actions-link\">\t\t\t\t\t\t\t\t\t\n\t\t\t\t\t\t\t\t\t<a class=\"btn-wishlist\" data-toggle=\"tooltip\" title=\"Lista de desejos\" onclick=\"wishlist.add('24367');\"><i class=\"zmdi zmdi-favorite-outline\"><\/i><\/a>\t\t\t\t\t\t\t\t\t\n\t\t\t\t\t\t\t\t\t<a class=\"btn-compare\" data-toggle=\"tooltip\" title=\"Comparar\" onclick=\"compare.add('24367');\"><i class=\"zmdi zmdi-refresh-alt\"><\/i><\/a>\n\t\t\t\t\t\t\t\t<\/div>\n                            <\/div>\n                            <div class=\"product-inner\">\n                              <div class=\"product-caption\">\n\t\t\t\t\t\t\t                                <h2 class=\"product-name\"><a href=\"https:\/\/www.sulcarautopecas.com.br.186-226-60-153.cpanel.site\/porta\/pestana-interna-porta-tras-esq-renault-duster-iconic-2023-24367\">Pestana Interna Porta Tras Esq Renault D...<\/a><\/h2>\n\t\t\t\t\t\t\t                                     <div class=\"ratings\">\n                                      <div class=\"rating-box\">\n                                                                                        <div class=\"rating0\">rating<\/div>                                                                                                                                                                                                                                                                            <\/div>\n                                  <\/div>\n                              \t\t\t\t\t\t\t                                  <p class=\"price\">\n                                                                    R$100,00                                                                                                    <\/p>\n                                \t\t\t\t\t\t\t \n                              \n\t\t\t\t\t\t\t\t<p class=\"product-des\">Trabalhamos com produtos originais, retirados de ve\u00edculos baixados no Detran, com toda a proced\u00eancia e garantia.\nTodas as nossas fotos s\u00e3o reais do produto.\n\nPara calcular o frete basta aproveitar as vantagens do MERCADO ENVIOS.\nCaso o produto n\u00e3o te..<\/p>\n                              <div class=\"product-intro\">\n\t\t\t\t\t\t\t\t<div class=\"actions-link2\">\n\t\t\t\t\t\t\t\t\t<a class=\"btn-cart\" data-toggle=\"tooltip\" title=\"Comprar\" onclick=\"cart.add('24367');\"><span class=\"button\"><i class=\"fa fa-shopping-cart\"><\/i>Comprar<\/span><\/a>\t\t\t\t\t\t\t\t\t\n\t\t\t\t\t\t\t\t\t<a class=\"btn-wishlist\" data-toggle=\"tooltip\" title=\"Lista de desejos\" onclick=\"wishlist.add('24367');\"><i class=\"zmdi zmdi-favorite-outline\"><\/i><\/a>\t\t\t\t\t\t\t\t\t\n\t\t\t\t\t\t\t\t\t<a class=\"btn-compare\" data-toggle=\"tooltip\" title=\"Comparar\" onclick=\"compare.add('24367');\"><i class=\"zmdi zmdi-refresh-alt\"><\/i><\/a>\n\t\t\t\t\t\t\t\t<\/div>\n\t\t\t\t\t\t\t\t<\/div>\n                            <\/div>\n\t\t\t\t\t\t\t<\/div>\n                          <\/div>\n                        <\/div>\n                                            <div class=\"product-layout product-list col-xs-12\">\n                          <div class=\"product-thumb layout1\">\n\t\t\t\t\t\t\t<div class=\"image\">\n                              \t\t\t\t\t\t\t\t                              <a href=\"https:\/\/www.sulcarautopecas.com.br.186-226-60-153.cpanel.site\/porta\/vidro-porta-traseira-direita-honda-civic-2014-30063\">\n                                                              <img  src=\"image\/cache\/no_image-100x100.png\" alt=\"Vidro Porta Traseira Direita Honda Civic...\" \/>\n                              \t\t\t\t\t\t\t  <img  src=\"\" alt=\"Vidro Porta Traseira Direita Honda Civic...\" title=\"Vidro Porta Traseira Direita Honda Civic...\" class=\"img-responsive lazy\" \/>\n                              <\/a>\n\t\t\t\t\t\t\t  <div class=\"actions-link\">\t\t\t\t\t\t\t\t\t\n\t\t\t\t\t\t\t\t\t<a class=\"btn-wishlist\" data-toggle=\"tooltip\" title=\"Lista de desejos\" onclick=\"wishlist.add('30063');\"><i class=\"zmdi zmdi-favorite-outline\"><\/i><\/a>\t\t\t\t\t\t\t\t\t\n\t\t\t\t\t\t\t\t\t<a class=\"btn-compare\" data-toggle=\"tooltip\" title=\"Comparar\" onclick=\"compare.add('30063');\"><i class=\"zmdi zmdi-refresh-alt\"><\/i><\/a>\n\t\t\t\t\t\t\t\t<\/div>\n                            <\/div>\n                            <div class=\"product-inner\">\n                              <div class=\"product-caption\">\n\t\t\t\t\t\t\t                                <h2 class=\"product-name\"><a href=\"https:\/\/www.sulcarautopecas.com.br.186-226-60-153.cpanel.site\/porta\/vidro-porta-traseira-direita-honda-civic-2014-30063\">Vidro Porta Traseira Direita Honda Civic...<\/a><\/h2>\n\t\t\t\t\t\t\t                                     <div class=\"ratings\">\n                                      <div class=\"rating-box\">\n                                                                                        <div class=\"rating0\">rating<\/div>                                                                                                                                                                                                                                                                            <\/div>\n                                  <\/div>\n                              \t\t\t\t\t\t\t                                  <p class=\"price\">\n                                                                    R$100,00                                                                                                    <\/p>\n                                \t\t\t\t\t\t\t \n                              \n\t\t\t\t\t\t\t\t<p class=\"product-des\">*Sulcar Auto Pe\u00e7as Blumenau.\n*Trabalhamos com produtos originais.\n*Foto reais do produto.\n*Calcular frete em mercado envios,caso tenha nos pergunte.\n*Demais D\u00favidas apenas nos pergunte.\n*Ap\u00f3s confirma\u00e7\u00e3o do pagamento enviamos em at\u00e9 1 dia \u00fatil.\n*Entr..<\/p>\n                              <div class=\"product-intro\">\n\t\t\t\t\t\t\t\t<div class=\"actions-link2\">\n\t\t\t\t\t\t\t\t\t<a class=\"btn-cart\" data-toggle=\"tooltip\" title=\"Comprar\" onclick=\"cart.add('30063');\"><span class=\"button\"><i class=\"fa fa-shopping-cart\"><\/i>Comprar<\/span><\/a>\t\t\t\t\t\t\t\t\t\n\t\t\t\t\t\t\t\t\t<a class=\"btn-wishlist\" data-toggle=\"tooltip\" title=\"Lista de desejos\" onclick=\"wishlist.add('30063');\"><i class=\"zmdi zmdi-favorite-outline\"><\/i><\/a>\t\t\t\t\t\t\t\t\t\n\t\t\t\t\t\t\t\t\t<a class=\"btn-compare\" data-toggle=\"tooltip\" title=\"Comparar\" onclick=\"compare.add('30063');\"><i class=\"zmdi zmdi-refresh-alt\"><\/i><\/a>\n\t\t\t\t\t\t\t\t<\/div>\n\t\t\t\t\t\t\t\t<\/div>\n                            <\/div>\n\t\t\t\t\t\t\t<\/div>\n                          <\/div>\n                        <\/div>\n                                            <div class=\"product-layout product-list col-xs-12\">\n                          <div class=\"product-thumb layout1\">\n\t\t\t\t\t\t\t<div class=\"image\">\n                              \t\t\t\t\t\t\t\t                              <a href=\"https:\/\/www.sulcarautopecas.com.br.186-226-60-153.cpanel.site\/porta\/puxador-interno-porta-dianteira-direita-lifan-320-11298\">\n                                                              <img  src=\"image\/cache\/no_image-100x100.png\" alt=\"Puxador Interno Porta Dianteira Direita ...\" \/>\n                              \t\t\t\t\t\t\t  <img  src=\"\" alt=\"Puxador Interno Porta Dianteira Direita ...\" title=\"Puxador Interno Porta Dianteira Direita ...\" class=\"img-responsive lazy\" \/>\n                              <\/a>\n\t\t\t\t\t\t\t  <div class=\"actions-link\">\t\t\t\t\t\t\t\t\t\n\t\t\t\t\t\t\t\t\t<a class=\"btn-wishlist\" data-toggle=\"tooltip\" title=\"Lista de desejos\" onclick=\"wishlist.add('11298');\"><i class=\"zmdi zmdi-favorite-outline\"><\/i><\/a>\t\t\t\t\t\t\t\t\t\n\t\t\t\t\t\t\t\t\t<a class=\"btn-compare\" data-toggle=\"tooltip\" title=\"Comparar\" onclick=\"compare.add('11298');\"><i class=\"zmdi zmdi-refresh-alt\"><\/i><\/a>\n\t\t\t\t\t\t\t\t<\/div>\n                            <\/div>\n                            <div class=\"product-inner\">\n                              <div class=\"product-caption\">\n\t\t\t\t\t\t\t                                <h2 class=\"product-name\"><a href=\"https:\/\/www.sulcarautopecas.com.br.186-226-60-153.cpanel.site\/porta\/puxador-interno-porta-dianteira-direita-lifan-320-11298\">Puxador Interno Porta Dianteira Direita ...<\/a><\/h2>\n\t\t\t\t\t\t\t                                     <div class=\"ratings\">\n                                      <div class=\"rating-box\">\n                                                                                        <div class=\"rating0\">rating<\/div>                                                                                                                                                                                                                                                                            <\/div>\n                                  <\/div>\n                              \t\t\t\t\t\t\t                                  <p class=\"price\">\n                                                                    R$50,00                                                                                                    <\/p>\n                                \t\t\t\t\t\t\t \n                              \n\t\t\t\t\t\t\t\t<p class=\"product-des\">..<\/p>\n                              <div class=\"product-intro\">\n\t\t\t\t\t\t\t\t<div class=\"actions-link2\">\n\t\t\t\t\t\t\t\t\t<a class=\"btn-cart\" data-toggle=\"tooltip\" title=\"Comprar\" onclick=\"cart.add('11298');\"><span class=\"button\"><i class=\"fa fa-shopping-cart\"><\/i>Comprar<\/span><\/a>\t\t\t\t\t\t\t\t\t\n\t\t\t\t\t\t\t\t\t<a class=\"btn-wishlist\" data-toggle=\"tooltip\" title=\"Lista de desejos\" onclick=\"wishlist.add('11298');\"><i class=\"zmdi zmdi-favorite-outline\"><\/i><\/a>\t\t\t\t\t\t\t\t\t\n\t\t\t\t\t\t\t\t\t<a class=\"btn-compare\" data-toggle=\"tooltip\" title=\"Comparar\" onclick=\"compare.add('11298');\"><i class=\"zmdi zmdi-refresh-alt\"><\/i><\/a>\n\t\t\t\t\t\t\t\t<\/div>\n\t\t\t\t\t\t\t\t<\/div>\n                            <\/div>\n\t\t\t\t\t\t\t<\/div>\n                          <\/div>\n                        <\/div>\n                                            <div class=\"product-layout product-list col-xs-12\">\n                          <div class=\"product-thumb layout1\">\n\t\t\t\t\t\t\t<div class=\"image\">\n                              \t\t\t\t\t\t\t\t                              <a href=\"https:\/\/www.sulcarautopecas.com.br.186-226-60-153.cpanel.site\/porta\/luz-cortesia-porta-malas-jac-t5-2018-33323\">\n                                                              <img  src=\"image\/cache\/no_image-100x100.png\" alt=\"Luz Cortesia Porta Malas Jac T5 2018\" \/>\n                              \t\t\t\t\t\t\t  <img  src=\"\" alt=\"Luz Cortesia Porta Malas Jac T5 2018\" title=\"Luz Cortesia Porta Malas Jac T5 2018\" class=\"img-responsive lazy\" \/>\n                              <\/a>\n\t\t\t\t\t\t\t  <div class=\"actions-link\">\t\t\t\t\t\t\t\t\t\n\t\t\t\t\t\t\t\t\t<a class=\"btn-wishlist\" data-toggle=\"tooltip\" title=\"Lista de desejos\" onclick=\"wishlist.add('33323');\"><i class=\"zmdi zmdi-favorite-outline\"><\/i><\/a>\t\t\t\t\t\t\t\t\t\n\t\t\t\t\t\t\t\t\t<a class=\"btn-compare\" data-toggle=\"tooltip\" title=\"Comparar\" onclick=\"compare.add('33323');\"><i class=\"zmdi zmdi-refresh-alt\"><\/i><\/a>\n\t\t\t\t\t\t\t\t<\/div>\n                            <\/div>\n                            <div class=\"product-inner\">\n                              <div class=\"product-caption\">\n\t\t\t\t\t\t\t                                <h2 class=\"product-name\"><a href=\"https:\/\/www.sulcarautopecas.com.br.186-226-60-153.cpanel.site\/porta\/luz-cortesia-porta-malas-jac-t5-2018-33323\">Luz Cortesia Porta Malas Jac T5 2018<\/a><\/h2>\n\t\t\t\t\t\t\t                                     <div class=\"ratings\">\n                                      <div class=\"rating-box\">\n                                                                                        <div class=\"rating0\">rating<\/div>                                                                                                                                                                                                                                                                            <\/div>\n                                  <\/div>\n                              \t\t\t\t\t\t\t                                  <p class=\"price\">\n                                                                    R$50,00                                                                                                    <\/p>\n                                \t\t\t\t\t\t\t \n                              \n\t\t\t\t\t\t\t\t<p class=\"product-des\">*Sulcar Auto Pe\u00e7as Blumenau.\n*Trabalhamos com produtos originais.\n*Foto reais do produto.\n*Calcular frete em mercado envios,caso tenha nos pergunte.\n*Demais D\u00favidas apenas nos pergunte.\n*Ap\u00f3s confirma\u00e7\u00e3o do pagamento enviamos em at\u00e9 1 dia \u00fatil.\n*Entr..<\/p>\n                              <div class=\"product-intro\">\n\t\t\t\t\t\t\t\t<div class=\"actions-link2\">\n\t\t\t\t\t\t\t\t\t<a class=\"btn-cart\" data-toggle=\"tooltip\" title=\"Comprar\" onclick=\"cart.add('33323');\"><span class=\"button\"><i class=\"fa fa-shopping-cart\"><\/i>Comprar<\/span><\/a>\t\t\t\t\t\t\t\t\t\n\t\t\t\t\t\t\t\t\t<a class=\"btn-wishlist\" data-toggle=\"tooltip\" title=\"Lista de desejos\" onclick=\"wishlist.add('33323');\"><i class=\"zmdi zmdi-favorite-outline\"><\/i><\/a>\t\t\t\t\t\t\t\t\t\n\t\t\t\t\t\t\t\t\t<a class=\"btn-compare\" data-toggle=\"tooltip\" title=\"Comparar\" onclick=\"compare.add('33323');\"><i class=\"zmdi zmdi-refresh-alt\"><\/i><\/a>\n\t\t\t\t\t\t\t\t<\/div>\n\t\t\t\t\t\t\t\t<\/div>\n                            <\/div>\n\t\t\t\t\t\t\t<\/div>\n                          <\/div>\n                        <\/div>\n                                            <div class=\"product-layout product-list col-xs-12\">\n                          <div class=\"product-thumb layout1\">\n\t\t\t\t\t\t\t<div class=\"image\">\n                              \t\t\t\t\t\t\t\t                              <a href=\"https:\/\/www.sulcarautopecas.com.br.186-226-60-153.cpanel.site\/porta\/maquina-de-vidro-porta-dianteira-direita-honda-civic-2014-22756\">\n                                                              <img  src=\"image\/cache\/no_image-100x100.png\" alt=\"M\u00e1quina De Vidro Porta Dianteira Direit...\" \/>\n                              \t\t\t\t\t\t\t  <img  src=\"\" alt=\"M\u00e1quina De Vidro Porta Dianteira Direit...\" title=\"M\u00e1quina De Vidro Porta Dianteira Direit...\" class=\"img-responsive lazy\" \/>\n                              <\/a>\n\t\t\t\t\t\t\t  <div class=\"actions-link\">\t\t\t\t\t\t\t\t\t\n\t\t\t\t\t\t\t\t\t<a class=\"btn-wishlist\" data-toggle=\"tooltip\" title=\"Lista de desejos\" onclick=\"wishlist.add('22756');\"><i class=\"zmdi zmdi-favorite-outline\"><\/i><\/a>\t\t\t\t\t\t\t\t\t\n\t\t\t\t\t\t\t\t\t<a class=\"btn-compare\" data-toggle=\"tooltip\" title=\"Comparar\" onclick=\"compare.add('22756');\"><i class=\"zmdi zmdi-refresh-alt\"><\/i><\/a>\n\t\t\t\t\t\t\t\t<\/div>\n                            <\/div>\n                            <div class=\"product-inner\">\n                              <div class=\"product-caption\">\n\t\t\t\t\t\t\t                                <h2 class=\"product-name\"><a href=\"https:\/\/www.sulcarautopecas.com.br.186-226-60-153.cpanel.site\/porta\/maquina-de-vidro-porta-dianteira-direita-honda-civic-2014-22756\">M\u00e1quina De Vidro Porta Dianteira Direit...<\/a><\/h2>\n\t\t\t\t\t\t\t                                     <div class=\"ratings\">\n                                      <div class=\"rating-box\">\n                                                                                        <div class=\"rating0\">rating<\/div>                                                                                                                                                                                                                                                                            <\/div>\n                                  <\/div>\n                              \t\t\t\t\t\t\t                                  <p class=\"price\">\n                                                                    R$140,00                                                                                                    <\/p>\n                                \t\t\t\t\t\t\t \n                              \n\t\t\t\t\t\t\t\t<p class=\"product-des\">Trabalhamos com produtos originais, retirados de ve\u00edculos baixados no Detran, com total proced\u00eancia e garantia.\nTodas as nossas fotos s\u00e3o reais do produto.\n\nPara calcular o frente basta aproveitar as vantagens do MERCADO ENVIOS.\nCaso o produto n\u00e3o te..<\/p>\n                              <div class=\"product-intro\">\n\t\t\t\t\t\t\t\t<div class=\"actions-link2\">\n\t\t\t\t\t\t\t\t\t<a class=\"btn-cart\" data-toggle=\"tooltip\" title=\"Comprar\" onclick=\"cart.add('22756');\"><span class=\"button\"><i class=\"fa fa-shopping-cart\"><\/i>Comprar<\/span><\/a>\t\t\t\t\t\t\t\t\t\n\t\t\t\t\t\t\t\t\t<a class=\"btn-wishlist\" data-toggle=\"tooltip\" title=\"Lista de desejos\" onclick=\"wishlist.add('22756');\"><i class=\"zmdi zmdi-favorite-outline\"><\/i><\/a>\t\t\t\t\t\t\t\t\t\n\t\t\t\t\t\t\t\t\t<a class=\"btn-compare\" data-toggle=\"tooltip\" title=\"Comparar\" onclick=\"compare.add('22756');\"><i class=\"zmdi zmdi-refresh-alt\"><\/i><\/a>\n\t\t\t\t\t\t\t\t<\/div>\n\t\t\t\t\t\t\t\t<\/div>\n                            <\/div>\n\t\t\t\t\t\t\t<\/div>\n                          <\/div>\n                        <\/div>\n                                            <div class=\"product-layout product-list col-xs-12\">\n                          <div class=\"product-thumb layout1\">\n\t\t\t\t\t\t\t<div class=\"image\">\n                              \t\t\t\t\t\t\t\t                              <a href=\"https:\/\/www.sulcarautopecas.com.br.186-226-60-153.cpanel.site\/porta\/puxador-interno-porta-malas-jac-t5-2018-33335\">\n                                                              <img  src=\"image\/cache\/no_image-100x100.png\" alt=\"Puxador Interno Porta Malas Jac T5 2018\" \/>\n                              \t\t\t\t\t\t\t  <img  src=\"\" alt=\"Puxador Interno Porta Malas Jac T5 2018\" title=\"Puxador Interno Porta Malas Jac T5 2018\" class=\"img-responsive lazy\" \/>\n                              <\/a>\n\t\t\t\t\t\t\t  <div class=\"actions-link\">\t\t\t\t\t\t\t\t\t\n\t\t\t\t\t\t\t\t\t<a class=\"btn-wishlist\" data-toggle=\"tooltip\" title=\"Lista de desejos\" onclick=\"wishlist.add('33335');\"><i class=\"zmdi zmdi-favorite-outline\"><\/i><\/a>\t\t\t\t\t\t\t\t\t\n\t\t\t\t\t\t\t\t\t<a class=\"btn-compare\" data-toggle=\"tooltip\" title=\"Comparar\" onclick=\"compare.add('33335');\"><i class=\"zmdi zmdi-refresh-alt\"><\/i><\/a>\n\t\t\t\t\t\t\t\t<\/div>\n                            <\/div>\n                            <div class=\"product-inner\">\n                              <div class=\"product-caption\">\n\t\t\t\t\t\t\t                                <h2 class=\"product-name\"><a href=\"https:\/\/www.sulcarautopecas.com.br.186-226-60-153.cpanel.site\/porta\/puxador-interno-porta-malas-jac-t5-2018-33335\">Puxador Interno Porta Malas Jac T5 2018<\/a><\/h2>\n\t\t\t\t\t\t\t                                     <div class=\"ratings\">\n                                      <div class=\"rating-box\">\n                                                                                        <div class=\"rating0\">rating<\/div>                                                                                                                                                                                                                                                                            <\/div>\n                                  <\/div>\n                              \t\t\t\t\t\t\t                                  <p class=\"price\">\n                                                                    R$50,00                                                                                                    <\/p>\n                                \t\t\t\t\t\t\t \n                              \n\t\t\t\t\t\t\t\t<p class=\"product-des\">*Sulcar Auto Pe\u00e7as Blumenau.\n*Trabalhamos com produtos originais.\n*Foto reais do produto.\n*Calcular frete em mercado envios,caso tenha nos pergunte.\n*Demais D\u00favidas apenas nos pergunte.\n*Ap\u00f3s confirma\u00e7\u00e3o do pagamento enviamos em at\u00e9 1 dia \u00fatil.\n*Entr..<\/p>\n                              <div class=\"product-intro\">\n\t\t\t\t\t\t\t\t<div class=\"actions-link2\">\n\t\t\t\t\t\t\t\t\t<a class=\"btn-cart\" data-toggle=\"tooltip\" title=\"Comprar\" onclick=\"cart.add('33335');\"><span class=\"button\"><i class=\"fa fa-shopping-cart\"><\/i>Comprar<\/span><\/a>\t\t\t\t\t\t\t\t\t\n\t\t\t\t\t\t\t\t\t<a class=\"btn-wishlist\" data-toggle=\"tooltip\" title=\"Lista de desejos\" onclick=\"wishlist.add('33335');\"><i class=\"zmdi zmdi-favorite-outline\"><\/i><\/a>\t\t\t\t\t\t\t\t\t\n\t\t\t\t\t\t\t\t\t<a class=\"btn-compare\" data-toggle=\"tooltip\" title=\"Comparar\" onclick=\"compare.add('33335');\"><i class=\"zmdi zmdi-refresh-alt\"><\/i><\/a>\n\t\t\t\t\t\t\t\t<\/div>\n\t\t\t\t\t\t\t\t<\/div>\n                            <\/div>\n\t\t\t\t\t\t\t<\/div>\n                          <\/div>\n                        <\/div>\n                                            <div class=\"product-layout product-list col-xs-12\">\n                          <div class=\"product-thumb layout1\">\n\t\t\t\t\t\t\t<div class=\"image\">\n                              \t\t\t\t\t\t\t\t                              <a href=\"https:\/\/www.sulcarautopecas.com.br.186-226-60-153.cpanel.site\/porta\/borracha-porta-dianteira-direita-honda-civic-2014-22759\">\n                                                              <img  src=\"image\/cache\/no_image-100x100.png\" alt=\"Borracha Porta Dianteira Direita Honda C...\" \/>\n                              \t\t\t\t\t\t\t  <img  src=\"\" alt=\"Borracha Porta Dianteira Direita Honda C...\" title=\"Borracha Porta Dianteira Direita Honda C...\" class=\"img-responsive lazy\" \/>\n                              <\/a>\n\t\t\t\t\t\t\t  <div class=\"actions-link\">\t\t\t\t\t\t\t\t\t\n\t\t\t\t\t\t\t\t\t<a class=\"btn-wishlist\" data-toggle=\"tooltip\" title=\"Lista de desejos\" onclick=\"wishlist.add('22759');\"><i class=\"zmdi zmdi-favorite-outline\"><\/i><\/a>\t\t\t\t\t\t\t\t\t\n\t\t\t\t\t\t\t\t\t<a class=\"btn-compare\" data-toggle=\"tooltip\" title=\"Comparar\" onclick=\"compare.add('22759');\"><i class=\"zmdi zmdi-refresh-alt\"><\/i><\/a>\n\t\t\t\t\t\t\t\t<\/div>\n                            <\/div>\n                            <div class=\"product-inner\">\n                              <div class=\"product-caption\">\n\t\t\t\t\t\t\t                                <h2 class=\"product-name\"><a href=\"https:\/\/www.sulcarautopecas.com.br.186-226-60-153.cpanel.site\/porta\/borracha-porta-dianteira-direita-honda-civic-2014-22759\">Borracha Porta Dianteira Direita Honda C...<\/a><\/h2>\n\t\t\t\t\t\t\t                                     <div class=\"ratings\">\n                                      <div class=\"rating-box\">\n                                                                                        <div class=\"rating0\">rating<\/div>                                                                                                                                                                                                                                                                            <\/div>\n                                  <\/div>\n                              \t\t\t\t\t\t\t                                  <p class=\"price\">\n                                                                    R$100,00                                                                                                    <\/p>\n                                \t\t\t\t\t\t\t \n                              \n\t\t\t\t\t\t\t\t<p class=\"product-des\">Trabalhamos com produtos originais, retirados de ve\u00edculos baixados no Detran, com total proced\u00eancia e garantia.\nTodas as nossas fotos s\u00e3o reais do produto.\n\nPara calcular o frente basta aproveitar as vantagens do MERCADO ENVIOS.\nCaso o produto n\u00e3o te..<\/p>\n                              <div class=\"product-intro\">\n\t\t\t\t\t\t\t\t<div class=\"actions-link2\">\n\t\t\t\t\t\t\t\t\t<a class=\"btn-cart\" data-toggle=\"tooltip\" title=\"Comprar\" onclick=\"cart.add('22759');\"><span class=\"button\"><i class=\"fa fa-shopping-cart\"><\/i>Comprar<\/span><\/a>\t\t\t\t\t\t\t\t\t\n\t\t\t\t\t\t\t\t\t<a class=\"btn-wishlist\" data-toggle=\"tooltip\" title=\"Lista de desejos\" onclick=\"wishlist.add('22759');\"><i class=\"zmdi zmdi-favorite-outline\"><\/i><\/a>\t\t\t\t\t\t\t\t\t\n\t\t\t\t\t\t\t\t\t<a class=\"btn-compare\" data-toggle=\"tooltip\" title=\"Comparar\" onclick=\"compare.add('22759');\"><i class=\"zmdi zmdi-refresh-alt\"><\/i><\/a>\n\t\t\t\t\t\t\t\t<\/div>\n\t\t\t\t\t\t\t\t<\/div>\n                            <\/div>\n\t\t\t\t\t\t\t<\/div>\n                          <\/div>\n                        <\/div>\n                                            <div class=\"product-layout product-list col-xs-12\">\n                          <div class=\"product-thumb layout1\">\n\t\t\t\t\t\t\t<div class=\"image\">\n                              \t\t\t\t\t\t\t\t                              <a href=\"https:\/\/www.sulcarautopecas.com.br.186-226-60-153.cpanel.site\/porta\/friso-porta-diant-esq-jac-t5-2017-a5100-29401\">\n                                                              <img  src=\"image\/cache\/no_image-100x100.png\" alt=\"Friso Porta Diant Esq Jac T5 2017 A5100\" \/>\n                              \t\t\t\t\t\t\t  <img  src=\"\" alt=\"Friso Porta Diant Esq Jac T5 2017 A5100\" title=\"Friso Porta Diant Esq Jac T5 2017 A5100\" class=\"img-responsive lazy\" \/>\n                              <\/a>\n\t\t\t\t\t\t\t  <div class=\"actions-link\">\t\t\t\t\t\t\t\t\t\n\t\t\t\t\t\t\t\t\t<a class=\"btn-wishlist\" data-toggle=\"tooltip\" title=\"Lista de desejos\" onclick=\"wishlist.add('29401');\"><i class=\"zmdi zmdi-favorite-outline\"><\/i><\/a>\t\t\t\t\t\t\t\t\t\n\t\t\t\t\t\t\t\t\t<a class=\"btn-compare\" data-toggle=\"tooltip\" title=\"Comparar\" onclick=\"compare.add('29401');\"><i class=\"zmdi zmdi-refresh-alt\"><\/i><\/a>\n\t\t\t\t\t\t\t\t<\/div>\n                            <\/div>\n                            <div class=\"product-inner\">\n                              <div class=\"product-caption\">\n\t\t\t\t\t\t\t                                <h2 class=\"product-name\"><a href=\"https:\/\/www.sulcarautopecas.com.br.186-226-60-153.cpanel.site\/porta\/friso-porta-diant-esq-jac-t5-2017-a5100-29401\">Friso Porta Diant Esq Jac T5 2017 A5100<\/a><\/h2>\n\t\t\t\t\t\t\t                                     <div class=\"ratings\">\n                                      <div class=\"rating-box\">\n                                                                                        <div class=\"rating0\">rating<\/div>                                                                                                                                                                                                                                                                            <\/div>\n                                  <\/div>\n                              \t\t\t\t\t\t\t                                  <p class=\"price\">\n                                                                    R$100,00                                                                                                    <\/p>\n                                \t\t\t\t\t\t\t \n                              \n\t\t\t\t\t\t\t\t<p class=\"product-des\">Sulcar Auto Pe\u00e7as Blumenau\nTrabalhamos com produtos originais\nFoto reais do produto\nCalcular frete...no mercado de envios\nDemais d\u00favidas...apenas nos pergunte\nAp\u00f3s confirmar do pagamento enviamos em at\u00e9 1 dia \u00fatil\nEntregamos para todo territ\u00f3rio naci..<\/p>\n                              <div class=\"product-intro\">\n\t\t\t\t\t\t\t\t<div class=\"actions-link2\">\n\t\t\t\t\t\t\t\t\t<a class=\"btn-cart\" data-toggle=\"tooltip\" title=\"Comprar\" onclick=\"cart.add('29401');\"><span class=\"button\"><i class=\"fa fa-shopping-cart\"><\/i>Comprar<\/span><\/a>\t\t\t\t\t\t\t\t\t\n\t\t\t\t\t\t\t\t\t<a class=\"btn-wishlist\" data-toggle=\"tooltip\" title=\"Lista de desejos\" onclick=\"wishlist.add('29401');\"><i class=\"zmdi zmdi-favorite-outline\"><\/i><\/a>\t\t\t\t\t\t\t\t\t\n\t\t\t\t\t\t\t\t\t<a class=\"btn-compare\" data-toggle=\"tooltip\" title=\"Comparar\" onclick=\"compare.add('29401');\"><i class=\"zmdi zmdi-refresh-alt\"><\/i><\/a>\n\t\t\t\t\t\t\t\t<\/div>\n\t\t\t\t\t\t\t\t<\/div>\n                            <\/div>\n\t\t\t\t\t\t\t<\/div>\n                          <\/div>\n                        <\/div>\n                                            <div class=\"product-layout product-list col-xs-12\">\n                          <div class=\"product-thumb layout1\">\n\t\t\t\t\t\t\t<div class=\"image\">\n                              \t\t\t\t\t\t\t\t                              <a href=\"https:\/\/www.sulcarautopecas.com.br.186-226-60-153.cpanel.site\/porta\/pestana-interna-porta-dianteira-esquerda-renault-oroch-2024-32538\">\n                                                              <img  src=\"image\/cache\/no_image-100x100.png\" alt=\"Pestana Interna Porta Dianteira Esquerda...\" \/>\n                              \t\t\t\t\t\t\t  <img  src=\"\" alt=\"Pestana Interna Porta Dianteira Esquerda...\" title=\"Pestana Interna Porta Dianteira Esquerda...\" class=\"img-responsive lazy\" \/>\n                              <\/a>\n\t\t\t\t\t\t\t  <div class=\"actions-link\">\t\t\t\t\t\t\t\t\t\n\t\t\t\t\t\t\t\t\t<a class=\"btn-wishlist\" data-toggle=\"tooltip\" title=\"Lista de desejos\" onclick=\"wishlist.add('32538');\"><i class=\"zmdi zmdi-favorite-outline\"><\/i><\/a>\t\t\t\t\t\t\t\t\t\n\t\t\t\t\t\t\t\t\t<a class=\"btn-compare\" data-toggle=\"tooltip\" title=\"Comparar\" onclick=\"compare.add('32538');\"><i class=\"zmdi zmdi-refresh-alt\"><\/i><\/a>\n\t\t\t\t\t\t\t\t<\/div>\n                            <\/div>\n                            <div class=\"product-inner\">\n                              <div class=\"product-caption\">\n\t\t\t\t\t\t\t                                <h2 class=\"product-name\"><a href=\"https:\/\/www.sulcarautopecas.com.br.186-226-60-153.cpanel.site\/porta\/pestana-interna-porta-dianteira-esquerda-renault-oroch-2024-32538\">Pestana Interna Porta Dianteira Esquerda...<\/a><\/h2>\n\t\t\t\t\t\t\t                                     <div class=\"ratings\">\n                                      <div class=\"rating-box\">\n                                                                                        <div class=\"rating0\">rating<\/div>                                                                                                                                                                                                                                                                            <\/div>\n                                  <\/div>\n                              \t\t\t\t\t\t\t                                  <p class=\"price\">\n                                                                    R$60,00                                                                                                    <\/p>\n                                \t\t\t\t\t\t\t \n                              \n\t\t\t\t\t\t\t\t<p class=\"product-des\">*Sulcar Auto Pe\u00e7as Blumenau.\n*Trabalhamos com produtos originais.\n*Foto reais do produto.\n*Calcular frete em mercado envios,caso tenha nos pergunte.\n*Demais D\u00favidas apenas nos pergunte.\n*Ap\u00f3s confirma\u00e7\u00e3o do pagamento enviamos em at\u00e9 1 dia \u00fatil.\n*Entr..<\/p>\n                              <div class=\"product-intro\">\n\t\t\t\t\t\t\t\t<div class=\"actions-link2\">\n\t\t\t\t\t\t\t\t\t<a class=\"btn-cart\" data-toggle=\"tooltip\" title=\"Comprar\" onclick=\"cart.add('32538');\"><span class=\"button\"><i class=\"fa fa-shopping-cart\"><\/i>Comprar<\/span><\/a>\t\t\t\t\t\t\t\t\t\n\t\t\t\t\t\t\t\t\t<a class=\"btn-wishlist\" data-toggle=\"tooltip\" title=\"Lista de desejos\" onclick=\"wishlist.add('32538');\"><i class=\"zmdi zmdi-favorite-outline\"><\/i><\/a>\t\t\t\t\t\t\t\t\t\n\t\t\t\t\t\t\t\t\t<a class=\"btn-compare\" data-toggle=\"tooltip\" title=\"Comparar\" onclick=\"compare.add('32538');\"><i class=\"zmdi zmdi-refresh-alt\"><\/i><\/a>\n\t\t\t\t\t\t\t\t<\/div>\n\t\t\t\t\t\t\t\t<\/div>\n                            <\/div>\n\t\t\t\t\t\t\t<\/div>\n                          <\/div>\n                        <\/div>\n                                            <div class=\"product-layout product-list col-xs-12\">\n                          <div class=\"product-thumb layout1\">\n\t\t\t\t\t\t\t<div class=\"image\">\n                              \t\t\t\t\t\t\t\t                              <a href=\"https:\/\/www.sulcarautopecas.com.br.186-226-60-153.cpanel.site\/porta\/cabo-abertura-de-porta-traseira-esquerda-honda-cr-v-2012-15-20731\">\n                                                              <img  src=\"image\/cache\/no_image-100x100.png\" alt=\"Cabo Abertura De Porta Traseira Esquerda...\" \/>\n                              \t\t\t\t\t\t\t  <img  src=\"\" alt=\"Cabo Abertura De Porta Traseira Esquerda...\" title=\"Cabo Abertura De Porta Traseira Esquerda...\" class=\"img-responsive lazy\" \/>\n                              <\/a>\n\t\t\t\t\t\t\t  <div class=\"actions-link\">\t\t\t\t\t\t\t\t\t\n\t\t\t\t\t\t\t\t\t<a class=\"btn-wishlist\" data-toggle=\"tooltip\" title=\"Lista de desejos\" onclick=\"wishlist.add('20731');\"><i class=\"zmdi zmdi-favorite-outline\"><\/i><\/a>\t\t\t\t\t\t\t\t\t\n\t\t\t\t\t\t\t\t\t<a class=\"btn-compare\" data-toggle=\"tooltip\" title=\"Comparar\" onclick=\"compare.add('20731');\"><i class=\"zmdi zmdi-refresh-alt\"><\/i><\/a>\n\t\t\t\t\t\t\t\t<\/div>\n                            <\/div>\n                            <div class=\"product-inner\">\n                              <div class=\"product-caption\">\n\t\t\t\t\t\t\t                                <h2 class=\"product-name\"><a href=\"https:\/\/www.sulcarautopecas.com.br.186-226-60-153.cpanel.site\/porta\/cabo-abertura-de-porta-traseira-esquerda-honda-cr-v-2012-15-20731\">Cabo Abertura De Porta Traseira Esquerda...<\/a><\/h2>\n\t\t\t\t\t\t\t                                     <div class=\"ratings\">\n                                      <div class=\"rating-box\">\n                                                                                        <div class=\"rating0\">rating<\/div>                                                                                                                                                                                                                                                                            <\/div>\n                                  <\/div>\n                              \t\t\t\t\t\t\t                                  <p class=\"price\">\n                                                                    R$70,00                                                                                                    <\/p>\n                                \t\t\t\t\t\t\t \n                              \n\t\t\t\t\t\t\t\t<p class=\"product-des\">Trabalhamos com produtos originais, retirados de ve\u00edculos baixados no Detran, com total proced\u00eancia e garantia.\nTodas as nossas fotos s\u00e3o reais do produto.\n\nPara calcular o frente basta aproveitar as vantagens do MERCADO ENVIOS.\nCaso o produto n\u00e3o te..<\/p>\n                              <div class=\"product-intro\">\n\t\t\t\t\t\t\t\t<div class=\"actions-link2\">\n\t\t\t\t\t\t\t\t\t<a class=\"btn-cart\" data-toggle=\"tooltip\" title=\"Comprar\" onclick=\"cart.add('20731');\"><span class=\"button\"><i class=\"fa fa-shopping-cart\"><\/i>Comprar<\/span><\/a>\t\t\t\t\t\t\t\t\t\n\t\t\t\t\t\t\t\t\t<a class=\"btn-wishlist\" data-toggle=\"tooltip\" title=\"Lista de desejos\" onclick=\"wishlist.add('20731');\"><i class=\"zmdi zmdi-favorite-outline\"><\/i><\/a>\t\t\t\t\t\t\t\t\t\n\t\t\t\t\t\t\t\t\t<a class=\"btn-compare\" data-toggle=\"tooltip\" title=\"Comparar\" onclick=\"compare.add('20731');\"><i class=\"zmdi zmdi-refresh-alt\"><\/i><\/a>\n\t\t\t\t\t\t\t\t<\/div>\n\t\t\t\t\t\t\t\t<\/div>\n                            <\/div>\n\t\t\t\t\t\t\t<\/div>\n                          <\/div>\n                        <\/div>\n                                            <div class=\"product-layout product-list col-xs-12\">\n                          <div class=\"product-thumb layout1\">\n\t\t\t\t\t\t\t<div class=\"image\">\n                              \t\t\t\t\t\t\t\t                              <a href=\"https:\/\/www.sulcarautopecas.com.br.186-226-60-153.cpanel.site\/porta\/borracha-porta-diant-esquerda-fiat-fastback-audace-23-a3893-28210\">\n                                                              <img  src=\"image\/cache\/no_image-100x100.png\" alt=\"Borracha Porta Diant Esquerda Fiat Fastb...\" \/>\n                              \t\t\t\t\t\t\t  <img  src=\"\" alt=\"Borracha Porta Diant Esquerda Fiat Fastb...\" title=\"Borracha Porta Diant Esquerda Fiat Fastb...\" class=\"img-responsive lazy\" \/>\n                              <\/a>\n\t\t\t\t\t\t\t  <div class=\"actions-link\">\t\t\t\t\t\t\t\t\t\n\t\t\t\t\t\t\t\t\t<a class=\"btn-wishlist\" data-toggle=\"tooltip\" title=\"Lista de desejos\" onclick=\"wishlist.add('28210');\"><i class=\"zmdi zmdi-favorite-outline\"><\/i><\/a>\t\t\t\t\t\t\t\t\t\n\t\t\t\t\t\t\t\t\t<a class=\"btn-compare\" data-toggle=\"tooltip\" title=\"Comparar\" onclick=\"compare.add('28210');\"><i class=\"zmdi zmdi-refresh-alt\"><\/i><\/a>\n\t\t\t\t\t\t\t\t<\/div>\n                            <\/div>\n                            <div class=\"product-inner\">\n                              <div class=\"product-caption\">\n\t\t\t\t\t\t\t                                <h2 class=\"product-name\"><a href=\"https:\/\/www.sulcarautopecas.com.br.186-226-60-153.cpanel.site\/porta\/borracha-porta-diant-esquerda-fiat-fastback-audace-23-a3893-28210\">Borracha Porta Diant Esquerda Fiat Fastb...<\/a><\/h2>\n\t\t\t\t\t\t\t                                     <div class=\"ratings\">\n                                      <div class=\"rating-box\">\n                                                                                        <div class=\"rating0\">rating<\/div>                                                                                                                                                                                                                                                                            <\/div>\n                                  <\/div>\n                              \t\t\t\t\t\t\t                                  <p class=\"price\">\n                                                                    R$150,00                                                                                                    <\/p>\n                                \t\t\t\t\t\t\t \n                              \n\t\t\t\t\t\t\t\t<p class=\"product-des\">Sulcar Auto Pe\u00e7as Blumenau\nTrabalhamos com produtos originais\nFoto reais do produto\nCalcular frete...no mercado de envios\nDemais d\u00favidas...apenas nos pergunte\nAp\u00f3s confirmar do pagamento enviamos em at\u00e9 1 dia \u00fatil\nEntregamos para todo territ\u00f3rio naci..<\/p>\n                              <div class=\"product-intro\">\n\t\t\t\t\t\t\t\t<div class=\"actions-link2\">\n\t\t\t\t\t\t\t\t\t<a class=\"btn-cart\" data-toggle=\"tooltip\" title=\"Comprar\" onclick=\"cart.add('28210');\"><span class=\"button\"><i class=\"fa fa-shopping-cart\"><\/i>Comprar<\/span><\/a>\t\t\t\t\t\t\t\t\t\n\t\t\t\t\t\t\t\t\t<a class=\"btn-wishlist\" data-toggle=\"tooltip\" title=\"Lista de desejos\" onclick=\"wishlist.add('28210');\"><i class=\"zmdi zmdi-favorite-outline\"><\/i><\/a>\t\t\t\t\t\t\t\t\t\n\t\t\t\t\t\t\t\t\t<a class=\"btn-compare\" data-toggle=\"tooltip\" title=\"Comparar\" onclick=\"compare.add('28210');\"><i class=\"zmdi zmdi-refresh-alt\"><\/i><\/a>\n\t\t\t\t\t\t\t\t<\/div>\n\t\t\t\t\t\t\t\t<\/div>\n                            <\/div>\n\t\t\t\t\t\t\t<\/div>\n                          <\/div>\n                        <\/div>\n                                            <div class=\"product-layout product-list col-xs-12\">\n                          <div class=\"product-thumb layout1\">\n\t\t\t\t\t\t\t<div class=\"image\">\n                              \t\t\t\t\t\t\t\t                              <a href=\"https:\/\/www.sulcarautopecas.com.br.186-226-60-153.cpanel.site\/porta\/soleira-porta-malas-renault-captur-2022-31793\">\n                                                              <img  src=\"image\/cache\/no_image-100x100.png\" alt=\"Soleira Porta Malas Renault Captur 2022\" \/>\n                              \t\t\t\t\t\t\t  <img  src=\"\" alt=\"Soleira Porta Malas Renault Captur 2022\" title=\"Soleira Porta Malas Renault Captur 2022\" class=\"img-responsive lazy\" \/>\n                              <\/a>\n\t\t\t\t\t\t\t  <div class=\"actions-link\">\t\t\t\t\t\t\t\t\t\n\t\t\t\t\t\t\t\t\t<a class=\"btn-wishlist\" data-toggle=\"tooltip\" title=\"Lista de desejos\" onclick=\"wishlist.add('31793');\"><i class=\"zmdi zmdi-favorite-outline\"><\/i><\/a>\t\t\t\t\t\t\t\t\t\n\t\t\t\t\t\t\t\t\t<a class=\"btn-compare\" data-toggle=\"tooltip\" title=\"Comparar\" onclick=\"compare.add('31793');\"><i class=\"zmdi zmdi-refresh-alt\"><\/i><\/a>\n\t\t\t\t\t\t\t\t<\/div>\n                            <\/div>\n                            <div class=\"product-inner\">\n                              <div class=\"product-caption\">\n\t\t\t\t\t\t\t                                <h2 class=\"product-name\"><a href=\"https:\/\/www.sulcarautopecas.com.br.186-226-60-153.cpanel.site\/porta\/soleira-porta-malas-renault-captur-2022-31793\">Soleira Porta Malas Renault Captur 2022<\/a><\/h2>\n\t\t\t\t\t\t\t                                     <div class=\"ratings\">\n                                      <div class=\"rating-box\">\n                                                                                        <div class=\"rating0\">rating<\/div>                                                                                                                                                                                                                                                                            <\/div>\n                                  <\/div>\n                              \t\t\t\t\t\t\t                                  <p class=\"price\">\n                                                                    R$200,00                                                                                                    <\/p>\n                                \t\t\t\t\t\t\t \n                              \n\t\t\t\t\t\t\t\t<p class=\"product-des\">*Sulcar Auto Pe\u00e7as Blumenau.\n*Trabalhamos com produtos originais.\n*Foto reais do produto.\n*Calcular frete em mercado envios,caso tenha nos pergunte.\n*Demais D\u00favidas apenas nos pergunte.\n*Ap\u00f3s confirma\u00e7\u00e3o do pagamento enviamos em at\u00e9 1 dia \u00fatil.\n*Entr..<\/p>\n                              <div class=\"product-intro\">\n\t\t\t\t\t\t\t\t<div class=\"actions-link2\">\n\t\t\t\t\t\t\t\t\t<a class=\"btn-cart\" data-toggle=\"tooltip\" title=\"Comprar\" onclick=\"cart.add('31793');\"><span class=\"button\"><i class=\"fa fa-shopping-cart\"><\/i>Comprar<\/span><\/a>\t\t\t\t\t\t\t\t\t\n\t\t\t\t\t\t\t\t\t<a class=\"btn-wishlist\" data-toggle=\"tooltip\" title=\"Lista de desejos\" onclick=\"wishlist.add('31793');\"><i class=\"zmdi zmdi-favorite-outline\"><\/i><\/a>\t\t\t\t\t\t\t\t\t\n\t\t\t\t\t\t\t\t\t<a class=\"btn-compare\" data-toggle=\"tooltip\" title=\"Comparar\" onclick=\"compare.add('31793');\"><i class=\"zmdi zmdi-refresh-alt\"><\/i><\/a>\n\t\t\t\t\t\t\t\t<\/div>\n\t\t\t\t\t\t\t\t<\/div>\n                            <\/div>\n\t\t\t\t\t\t\t<\/div>\n                          <\/div>\n                        <\/div>\n                                            <div class=\"product-layout product-list col-xs-12\">\n                          <div class=\"product-thumb layout1\">\n\t\t\t\t\t\t\t<div class=\"image\">\n                              \t\t\t\t\t\t\t\t                              <a href=\"https:\/\/www.sulcarautopecas.com.br.186-226-60-153.cpanel.site\/porta\/canaleta-porta-dianteiro-esquerdo-nissan-kicks-advance-2022-19100\">\n                                                              <img  src=\"image\/cache\/no_image-100x100.png\" alt=\"Canaleta Porta Dianteiro Esquerdo Nissan...\" \/>\n                              \t\t\t\t\t\t\t  <img  src=\"\" alt=\"Canaleta Porta Dianteiro Esquerdo Nissan...\" title=\"Canaleta Porta Dianteiro Esquerdo Nissan...\" class=\"img-responsive lazy\" \/>\n                              <\/a>\n\t\t\t\t\t\t\t  <div class=\"actions-link\">\t\t\t\t\t\t\t\t\t\n\t\t\t\t\t\t\t\t\t<a class=\"btn-wishlist\" data-toggle=\"tooltip\" title=\"Lista de desejos\" onclick=\"wishlist.add('19100');\"><i class=\"zmdi zmdi-favorite-outline\"><\/i><\/a>\t\t\t\t\t\t\t\t\t\n\t\t\t\t\t\t\t\t\t<a class=\"btn-compare\" data-toggle=\"tooltip\" title=\"Comparar\" onclick=\"compare.add('19100');\"><i class=\"zmdi zmdi-refresh-alt\"><\/i><\/a>\n\t\t\t\t\t\t\t\t<\/div>\n                            <\/div>\n                            <div class=\"product-inner\">\n                              <div class=\"product-caption\">\n\t\t\t\t\t\t\t                                <h2 class=\"product-name\"><a href=\"https:\/\/www.sulcarautopecas.com.br.186-226-60-153.cpanel.site\/porta\/canaleta-porta-dianteiro-esquerdo-nissan-kicks-advance-2022-19100\">Canaleta Porta Dianteiro Esquerdo Nissan...<\/a><\/h2>\n\t\t\t\t\t\t\t                                     <div class=\"ratings\">\n                                      <div class=\"rating-box\">\n                                                                                        <div class=\"rating0\">rating<\/div>                                                                                                                                                                                                                                                                            <\/div>\n                                  <\/div>\n                              \t\t\t\t\t\t\t                                  <p class=\"price\">\n                                                                    R$80,00                                                                                                    <\/p>\n                                \t\t\t\t\t\t\t \n                              \n\t\t\t\t\t\t\t\t<p class=\"product-des\">Sulcar Auto Pe\u00e7as Blumenau\nTrabalhamos com produtos originais \nFoto reais do produto \nCalcular frete...no mercado de envios \nDemais d\u00favidas...apenas nos pergunte \nAp\u00f3s confirmar do pagamento enviamos em at\u00e9 1 dia \u00fatil \nEntregamos para todo territ\u00f3rio..<\/p>\n                              <div class=\"product-intro\">\n\t\t\t\t\t\t\t\t<div class=\"actions-link2\">\n\t\t\t\t\t\t\t\t\t<a class=\"btn-cart\" data-toggle=\"tooltip\" title=\"Comprar\" onclick=\"cart.add('19100');\"><span class=\"button\"><i class=\"fa fa-shopping-cart\"><\/i>Comprar<\/span><\/a>\t\t\t\t\t\t\t\t\t\n\t\t\t\t\t\t\t\t\t<a class=\"btn-wishlist\" data-toggle=\"tooltip\" title=\"Lista de desejos\" onclick=\"wishlist.add('19100');\"><i class=\"zmdi zmdi-favorite-outline\"><\/i><\/a>\t\t\t\t\t\t\t\t\t\n\t\t\t\t\t\t\t\t\t<a class=\"btn-compare\" data-toggle=\"tooltip\" title=\"Comparar\" onclick=\"compare.add('19100');\"><i class=\"zmdi zmdi-refresh-alt\"><\/i><\/a>\n\t\t\t\t\t\t\t\t<\/div>\n\t\t\t\t\t\t\t\t<\/div>\n                            <\/div>\n\t\t\t\t\t\t\t<\/div>\n                          <\/div>\n                        <\/div>\n                                            <div class=\"product-layout product-list col-xs-12\">\n                          <div class=\"product-thumb layout1\">\n\t\t\t\t\t\t\t<div class=\"image\">\n                              \t\t\t\t\t\t\t\t                              <a href=\"https:\/\/www.sulcarautopecas.com.br.186-226-60-153.cpanel.site\/porta\/comando-vidro-eletrico-porta-diant-esq-nivus-1-tsi-21-a1879-26402\">\n                                                              <img  src=\"image\/cache\/no_image-100x100.png\" alt=\"Comando Vidro Eletrico Porta Diant Esq N...\" \/>\n                              \t\t\t\t\t\t\t  <img  src=\"\" alt=\"Comando Vidro Eletrico Porta Diant Esq N...\" title=\"Comando Vidro Eletrico Porta Diant Esq N...\" class=\"img-responsive lazy\" \/>\n                              <\/a>\n\t\t\t\t\t\t\t  <div class=\"actions-link\">\t\t\t\t\t\t\t\t\t\n\t\t\t\t\t\t\t\t\t<a class=\"btn-wishlist\" data-toggle=\"tooltip\" title=\"Lista de desejos\" onclick=\"wishlist.add('26402');\"><i class=\"zmdi zmdi-favorite-outline\"><\/i><\/a>\t\t\t\t\t\t\t\t\t\n\t\t\t\t\t\t\t\t\t<a class=\"btn-compare\" data-toggle=\"tooltip\" title=\"Comparar\" onclick=\"compare.add('26402');\"><i class=\"zmdi zmdi-refresh-alt\"><\/i><\/a>\n\t\t\t\t\t\t\t\t<\/div>\n                            <\/div>\n                            <div class=\"product-inner\">\n                              <div class=\"product-caption\">\n\t\t\t\t\t\t\t                                <h2 class=\"product-name\"><a href=\"https:\/\/www.sulcarautopecas.com.br.186-226-60-153.cpanel.site\/porta\/comando-vidro-eletrico-porta-diant-esq-nivus-1-tsi-21-a1879-26402\">Comando Vidro Eletrico Porta Diant Esq N...<\/a><\/h2>\n\t\t\t\t\t\t\t                                     <div class=\"ratings\">\n                                      <div class=\"rating-box\">\n                                                                                        <div class=\"rating0\">rating<\/div>                                                                                                                                                                                                                                                                            <\/div>\n                                  <\/div>\n                              \t\t\t\t\t\t\t                                  <p class=\"price\">\n                                                                    R$200,00                                                                                                    <\/p>\n                                \t\t\t\t\t\t\t \n                              \n\t\t\t\t\t\t\t\t<p class=\"product-des\">Trabalhamos com produtos originais, retirados de ve\u00edculos baixados no Detran, com total proced\u00eancia e garantia.\nTodas as nossas fotos s\u00e3o reais do produto.\n\nPara calcular o frente basta aproveitar as vantagens do MERCADO ENVIOS.\nCaso o produto n\u00e3o te..<\/p>\n                              <div class=\"product-intro\">\n\t\t\t\t\t\t\t\t<div class=\"actions-link2\">\n\t\t\t\t\t\t\t\t\t<a class=\"btn-cart\" data-toggle=\"tooltip\" title=\"Comprar\" onclick=\"cart.add('26402');\"><span class=\"button\"><i class=\"fa fa-shopping-cart\"><\/i>Comprar<\/span><\/a>\t\t\t\t\t\t\t\t\t\n\t\t\t\t\t\t\t\t\t<a class=\"btn-wishlist\" data-toggle=\"tooltip\" title=\"Lista de desejos\" onclick=\"wishlist.add('26402');\"><i class=\"zmdi zmdi-favorite-outline\"><\/i><\/a>\t\t\t\t\t\t\t\t\t\n\t\t\t\t\t\t\t\t\t<a class=\"btn-compare\" data-toggle=\"tooltip\" title=\"Comparar\" onclick=\"compare.add('26402');\"><i class=\"zmdi zmdi-refresh-alt\"><\/i><\/a>\n\t\t\t\t\t\t\t\t<\/div>\n\t\t\t\t\t\t\t\t<\/div>\n                            <\/div>\n\t\t\t\t\t\t\t<\/div>\n                          <\/div>\n                        <\/div>\n                                            <div class=\"product-layout product-list col-xs-12\">\n                          <div class=\"product-thumb layout1\">\n\t\t\t\t\t\t\t<div class=\"image\">\n                              \t\t\t\t\t\t\t\t                              <a href=\"https:\/\/www.sulcarautopecas.com.br.186-226-60-153.cpanel.site\/porta\/maquina-vidro-porta-diant-direita-captur-1-3-turbo-22-a6322-30847\">\n                                                              <img  src=\"image\/cache\/no_image-100x100.png\" alt=\"Maquina Vidro Porta Diant Direita Captur...\" \/>\n                              \t\t\t\t\t\t\t  <img  src=\"\" alt=\"Maquina Vidro Porta Diant Direita Captur...\" title=\"Maquina Vidro Porta Diant Direita Captur...\" class=\"img-responsive lazy\" \/>\n                              <\/a>\n\t\t\t\t\t\t\t  <div class=\"actions-link\">\t\t\t\t\t\t\t\t\t\n\t\t\t\t\t\t\t\t\t<a class=\"btn-wishlist\" data-toggle=\"tooltip\" title=\"Lista de desejos\" onclick=\"wishlist.add('30847');\"><i class=\"zmdi zmdi-favorite-outline\"><\/i><\/a>\t\t\t\t\t\t\t\t\t\n\t\t\t\t\t\t\t\t\t<a class=\"btn-compare\" data-toggle=\"tooltip\" title=\"Comparar\" onclick=\"compare.add('30847');\"><i class=\"zmdi zmdi-refresh-alt\"><\/i><\/a>\n\t\t\t\t\t\t\t\t<\/div>\n                            <\/div>\n                            <div class=\"product-inner\">\n                              <div class=\"product-caption\">\n\t\t\t\t\t\t\t                                <h2 class=\"product-name\"><a href=\"https:\/\/www.sulcarautopecas.com.br.186-226-60-153.cpanel.site\/porta\/maquina-vidro-porta-diant-direita-captur-1-3-turbo-22-a6322-30847\">Maquina Vidro Porta Diant Direita Captur...<\/a><\/h2>\n\t\t\t\t\t\t\t                                     <div class=\"ratings\">\n                                      <div class=\"rating-box\">\n                                                                                        <div class=\"rating0\">rating<\/div>                                                                                                                                                                                                                                                                            <\/div>\n                                  <\/div>\n                              \t\t\t\t\t\t\t                                  <p class=\"price\">\n                                                                    R$150,00                                                                                                    <\/p>\n                                \t\t\t\t\t\t\t \n                              \n\t\t\t\t\t\t\t\t<p class=\"product-des\">Sulcar Auto Pe\u00e7as Blumenau\nTrabalhamos com produtos originais\nFoto reais do produto\nCalcular frete...no mercado de envios\nDemais d\u00favidas...apenas nos pergunte\nAp\u00f3s confirmar do pagamento enviamos em at\u00e9 1 dia \u00fatil\nEntregamos para todo territ\u00f3rio naci..<\/p>\n                              <div class=\"product-intro\">\n\t\t\t\t\t\t\t\t<div class=\"actions-link2\">\n\t\t\t\t\t\t\t\t\t<a class=\"btn-cart\" data-toggle=\"tooltip\" title=\"Comprar\" onclick=\"cart.add('30847');\"><span class=\"button\"><i class=\"fa fa-shopping-cart\"><\/i>Comprar<\/span><\/a>\t\t\t\t\t\t\t\t\t\n\t\t\t\t\t\t\t\t\t<a class=\"btn-wishlist\" data-toggle=\"tooltip\" title=\"Lista de desejos\" onclick=\"wishlist.add('30847');\"><i class=\"zmdi zmdi-favorite-outline\"><\/i><\/a>\t\t\t\t\t\t\t\t\t\n\t\t\t\t\t\t\t\t\t<a class=\"btn-compare\" data-toggle=\"tooltip\" title=\"Comparar\" onclick=\"compare.add('30847');\"><i class=\"zmdi zmdi-refresh-alt\"><\/i><\/a>\n\t\t\t\t\t\t\t\t<\/div>\n\t\t\t\t\t\t\t\t<\/div>\n                            <\/div>\n\t\t\t\t\t\t\t<\/div>\n                          <\/div>\n                        <\/div>\n                                            <div class=\"product-layout product-list col-xs-12\">\n                          <div class=\"product-thumb layout1\">\n\t\t\t\t\t\t\t<div class=\"image\">\n                              \t\t\t\t\t\t\t\t                              <a href=\"https:\/\/www.sulcarautopecas.com.br.186-226-60-153.cpanel.site\/porta\/canaleta-porta-traseira-direita-honda-crv-2011-17585\">\n                                                              <img  src=\"image\/cache\/no_image-100x100.png\" alt=\"Canaleta Porta Traseira Direita Honda Cr...\" \/>\n                              \t\t\t\t\t\t\t  <img  src=\"\" alt=\"Canaleta Porta Traseira Direita Honda Cr...\" title=\"Canaleta Porta Traseira Direita Honda Cr...\" class=\"img-responsive lazy\" \/>\n                              <\/a>\n\t\t\t\t\t\t\t  <div class=\"actions-link\">\t\t\t\t\t\t\t\t\t\n\t\t\t\t\t\t\t\t\t<a class=\"btn-wishlist\" data-toggle=\"tooltip\" title=\"Lista de desejos\" onclick=\"wishlist.add('17585');\"><i class=\"zmdi zmdi-favorite-outline\"><\/i><\/a>\t\t\t\t\t\t\t\t\t\n\t\t\t\t\t\t\t\t\t<a class=\"btn-compare\" data-toggle=\"tooltip\" title=\"Comparar\" onclick=\"compare.add('17585');\"><i class=\"zmdi zmdi-refresh-alt\"><\/i><\/a>\n\t\t\t\t\t\t\t\t<\/div>\n                            <\/div>\n                            <div class=\"product-inner\">\n                              <div class=\"product-caption\">\n\t\t\t\t\t\t\t                                <h2 class=\"product-name\"><a href=\"https:\/\/www.sulcarautopecas.com.br.186-226-60-153.cpanel.site\/porta\/canaleta-porta-traseira-direita-honda-crv-2011-17585\">Canaleta Porta Traseira Direita Honda Cr...<\/a><\/h2>\n\t\t\t\t\t\t\t                                     <div class=\"ratings\">\n                                      <div class=\"rating-box\">\n                                                                                        <div class=\"rating0\">rating<\/div>                                                                                                                                                                                                                                                                            <\/div>\n                                  <\/div>\n                              \t\t\t\t\t\t\t                                  <p class=\"price\">\n                                                                    R$125,00                                                                                                    <\/p>\n                                \t\t\t\t\t\t\t \n                              \n\t\t\t\t\t\t\t\t<p class=\"product-des\">Sulcar Auto Pe\u00e7as Blumenau\nTrabalhamos com produtos originais \nFoto reais do produto \nCalcular frete...no mercado de envios \nDemais d\u00favidas...apenas nos pergunte \nAp\u00f3s confirmar do pagamento enviamos em at\u00e9 1 dia \u00fatil \nEntregamos para todo territ\u00f3rio..<\/p>\n                              <div class=\"product-intro\">\n\t\t\t\t\t\t\t\t<div class=\"actions-link2\">\n\t\t\t\t\t\t\t\t\t<a class=\"btn-cart\" data-toggle=\"tooltip\" title=\"Comprar\" onclick=\"cart.add('17585');\"><span class=\"button\"><i class=\"fa fa-shopping-cart\"><\/i>Comprar<\/span><\/a>\t\t\t\t\t\t\t\t\t\n\t\t\t\t\t\t\t\t\t<a class=\"btn-wishlist\" data-toggle=\"tooltip\" title=\"Lista de desejos\" onclick=\"wishlist.add('17585');\"><i class=\"zmdi zmdi-favorite-outline\"><\/i><\/a>\t\t\t\t\t\t\t\t\t\n\t\t\t\t\t\t\t\t\t<a class=\"btn-compare\" data-toggle=\"tooltip\" title=\"Comparar\" onclick=\"compare.add('17585');\"><i class=\"zmdi zmdi-refresh-alt\"><\/i><\/a>\n\t\t\t\t\t\t\t\t<\/div>\n\t\t\t\t\t\t\t\t<\/div>\n                            <\/div>\n\t\t\t\t\t\t\t<\/div>\n                          <\/div>\n                        <\/div>\n                                            <div class=\"product-layout product-list col-xs-12\">\n                          <div class=\"product-thumb layout1\">\n\t\t\t\t\t\t\t<div class=\"image\">\n                              \t\t\t\t\t\t\t\t                              <a href=\"https:\/\/www.sulcarautopecas.com.br.186-226-60-153.cpanel.site\/porta\/chicote-porta-diant-esq-peugeot-2008-ano-2020-a366-24925\">\n                                                              <img  src=\"image\/cache\/no_image-100x100.png\" alt=\"Chicote Porta Diant Esq Peugeot 2008 Ano...\" \/>\n                              \t\t\t\t\t\t\t  <img  src=\"\" alt=\"Chicote Porta Diant Esq Peugeot 2008 Ano...\" title=\"Chicote Porta Diant Esq Peugeot 2008 Ano...\" class=\"img-responsive lazy\" \/>\n                              <\/a>\n\t\t\t\t\t\t\t  <div class=\"actions-link\">\t\t\t\t\t\t\t\t\t\n\t\t\t\t\t\t\t\t\t<a class=\"btn-wishlist\" data-toggle=\"tooltip\" title=\"Lista de desejos\" onclick=\"wishlist.add('24925');\"><i class=\"zmdi zmdi-favorite-outline\"><\/i><\/a>\t\t\t\t\t\t\t\t\t\n\t\t\t\t\t\t\t\t\t<a class=\"btn-compare\" data-toggle=\"tooltip\" title=\"Comparar\" onclick=\"compare.add('24925');\"><i class=\"zmdi zmdi-refresh-alt\"><\/i><\/a>\n\t\t\t\t\t\t\t\t<\/div>\n                            <\/div>\n                            <div class=\"product-inner\">\n                              <div class=\"product-caption\">\n\t\t\t\t\t\t\t                                <h2 class=\"product-name\"><a href=\"https:\/\/www.sulcarautopecas.com.br.186-226-60-153.cpanel.site\/porta\/chicote-porta-diant-esq-peugeot-2008-ano-2020-a366-24925\">Chicote Porta Diant Esq Peugeot 2008 Ano...<\/a><\/h2>\n\t\t\t\t\t\t\t                                     <div class=\"ratings\">\n                                      <div class=\"rating-box\">\n                                                                                        <div class=\"rating0\">rating<\/div>                                                                                                                                                                                                                                                                            <\/div>\n                                  <\/div>\n                              \t\t\t\t\t\t\t                                  <p class=\"price\">\n                                                                    R$100,00                                                                                                    <\/p>\n                                \t\t\t\t\t\t\t \n                              \n\t\t\t\t\t\t\t\t<p class=\"product-des\">Sulcar Auto Pe\u00e7as Blumenau\nTrabalhamos com produtos originais\nFoto reais do produto\nCalcular frete...no mercado de envios\nDemais d\u00favidas...apenas nos pergunte\nAp\u00f3s confirmar do pagamento enviamos em at\u00e9 1 dia \u00fatil\nEntregamos para todo territ\u00f3rio naci..<\/p>\n                              <div class=\"product-intro\">\n\t\t\t\t\t\t\t\t<div class=\"actions-link2\">\n\t\t\t\t\t\t\t\t\t<a class=\"btn-cart\" data-toggle=\"tooltip\" title=\"Comprar\" onclick=\"cart.add('24925');\"><span class=\"button\"><i class=\"fa fa-shopping-cart\"><\/i>Comprar<\/span><\/a>\t\t\t\t\t\t\t\t\t\n\t\t\t\t\t\t\t\t\t<a class=\"btn-wishlist\" data-toggle=\"tooltip\" title=\"Lista de desejos\" onclick=\"wishlist.add('24925');\"><i class=\"zmdi zmdi-favorite-outline\"><\/i><\/a>\t\t\t\t\t\t\t\t\t\n\t\t\t\t\t\t\t\t\t<a class=\"btn-compare\" data-toggle=\"tooltip\" title=\"Comparar\" onclick=\"compare.add('24925');\"><i class=\"zmdi zmdi-refresh-alt\"><\/i><\/a>\n\t\t\t\t\t\t\t\t<\/div>\n\t\t\t\t\t\t\t\t<\/div>\n                            <\/div>\n\t\t\t\t\t\t\t<\/div>\n                          <\/div>\n                        <\/div>\n                                            <div class=\"product-layout product-list col-xs-12\">\n                          <div class=\"product-thumb layout1\">\n\t\t\t\t\t\t\t<div class=\"image\">\n                              \t\t\t\t\t\t\t\t                              <a href=\"https:\/\/www.sulcarautopecas.com.br.186-226-60-153.cpanel.site\/porta\/soleira-porta-diant-esq-vw-nivus-1-0-tsi-2021-a1681-30144\">\n                                                              <img  src=\"image\/cache\/no_image-100x100.png\" alt=\"Soleira Porta Diant Esq Vw Nivus 1.0 Tsi...\" \/>\n                              \t\t\t\t\t\t\t  <img  src=\"\" alt=\"Soleira Porta Diant Esq Vw Nivus 1.0 Tsi...\" title=\"Soleira Porta Diant Esq Vw Nivus 1.0 Tsi...\" class=\"img-responsive lazy\" \/>\n                              <\/a>\n\t\t\t\t\t\t\t  <div class=\"actions-link\">\t\t\t\t\t\t\t\t\t\n\t\t\t\t\t\t\t\t\t<a class=\"btn-wishlist\" data-toggle=\"tooltip\" title=\"Lista de desejos\" onclick=\"wishlist.add('30144');\"><i class=\"zmdi zmdi-favorite-outline\"><\/i><\/a>\t\t\t\t\t\t\t\t\t\n\t\t\t\t\t\t\t\t\t<a class=\"btn-compare\" data-toggle=\"tooltip\" title=\"Comparar\" onclick=\"compare.add('30144');\"><i class=\"zmdi zmdi-refresh-alt\"><\/i><\/a>\n\t\t\t\t\t\t\t\t<\/div>\n                            <\/div>\n                            <div class=\"product-inner\">\n                              <div class=\"product-caption\">\n\t\t\t\t\t\t\t                                <h2 class=\"product-name\"><a href=\"https:\/\/www.sulcarautopecas.com.br.186-226-60-153.cpanel.site\/porta\/soleira-porta-diant-esq-vw-nivus-1-0-tsi-2021-a1681-30144\">Soleira Porta Diant Esq Vw Nivus 1.0 Tsi...<\/a><\/h2>\n\t\t\t\t\t\t\t                                     <div class=\"ratings\">\n                                      <div class=\"rating-box\">\n                                                                                        <div class=\"rating0\">rating<\/div>                                                                                                                                                                                                                                                                            <\/div>\n                                  <\/div>\n                              \t\t\t\t\t\t\t                                  <p class=\"price\">\n                                                                    R$130,00                                                                                                    <\/p>\n                                \t\t\t\t\t\t\t \n                              \n\t\t\t\t\t\t\t\t<p class=\"product-des\">*Sulcar Auto Pe\u00e7as Blumenau.\n*Trabalhamos com produtos originais.\n*Foto reais do produto.\n*Calcular frete em mercado envios,caso tenha nos pergunte.\n*Demais D\u00favidas apenas nos pergunte.\n*Ap\u00f3s confirma\u00e7\u00e3o do pagamento enviamos em at\u00e9 1 dia \u00fatil.\n*Entr..<\/p>\n                              <div class=\"product-intro\">\n\t\t\t\t\t\t\t\t<div class=\"actions-link2\">\n\t\t\t\t\t\t\t\t\t<a class=\"btn-cart\" data-toggle=\"tooltip\" title=\"Comprar\" onclick=\"cart.add('30144');\"><span class=\"button\"><i class=\"fa fa-shopping-cart\"><\/i>Comprar<\/span><\/a>\t\t\t\t\t\t\t\t\t\n\t\t\t\t\t\t\t\t\t<a class=\"btn-wishlist\" data-toggle=\"tooltip\" title=\"Lista de desejos\" onclick=\"wishlist.add('30144');\"><i class=\"zmdi zmdi-favorite-outline\"><\/i><\/a>\t\t\t\t\t\t\t\t\t\n\t\t\t\t\t\t\t\t\t<a class=\"btn-compare\" data-toggle=\"tooltip\" title=\"Comparar\" onclick=\"compare.add('30144');\"><i class=\"zmdi zmdi-refresh-alt\"><\/i><\/a>\n\t\t\t\t\t\t\t\t<\/div>\n\t\t\t\t\t\t\t\t<\/div>\n                            <\/div>\n\t\t\t\t\t\t\t<\/div>\n                          <\/div>\n                        <\/div>\n                                            <div class=\"product-layout product-list col-xs-12\">\n                          <div class=\"product-thumb layout1\">\n\t\t\t\t\t\t\t<div class=\"image\">\n                              \t\t\t\t\t\t\t\t                              <a href=\"https:\/\/www.sulcarautopecas.com.br.186-226-60-153.cpanel.site\/porta\/cinzeiro-porta-objeto-hyundai-i30-2011-12763\">\n                                                              <img  src=\"image\/cache\/no_image-100x100.png\" alt=\"Cinzeiro Porta-objeto Hyundai I30 2011\" \/>\n                              \t\t\t\t\t\t\t  <img  src=\"\" alt=\"Cinzeiro Porta-objeto Hyundai I30 2011\" title=\"Cinzeiro Porta-objeto Hyundai I30 2011\" class=\"img-responsive lazy\" \/>\n                              <\/a>\n\t\t\t\t\t\t\t  <div class=\"actions-link\">\t\t\t\t\t\t\t\t\t\n\t\t\t\t\t\t\t\t\t<a class=\"btn-wishlist\" data-toggle=\"tooltip\" title=\"Lista de desejos\" onclick=\"wishlist.add('12763');\"><i class=\"zmdi zmdi-favorite-outline\"><\/i><\/a>\t\t\t\t\t\t\t\t\t\n\t\t\t\t\t\t\t\t\t<a class=\"btn-compare\" data-toggle=\"tooltip\" title=\"Comparar\" onclick=\"compare.add('12763');\"><i class=\"zmdi zmdi-refresh-alt\"><\/i><\/a>\n\t\t\t\t\t\t\t\t<\/div>\n                            <\/div>\n                            <div class=\"product-inner\">\n                              <div class=\"product-caption\">\n\t\t\t\t\t\t\t                                <h2 class=\"product-name\"><a href=\"https:\/\/www.sulcarautopecas.com.br.186-226-60-153.cpanel.site\/porta\/cinzeiro-porta-objeto-hyundai-i30-2011-12763\">Cinzeiro Porta-objeto Hyundai I30 2011<\/a><\/h2>\n\t\t\t\t\t\t\t                                     <div class=\"ratings\">\n                                      <div class=\"rating-box\">\n                                                                                        <div class=\"rating0\">rating<\/div>                                                                                                                                                                                                                                                                            <\/div>\n                                  <\/div>\n                              \t\t\t\t\t\t\t                                  <p class=\"price\">\n                                                                    R$120,00                                                                                                    <\/p>\n                                \t\t\t\t\t\t\t \n                              \n\t\t\t\t\t\t\t\t<p class=\"product-des\">..<\/p>\n                              <div class=\"product-intro\">\n\t\t\t\t\t\t\t\t<div class=\"actions-link2\">\n\t\t\t\t\t\t\t\t\t<a class=\"btn-cart\" data-toggle=\"tooltip\" title=\"Comprar\" onclick=\"cart.add('12763');\"><span class=\"button\"><i class=\"fa fa-shopping-cart\"><\/i>Comprar<\/span><\/a>\t\t\t\t\t\t\t\t\t\n\t\t\t\t\t\t\t\t\t<a class=\"btn-wishlist\" data-toggle=\"tooltip\" title=\"Lista de desejos\" onclick=\"wishlist.add('12763');\"><i class=\"zmdi zmdi-favorite-outline\"><\/i><\/a>\t\t\t\t\t\t\t\t\t\n\t\t\t\t\t\t\t\t\t<a class=\"btn-compare\" data-toggle=\"tooltip\" title=\"Comparar\" onclick=\"compare.add('12763');\"><i class=\"zmdi zmdi-refresh-alt\"><\/i><\/a>\n\t\t\t\t\t\t\t\t<\/div>\n\t\t\t\t\t\t\t\t<\/div>\n                            <\/div>\n\t\t\t\t\t\t\t<\/div>\n                          <\/div>\n                        <\/div>\n                                            <div class=\"product-layout product-list col-xs-12\">\n                          <div class=\"product-thumb layout1\">\n\t\t\t\t\t\t\t<div class=\"image\">\n                              \t\t\t\t\t\t\t\t                              <a href=\"https:\/\/www.sulcarautopecas.com.br.186-226-60-153.cpanel.site\/porta\/friso-porta-diant-esq-jat-t5-2018-detalhe-33531\">\n                                                              <img  src=\"image\/cache\/no_image-100x100.png\" alt=\"Friso Porta Diant Esq Jat T5 2018 Detalh...\" \/>\n                              \t\t\t\t\t\t\t  <img  src=\"\" alt=\"Friso Porta Diant Esq Jat T5 2018 Detalh...\" title=\"Friso Porta Diant Esq Jat T5 2018 Detalh...\" class=\"img-responsive lazy\" \/>\n                              <\/a>\n\t\t\t\t\t\t\t  <div class=\"actions-link\">\t\t\t\t\t\t\t\t\t\n\t\t\t\t\t\t\t\t\t<a class=\"btn-wishlist\" data-toggle=\"tooltip\" title=\"Lista de desejos\" onclick=\"wishlist.add('33531');\"><i class=\"zmdi zmdi-favorite-outline\"><\/i><\/a>\t\t\t\t\t\t\t\t\t\n\t\t\t\t\t\t\t\t\t<a class=\"btn-compare\" data-toggle=\"tooltip\" title=\"Comparar\" onclick=\"compare.add('33531');\"><i class=\"zmdi zmdi-refresh-alt\"><\/i><\/a>\n\t\t\t\t\t\t\t\t<\/div>\n                            <\/div>\n                            <div class=\"product-inner\">\n                              <div class=\"product-caption\">\n\t\t\t\t\t\t\t                                <h2 class=\"product-name\"><a href=\"https:\/\/www.sulcarautopecas.com.br.186-226-60-153.cpanel.site\/porta\/friso-porta-diant-esq-jat-t5-2018-detalhe-33531\">Friso Porta Diant Esq Jat T5 2018 Detalh...<\/a><\/h2>\n\t\t\t\t\t\t\t                                     <div class=\"ratings\">\n                                      <div class=\"rating-box\">\n                                                                                        <div class=\"rating0\">rating<\/div>                                                                                                                                                                                                                                                                            <\/div>\n                                  <\/div>\n                              \t\t\t\t\t\t\t                                  <p class=\"price\">\n                                                                    R$100,00                                                                                                    <\/p>\n                                \t\t\t\t\t\t\t \n                              \n\t\t\t\t\t\t\t\t<p class=\"product-des\">*Sulcar Auto Pe\u00e7as Blumenau.\n*Trabalhamos com produtos originais.\n*Foto reais do produto.\n*Calcular frete em mercado envios,caso tenha nos pergunte.\n*Demais D\u00favidas apenas nos pergunte.\n*Ap\u00f3s confirma\u00e7\u00e3o do pagamento enviamos em at\u00e9 1 dia \u00fatil.\n*Entr..<\/p>\n                              <div class=\"product-intro\">\n\t\t\t\t\t\t\t\t<div class=\"actions-link2\">\n\t\t\t\t\t\t\t\t\t<a class=\"btn-cart\" data-toggle=\"tooltip\" title=\"Comprar\" onclick=\"cart.add('33531');\"><span class=\"button\"><i class=\"fa fa-shopping-cart\"><\/i>Comprar<\/span><\/a>\t\t\t\t\t\t\t\t\t\n\t\t\t\t\t\t\t\t\t<a class=\"btn-wishlist\" data-toggle=\"tooltip\" title=\"Lista de desejos\" onclick=\"wishlist.add('33531');\"><i class=\"zmdi zmdi-favorite-outline\"><\/i><\/a>\t\t\t\t\t\t\t\t\t\n\t\t\t\t\t\t\t\t\t<a class=\"btn-compare\" data-toggle=\"tooltip\" title=\"Comparar\" onclick=\"compare.add('33531');\"><i class=\"zmdi zmdi-refresh-alt\"><\/i><\/a>\n\t\t\t\t\t\t\t\t<\/div>\n\t\t\t\t\t\t\t\t<\/div>\n                            <\/div>\n\t\t\t\t\t\t\t<\/div>\n                          <\/div>\n                        <\/div>\n                                            <div class=\"product-layout product-list col-xs-12\">\n                          <div class=\"product-thumb layout1\">\n\t\t\t\t\t\t\t<div class=\"image\">\n                              \t\t\t\t\t\t\t\t                              <a href=\"https:\/\/www.sulcarautopecas.com.br.186-226-60-153.cpanel.site\/porta\/chicote-porta-traseira-direita-wr-v-2021-22862\">\n                                                              <img  src=\"image\/cache\/no_image-100x100.png\" alt=\"Chicote Porta Traseira Direita Wr-v 2021\" \/>\n                              \t\t\t\t\t\t\t  <img  src=\"\" alt=\"Chicote Porta Traseira Direita Wr-v 2021\" title=\"Chicote Porta Traseira Direita Wr-v 2021\" class=\"img-responsive lazy\" \/>\n                              <\/a>\n\t\t\t\t\t\t\t  <div class=\"actions-link\">\t\t\t\t\t\t\t\t\t\n\t\t\t\t\t\t\t\t\t<a class=\"btn-wishlist\" data-toggle=\"tooltip\" title=\"Lista de desejos\" onclick=\"wishlist.add('22862');\"><i class=\"zmdi zmdi-favorite-outline\"><\/i><\/a>\t\t\t\t\t\t\t\t\t\n\t\t\t\t\t\t\t\t\t<a class=\"btn-compare\" data-toggle=\"tooltip\" title=\"Comparar\" onclick=\"compare.add('22862');\"><i class=\"zmdi zmdi-refresh-alt\"><\/i><\/a>\n\t\t\t\t\t\t\t\t<\/div>\n                            <\/div>\n                            <div class=\"product-inner\">\n                              <div class=\"product-caption\">\n\t\t\t\t\t\t\t                                <h2 class=\"product-name\"><a href=\"https:\/\/www.sulcarautopecas.com.br.186-226-60-153.cpanel.site\/porta\/chicote-porta-traseira-direita-wr-v-2021-22862\">Chicote Porta Traseira Direita Wr-v 2021<\/a><\/h2>\n\t\t\t\t\t\t\t                                     <div class=\"ratings\">\n                                      <div class=\"rating-box\">\n                                                                                        <div class=\"rating0\">rating<\/div>                                                                                                                                                                                                                                                                            <\/div>\n                                  <\/div>\n                              \t\t\t\t\t\t\t                                  <p class=\"price\">\n                                                                    R$80,00                                                                                                    <\/p>\n                                \t\t\t\t\t\t\t \n                              \n\t\t\t\t\t\t\t\t<p class=\"product-des\">Trabalhamos com produtos originais, retirados de ve\u00edculos baixados no Detran, com total proced\u00eancia e garantia.\nTodas as nossas fotos s\u00e3o reais do produto.\n\nPara calcular o frente basta aproveitar as vantagens do MERCADO ENVIOS.\nCaso o produto n\u00e3o te..<\/p>\n                              <div class=\"product-intro\">\n\t\t\t\t\t\t\t\t<div class=\"actions-link2\">\n\t\t\t\t\t\t\t\t\t<a class=\"btn-cart\" data-toggle=\"tooltip\" title=\"Comprar\" onclick=\"cart.add('22862');\"><span class=\"button\"><i class=\"fa fa-shopping-cart\"><\/i>Comprar<\/span><\/a>\t\t\t\t\t\t\t\t\t\n\t\t\t\t\t\t\t\t\t<a class=\"btn-wishlist\" data-toggle=\"tooltip\" title=\"Lista de desejos\" onclick=\"wishlist.add('22862');\"><i class=\"zmdi zmdi-favorite-outline\"><\/i><\/a>\t\t\t\t\t\t\t\t\t\n\t\t\t\t\t\t\t\t\t<a class=\"btn-compare\" data-toggle=\"tooltip\" title=\"Comparar\" onclick=\"compare.add('22862');\"><i class=\"zmdi zmdi-refresh-alt\"><\/i><\/a>\n\t\t\t\t\t\t\t\t<\/div>\n\t\t\t\t\t\t\t\t<\/div>\n                            <\/div>\n\t\t\t\t\t\t\t<\/div>\n                          <\/div>\n                        <\/div>\n                                            <div class=\"product-layout product-list col-xs-12\">\n                          <div class=\"product-thumb layout1\">\n\t\t\t\t\t\t\t<div class=\"image\">\n                              \t\t\t\t\t\t\t\t                              <a href=\"https:\/\/www.sulcarautopecas.com.br.186-226-60-153.cpanel.site\/porta\/chicote-porta-tras-dir-renault-oroch-2023-a5239-29537\">\n                                                              <img  src=\"image\/cache\/no_image-100x100.png\" alt=\"Chicote Porta Tras Dir Renault Oroch 202...\" \/>\n                              \t\t\t\t\t\t\t  <img  src=\"\" alt=\"Chicote Porta Tras Dir Renault Oroch 202...\" title=\"Chicote Porta Tras Dir Renault Oroch 202...\" class=\"img-responsive lazy\" \/>\n                              <\/a>\n\t\t\t\t\t\t\t  <div class=\"actions-link\">\t\t\t\t\t\t\t\t\t\n\t\t\t\t\t\t\t\t\t<a class=\"btn-wishlist\" data-toggle=\"tooltip\" title=\"Lista de desejos\" onclick=\"wishlist.add('29537');\"><i class=\"zmdi zmdi-favorite-outline\"><\/i><\/a>\t\t\t\t\t\t\t\t\t\n\t\t\t\t\t\t\t\t\t<a class=\"btn-compare\" data-toggle=\"tooltip\" title=\"Comparar\" onclick=\"compare.add('29537');\"><i class=\"zmdi zmdi-refresh-alt\"><\/i><\/a>\n\t\t\t\t\t\t\t\t<\/div>\n                            <\/div>\n                            <div class=\"product-inner\">\n                              <div class=\"product-caption\">\n\t\t\t\t\t\t\t                                <h2 class=\"product-name\"><a href=\"https:\/\/www.sulcarautopecas.com.br.186-226-60-153.cpanel.site\/porta\/chicote-porta-tras-dir-renault-oroch-2023-a5239-29537\">Chicote Porta Tras Dir Renault Oroch 202...<\/a><\/h2>\n\t\t\t\t\t\t\t                                     <div class=\"ratings\">\n                                      <div class=\"rating-box\">\n                                                                                        <div class=\"rating0\">rating<\/div>                                                                                                                                                                                                                                                                            <\/div>\n                                  <\/div>\n                              \t\t\t\t\t\t\t                                  <p class=\"price\">\n                                                                    R$80,00                                                                                                    <\/p>\n                                \t\t\t\t\t\t\t \n                              \n\t\t\t\t\t\t\t\t<p class=\"product-des\">Sulcar Auto Pe\u00e7as Blumenau\nTrabalhamos com produtos originais\nFoto reais do produto\nCalcular frete...no mercado de envios\nDemais d\u00favidas...apenas nos pergunte\nAp\u00f3s confirmar do pagamento enviamos em at\u00e9 1 dia \u00fatil\nEntregamos para todo territ\u00f3rio naci..<\/p>\n                              <div class=\"product-intro\">\n\t\t\t\t\t\t\t\t<div class=\"actions-link2\">\n\t\t\t\t\t\t\t\t\t<a class=\"btn-cart\" data-toggle=\"tooltip\" title=\"Comprar\" onclick=\"cart.add('29537');\"><span class=\"button\"><i class=\"fa fa-shopping-cart\"><\/i>Comprar<\/span><\/a>\t\t\t\t\t\t\t\t\t\n\t\t\t\t\t\t\t\t\t<a class=\"btn-wishlist\" data-toggle=\"tooltip\" title=\"Lista de desejos\" onclick=\"wishlist.add('29537');\"><i class=\"zmdi zmdi-favorite-outline\"><\/i><\/a>\t\t\t\t\t\t\t\t\t\n\t\t\t\t\t\t\t\t\t<a class=\"btn-compare\" data-toggle=\"tooltip\" title=\"Comparar\" onclick=\"compare.add('29537');\"><i class=\"zmdi zmdi-refresh-alt\"><\/i><\/a>\n\t\t\t\t\t\t\t\t<\/div>\n\t\t\t\t\t\t\t\t<\/div>\n                            <\/div>\n\t\t\t\t\t\t\t<\/div>\n                          <\/div>\n                        <\/div>\n                                            <div class=\"product-layout product-list col-xs-12\">\n                          <div class=\"product-thumb layout1\">\n\t\t\t\t\t\t\t<div class=\"image\">\n                              \t\t\t\t\t\t\t\t                              <a href=\"https:\/\/www.sulcarautopecas.com.br.186-226-60-153.cpanel.site\/porta\/borracha-porta-diant-esquerda-renault-oroch-1-3-2024-32765\">\n                                                              <img  src=\"image\/cache\/no_image-100x100.png\" alt=\"Borracha Porta Diant Esquerda Renault Or...\" \/>\n                              \t\t\t\t\t\t\t  <img  src=\"\" alt=\"Borracha Porta Diant Esquerda Renault Or...\" title=\"Borracha Porta Diant Esquerda Renault Or...\" class=\"img-responsive lazy\" \/>\n                              <\/a>\n\t\t\t\t\t\t\t  <div class=\"actions-link\">\t\t\t\t\t\t\t\t\t\n\t\t\t\t\t\t\t\t\t<a class=\"btn-wishlist\" data-toggle=\"tooltip\" title=\"Lista de desejos\" onclick=\"wishlist.add('32765');\"><i class=\"zmdi zmdi-favorite-outline\"><\/i><\/a>\t\t\t\t\t\t\t\t\t\n\t\t\t\t\t\t\t\t\t<a class=\"btn-compare\" data-toggle=\"tooltip\" title=\"Comparar\" onclick=\"compare.add('32765');\"><i class=\"zmdi zmdi-refresh-alt\"><\/i><\/a>\n\t\t\t\t\t\t\t\t<\/div>\n                            <\/div>\n                            <div class=\"product-inner\">\n                              <div class=\"product-caption\">\n\t\t\t\t\t\t\t                                <h2 class=\"product-name\"><a href=\"https:\/\/www.sulcarautopecas.com.br.186-226-60-153.cpanel.site\/porta\/borracha-porta-diant-esquerda-renault-oroch-1-3-2024-32765\">Borracha Porta Diant Esquerda Renault Or...<\/a><\/h2>\n\t\t\t\t\t\t\t                                     <div class=\"ratings\">\n                                      <div class=\"rating-box\">\n                                                                                        <div class=\"rating0\">rating<\/div>                                                                                                                                                                                                                                                                            <\/div>\n                                  <\/div>\n                              \t\t\t\t\t\t\t                                  <p class=\"price\">\n                                                                    R$130,00                                                                                                    <\/p>\n                                \t\t\t\t\t\t\t \n                              \n\t\t\t\t\t\t\t\t<p class=\"product-des\">*Sulcar Auto Pe\u00e7as Blumenau.\n*Trabalhamos com produtos originais.\n*Foto reais do produto.\n*Calcular frete em mercado envios,caso tenha nos pergunte.\n*Demais D\u00favidas apenas nos pergunte.\n*Ap\u00f3s confirma\u00e7\u00e3o do pagamento enviamos em at\u00e9 1 dia \u00fatil.\n*Entr..<\/p>\n                              <div class=\"product-intro\">\n\t\t\t\t\t\t\t\t<div class=\"actions-link2\">\n\t\t\t\t\t\t\t\t\t<a class=\"btn-cart\" data-toggle=\"tooltip\" title=\"Comprar\" onclick=\"cart.add('32765');\"><span class=\"button\"><i class=\"fa fa-shopping-cart\"><\/i>Comprar<\/span><\/a>\t\t\t\t\t\t\t\t\t\n\t\t\t\t\t\t\t\t\t<a class=\"btn-wishlist\" data-toggle=\"tooltip\" title=\"Lista de desejos\" onclick=\"wishlist.add('32765');\"><i class=\"zmdi zmdi-favorite-outline\"><\/i><\/a>\t\t\t\t\t\t\t\t\t\n\t\t\t\t\t\t\t\t\t<a class=\"btn-compare\" data-toggle=\"tooltip\" title=\"Comparar\" onclick=\"compare.add('32765');\"><i class=\"zmdi zmdi-refresh-alt\"><\/i><\/a>\n\t\t\t\t\t\t\t\t<\/div>\n\t\t\t\t\t\t\t\t<\/div>\n                            <\/div>\n\t\t\t\t\t\t\t<\/div>\n                          <\/div>\n                        <\/div>\n                                            <div class=\"product-layout product-list col-xs-12\">\n                          <div class=\"product-thumb layout1\">\n\t\t\t\t\t\t\t<div class=\"image\">\n                              \t\t\t\t\t\t\t\t                              <a href=\"https:\/\/www.sulcarautopecas.com.br.186-226-60-153.cpanel.site\/porta\/canaleta-porta-tras-esq-mitsubishi-outlander-2012-21502\">\n                                                              <img  src=\"image\/cache\/no_image-100x100.png\" alt=\"Canaleta Porta Tras Esq Mitsubishi Outla...\" \/>\n                              \t\t\t\t\t\t\t  <img  src=\"\" alt=\"Canaleta Porta Tras Esq Mitsubishi Outla...\" title=\"Canaleta Porta Tras Esq Mitsubishi Outla...\" class=\"img-responsive lazy\" \/>\n                              <\/a>\n\t\t\t\t\t\t\t  <div class=\"actions-link\">\t\t\t\t\t\t\t\t\t\n\t\t\t\t\t\t\t\t\t<a class=\"btn-wishlist\" data-toggle=\"tooltip\" title=\"Lista de desejos\" onclick=\"wishlist.add('21502');\"><i class=\"zmdi zmdi-favorite-outline\"><\/i><\/a>\t\t\t\t\t\t\t\t\t\n\t\t\t\t\t\t\t\t\t<a class=\"btn-compare\" data-toggle=\"tooltip\" title=\"Comparar\" onclick=\"compare.add('21502');\"><i class=\"zmdi zmdi-refresh-alt\"><\/i><\/a>\n\t\t\t\t\t\t\t\t<\/div>\n                            <\/div>\n                            <div class=\"product-inner\">\n                              <div class=\"product-caption\">\n\t\t\t\t\t\t\t                                <h2 class=\"product-name\"><a href=\"https:\/\/www.sulcarautopecas.com.br.186-226-60-153.cpanel.site\/porta\/canaleta-porta-tras-esq-mitsubishi-outlander-2012-21502\">Canaleta Porta Tras Esq Mitsubishi Outla...<\/a><\/h2>\n\t\t\t\t\t\t\t                                     <div class=\"ratings\">\n                                      <div class=\"rating-box\">\n                                                                                        <div class=\"rating0\">rating<\/div>                                                                                                                                                                                                                                                                            <\/div>\n                                  <\/div>\n                              \t\t\t\t\t\t\t                                  <p class=\"price\">\n                                                                    R$80,00                                                                                                    <\/p>\n                                \t\t\t\t\t\t\t \n                              \n\t\t\t\t\t\t\t\t<p class=\"product-des\">rabalhamos com produtos originais, retirados de ve\u00edculos baixados no Detran, com total proced\u00eancia e garantia.\nTodas as nossas fotos s\u00e3o reais do produto.\n\nPara calcular o frente basta aproveitar as vantagens do MERCADO ENVIOS.\nCaso o produto n\u00e3o ten..<\/p>\n                              <div class=\"product-intro\">\n\t\t\t\t\t\t\t\t<div class=\"actions-link2\">\n\t\t\t\t\t\t\t\t\t<a class=\"btn-cart\" data-toggle=\"tooltip\" title=\"Comprar\" onclick=\"cart.add('21502');\"><span class=\"button\"><i class=\"fa fa-shopping-cart\"><\/i>Comprar<\/span><\/a>\t\t\t\t\t\t\t\t\t\n\t\t\t\t\t\t\t\t\t<a class=\"btn-wishlist\" data-toggle=\"tooltip\" title=\"Lista de desejos\" onclick=\"wishlist.add('21502');\"><i class=\"zmdi zmdi-favorite-outline\"><\/i><\/a>\t\t\t\t\t\t\t\t\t\n\t\t\t\t\t\t\t\t\t<a class=\"btn-compare\" data-toggle=\"tooltip\" title=\"Comparar\" onclick=\"compare.add('21502');\"><i class=\"zmdi zmdi-refresh-alt\"><\/i><\/a>\n\t\t\t\t\t\t\t\t<\/div>\n\t\t\t\t\t\t\t\t<\/div>\n                            <\/div>\n\t\t\t\t\t\t\t<\/div>\n                          <\/div>\n                        <\/div>\n                                            <div class=\"product-layout product-list col-xs-12\">\n                          <div class=\"product-thumb layout1\">\n\t\t\t\t\t\t\t<div class=\"image\">\n                              \t\t\t\t\t\t\t\t                              <a href=\"https:\/\/www.sulcarautopecas.com.br.186-226-60-153.cpanel.site\/porta\/chicote-porta-tras-dir-fiat-fastback-audace-2023-a4204-28521\">\n                                                              <img  src=\"image\/cache\/no_image-100x100.png\" alt=\"Chicote Porta Tras Dir Fiat Fastback Aud...\" \/>\n                              \t\t\t\t\t\t\t  <img  src=\"\" alt=\"Chicote Porta Tras Dir Fiat Fastback Aud...\" title=\"Chicote Porta Tras Dir Fiat Fastback Aud...\" class=\"img-responsive lazy\" \/>\n                              <\/a>\n\t\t\t\t\t\t\t  <div class=\"actions-link\">\t\t\t\t\t\t\t\t\t\n\t\t\t\t\t\t\t\t\t<a class=\"btn-wishlist\" data-toggle=\"tooltip\" title=\"Lista de desejos\" onclick=\"wishlist.add('28521');\"><i class=\"zmdi zmdi-favorite-outline\"><\/i><\/a>\t\t\t\t\t\t\t\t\t\n\t\t\t\t\t\t\t\t\t<a class=\"btn-compare\" data-toggle=\"tooltip\" title=\"Comparar\" onclick=\"compare.add('28521');\"><i class=\"zmdi zmdi-refresh-alt\"><\/i><\/a>\n\t\t\t\t\t\t\t\t<\/div>\n                            <\/div>\n                            <div class=\"product-inner\">\n                              <div class=\"product-caption\">\n\t\t\t\t\t\t\t                                <h2 class=\"product-name\"><a href=\"https:\/\/www.sulcarautopecas.com.br.186-226-60-153.cpanel.site\/porta\/chicote-porta-tras-dir-fiat-fastback-audace-2023-a4204-28521\">Chicote Porta Tras Dir Fiat Fastback Aud...<\/a><\/h2>\n\t\t\t\t\t\t\t                                     <div class=\"ratings\">\n                                      <div class=\"rating-box\">\n                                                                                        <div class=\"rating0\">rating<\/div>                                                                                                                                                                                                                                                                            <\/div>\n                                  <\/div>\n                              \t\t\t\t\t\t\t                                  <p class=\"price\">\n                                                                    R$90,00                                                                                                    <\/p>\n                                \t\t\t\t\t\t\t \n                              \n\t\t\t\t\t\t\t\t<p class=\"product-des\">Sulcar Auto Pe\u00e7as Blumenau\nTrabalhamos com produtos originais\nFoto reais do produto\nCalcular frete...no mercado de envios\nDemais d\u00favidas...apenas nos pergunte\nAp\u00f3s confirmar do pagamento enviamos em at\u00e9 1 dia \u00fatil\nEntregamos para todo territ\u00f3rio naci..<\/p>\n                              <div class=\"product-intro\">\n\t\t\t\t\t\t\t\t<div class=\"actions-link2\">\n\t\t\t\t\t\t\t\t\t<a class=\"btn-cart\" data-toggle=\"tooltip\" title=\"Comprar\" onclick=\"cart.add('28521');\"><span class=\"button\"><i class=\"fa fa-shopping-cart\"><\/i>Comprar<\/span><\/a>\t\t\t\t\t\t\t\t\t\n\t\t\t\t\t\t\t\t\t<a class=\"btn-wishlist\" data-toggle=\"tooltip\" title=\"Lista de desejos\" onclick=\"wishlist.add('28521');\"><i class=\"zmdi zmdi-favorite-outline\"><\/i><\/a>\t\t\t\t\t\t\t\t\t\n\t\t\t\t\t\t\t\t\t<a class=\"btn-compare\" data-toggle=\"tooltip\" title=\"Comparar\" onclick=\"compare.add('28521');\"><i class=\"zmdi zmdi-refresh-alt\"><\/i><\/a>\n\t\t\t\t\t\t\t\t<\/div>\n\t\t\t\t\t\t\t\t<\/div>\n                            <\/div>\n\t\t\t\t\t\t\t<\/div>\n                          <\/div>\n                        <\/div>\n                                            <div class=\"product-layout product-list col-xs-12\">\n                          <div class=\"product-thumb layout1\">\n\t\t\t\t\t\t\t<div class=\"image\">\n                              \t\t\t\t\t\t\t\t                              <a href=\"https:\/\/www.sulcarautopecas.com.br.186-226-60-153.cpanel.site\/porta\/soleira-porta-malas-renault-duster-2023-32075\">\n                                                              <img  src=\"image\/cache\/no_image-100x100.png\" alt=\"Soleira Porta Malas Renault Duster 2023\" \/>\n                              \t\t\t\t\t\t\t  <img  src=\"\" alt=\"Soleira Porta Malas Renault Duster 2023\" title=\"Soleira Porta Malas Renault Duster 2023\" class=\"img-responsive lazy\" \/>\n                              <\/a>\n\t\t\t\t\t\t\t  <div class=\"actions-link\">\t\t\t\t\t\t\t\t\t\n\t\t\t\t\t\t\t\t\t<a class=\"btn-wishlist\" data-toggle=\"tooltip\" title=\"Lista de desejos\" onclick=\"wishlist.add('32075');\"><i class=\"zmdi zmdi-favorite-outline\"><\/i><\/a>\t\t\t\t\t\t\t\t\t\n\t\t\t\t\t\t\t\t\t<a class=\"btn-compare\" data-toggle=\"tooltip\" title=\"Comparar\" onclick=\"compare.add('32075');\"><i class=\"zmdi zmdi-refresh-alt\"><\/i><\/a>\n\t\t\t\t\t\t\t\t<\/div>\n                            <\/div>\n                            <div class=\"product-inner\">\n                              <div class=\"product-caption\">\n\t\t\t\t\t\t\t                                <h2 class=\"product-name\"><a href=\"https:\/\/www.sulcarautopecas.com.br.186-226-60-153.cpanel.site\/porta\/soleira-porta-malas-renault-duster-2023-32075\">Soleira Porta Malas Renault Duster 2023<\/a><\/h2>\n\t\t\t\t\t\t\t                                     <div class=\"ratings\">\n                                      <div class=\"rating-box\">\n                                                                                        <div class=\"rating0\">rating<\/div>                                                                                                                                                                                                                                                                            <\/div>\n                                  <\/div>\n                              \t\t\t\t\t\t\t                                  <p class=\"price\">\n                                                                    R$150,00                                                                                                    <\/p>\n                                \t\t\t\t\t\t\t \n                              \n\t\t\t\t\t\t\t\t<p class=\"product-des\">*Sulcar Auto Pe\u00e7as Blumenau.\n*Trabalhamos com produtos originais.\n*Foto reais do produto.\n*Calcular frete em mercado envios,caso tenha nos pergunte.\n*Demais D\u00favidas apenas nos pergunte.\n*Ap\u00f3s confirma\u00e7\u00e3o do pagamento enviamos em at\u00e9 1 dia \u00fatil.\n*Entr..<\/p>\n                              <div class=\"product-intro\">\n\t\t\t\t\t\t\t\t<div class=\"actions-link2\">\n\t\t\t\t\t\t\t\t\t<a class=\"btn-cart\" data-toggle=\"tooltip\" title=\"Comprar\" onclick=\"cart.add('32075');\"><span class=\"button\"><i class=\"fa fa-shopping-cart\"><\/i>Comprar<\/span><\/a>\t\t\t\t\t\t\t\t\t\n\t\t\t\t\t\t\t\t\t<a class=\"btn-wishlist\" data-toggle=\"tooltip\" title=\"Lista de desejos\" onclick=\"wishlist.add('32075');\"><i class=\"zmdi zmdi-favorite-outline\"><\/i><\/a>\t\t\t\t\t\t\t\t\t\n\t\t\t\t\t\t\t\t\t<a class=\"btn-compare\" data-toggle=\"tooltip\" title=\"Comparar\" onclick=\"compare.add('32075');\"><i class=\"zmdi zmdi-refresh-alt\"><\/i><\/a>\n\t\t\t\t\t\t\t\t<\/div>\n\t\t\t\t\t\t\t\t<\/div>\n                            <\/div>\n\t\t\t\t\t\t\t<\/div>\n                          <\/div>\n                        <\/div>\n                                            <div class=\"product-layout product-list col-xs-12\">\n                          <div class=\"product-thumb layout1\">\n\t\t\t\t\t\t\t<div class=\"image\">\n                              \t\t\t\t\t\t\t\t                              <a href=\"https:\/\/www.sulcarautopecas.com.br.186-226-60-153.cpanel.site\/porta\/porta-traseira-esquerda-nissan-kicks-advance-2022-19442\">\n                                                              <img  src=\"image\/cache\/no_image-100x100.png\" alt=\"Porta Traseira Esquerda Nissan Kicks Adv...\" \/>\n                              \t\t\t\t\t\t\t  <img  src=\"\" alt=\"Porta Traseira Esquerda Nissan Kicks Adv...\" title=\"Porta Traseira Esquerda Nissan Kicks Adv...\" class=\"img-responsive lazy\" \/>\n                              <\/a>\n\t\t\t\t\t\t\t  <div class=\"actions-link\">\t\t\t\t\t\t\t\t\t\n\t\t\t\t\t\t\t\t\t<a class=\"btn-wishlist\" data-toggle=\"tooltip\" title=\"Lista de desejos\" onclick=\"wishlist.add('19442');\"><i class=\"zmdi zmdi-favorite-outline\"><\/i><\/a>\t\t\t\t\t\t\t\t\t\n\t\t\t\t\t\t\t\t\t<a class=\"btn-compare\" data-toggle=\"tooltip\" title=\"Comparar\" onclick=\"compare.add('19442');\"><i class=\"zmdi zmdi-refresh-alt\"><\/i><\/a>\n\t\t\t\t\t\t\t\t<\/div>\n                            <\/div>\n                            <div class=\"product-inner\">\n                              <div class=\"product-caption\">\n\t\t\t\t\t\t\t                                <h2 class=\"product-name\"><a href=\"https:\/\/www.sulcarautopecas.com.br.186-226-60-153.cpanel.site\/porta\/porta-traseira-esquerda-nissan-kicks-advance-2022-19442\">Porta Traseira Esquerda Nissan Kicks Adv...<\/a><\/h2>\n\t\t\t\t\t\t\t                                     <div class=\"ratings\">\n                                      <div class=\"rating-box\">\n                                                                                        <div class=\"rating0\">rating<\/div>                                                                                                                                                                                                                                                                            <\/div>\n                                  <\/div>\n                              \t\t\t\t\t\t\t                                  <p class=\"price\">\n                                                                    R$800,00                                                                                                    <\/p>\n                                \t\t\t\t\t\t\t \n                              \n\t\t\t\t\t\t\t\t<p class=\"product-des\">Sulcar Auto Pe\u00e7as Blumenau.\nTrabalhamos com pe\u00e7as originais.\nFoto reais do produto.\nCalcule frente\u2026no mercado de envios.\nDemais d\u00favida nos pergunte.\nAp\u00f3s confirma\u00e7\u00e3o do pagamento,enviamos em at\u00e9 1 dia \u00fatil.\nEntregamos para todo pa\u00eds com qualidade e s..<\/p>\n                              <div class=\"product-intro\">\n\t\t\t\t\t\t\t\t<div class=\"actions-link2\">\n\t\t\t\t\t\t\t\t\t<a class=\"btn-cart\" data-toggle=\"tooltip\" title=\"Comprar\" onclick=\"cart.add('19442');\"><span class=\"button\"><i class=\"fa fa-shopping-cart\"><\/i>Comprar<\/span><\/a>\t\t\t\t\t\t\t\t\t\n\t\t\t\t\t\t\t\t\t<a class=\"btn-wishlist\" data-toggle=\"tooltip\" title=\"Lista de desejos\" onclick=\"wishlist.add('19442');\"><i class=\"zmdi zmdi-favorite-outline\"><\/i><\/a>\t\t\t\t\t\t\t\t\t\n\t\t\t\t\t\t\t\t\t<a class=\"btn-compare\" data-toggle=\"tooltip\" title=\"Comparar\" onclick=\"compare.add('19442');\"><i class=\"zmdi zmdi-refresh-alt\"><\/i><\/a>\n\t\t\t\t\t\t\t\t<\/div>\n\t\t\t\t\t\t\t\t<\/div>\n                            <\/div>\n\t\t\t\t\t\t\t<\/div>\n                          <\/div>\n                        <\/div>\n                                            <div class=\"product-layout product-list col-xs-12\">\n                          <div class=\"product-thumb layout1\">\n\t\t\t\t\t\t\t<div class=\"image\">\n                              \t\t\t\t\t\t\t\t                              <a href=\"https:\/\/www.sulcarautopecas.com.br.186-226-60-153.cpanel.site\/porta\/aplique-porta-diant-dir-fastback-1-3-0km-2023-c-risco-a2358-26845\">\n                                                              <img  src=\"image\/cache\/no_image-100x100.png\" alt=\"Aplique Porta Diant Dir Fastback 1.3 0km...\" \/>\n                              \t\t\t\t\t\t\t  <img  src=\"\" alt=\"Aplique Porta Diant Dir Fastback 1.3 0km...\" title=\"Aplique Porta Diant Dir Fastback 1.3 0km...\" class=\"img-responsive lazy\" \/>\n                              <\/a>\n\t\t\t\t\t\t\t  <div class=\"actions-link\">\t\t\t\t\t\t\t\t\t\n\t\t\t\t\t\t\t\t\t<a class=\"btn-wishlist\" data-toggle=\"tooltip\" title=\"Lista de desejos\" onclick=\"wishlist.add('26845');\"><i class=\"zmdi zmdi-favorite-outline\"><\/i><\/a>\t\t\t\t\t\t\t\t\t\n\t\t\t\t\t\t\t\t\t<a class=\"btn-compare\" data-toggle=\"tooltip\" title=\"Comparar\" onclick=\"compare.add('26845');\"><i class=\"zmdi zmdi-refresh-alt\"><\/i><\/a>\n\t\t\t\t\t\t\t\t<\/div>\n                            <\/div>\n                            <div class=\"product-inner\">\n                              <div class=\"product-caption\">\n\t\t\t\t\t\t\t                                <h2 class=\"product-name\"><a href=\"https:\/\/www.sulcarautopecas.com.br.186-226-60-153.cpanel.site\/porta\/aplique-porta-diant-dir-fastback-1-3-0km-2023-c-risco-a2358-26845\">Aplique Porta Diant Dir Fastback 1.3 0km...<\/a><\/h2>\n\t\t\t\t\t\t\t                                     <div class=\"ratings\">\n                                      <div class=\"rating-box\">\n                                                                                        <div class=\"rating0\">rating<\/div>                                                                                                                                                                                                                                                                            <\/div>\n                                  <\/div>\n                              \t\t\t\t\t\t\t                                  <p class=\"price\">\n                                                                    R$150,00                                                                                                    <\/p>\n                                \t\t\t\t\t\t\t \n                              \n\t\t\t\t\t\t\t\t<p class=\"product-des\">Sulcar Auto Pe\u00e7as Blumenau\nTrabalhamos com produtos originais\nFoto reais do produto\nCalcular frete...no mercado de envios\nDemais d\u00favidas...apenas nos pergunte\nAp\u00f3s confirmar do pagamento enviamos em at\u00e9 1 dia \u00fatil\nEntregamos para todo territ\u00f3rio naci..<\/p>\n                              <div class=\"product-intro\">\n\t\t\t\t\t\t\t\t<div class=\"actions-link2\">\n\t\t\t\t\t\t\t\t\t<a class=\"btn-cart\" data-toggle=\"tooltip\" title=\"Comprar\" onclick=\"cart.add('26845');\"><span class=\"button\"><i class=\"fa fa-shopping-cart\"><\/i>Comprar<\/span><\/a>\t\t\t\t\t\t\t\t\t\n\t\t\t\t\t\t\t\t\t<a class=\"btn-wishlist\" data-toggle=\"tooltip\" title=\"Lista de desejos\" onclick=\"wishlist.add('26845');\"><i class=\"zmdi zmdi-favorite-outline\"><\/i><\/a>\t\t\t\t\t\t\t\t\t\n\t\t\t\t\t\t\t\t\t<a class=\"btn-compare\" data-toggle=\"tooltip\" title=\"Comparar\" onclick=\"compare.add('26845');\"><i class=\"zmdi zmdi-refresh-alt\"><\/i><\/a>\n\t\t\t\t\t\t\t\t<\/div>\n\t\t\t\t\t\t\t\t<\/div>\n                            <\/div>\n\t\t\t\t\t\t\t<\/div>\n                          <\/div>\n                        <\/div>\n                                            <div class=\"product-layout product-list col-xs-12\">\n                          <div class=\"product-thumb layout1\">\n\t\t\t\t\t\t\t<div class=\"image\">\n                              \t\t\t\t\t\t\t\t                              <a href=\"https:\/\/www.sulcarautopecas.com.br.186-226-60-153.cpanel.site\/porta\/luz-cortesia-porta-malas-renault-duster-2023-1-3-turbo-a6485-31029\">\n                                                              <img  src=\"image\/cache\/no_image-100x100.png\" alt=\"Luz Cortesia Porta Malas Renault Duster ...\" \/>\n                              \t\t\t\t\t\t\t  <img  src=\"\" alt=\"Luz Cortesia Porta Malas Renault Duster ...\" title=\"Luz Cortesia Porta Malas Renault Duster ...\" class=\"img-responsive lazy\" \/>\n                              <\/a>\n\t\t\t\t\t\t\t  <div class=\"actions-link\">\t\t\t\t\t\t\t\t\t\n\t\t\t\t\t\t\t\t\t<a class=\"btn-wishlist\" data-toggle=\"tooltip\" title=\"Lista de desejos\" onclick=\"wishlist.add('31029');\"><i class=\"zmdi zmdi-favorite-outline\"><\/i><\/a>\t\t\t\t\t\t\t\t\t\n\t\t\t\t\t\t\t\t\t<a class=\"btn-compare\" data-toggle=\"tooltip\" title=\"Comparar\" onclick=\"compare.add('31029');\"><i class=\"zmdi zmdi-refresh-alt\"><\/i><\/a>\n\t\t\t\t\t\t\t\t<\/div>\n                            <\/div>\n                            <div class=\"product-inner\">\n                              <div class=\"product-caption\">\n\t\t\t\t\t\t\t                                <h2 class=\"product-name\"><a href=\"https:\/\/www.sulcarautopecas.com.br.186-226-60-153.cpanel.site\/porta\/luz-cortesia-porta-malas-renault-duster-2023-1-3-turbo-a6485-31029\">Luz Cortesia Porta Malas Renault Duster ...<\/a><\/h2>\n\t\t\t\t\t\t\t                                     <div class=\"ratings\">\n                                      <div class=\"rating-box\">\n                                                                                        <div class=\"rating0\">rating<\/div>                                                                                                                                                                                                                                                                            <\/div>\n                                  <\/div>\n                              \t\t\t\t\t\t\t                                  <p class=\"price\">\n                                                                    R$50,00                                                                                                    <\/p>\n                                \t\t\t\t\t\t\t \n                              \n\t\t\t\t\t\t\t\t<p class=\"product-des\">Sulcar Auto Pe\u00e7as Blumenau\nTrabalhamos com produtos originais\nFoto reais do produto\nCalcular frete...no mercado de envios\nDemais d\u00favidas...apenas nos pergunte\nAp\u00f3s confirmar do pagamento enviamos em at\u00e9 1 dia \u00fatil\nEntregamos para todo territ\u00f3rio naci..<\/p>\n                              <div class=\"product-intro\">\n\t\t\t\t\t\t\t\t<div class=\"actions-link2\">\n\t\t\t\t\t\t\t\t\t<a class=\"btn-cart\" data-toggle=\"tooltip\" title=\"Comprar\" onclick=\"cart.add('31029');\"><span class=\"button\"><i class=\"fa fa-shopping-cart\"><\/i>Comprar<\/span><\/a>\t\t\t\t\t\t\t\t\t\n\t\t\t\t\t\t\t\t\t<a class=\"btn-wishlist\" data-toggle=\"tooltip\" title=\"Lista de desejos\" onclick=\"wishlist.add('31029');\"><i class=\"zmdi zmdi-favorite-outline\"><\/i><\/a>\t\t\t\t\t\t\t\t\t\n\t\t\t\t\t\t\t\t\t<a class=\"btn-compare\" data-toggle=\"tooltip\" title=\"Comparar\" onclick=\"compare.add('31029');\"><i class=\"zmdi zmdi-refresh-alt\"><\/i><\/a>\n\t\t\t\t\t\t\t\t<\/div>\n\t\t\t\t\t\t\t\t<\/div>\n                            <\/div>\n\t\t\t\t\t\t\t<\/div>\n                          <\/div>\n                        <\/div>\n                                            <div class=\"product-layout product-list col-xs-12\">\n                          <div class=\"product-thumb layout1\">\n\t\t\t\t\t\t\t<div class=\"image\">\n                              \t\t\t\t\t\t\t\t                              <a href=\"https:\/\/www.sulcarautopecas.com.br.186-226-60-153.cpanel.site\/porta\/chicote-porta-dianteira-direita-hyundai-creta-2019-18405\">\n                                                              <img  src=\"image\/cache\/no_image-100x100.png\" alt=\"Chicote Porta Dianteira Direita Hyundai ...\" \/>\n                              \t\t\t\t\t\t\t  <img  src=\"\" alt=\"Chicote Porta Dianteira Direita Hyundai ...\" title=\"Chicote Porta Dianteira Direita Hyundai ...\" class=\"img-responsive lazy\" \/>\n                              <\/a>\n\t\t\t\t\t\t\t  <div class=\"actions-link\">\t\t\t\t\t\t\t\t\t\n\t\t\t\t\t\t\t\t\t<a class=\"btn-wishlist\" data-toggle=\"tooltip\" title=\"Lista de desejos\" onclick=\"wishlist.add('18405');\"><i class=\"zmdi zmdi-favorite-outline\"><\/i><\/a>\t\t\t\t\t\t\t\t\t\n\t\t\t\t\t\t\t\t\t<a class=\"btn-compare\" data-toggle=\"tooltip\" title=\"Comparar\" onclick=\"compare.add('18405');\"><i class=\"zmdi zmdi-refresh-alt\"><\/i><\/a>\n\t\t\t\t\t\t\t\t<\/div>\n                            <\/div>\n                            <div class=\"product-inner\">\n                              <div class=\"product-caption\">\n\t\t\t\t\t\t\t                                <h2 class=\"product-name\"><a href=\"https:\/\/www.sulcarautopecas.com.br.186-226-60-153.cpanel.site\/porta\/chicote-porta-dianteira-direita-hyundai-creta-2019-18405\">Chicote Porta Dianteira Direita Hyundai ...<\/a><\/h2>\n\t\t\t\t\t\t\t                                     <div class=\"ratings\">\n                                      <div class=\"rating-box\">\n                                                                                        <div class=\"rating0\">rating<\/div>                                                                                                                                                                                                                                                                            <\/div>\n                                  <\/div>\n                              \t\t\t\t\t\t\t                                  <p class=\"price\">\n                                                                    R$100,00                                                                                                    <\/p>\n                                \t\t\t\t\t\t\t \n                              \n\t\t\t\t\t\t\t\t<p class=\"product-des\">Sulcar Auto Pe\u00e7as Blumenau\nTrabalhamos com produtos originais \nFoto reais do produto \nCalcular frete...no mercado de envios \nDemais d\u00favidas...apenas nos pergunte \nAp\u00f3s confirmar do pagamento enviamos em at\u00e9 1 dia \u00fatil \nEntregamos para todo territ\u00f3rio..<\/p>\n                              <div class=\"product-intro\">\n\t\t\t\t\t\t\t\t<div class=\"actions-link2\">\n\t\t\t\t\t\t\t\t\t<a class=\"btn-cart\" data-toggle=\"tooltip\" title=\"Comprar\" onclick=\"cart.add('18405');\"><span class=\"button\"><i class=\"fa fa-shopping-cart\"><\/i>Comprar<\/span><\/a>\t\t\t\t\t\t\t\t\t\n\t\t\t\t\t\t\t\t\t<a class=\"btn-wishlist\" data-toggle=\"tooltip\" title=\"Lista de desejos\" onclick=\"wishlist.add('18405');\"><i class=\"zmdi zmdi-favorite-outline\"><\/i><\/a>\t\t\t\t\t\t\t\t\t\n\t\t\t\t\t\t\t\t\t<a class=\"btn-compare\" data-toggle=\"tooltip\" title=\"Comparar\" onclick=\"compare.add('18405');\"><i class=\"zmdi zmdi-refresh-alt\"><\/i><\/a>\n\t\t\t\t\t\t\t\t<\/div>\n\t\t\t\t\t\t\t\t<\/div>\n                            <\/div>\n\t\t\t\t\t\t\t<\/div>\n                          <\/div>\n                        <\/div>\n                                            <div class=\"product-layout product-list col-xs-12\">\n                          <div class=\"product-thumb layout1\">\n\t\t\t\t\t\t\t<div class=\"image\">\n                              \t\t\t\t\t\t\t\t                              <a href=\"https:\/\/www.sulcarautopecas.com.br.186-226-60-153.cpanel.site\/porta\/chicote-eletrico-porta-diant-esq-honda-hr-v-2021-a812-25372\">\n                                                              <img  src=\"image\/cache\/no_image-100x100.png\" alt=\"Chicote Eletrico Porta Diant Esq Honda H...\" \/>\n                              \t\t\t\t\t\t\t  <img  src=\"\" alt=\"Chicote Eletrico Porta Diant Esq Honda H...\" title=\"Chicote Eletrico Porta Diant Esq Honda H...\" class=\"img-responsive lazy\" \/>\n                              <\/a>\n\t\t\t\t\t\t\t  <div class=\"actions-link\">\t\t\t\t\t\t\t\t\t\n\t\t\t\t\t\t\t\t\t<a class=\"btn-wishlist\" data-toggle=\"tooltip\" title=\"Lista de desejos\" onclick=\"wishlist.add('25372');\"><i class=\"zmdi zmdi-favorite-outline\"><\/i><\/a>\t\t\t\t\t\t\t\t\t\n\t\t\t\t\t\t\t\t\t<a class=\"btn-compare\" data-toggle=\"tooltip\" title=\"Comparar\" onclick=\"compare.add('25372');\"><i class=\"zmdi zmdi-refresh-alt\"><\/i><\/a>\n\t\t\t\t\t\t\t\t<\/div>\n                            <\/div>\n                            <div class=\"product-inner\">\n                              <div class=\"product-caption\">\n\t\t\t\t\t\t\t                                <h2 class=\"product-name\"><a href=\"https:\/\/www.sulcarautopecas.com.br.186-226-60-153.cpanel.site\/porta\/chicote-eletrico-porta-diant-esq-honda-hr-v-2021-a812-25372\">Chicote Eletrico Porta Diant Esq Honda H...<\/a><\/h2>\n\t\t\t\t\t\t\t                                     <div class=\"ratings\">\n                                      <div class=\"rating-box\">\n                                                                                        <div class=\"rating0\">rating<\/div>                                                                                                                                                                                                                                                                            <\/div>\n                                  <\/div>\n                              \t\t\t\t\t\t\t                                  <p class=\"price\">\n                                                                    R$70,00                                                                                                    <\/p>\n                                \t\t\t\t\t\t\t \n                              \n\t\t\t\t\t\t\t\t<p class=\"product-des\">Trabalhamos com produtos originais, retirados de ve\u00edculos baixados no Detran, com toda a proced\u00eancia e garantia.\nTodas as nossas fotos s\u00e3o reais do produto.\n\nPara calcular o frete basta aproveitar as vantagens do MERCADO ENVIOS.\nCaso o produto n\u00e3o te..<\/p>\n                              <div class=\"product-intro\">\n\t\t\t\t\t\t\t\t<div class=\"actions-link2\">\n\t\t\t\t\t\t\t\t\t<a class=\"btn-cart\" data-toggle=\"tooltip\" title=\"Comprar\" onclick=\"cart.add('25372');\"><span class=\"button\"><i class=\"fa fa-shopping-cart\"><\/i>Comprar<\/span><\/a>\t\t\t\t\t\t\t\t\t\n\t\t\t\t\t\t\t\t\t<a class=\"btn-wishlist\" data-toggle=\"tooltip\" title=\"Lista de desejos\" onclick=\"wishlist.add('25372');\"><i class=\"zmdi zmdi-favorite-outline\"><\/i><\/a>\t\t\t\t\t\t\t\t\t\n\t\t\t\t\t\t\t\t\t<a class=\"btn-compare\" data-toggle=\"tooltip\" title=\"Comparar\" onclick=\"compare.add('25372');\"><i class=\"zmdi zmdi-refresh-alt\"><\/i><\/a>\n\t\t\t\t\t\t\t\t<\/div>\n\t\t\t\t\t\t\t\t<\/div>\n                            <\/div>\n\t\t\t\t\t\t\t<\/div>\n                          <\/div>\n                        <\/div>\n                                            <div class=\"product-layout product-list col-xs-12\">\n                          <div class=\"product-thumb layout1\">\n\t\t\t\t\t\t\t<div class=\"image\">\n                              \t\t\t\t\t\t\t\t                              <a href=\"https:\/\/www.sulcarautopecas.com.br.186-226-60-153.cpanel.site\/porta\/soleira-porta-tras-esq-honda-hr-v-1-8-2021-a1557-30225\">\n                                                              <img  src=\"image\/cache\/no_image-100x100.png\" alt=\"Soleira Porta Tras Esq Honda Hr-v 1.8 20...\" \/>\n                              \t\t\t\t\t\t\t  <img  src=\"\" alt=\"Soleira Porta Tras Esq Honda Hr-v 1.8 20...\" title=\"Soleira Porta Tras Esq Honda Hr-v 1.8 20...\" class=\"img-responsive lazy\" \/>\n                              <\/a>\n\t\t\t\t\t\t\t  <div class=\"actions-link\">\t\t\t\t\t\t\t\t\t\n\t\t\t\t\t\t\t\t\t<a class=\"btn-wishlist\" data-toggle=\"tooltip\" title=\"Lista de desejos\" onclick=\"wishlist.add('30225');\"><i class=\"zmdi zmdi-favorite-outline\"><\/i><\/a>\t\t\t\t\t\t\t\t\t\n\t\t\t\t\t\t\t\t\t<a class=\"btn-compare\" data-toggle=\"tooltip\" title=\"Comparar\" onclick=\"compare.add('30225');\"><i class=\"zmdi zmdi-refresh-alt\"><\/i><\/a>\n\t\t\t\t\t\t\t\t<\/div>\n                            <\/div>\n                            <div class=\"product-inner\">\n                              <div class=\"product-caption\">\n\t\t\t\t\t\t\t                                <h2 class=\"product-name\"><a href=\"https:\/\/www.sulcarautopecas.com.br.186-226-60-153.cpanel.site\/porta\/soleira-porta-tras-esq-honda-hr-v-1-8-2021-a1557-30225\">Soleira Porta Tras Esq Honda Hr-v 1.8 20...<\/a><\/h2>\n\t\t\t\t\t\t\t                                     <div class=\"ratings\">\n                                      <div class=\"rating-box\">\n                                                                                        <div class=\"rating0\">rating<\/div>                                                                                                                                                                                                                                                                            <\/div>\n                                  <\/div>\n                              \t\t\t\t\t\t\t                                  <p class=\"price\">\n                                                                    R$90,00                                                                                                    <\/p>\n                                \t\t\t\t\t\t\t \n                              \n\t\t\t\t\t\t\t\t<p class=\"product-des\">*Sulcar Auto Pe\u00e7as Blumenau.\n*Trabalhamos com produtos originais.\n*Foto reais do produto.\n*Calcular frete em mercado envios,caso tenha nos pergunte.\n*Demais D\u00favidas apenas nos pergunte.\n*Ap\u00f3s confirma\u00e7\u00e3o do pagamento enviamos em at\u00e9 1 dia \u00fatil.\n*Entr..<\/p>\n                              <div class=\"product-intro\">\n\t\t\t\t\t\t\t\t<div class=\"actions-link2\">\n\t\t\t\t\t\t\t\t\t<a class=\"btn-cart\" data-toggle=\"tooltip\" title=\"Comprar\" onclick=\"cart.add('30225');\"><span class=\"button\"><i class=\"fa fa-shopping-cart\"><\/i>Comprar<\/span><\/a>\t\t\t\t\t\t\t\t\t\n\t\t\t\t\t\t\t\t\t<a class=\"btn-wishlist\" data-toggle=\"tooltip\" title=\"Lista de desejos\" onclick=\"wishlist.add('30225');\"><i class=\"zmdi zmdi-favorite-outline\"><\/i><\/a>\t\t\t\t\t\t\t\t\t\n\t\t\t\t\t\t\t\t\t<a class=\"btn-compare\" data-toggle=\"tooltip\" title=\"Comparar\" onclick=\"compare.add('30225');\"><i class=\"zmdi zmdi-refresh-alt\"><\/i><\/a>\n\t\t\t\t\t\t\t\t<\/div>\n\t\t\t\t\t\t\t\t<\/div>\n                            <\/div>\n\t\t\t\t\t\t\t<\/div>\n                          <\/div>\n                        <\/div>\n                                            <div class=\"product-layout product-list col-xs-12\">\n                          <div class=\"product-thumb layout1\">\n\t\t\t\t\t\t\t<div class=\"image\">\n                              \t\t\t\t\t\t\t\t                              <a href=\"https:\/\/www.sulcarautopecas.com.br.186-226-60-153.cpanel.site\/porta\/calha-vidro-porta-dianteiro-direito-hyundai-ix35-2012-14291\">\n                                                              <img  src=\"image\/cache\/no_image-100x100.png\" alt=\"Calha Vidro Porta Dianteiro Direito Hyun...\" \/>\n                              \t\t\t\t\t\t\t  <img  src=\"\" alt=\"Calha Vidro Porta Dianteiro Direito Hyun...\" title=\"Calha Vidro Porta Dianteiro Direito Hyun...\" class=\"img-responsive lazy\" \/>\n                              <\/a>\n\t\t\t\t\t\t\t  <div class=\"actions-link\">\t\t\t\t\t\t\t\t\t\n\t\t\t\t\t\t\t\t\t<a class=\"btn-wishlist\" data-toggle=\"tooltip\" title=\"Lista de desejos\" onclick=\"wishlist.add('14291');\"><i class=\"zmdi zmdi-favorite-outline\"><\/i><\/a>\t\t\t\t\t\t\t\t\t\n\t\t\t\t\t\t\t\t\t<a class=\"btn-compare\" data-toggle=\"tooltip\" title=\"Comparar\" onclick=\"compare.add('14291');\"><i class=\"zmdi zmdi-refresh-alt\"><\/i><\/a>\n\t\t\t\t\t\t\t\t<\/div>\n                            <\/div>\n                            <div class=\"product-inner\">\n                              <div class=\"product-caption\">\n\t\t\t\t\t\t\t                                <h2 class=\"product-name\"><a href=\"https:\/\/www.sulcarautopecas.com.br.186-226-60-153.cpanel.site\/porta\/calha-vidro-porta-dianteiro-direito-hyundai-ix35-2012-14291\">Calha Vidro Porta Dianteiro Direito Hyun...<\/a><\/h2>\n\t\t\t\t\t\t\t                                     <div class=\"ratings\">\n                                      <div class=\"rating-box\">\n                                                                                        <div class=\"rating0\">rating<\/div>                                                                                                                                                                                                                                                                            <\/div>\n                                  <\/div>\n                              \t\t\t\t\t\t\t                                  <p class=\"price\">\n                                                                    R$60,00                                                                                                    <\/p>\n                                \t\t\t\t\t\t\t \n                              \n\t\t\t\t\t\t\t\t<p class=\"product-des\">*Sulcar Auto Pe\u00e7as Blumenau.\n*Trabalhamos com produtos original.\n*Foto reais do produto.\n*Calcular frete em mercado envios,caso n\u00e3o tenha nos pergunte.\n*Demais d\u00favidas apenas nos pergunte.\n*Ap\u00f3s confirma\u00e7\u00e3o do pagamento enviamos em at\u00e9 1 dia \u00fatil.\n*E..<\/p>\n                              <div class=\"product-intro\">\n\t\t\t\t\t\t\t\t<div class=\"actions-link2\">\n\t\t\t\t\t\t\t\t\t<a class=\"btn-cart\" data-toggle=\"tooltip\" title=\"Comprar\" onclick=\"cart.add('14291');\"><span class=\"button\"><i class=\"fa fa-shopping-cart\"><\/i>Comprar<\/span><\/a>\t\t\t\t\t\t\t\t\t\n\t\t\t\t\t\t\t\t\t<a class=\"btn-wishlist\" data-toggle=\"tooltip\" title=\"Lista de desejos\" onclick=\"wishlist.add('14291');\"><i class=\"zmdi zmdi-favorite-outline\"><\/i><\/a>\t\t\t\t\t\t\t\t\t\n\t\t\t\t\t\t\t\t\t<a class=\"btn-compare\" data-toggle=\"tooltip\" title=\"Comparar\" onclick=\"compare.add('14291');\"><i class=\"zmdi zmdi-refresh-alt\"><\/i><\/a>\n\t\t\t\t\t\t\t\t<\/div>\n\t\t\t\t\t\t\t\t<\/div>\n                            <\/div>\n\t\t\t\t\t\t\t<\/div>\n                          <\/div>\n                        <\/div>\n                                            <div class=\"product-layout product-list col-xs-12\">\n                          <div class=\"product-thumb layout1\">\n\t\t\t\t\t\t\t<div class=\"image\">\n                              \t\t\t\t\t\t\t\t                              <a href=\"https:\/\/www.sulcarautopecas.com.br.186-226-60-153.cpanel.site\/porta\/vidro-porta-traseira-esquerda-honda-hr-v-2018-33856\">\n                                                              <img  src=\"image\/cache\/no_image-100x100.png\" alt=\"Vidro Porta Traseira Esquerda Honda Hr-v...\" \/>\n                              \t\t\t\t\t\t\t  <img  src=\"\" alt=\"Vidro Porta Traseira Esquerda Honda Hr-v...\" title=\"Vidro Porta Traseira Esquerda Honda Hr-v...\" class=\"img-responsive lazy\" \/>\n                              <\/a>\n\t\t\t\t\t\t\t  <div class=\"actions-link\">\t\t\t\t\t\t\t\t\t\n\t\t\t\t\t\t\t\t\t<a class=\"btn-wishlist\" data-toggle=\"tooltip\" title=\"Lista de desejos\" onclick=\"wishlist.add('33856');\"><i class=\"zmdi zmdi-favorite-outline\"><\/i><\/a>\t\t\t\t\t\t\t\t\t\n\t\t\t\t\t\t\t\t\t<a class=\"btn-compare\" data-toggle=\"tooltip\" title=\"Comparar\" onclick=\"compare.add('33856');\"><i class=\"zmdi zmdi-refresh-alt\"><\/i><\/a>\n\t\t\t\t\t\t\t\t<\/div>\n                            <\/div>\n                            <div class=\"product-inner\">\n                              <div class=\"product-caption\">\n\t\t\t\t\t\t\t                                <h2 class=\"product-name\"><a href=\"https:\/\/www.sulcarautopecas.com.br.186-226-60-153.cpanel.site\/porta\/vidro-porta-traseira-esquerda-honda-hr-v-2018-33856\">Vidro Porta Traseira Esquerda Honda Hr-v...<\/a><\/h2>\n\t\t\t\t\t\t\t                                     <div class=\"ratings\">\n                                      <div class=\"rating-box\">\n                                                                                        <div class=\"rating0\">rating<\/div>                                                                                                                                                                                                                                                                            <\/div>\n                                  <\/div>\n                              \t\t\t\t\t\t\t                                  <p class=\"price\">\n                                                                    R$100,00                                                                                                    <\/p>\n                                \t\t\t\t\t\t\t \n                              \n\t\t\t\t\t\t\t\t<p class=\"product-des\">*Sulcar Auto Pe\u00e7as Blumenau.\n*Trabalhamos com produtos originais.\n*Foto reais do produto.\n*Calcular frete em mercado envios,caso tenha nos pergunte.\n*Demais D\u00favidas apenas nos pergunte.\n*Ap\u00f3s confirma\u00e7\u00e3o do pagamento enviamos em at\u00e9 1 dia \u00fatil.\n*Entr..<\/p>\n                              <div class=\"product-intro\">\n\t\t\t\t\t\t\t\t<div class=\"actions-link2\">\n\t\t\t\t\t\t\t\t\t<a class=\"btn-cart\" data-toggle=\"tooltip\" title=\"Comprar\" onclick=\"cart.add('33856');\"><span class=\"button\"><i class=\"fa fa-shopping-cart\"><\/i>Comprar<\/span><\/a>\t\t\t\t\t\t\t\t\t\n\t\t\t\t\t\t\t\t\t<a class=\"btn-wishlist\" data-toggle=\"tooltip\" title=\"Lista de desejos\" onclick=\"wishlist.add('33856');\"><i class=\"zmdi zmdi-favorite-outline\"><\/i><\/a>\t\t\t\t\t\t\t\t\t\n\t\t\t\t\t\t\t\t\t<a class=\"btn-compare\" data-toggle=\"tooltip\" title=\"Comparar\" onclick=\"compare.add('33856');\"><i class=\"zmdi zmdi-refresh-alt\"><\/i><\/a>\n\t\t\t\t\t\t\t\t<\/div>\n\t\t\t\t\t\t\t\t<\/div>\n                            <\/div>\n\t\t\t\t\t\t\t<\/div>\n                          <\/div>\n                        <\/div>\n                                            <div class=\"product-layout product-list col-xs-12\">\n                          <div class=\"product-thumb layout1\">\n\t\t\t\t\t\t\t<div class=\"image\">\n                              \t\t\t\t\t\t\t\t                              <a href=\"https:\/\/www.sulcarautopecas.com.br.186-226-60-153.cpanel.site\/porta\/soleira-porta-malas-citroen-aircross-2014-a2047-26560\">\n                                                              <img  src=\"image\/cache\/no_image-100x100.png\" alt=\"Soleira Porta Malas Citroen Aircross 201...\" \/>\n                              \t\t\t\t\t\t\t  <img  src=\"\" alt=\"Soleira Porta Malas Citroen Aircross 201...\" title=\"Soleira Porta Malas Citroen Aircross 201...\" class=\"img-responsive lazy\" \/>\n                              <\/a>\n\t\t\t\t\t\t\t  <div class=\"actions-link\">\t\t\t\t\t\t\t\t\t\n\t\t\t\t\t\t\t\t\t<a class=\"btn-wishlist\" data-toggle=\"tooltip\" title=\"Lista de desejos\" onclick=\"wishlist.add('26560');\"><i class=\"zmdi zmdi-favorite-outline\"><\/i><\/a>\t\t\t\t\t\t\t\t\t\n\t\t\t\t\t\t\t\t\t<a class=\"btn-compare\" data-toggle=\"tooltip\" title=\"Comparar\" onclick=\"compare.add('26560');\"><i class=\"zmdi zmdi-refresh-alt\"><\/i><\/a>\n\t\t\t\t\t\t\t\t<\/div>\n                            <\/div>\n                            <div class=\"product-inner\">\n                              <div class=\"product-caption\">\n\t\t\t\t\t\t\t                                <h2 class=\"product-name\"><a href=\"https:\/\/www.sulcarautopecas.com.br.186-226-60-153.cpanel.site\/porta\/soleira-porta-malas-citroen-aircross-2014-a2047-26560\">Soleira Porta Malas Citroen Aircross 201...<\/a><\/h2>\n\t\t\t\t\t\t\t                                     <div class=\"ratings\">\n                                      <div class=\"rating-box\">\n                                                                                        <div class=\"rating0\">rating<\/div>                                                                                                                                                                                                                                                                            <\/div>\n                                  <\/div>\n                              \t\t\t\t\t\t\t                                  <p class=\"price\">\n                                                                    R$130,00                                                                                                    <\/p>\n                                \t\t\t\t\t\t\t \n                              \n\t\t\t\t\t\t\t\t<p class=\"product-des\">Trabalhamos com produtos originais, retirados de ve\u00edculos baixados no Detran, com total proced\u00eancia e garantia.\nTodas as nossas fotos s\u00e3o reais do produto.\n\nPara calcular o frente basta aproveitar as vantagens do MERCADO ENVIOS.\nCaso o produto n\u00e3o te..<\/p>\n                              <div class=\"product-intro\">\n\t\t\t\t\t\t\t\t<div class=\"actions-link2\">\n\t\t\t\t\t\t\t\t\t<a class=\"btn-cart\" data-toggle=\"tooltip\" title=\"Comprar\" onclick=\"cart.add('26560');\"><span class=\"button\"><i class=\"fa fa-shopping-cart\"><\/i>Comprar<\/span><\/a>\t\t\t\t\t\t\t\t\t\n\t\t\t\t\t\t\t\t\t<a class=\"btn-wishlist\" data-toggle=\"tooltip\" title=\"Lista de desejos\" onclick=\"wishlist.add('26560');\"><i class=\"zmdi zmdi-favorite-outline\"><\/i><\/a>\t\t\t\t\t\t\t\t\t\n\t\t\t\t\t\t\t\t\t<a class=\"btn-compare\" data-toggle=\"tooltip\" title=\"Comparar\" onclick=\"compare.add('26560');\"><i class=\"zmdi zmdi-refresh-alt\"><\/i><\/a>\n\t\t\t\t\t\t\t\t<\/div>\n\t\t\t\t\t\t\t\t<\/div>\n                            <\/div>\n\t\t\t\t\t\t\t<\/div>\n                          <\/div>\n                        <\/div>\n                                            <div class=\"product-layout product-list col-xs-12\">\n                          <div class=\"product-thumb layout1\">\n\t\t\t\t\t\t\t<div class=\"image\">\n                              \t\t\t\t\t\t\t\t                              <a href=\"https:\/\/www.sulcarautopecas.com.br.186-226-60-153.cpanel.site\/porta\/soleira-porta-dianteira-direita-nissan-kicks-2019-29948\">\n                                                              <img  src=\"image\/cache\/no_image-100x100.png\" alt=\"Soleira Porta Dianteira Direita Nissan K...\" \/>\n                              \t\t\t\t\t\t\t  <img  src=\"\" alt=\"Soleira Porta Dianteira Direita Nissan K...\" title=\"Soleira Porta Dianteira Direita Nissan K...\" class=\"img-responsive lazy\" \/>\n                              <\/a>\n\t\t\t\t\t\t\t  <div class=\"actions-link\">\t\t\t\t\t\t\t\t\t\n\t\t\t\t\t\t\t\t\t<a class=\"btn-wishlist\" data-toggle=\"tooltip\" title=\"Lista de desejos\" onclick=\"wishlist.add('29948');\"><i class=\"zmdi zmdi-favorite-outline\"><\/i><\/a>\t\t\t\t\t\t\t\t\t\n\t\t\t\t\t\t\t\t\t<a class=\"btn-compare\" data-toggle=\"tooltip\" title=\"Comparar\" onclick=\"compare.add('29948');\"><i class=\"zmdi zmdi-refresh-alt\"><\/i><\/a>\n\t\t\t\t\t\t\t\t<\/div>\n                            <\/div>\n                            <div class=\"product-inner\">\n                              <div class=\"product-caption\">\n\t\t\t\t\t\t\t                                <h2 class=\"product-name\"><a href=\"https:\/\/www.sulcarautopecas.com.br.186-226-60-153.cpanel.site\/porta\/soleira-porta-dianteira-direita-nissan-kicks-2019-29948\">Soleira Porta Dianteira Direita Nissan K...<\/a><\/h2>\n\t\t\t\t\t\t\t                                     <div class=\"ratings\">\n                                      <div class=\"rating-box\">\n                                                                                        <div class=\"rating0\">rating<\/div>                                                                                                                                                                                                                                                                            <\/div>\n                                  <\/div>\n                              \t\t\t\t\t\t\t                                  <p class=\"price\">\n                                                                    R$70,00                                                                                                    <\/p>\n                                \t\t\t\t\t\t\t \n                              \n\t\t\t\t\t\t\t\t<p class=\"product-des\">*Sulcar Auto Pe\u00e7as Blumenau.\n*Trabalhamos com produtos originais.\n*Foto reais do produto.\n*Calcular frete em mercado envios,caso tenha nos pergunte.\n*Demais D\u00favidas apenas nos pergunte.\n*Ap\u00f3s confirma\u00e7\u00e3o do pagamento enviamos em at\u00e9 1 dia \u00fatil.\n*Entr..<\/p>\n                              <div class=\"product-intro\">\n\t\t\t\t\t\t\t\t<div class=\"actions-link2\">\n\t\t\t\t\t\t\t\t\t<a class=\"btn-cart\" data-toggle=\"tooltip\" title=\"Comprar\" onclick=\"cart.add('29948');\"><span class=\"button\"><i class=\"fa fa-shopping-cart\"><\/i>Comprar<\/span><\/a>\t\t\t\t\t\t\t\t\t\n\t\t\t\t\t\t\t\t\t<a class=\"btn-wishlist\" data-toggle=\"tooltip\" title=\"Lista de desejos\" onclick=\"wishlist.add('29948');\"><i class=\"zmdi zmdi-favorite-outline\"><\/i><\/a>\t\t\t\t\t\t\t\t\t\n\t\t\t\t\t\t\t\t\t<a class=\"btn-compare\" data-toggle=\"tooltip\" title=\"Comparar\" onclick=\"compare.add('29948');\"><i class=\"zmdi zmdi-refresh-alt\"><\/i><\/a>\n\t\t\t\t\t\t\t\t<\/div>\n\t\t\t\t\t\t\t\t<\/div>\n                            <\/div>\n\t\t\t\t\t\t\t<\/div>\n                          <\/div>\n                        <\/div>\n                                            <div class=\"product-layout product-list col-xs-12\">\n                          <div class=\"product-thumb layout1\">\n\t\t\t\t\t\t\t<div class=\"image\">\n                              \t\t\t\t\t\t\t\t                              <a href=\"https:\/\/www.sulcarautopecas.com.br.186-226-60-153.cpanel.site\/porta\/borracha-canaleta-vidro-porta-diant-dir-renault-duster-2024-33063\">\n                                                              <img  src=\"image\/cache\/no_image-100x100.png\" alt=\"Borracha Canaleta Vidro Porta Diant Dir ...\" \/>\n                              \t\t\t\t\t\t\t  <img  src=\"\" alt=\"Borracha Canaleta Vidro Porta Diant Dir ...\" title=\"Borracha Canaleta Vidro Porta Diant Dir ...\" class=\"img-responsive lazy\" \/>\n                              <\/a>\n\t\t\t\t\t\t\t  <div class=\"actions-link\">\t\t\t\t\t\t\t\t\t\n\t\t\t\t\t\t\t\t\t<a class=\"btn-wishlist\" data-toggle=\"tooltip\" title=\"Lista de desejos\" onclick=\"wishlist.add('33063');\"><i class=\"zmdi zmdi-favorite-outline\"><\/i><\/a>\t\t\t\t\t\t\t\t\t\n\t\t\t\t\t\t\t\t\t<a class=\"btn-compare\" data-toggle=\"tooltip\" title=\"Comparar\" onclick=\"compare.add('33063');\"><i class=\"zmdi zmdi-refresh-alt\"><\/i><\/a>\n\t\t\t\t\t\t\t\t<\/div>\n                            <\/div>\n                            <div class=\"product-inner\">\n                              <div class=\"product-caption\">\n\t\t\t\t\t\t\t                                <h2 class=\"product-name\"><a href=\"https:\/\/www.sulcarautopecas.com.br.186-226-60-153.cpanel.site\/porta\/borracha-canaleta-vidro-porta-diant-dir-renault-duster-2024-33063\">Borracha Canaleta Vidro Porta Diant Dir ...<\/a><\/h2>\n\t\t\t\t\t\t\t                                     <div class=\"ratings\">\n                                      <div class=\"rating-box\">\n                                                                                        <div class=\"rating0\">rating<\/div>                                                                                                                                                                                                                                                                            <\/div>\n                                  <\/div>\n                              \t\t\t\t\t\t\t                                  <p class=\"price\">\n                                                                    R$100,00                                                                                                    <\/p>\n                                \t\t\t\t\t\t\t \n                              \n\t\t\t\t\t\t\t\t<p class=\"product-des\">*Sulcar Auto Pe\u00e7as Blumenau.\n*Trabalhamos com produtos originais.\n*Foto reais do produto.\n*Calcular frete em mercado envios,caso tenha nos pergunte.\n*Demais D\u00favidas apenas nos pergunte.\n*Ap\u00f3s confirma\u00e7\u00e3o do pagamento enviamos em at\u00e9 1 dia \u00fatil.\n*Entr..<\/p>\n                              <div class=\"product-intro\">\n\t\t\t\t\t\t\t\t<div class=\"actions-link2\">\n\t\t\t\t\t\t\t\t\t<a class=\"btn-cart\" data-toggle=\"tooltip\" title=\"Comprar\" onclick=\"cart.add('33063');\"><span class=\"button\"><i class=\"fa fa-shopping-cart\"><\/i>Comprar<\/span><\/a>\t\t\t\t\t\t\t\t\t\n\t\t\t\t\t\t\t\t\t<a class=\"btn-wishlist\" data-toggle=\"tooltip\" title=\"Lista de desejos\" onclick=\"wishlist.add('33063');\"><i class=\"zmdi zmdi-favorite-outline\"><\/i><\/a>\t\t\t\t\t\t\t\t\t\n\t\t\t\t\t\t\t\t\t<a class=\"btn-compare\" data-toggle=\"tooltip\" title=\"Comparar\" onclick=\"compare.add('33063');\"><i class=\"zmdi zmdi-refresh-alt\"><\/i><\/a>\n\t\t\t\t\t\t\t\t<\/div>\n\t\t\t\t\t\t\t\t<\/div>\n                            <\/div>\n\t\t\t\t\t\t\t<\/div>\n                          <\/div>\n                        <\/div>\n                                            <div class=\"product-layout product-list col-xs-12\">\n                          <div class=\"product-thumb layout1\">\n\t\t\t\t\t\t\t<div class=\"image\">\n                              \t\t\t\t\t\t\t\t                              <a href=\"https:\/\/www.sulcarautopecas.com.br.186-226-60-153.cpanel.site\/porta\/soleira-da-porta-diant-dir-kia-soul-2009-a-2012-1-6-aut-21867\">\n                                                              <img  src=\"image\/cache\/no_image-100x100.png\" alt=\"Soleira Da Porta Diant Dir Kia Soul 2009...\" \/>\n                              \t\t\t\t\t\t\t  <img  src=\"\" alt=\"Soleira Da Porta Diant Dir Kia Soul 2009...\" title=\"Soleira Da Porta Diant Dir Kia Soul 2009...\" class=\"img-responsive lazy\" \/>\n                              <\/a>\n\t\t\t\t\t\t\t  <div class=\"actions-link\">\t\t\t\t\t\t\t\t\t\n\t\t\t\t\t\t\t\t\t<a class=\"btn-wishlist\" data-toggle=\"tooltip\" title=\"Lista de desejos\" onclick=\"wishlist.add('21867');\"><i class=\"zmdi zmdi-favorite-outline\"><\/i><\/a>\t\t\t\t\t\t\t\t\t\n\t\t\t\t\t\t\t\t\t<a class=\"btn-compare\" data-toggle=\"tooltip\" title=\"Comparar\" onclick=\"compare.add('21867');\"><i class=\"zmdi zmdi-refresh-alt\"><\/i><\/a>\n\t\t\t\t\t\t\t\t<\/div>\n                            <\/div>\n                            <div class=\"product-inner\">\n                              <div class=\"product-caption\">\n\t\t\t\t\t\t\t                                <h2 class=\"product-name\"><a href=\"https:\/\/www.sulcarautopecas.com.br.186-226-60-153.cpanel.site\/porta\/soleira-da-porta-diant-dir-kia-soul-2009-a-2012-1-6-aut-21867\">Soleira Da Porta Diant Dir Kia Soul 2009...<\/a><\/h2>\n\t\t\t\t\t\t\t                                     <div class=\"ratings\">\n                                      <div class=\"rating-box\">\n                                                                                        <div class=\"rating0\">rating<\/div>                                                                                                                                                                                                                                                                            <\/div>\n                                  <\/div>\n                              \t\t\t\t\t\t\t                                  <p class=\"price\">\n                                                                    R$130,00                                                                                                    <\/p>\n                                \t\t\t\t\t\t\t \n                              \n\t\t\t\t\t\t\t\t<p class=\"product-des\">Trabalhamos com produtos originais, retirados de ve\u00edculos baixados no Detran, com total proced\u00eancia e garantia.\nTodas as nossas fotos s\u00e3o reais do produto.\n\nPara calcular o frente basta aproveitar as vantagens do MERCADO ENVIOS.\nCaso o produto n\u00e3o te..<\/p>\n                              <div class=\"product-intro\">\n\t\t\t\t\t\t\t\t<div class=\"actions-link2\">\n\t\t\t\t\t\t\t\t\t<a class=\"btn-cart\" data-toggle=\"tooltip\" title=\"Comprar\" onclick=\"cart.add('21867');\"><span class=\"button\"><i class=\"fa fa-shopping-cart\"><\/i>Comprar<\/span><\/a>\t\t\t\t\t\t\t\t\t\n\t\t\t\t\t\t\t\t\t<a class=\"btn-wishlist\" data-toggle=\"tooltip\" title=\"Lista de desejos\" onclick=\"wishlist.add('21867');\"><i class=\"zmdi zmdi-favorite-outline\"><\/i><\/a>\t\t\t\t\t\t\t\t\t\n\t\t\t\t\t\t\t\t\t<a class=\"btn-compare\" data-toggle=\"tooltip\" title=\"Comparar\" onclick=\"compare.add('21867');\"><i class=\"zmdi zmdi-refresh-alt\"><\/i><\/a>\n\t\t\t\t\t\t\t\t<\/div>\n\t\t\t\t\t\t\t\t<\/div>\n                            <\/div>\n\t\t\t\t\t\t\t<\/div>\n                          <\/div>\n                        <\/div>\n                                            <div class=\"product-layout product-list col-xs-12\">\n                          <div class=\"product-thumb layout1\">\n\t\t\t\t\t\t\t<div class=\"image\">\n                              \t\t\t\t\t\t\t\t                              <a href=\"https:\/\/www.sulcarautopecas.com.br.186-226-60-153.cpanel.site\/porta\/friso-porta-diant-esquerda-hyundai-creta-2017-a4511-28823\">\n                                                              <img  src=\"image\/cache\/no_image-100x100.png\" alt=\"Friso Porta Diant Esquerda Hyundai Creta...\" \/>\n                              \t\t\t\t\t\t\t  <img  src=\"\" alt=\"Friso Porta Diant Esquerda Hyundai Creta...\" title=\"Friso Porta Diant Esquerda Hyundai Creta...\" class=\"img-responsive lazy\" \/>\n                              <\/a>\n\t\t\t\t\t\t\t  <div class=\"actions-link\">\t\t\t\t\t\t\t\t\t\n\t\t\t\t\t\t\t\t\t<a class=\"btn-wishlist\" data-toggle=\"tooltip\" title=\"Lista de desejos\" onclick=\"wishlist.add('28823');\"><i class=\"zmdi zmdi-favorite-outline\"><\/i><\/a>\t\t\t\t\t\t\t\t\t\n\t\t\t\t\t\t\t\t\t<a class=\"btn-compare\" data-toggle=\"tooltip\" title=\"Comparar\" onclick=\"compare.add('28823');\"><i class=\"zmdi zmdi-refresh-alt\"><\/i><\/a>\n\t\t\t\t\t\t\t\t<\/div>\n                            <\/div>\n                            <div class=\"product-inner\">\n                              <div class=\"product-caption\">\n\t\t\t\t\t\t\t                                <h2 class=\"product-name\"><a href=\"https:\/\/www.sulcarautopecas.com.br.186-226-60-153.cpanel.site\/porta\/friso-porta-diant-esquerda-hyundai-creta-2017-a4511-28823\">Friso Porta Diant Esquerda Hyundai Creta...<\/a><\/h2>\n\t\t\t\t\t\t\t                                     <div class=\"ratings\">\n                                      <div class=\"rating-box\">\n                                                                                        <div class=\"rating0\">rating<\/div>                                                                                                                                                                                                                                                                            <\/div>\n                                  <\/div>\n                              \t\t\t\t\t\t\t                                  <p class=\"price\">\n                                                                    R$150,00                                                                                                    <\/p>\n                                \t\t\t\t\t\t\t \n                              \n\t\t\t\t\t\t\t\t<p class=\"product-des\">Sulcar Auto Pe\u00e7as Blumenau\nTrabalhamos com produtos originais\nFoto reais do produto\nCalcular frete...no mercado de envios\nDemais d\u00favidas...apenas nos pergunte\nAp\u00f3s confirmar do pagamento enviamos em at\u00e9 1 dia \u00fatil\nEntregamos para todo territ\u00f3rio naci..<\/p>\n                              <div class=\"product-intro\">\n\t\t\t\t\t\t\t\t<div class=\"actions-link2\">\n\t\t\t\t\t\t\t\t\t<a class=\"btn-cart\" data-toggle=\"tooltip\" title=\"Comprar\" onclick=\"cart.add('28823');\"><span class=\"button\"><i class=\"fa fa-shopping-cart\"><\/i>Comprar<\/span><\/a>\t\t\t\t\t\t\t\t\t\n\t\t\t\t\t\t\t\t\t<a class=\"btn-wishlist\" data-toggle=\"tooltip\" title=\"Lista de desejos\" onclick=\"wishlist.add('28823');\"><i class=\"zmdi zmdi-favorite-outline\"><\/i><\/a>\t\t\t\t\t\t\t\t\t\n\t\t\t\t\t\t\t\t\t<a class=\"btn-compare\" data-toggle=\"tooltip\" title=\"Comparar\" onclick=\"compare.add('28823');\"><i class=\"zmdi zmdi-refresh-alt\"><\/i><\/a>\n\t\t\t\t\t\t\t\t<\/div>\n\t\t\t\t\t\t\t\t<\/div>\n                            <\/div>\n\t\t\t\t\t\t\t<\/div>\n                          <\/div>\n                        <\/div>\n                                            <div class=\"product-layout product-list col-xs-12\">\n                          <div class=\"product-thumb layout1\">\n\t\t\t\t\t\t\t<div class=\"image\">\n                              \t\t\t\t\t\t\t\t                              <a href=\"https:\/\/www.sulcarautopecas.com.br.186-226-60-153.cpanel.site\/porta\/borracha-guarda-po-porta-tras-dir-corolla-cross-2025-32094\">\n                                                              <img  src=\"image\/cache\/no_image-100x100.png\" alt=\"Borracha Guarda Po Porta Tras Dir Coroll...\" \/>\n                              \t\t\t\t\t\t\t  <img  src=\"\" alt=\"Borracha Guarda Po Porta Tras Dir Coroll...\" title=\"Borracha Guarda Po Porta Tras Dir Coroll...\" class=\"img-responsive lazy\" \/>\n                              <\/a>\n\t\t\t\t\t\t\t  <div class=\"actions-link\">\t\t\t\t\t\t\t\t\t\n\t\t\t\t\t\t\t\t\t<a class=\"btn-wishlist\" data-toggle=\"tooltip\" title=\"Lista de desejos\" onclick=\"wishlist.add('32094');\"><i class=\"zmdi zmdi-favorite-outline\"><\/i><\/a>\t\t\t\t\t\t\t\t\t\n\t\t\t\t\t\t\t\t\t<a class=\"btn-compare\" data-toggle=\"tooltip\" title=\"Comparar\" onclick=\"compare.add('32094');\"><i class=\"zmdi zmdi-refresh-alt\"><\/i><\/a>\n\t\t\t\t\t\t\t\t<\/div>\n                            <\/div>\n                            <div class=\"product-inner\">\n                              <div class=\"product-caption\">\n\t\t\t\t\t\t\t                                <h2 class=\"product-name\"><a href=\"https:\/\/www.sulcarautopecas.com.br.186-226-60-153.cpanel.site\/porta\/borracha-guarda-po-porta-tras-dir-corolla-cross-2025-32094\">Borracha Guarda Po Porta Tras Dir Coroll...<\/a><\/h2>\n\t\t\t\t\t\t\t                                     <div class=\"ratings\">\n                                      <div class=\"rating-box\">\n                                                                                        <div class=\"rating0\">rating<\/div>                                                                                                                                                                                                                                                                            <\/div>\n                                  <\/div>\n                              \t\t\t\t\t\t\t                                  <p class=\"price\">\n                                                                    R$100,00                                                                                                    <\/p>\n                                \t\t\t\t\t\t\t \n                              \n\t\t\t\t\t\t\t\t<p class=\"product-des\">*Sulcar Auto Pe\u00e7as Blumenau.\n*Trabalhamos com produtos originais.\n*Foto reais do produto.\n*Calcular frete em mercado envios,caso tenha nos pergunte.\n*Demais D\u00favidas apenas nos pergunte.\n*Ap\u00f3s confirma\u00e7\u00e3o do pagamento enviamos em at\u00e9 1 dia \u00fatil.\n*Entr..<\/p>\n                              <div class=\"product-intro\">\n\t\t\t\t\t\t\t\t<div class=\"actions-link2\">\n\t\t\t\t\t\t\t\t\t<a class=\"btn-cart\" data-toggle=\"tooltip\" title=\"Comprar\" onclick=\"cart.add('32094');\"><span class=\"button\"><i class=\"fa fa-shopping-cart\"><\/i>Comprar<\/span><\/a>\t\t\t\t\t\t\t\t\t\n\t\t\t\t\t\t\t\t\t<a class=\"btn-wishlist\" data-toggle=\"tooltip\" title=\"Lista de desejos\" onclick=\"wishlist.add('32094');\"><i class=\"zmdi zmdi-favorite-outline\"><\/i><\/a>\t\t\t\t\t\t\t\t\t\n\t\t\t\t\t\t\t\t\t<a class=\"btn-compare\" data-toggle=\"tooltip\" title=\"Comparar\" onclick=\"compare.add('32094');\"><i class=\"zmdi zmdi-refresh-alt\"><\/i><\/a>\n\t\t\t\t\t\t\t\t<\/div>\n\t\t\t\t\t\t\t\t<\/div>\n                            <\/div>\n\t\t\t\t\t\t\t<\/div>\n                          <\/div>\n                        <\/div>\n                                    <\/div>\n                <\/div>\n                <div class=\"row toolbar4\">\n                    <div class=\"col-sm-6\"><ul class=\"pagination\"><li><a href=\"https:\/\/www.sulcarautopecas.com.br.186-226-60-153.cpanel.site\/index.php?route=product\/category&path=136\">|&lt;<\/a><\/li><li><a href=\"https:\/\/www.sulcarautopecas.com.br.186-226-60-153.cpanel.site\/index.php?route=product\/category&path=136&amp;page=13\">&lt;<\/a><\/li><li><a href=\"https:\/\/www.sulcarautopecas.com.br.186-226-60-153.cpanel.site\/index.php?route=product\/category&path=136&amp;page=10\">10<\/a><\/li><li><a href=\"https:\/\/www.sulcarautopecas.com.br.186-226-60-153.cpanel.site\/index.php?route=product\/category&path=136&amp;page=11\">11<\/a><\/li><li><a href=\"https:\/\/www.sulcarautopecas.com.br.186-226-60-153.cpanel.site\/index.php?route=product\/category&path=136&amp;page=12\">12<\/a><\/li><li><a href=\"https:\/\/www.sulcarautopecas.com.br.186-226-60-153.cpanel.site\/index.php?route=product\/category&path=136&amp;page=13\">13<\/a><\/li><li class=\"active\"><span>14<\/span><\/li><li><a href=\"https:\/\/www.sulcarautopecas.com.br.186-226-60-153.cpanel.site\/index.php?route=product\/category&path=136&amp;page=15\">15<\/a><\/li><li><a href=\"https:\/\/www.sulcarautopecas.com.br.186-226-60-153.cpanel.site\/index.php?route=product\/category&path=136&amp;page=16\">16<\/a><\/li><li><a href=\"https:\/\/www.sulcarautopecas.com.br.186-226-60-153.cpanel.site\/index.php?route=product\/category&path=136&amp;page=17\">17<\/a><\/li><li><a href=\"https:\/\/www.sulcarautopecas.com.br.186-226-60-153.cpanel.site\/index.php?route=product\/category&path=136&amp;page=18\">18<\/a><\/li><li><a href=\"https:\/\/www.sulcarautopecas.com.br.186-226-60-153.cpanel.site\/index.php?route=product\/category&path=136&amp;page=15\">&gt;<\/a><\/li><li><a href=\"https:\/\/www.sulcarautopecas.com.br.186-226-60-153.cpanel.site\/index.php?route=product\/category&path=136&amp;page=20\">&gt;|<\/a><\/li><\/ul><\/div>\n                    <div class=\"col-sm-6 text-right\">Exibindo de 781 a 840 do total de 1172 (20 p\u00e1ginas)<\/div>\n                <\/div>\n                <script type=\"text\/javascript\">\n    \/\/ Product List\n\t$('#list-view').click(function() {\n\t\t$(this).addClass('selected');\n\t\t$('#grid-view').removeClass('selected');\n\t\t$('#content .product-grid > .clearfix').remove();\n\n\t\t\/\/$('#content .product-layout').attr('class', 'product-layout product-list col-xs-12');\n\t\t$('#content .product-layout').attr('class', 'product-layout product-list col-xs-12');\n\t\t\n\t\t$('#content .product-list .product-inner').addClass('col-xs-8');\n\t\t$('#content .product-list .image').addClass('col-xs-4');\n\n\t\tlocalStorage.setItem('display', 'list');\n\t});\n    \n\t\/\/ Product Grid\n\t$('#grid-view').click(function() {\n\t\t$(this).addClass('selected');\n\t\t$('#list-view').removeClass('selected');\n\t\t\/\/ What a shame bootstrap does not take into account dynamically loaded columns\n\t\tcols = $('#column-right, #column-left').length;\n\n\t\tif (cols == 2) {\n\t\t\t$('#content .product-layout').attr('class', 'product-layout product-grid col-md-6 col-sm-6 col-xs-6 two-items');\n\t\t} else if (cols == 1) {\n\t\t\t$('#content .product-layout').attr('class', 'product-layout product-grid col-md-4 col-sm-6 col-xs-6 three-items');\n\t\t} else {\n\t\t\t$('#content .product-layout').attr('class', 'product-layout product-grid col-md-3 col-sm-6 col-xs-6 four-items');\n\t\t}\n\t\t$('#content .product-grid .product-inner').removeClass('col-xs-8');\n\t\t$('#content .product-grid .image').removeClass('col-xs-4');\n\t\t\n\n\t\tlocalStorage.setItem('display', 'grid');\n\t});\n\n\tif (localStorage.getItem('display') == 'list') {\n\t\t\n\t\t$('#list-view').trigger('click');\n\t} else {\n\t\t$('#grid-view').trigger('click');\n\t}\n<\/script>","filter_action":"https:\/\/www.sulcarautopecas.com.br.186-226-60-153.cpanel.site\/index.php?route=extension\/module\/oclayerednavigation\/category&path=136","price_action":"https:\/\/www.sulcarautopecas.com.br.186-226-60-153.cpanel.site\/index.php?route=extension\/module\/oclayerednavigation\/category&path=136","layered_html":"<div class=\"list-group\">\n            <div class=\"filter-attribute-container filter-attribute-remove-container\">\n                                                            <\/div>\n            <div class=\"filter-attribute-container filter-price\">\n                <label>PRE\u00c7O<\/label>\n                <div class=\"list-group-item\">\n                    <div class=\"filter-price\">\n                        <div id=\"slider-price\"><\/div>\n                        <div class=\"slider-values\">\n                            <span>R$<\/span>\n                            <input id=\"price-from\" disabled=\"disabled\" class=\"input-price\" type=\"text\" value=\"50\" placeholder=\"Min\" name=\"price-from\"\/> -\n                            <span>R$<\/span>\n                            <input id=\"price-to\" disabled=\"disabled\" class=\"input-price\" type=\"text\" value=\"700\" placeholder=\"Max\" name=\"price-to\" \/>\n                        <\/div>\n                    <\/div>\n                <\/div>\n            <\/div>\n                    <\/div>\n"}