{"result_html":"                <div><a href=\"https:\/\/www.sulcarautopecas.com.br.186-226-60-153.cpanel.site\/index.php?route=product\/compare\" id=\"compare-total\">Produtos para comparar (0)<\/a><\/div>\n                <div class=\"toolbar\">\n\t\t\t\t\t<div class=\"col-md-2 toolbar3 pull-left\">\n                        <div class=\"btn-group\">\n                            <button type=\"button\" id=\"list-view\" class=\"btn btn-default\"><i class=\"fa fa-th-list\"><\/i><\/button>\n                            <button type=\"button\" id=\"grid-view\" class=\"btn btn-default\"><i class=\"fa fa-th\"><\/i><\/button>\n                        <\/div>\n                    <\/div>\n                    <div class=\"col-md-2 toolbar1 pull-right\">\n                        <select id=\"input-sort\" class=\"form-control\" onchange=\"oclayerednavigationajax.filter(this.value)\">\n                                                                                    <option value=\"https:\/\/www.sulcarautopecas.com.br.186-226-60-153.cpanel.site\/index.php?route=extension\/module\/oclayerednavigation\/category&path=107&sort=p.sort_order&order=ASC\" selected=\"selected\">Organizar por:&nbsp;Padr\u00e3o<\/option>\n                                                                                                                <option value=\"https:\/\/www.sulcarautopecas.com.br.186-226-60-153.cpanel.site\/index.php?route=extension\/module\/oclayerednavigation\/category&path=107&sort=pd.name&order=ASC\">Organizar por:&nbsp;Nome (A - Z)<\/option>\n                                                                                                                <option value=\"https:\/\/www.sulcarautopecas.com.br.186-226-60-153.cpanel.site\/index.php?route=extension\/module\/oclayerednavigation\/category&path=107&sort=pd.name&order=DESC\">Organizar por:&nbsp;Nome (Z - A)<\/option>\n                                                                                                                <option value=\"https:\/\/www.sulcarautopecas.com.br.186-226-60-153.cpanel.site\/index.php?route=extension\/module\/oclayerednavigation\/category&path=107&sort=p.price&order=ASC\">Organizar por:&nbsp;Pre\u00e7o (menor &gt; maior)<\/option>\n                                                                                                                <option value=\"https:\/\/www.sulcarautopecas.com.br.186-226-60-153.cpanel.site\/index.php?route=extension\/module\/oclayerednavigation\/category&path=107&sort=p.price&order=DESC\">Organizar por:&nbsp;Pre\u00e7o (maior &gt; menor)<\/option>\n                                                                                                                <option value=\"https:\/\/www.sulcarautopecas.com.br.186-226-60-153.cpanel.site\/index.php?route=extension\/module\/oclayerednavigation\/category&path=107&sort=rating&order=DESC\">Organizar por:&nbsp;Avalia\u00e7\u00e3o (maior)<\/option>\n                                                                                                                <option value=\"https:\/\/www.sulcarautopecas.com.br.186-226-60-153.cpanel.site\/index.php?route=extension\/module\/oclayerednavigation\/category&path=107&sort=rating&order=ASC\">Organizar por:&nbsp;Avalia\u00e7\u00e3o (menor)<\/option>\n                                                                                                                <option value=\"https:\/\/www.sulcarautopecas.com.br.186-226-60-153.cpanel.site\/index.php?route=extension\/module\/oclayerednavigation\/category&path=107&sort=p.model&order=ASC\">Organizar por:&nbsp;Modelo (A - Z)<\/option>\n                                                                                                                <option value=\"https:\/\/www.sulcarautopecas.com.br.186-226-60-153.cpanel.site\/index.php?route=extension\/module\/oclayerednavigation\/category&path=107&sort=p.model&order=DESC\">Organizar por:&nbsp;Modelo (Z - A)<\/option>\n                                                                                <\/select>\n                    <\/div>\n                    <div class=\"col-md-2 toolbar2 pull-right\">\n                        <select id=\"input-limit\" class=\"form-control\" onchange=\"oclayerednavigationajax.filter(this.value)\">\n                                                                                    <option value=\"https:\/\/www.sulcarautopecas.com.br.186-226-60-153.cpanel.site\/index.php?route=extension\/module\/oclayerednavigation\/category&path=107&limit=25\">Exibir:&nbsp;25<\/option>\n                                                                                                                <option value=\"https:\/\/www.sulcarautopecas.com.br.186-226-60-153.cpanel.site\/index.php?route=extension\/module\/oclayerednavigation\/category&path=107&limit=50\">Exibir:&nbsp;50<\/option>\n                                                                                                                <option value=\"https:\/\/www.sulcarautopecas.com.br.186-226-60-153.cpanel.site\/index.php?route=extension\/module\/oclayerednavigation\/category&path=107&limit=60\" selected=\"selected\">Exibir:&nbsp;60<\/option>\n                                                                                                                <option value=\"https:\/\/www.sulcarautopecas.com.br.186-226-60-153.cpanel.site\/index.php?route=extension\/module\/oclayerednavigation\/category&path=107&limit=75\">Exibir:&nbsp;75<\/option>\n                                                                                                                <option value=\"https:\/\/www.sulcarautopecas.com.br.186-226-60-153.cpanel.site\/index.php?route=extension\/module\/oclayerednavigation\/category&path=107&limit=100\">Exibir:&nbsp;100<\/option>\n                                                                                <\/select>\n                    <\/div>\n                <\/div>\n                <div class=\"custom-products qv-wtext\">\n                    <div>\n                                            <div class=\"product-layout product-list col-xs-12\">\n                          <div class=\"product-thumb layout1\">\n\t\t\t\t\t\t\t<div class=\"image\">\n                              \t\t\t\t\t\t\t\t                              <a href=\"https:\/\/www.sulcarautopecas.com.br.186-226-60-153.cpanel.site\/macaneta\/macaneta-interna-diant-dir-kia-soul-1-6-2010-aut-a513-25079\">\n                                                              <img  src=\"image\/cache\/no_image-100x100.png\" alt=\"Ma\u00e7aneta Interna Diant Dir Kia Soul 1.6...\" \/>\n                              \t\t\t\t\t\t\t  <img  src=\"\" alt=\"Ma\u00e7aneta Interna Diant Dir Kia Soul 1.6...\" title=\"Ma\u00e7aneta Interna Diant Dir Kia Soul 1.6...\" class=\"img-responsive lazy\" \/>\n                              <\/a>\n\t\t\t\t\t\t\t  <div class=\"actions-link\">\t\t\t\t\t\t\t\t\t\n\t\t\t\t\t\t\t\t\t<a class=\"btn-wishlist\" data-toggle=\"tooltip\" title=\"Lista de desejos\" onclick=\"wishlist.add('25079');\"><i class=\"zmdi zmdi-favorite-outline\"><\/i><\/a>\t\t\t\t\t\t\t\t\t\n\t\t\t\t\t\t\t\t\t<a class=\"btn-compare\" data-toggle=\"tooltip\" title=\"Comparar\" onclick=\"compare.add('25079');\"><i class=\"zmdi zmdi-refresh-alt\"><\/i><\/a>\n\t\t\t\t\t\t\t\t<\/div>\n                            <\/div>\n                            <div class=\"product-inner\">\n                              <div class=\"product-caption\">\n\t\t\t\t\t\t\t                                <h2 class=\"product-name\"><a href=\"https:\/\/www.sulcarautopecas.com.br.186-226-60-153.cpanel.site\/macaneta\/macaneta-interna-diant-dir-kia-soul-1-6-2010-aut-a513-25079\">Ma\u00e7aneta Interna Diant Dir Kia Soul 1.6...<\/a><\/h2>\n\t\t\t\t\t\t\t                                     <div class=\"ratings\">\n                                      <div class=\"rating-box\">\n                                                                                        <div class=\"rating0\">rating<\/div>                                                                                                                                                                                                                                                                            <\/div>\n                                  <\/div>\n                              \t\t\t\t\t\t\t                                  <p class=\"price\">\n                                                                    R$100,00                                                                                                    <\/p>\n                                \t\t\t\t\t\t\t \n                              \n\t\t\t\t\t\t\t\t<p class=\"product-des\">Sulcar Auto Pe\u00e7as Blumenau\nTrabalhamos com produtos originais\nFoto reais do produto\nCalcular frete...no mercado de envios\nDemais d\u00favidas...apenas nos pergunte\nAp\u00f3s confirmar do pagamento enviamos em at\u00e9 1 dia \u00fatil\nEntregamos para todo territ\u00f3rio naci..<\/p>\n                              <div class=\"product-intro\">\n\t\t\t\t\t\t\t\t<div class=\"actions-link2\">\n\t\t\t\t\t\t\t\t\t<a class=\"btn-cart\" data-toggle=\"tooltip\" title=\"Comprar\" onclick=\"cart.add('25079');\"><span class=\"button\"><i class=\"fa fa-shopping-cart\"><\/i>Comprar<\/span><\/a>\t\t\t\t\t\t\t\t\t\n\t\t\t\t\t\t\t\t\t<a class=\"btn-wishlist\" data-toggle=\"tooltip\" title=\"Lista de desejos\" onclick=\"wishlist.add('25079');\"><i class=\"zmdi zmdi-favorite-outline\"><\/i><\/a>\t\t\t\t\t\t\t\t\t\n\t\t\t\t\t\t\t\t\t<a class=\"btn-compare\" data-toggle=\"tooltip\" title=\"Comparar\" onclick=\"compare.add('25079');\"><i class=\"zmdi zmdi-refresh-alt\"><\/i><\/a>\n\t\t\t\t\t\t\t\t<\/div>\n\t\t\t\t\t\t\t\t<\/div>\n                            <\/div>\n\t\t\t\t\t\t\t<\/div>\n                          <\/div>\n                        <\/div>\n                                            <div class=\"product-layout product-list col-xs-12\">\n                          <div class=\"product-thumb layout1\">\n\t\t\t\t\t\t\t<div class=\"image\">\n                              \t\t\t\t\t\t\t\t                              <a href=\"https:\/\/www.sulcarautopecas.com.br.186-226-60-153.cpanel.site\/macaneta\/macaneta-externa-porta-diant-esq-mitsubishi-tr4-manual-2009-21682\">\n                                                              <img  src=\"image\/cache\/no_image-100x100.png\" alt=\"Ma\u00e7aneta Externa Porta Diant Esq Mitsub...\" \/>\n                              \t\t\t\t\t\t\t  <img  src=\"\" alt=\"Ma\u00e7aneta Externa Porta Diant Esq Mitsub...\" title=\"Ma\u00e7aneta Externa Porta Diant Esq Mitsub...\" class=\"img-responsive lazy\" \/>\n                              <\/a>\n\t\t\t\t\t\t\t  <div class=\"actions-link\">\t\t\t\t\t\t\t\t\t\n\t\t\t\t\t\t\t\t\t<a class=\"btn-wishlist\" data-toggle=\"tooltip\" title=\"Lista de desejos\" onclick=\"wishlist.add('21682');\"><i class=\"zmdi zmdi-favorite-outline\"><\/i><\/a>\t\t\t\t\t\t\t\t\t\n\t\t\t\t\t\t\t\t\t<a class=\"btn-compare\" data-toggle=\"tooltip\" title=\"Comparar\" onclick=\"compare.add('21682');\"><i class=\"zmdi zmdi-refresh-alt\"><\/i><\/a>\n\t\t\t\t\t\t\t\t<\/div>\n                            <\/div>\n                            <div class=\"product-inner\">\n                              <div class=\"product-caption\">\n\t\t\t\t\t\t\t                                <h2 class=\"product-name\"><a href=\"https:\/\/www.sulcarautopecas.com.br.186-226-60-153.cpanel.site\/macaneta\/macaneta-externa-porta-diant-esq-mitsubishi-tr4-manual-2009-21682\">Ma\u00e7aneta Externa Porta Diant Esq Mitsub...<\/a><\/h2>\n\t\t\t\t\t\t\t                                     <div class=\"ratings\">\n                                      <div class=\"rating-box\">\n                                                                                        <div class=\"rating0\">rating<\/div>                                                                                                                                                                                                                                                                            <\/div>\n                                  <\/div>\n                              \t\t\t\t\t\t\t                                  <p class=\"price\">\n                                                                    R$100,00                                                                                                    <\/p>\n                                \t\t\t\t\t\t\t \n                              \n\t\t\t\t\t\t\t\t<p class=\"product-des\">Trabalhamos com produtos originais, retirados de ve\u00edculos baixados no Detran, com total proced\u00eancia e garantia.\nTodas as nossas fotos s\u00e3o reais do produto.\n\nPara calcular o frente basta aproveitar as vantagens do MERCADO ENVIOS.\nCaso o produto n\u00e3o te..<\/p>\n                              <div class=\"product-intro\">\n\t\t\t\t\t\t\t\t<div class=\"actions-link2\">\n\t\t\t\t\t\t\t\t\t<a class=\"btn-cart\" data-toggle=\"tooltip\" title=\"Comprar\" onclick=\"cart.add('21682');\"><span class=\"button\"><i class=\"fa fa-shopping-cart\"><\/i>Comprar<\/span><\/a>\t\t\t\t\t\t\t\t\t\n\t\t\t\t\t\t\t\t\t<a class=\"btn-wishlist\" data-toggle=\"tooltip\" title=\"Lista de desejos\" onclick=\"wishlist.add('21682');\"><i class=\"zmdi zmdi-favorite-outline\"><\/i><\/a>\t\t\t\t\t\t\t\t\t\n\t\t\t\t\t\t\t\t\t<a class=\"btn-compare\" data-toggle=\"tooltip\" title=\"Comparar\" onclick=\"compare.add('21682');\"><i class=\"zmdi zmdi-refresh-alt\"><\/i><\/a>\n\t\t\t\t\t\t\t\t<\/div>\n\t\t\t\t\t\t\t\t<\/div>\n                            <\/div>\n\t\t\t\t\t\t\t<\/div>\n                          <\/div>\n                        <\/div>\n                                            <div class=\"product-layout product-list col-xs-12\">\n                          <div class=\"product-thumb layout1\">\n\t\t\t\t\t\t\t<div class=\"image\">\n                              \t\t\t\t\t\t\t\t                              <a href=\"https:\/\/www.sulcarautopecas.com.br.186-226-60-153.cpanel.site\/macaneta\/macaneta-externa-dianteira-esquerda-renault-clio-2008-17195\">\n                                                              <img  src=\"image\/cache\/no_image-100x100.png\" alt=\"Ma\u00e7aneta Externa Dianteira Esquerda Ren...\" \/>\n                              \t\t\t\t\t\t\t  <img  src=\"\" alt=\"Ma\u00e7aneta Externa Dianteira Esquerda Ren...\" title=\"Ma\u00e7aneta Externa Dianteira Esquerda Ren...\" class=\"img-responsive lazy\" \/>\n                              <\/a>\n\t\t\t\t\t\t\t  <div class=\"actions-link\">\t\t\t\t\t\t\t\t\t\n\t\t\t\t\t\t\t\t\t<a class=\"btn-wishlist\" data-toggle=\"tooltip\" title=\"Lista de desejos\" onclick=\"wishlist.add('17195');\"><i class=\"zmdi zmdi-favorite-outline\"><\/i><\/a>\t\t\t\t\t\t\t\t\t\n\t\t\t\t\t\t\t\t\t<a class=\"btn-compare\" data-toggle=\"tooltip\" title=\"Comparar\" onclick=\"compare.add('17195');\"><i class=\"zmdi zmdi-refresh-alt\"><\/i><\/a>\n\t\t\t\t\t\t\t\t<\/div>\n                            <\/div>\n                            <div class=\"product-inner\">\n                              <div class=\"product-caption\">\n\t\t\t\t\t\t\t                                <h2 class=\"product-name\"><a href=\"https:\/\/www.sulcarautopecas.com.br.186-226-60-153.cpanel.site\/macaneta\/macaneta-externa-dianteira-esquerda-renault-clio-2008-17195\">Ma\u00e7aneta Externa Dianteira Esquerda Ren...<\/a><\/h2>\n\t\t\t\t\t\t\t                                     <div class=\"ratings\">\n                                      <div class=\"rating-box\">\n                                                                                        <div class=\"rating0\">rating<\/div>                                                                                                                                                                                                                                                                            <\/div>\n                                  <\/div>\n                              \t\t\t\t\t\t\t                                  <p class=\"price\">\n                                                                    R$60,00                                                                                                    <\/p>\n                                \t\t\t\t\t\t\t \n                              \n\t\t\t\t\t\t\t\t<p class=\"product-des\">Sulcar Auto Pe\u00e7as Blumenau\nTrabalhamos com produtos originais \nFoto reais do produto \nCalcular frete...no mercado de envios \nDemais d\u00favidas...apenas nos pergunte \nAp\u00f3s confirmar do pagamento enviamos em at\u00e9 1 dia \u00fatil \nEntregamos para todo territ\u00f3rio..<\/p>\n                              <div class=\"product-intro\">\n\t\t\t\t\t\t\t\t<div class=\"actions-link2\">\n\t\t\t\t\t\t\t\t\t<a class=\"btn-cart\" data-toggle=\"tooltip\" title=\"Comprar\" onclick=\"cart.add('17195');\"><span class=\"button\"><i class=\"fa fa-shopping-cart\"><\/i>Comprar<\/span><\/a>\t\t\t\t\t\t\t\t\t\n\t\t\t\t\t\t\t\t\t<a class=\"btn-wishlist\" data-toggle=\"tooltip\" title=\"Lista de desejos\" onclick=\"wishlist.add('17195');\"><i class=\"zmdi zmdi-favorite-outline\"><\/i><\/a>\t\t\t\t\t\t\t\t\t\n\t\t\t\t\t\t\t\t\t<a class=\"btn-compare\" data-toggle=\"tooltip\" title=\"Comparar\" onclick=\"compare.add('17195');\"><i class=\"zmdi zmdi-refresh-alt\"><\/i><\/a>\n\t\t\t\t\t\t\t\t<\/div>\n\t\t\t\t\t\t\t\t<\/div>\n                            <\/div>\n\t\t\t\t\t\t\t<\/div>\n                          <\/div>\n                        <\/div>\n                                            <div class=\"product-layout product-list col-xs-12\">\n                          <div class=\"product-thumb layout1\">\n\t\t\t\t\t\t\t<div class=\"image\">\n                              \t\t\t\t\t\t\t\t                              <a href=\"https:\/\/www.sulcarautopecas.com.br.186-226-60-153.cpanel.site\/macaneta\/macaneta-interna-porta-tras-dir-renault-logan-2008-32146\">\n                                                              <img  src=\"image\/cache\/no_image-100x100.png\" alt=\"Ma\u00e7aneta Interna Porta Tras Dir Renault...\" \/>\n                              \t\t\t\t\t\t\t  <img  src=\"\" alt=\"Ma\u00e7aneta Interna Porta Tras Dir Renault...\" title=\"Ma\u00e7aneta Interna Porta Tras Dir Renault...\" class=\"img-responsive lazy\" \/>\n                              <\/a>\n\t\t\t\t\t\t\t  <div class=\"actions-link\">\t\t\t\t\t\t\t\t\t\n\t\t\t\t\t\t\t\t\t<a class=\"btn-wishlist\" data-toggle=\"tooltip\" title=\"Lista de desejos\" onclick=\"wishlist.add('32146');\"><i class=\"zmdi zmdi-favorite-outline\"><\/i><\/a>\t\t\t\t\t\t\t\t\t\n\t\t\t\t\t\t\t\t\t<a class=\"btn-compare\" data-toggle=\"tooltip\" title=\"Comparar\" onclick=\"compare.add('32146');\"><i class=\"zmdi zmdi-refresh-alt\"><\/i><\/a>\n\t\t\t\t\t\t\t\t<\/div>\n                            <\/div>\n                            <div class=\"product-inner\">\n                              <div class=\"product-caption\">\n\t\t\t\t\t\t\t                                <h2 class=\"product-name\"><a href=\"https:\/\/www.sulcarautopecas.com.br.186-226-60-153.cpanel.site\/macaneta\/macaneta-interna-porta-tras-dir-renault-logan-2008-32146\">Ma\u00e7aneta Interna Porta Tras Dir Renault...<\/a><\/h2>\n\t\t\t\t\t\t\t                                     <div class=\"ratings\">\n                                      <div class=\"rating-box\">\n                                                                                        <div class=\"rating0\">rating<\/div>                                                                                                                                                                                                                                                                            <\/div>\n                                  <\/div>\n                              \t\t\t\t\t\t\t                                  <p class=\"price\">\n                                                                    R$30,00                                                                                                    <\/p>\n                                \t\t\t\t\t\t\t \n                              \n\t\t\t\t\t\t\t\t<p class=\"product-des\">*Sulcar Auto Pe\u00e7as Blumenau.\n*Trabalhamos com produtos originais.\n*Foto reais do produto.\n*Calcular frete em mercado envios,caso tenha nos pergunte.\n*Demais D\u00favidas apenas nos pergunte.\n*Ap\u00f3s confirma\u00e7\u00e3o do pagamento enviamos em at\u00e9 1 dia \u00fatil.\n*Entr..<\/p>\n                              <div class=\"product-intro\">\n\t\t\t\t\t\t\t\t<div class=\"actions-link2\">\n\t\t\t\t\t\t\t\t\t<a class=\"btn-cart\" data-toggle=\"tooltip\" title=\"Comprar\" onclick=\"cart.add('32146');\"><span class=\"button\"><i class=\"fa fa-shopping-cart\"><\/i>Comprar<\/span><\/a>\t\t\t\t\t\t\t\t\t\n\t\t\t\t\t\t\t\t\t<a class=\"btn-wishlist\" data-toggle=\"tooltip\" title=\"Lista de desejos\" onclick=\"wishlist.add('32146');\"><i class=\"zmdi zmdi-favorite-outline\"><\/i><\/a>\t\t\t\t\t\t\t\t\t\n\t\t\t\t\t\t\t\t\t<a class=\"btn-compare\" data-toggle=\"tooltip\" title=\"Comparar\" onclick=\"compare.add('32146');\"><i class=\"zmdi zmdi-refresh-alt\"><\/i><\/a>\n\t\t\t\t\t\t\t\t<\/div>\n\t\t\t\t\t\t\t\t<\/div>\n                            <\/div>\n\t\t\t\t\t\t\t<\/div>\n                          <\/div>\n                        <\/div>\n                                            <div class=\"product-layout product-list col-xs-12\">\n                          <div class=\"product-thumb layout1\">\n\t\t\t\t\t\t\t<div class=\"image\">\n                              \t\t\t\t\t\t\t\t                              <a href=\"https:\/\/www.sulcarautopecas.com.br.186-226-60-153.cpanel.site\/macaneta\/macaneta-externa-traseira-direita-do-nissan-tiida-2012-11666\">\n                                                              <img  src=\"image\/cache\/no_image-100x100.png\" alt=\"Ma\u00e7aneta Externa Traseira Direita Do Ni...\" \/>\n                              \t\t\t\t\t\t\t  <img  src=\"\" alt=\"Ma\u00e7aneta Externa Traseira Direita Do Ni...\" title=\"Ma\u00e7aneta Externa Traseira Direita Do Ni...\" class=\"img-responsive lazy\" \/>\n                              <\/a>\n\t\t\t\t\t\t\t  <div class=\"actions-link\">\t\t\t\t\t\t\t\t\t\n\t\t\t\t\t\t\t\t\t<a class=\"btn-wishlist\" data-toggle=\"tooltip\" title=\"Lista de desejos\" onclick=\"wishlist.add('11666');\"><i class=\"zmdi zmdi-favorite-outline\"><\/i><\/a>\t\t\t\t\t\t\t\t\t\n\t\t\t\t\t\t\t\t\t<a class=\"btn-compare\" data-toggle=\"tooltip\" title=\"Comparar\" onclick=\"compare.add('11666');\"><i class=\"zmdi zmdi-refresh-alt\"><\/i><\/a>\n\t\t\t\t\t\t\t\t<\/div>\n                            <\/div>\n                            <div class=\"product-inner\">\n                              <div class=\"product-caption\">\n\t\t\t\t\t\t\t                                <h2 class=\"product-name\"><a href=\"https:\/\/www.sulcarautopecas.com.br.186-226-60-153.cpanel.site\/macaneta\/macaneta-externa-traseira-direita-do-nissan-tiida-2012-11666\">Ma\u00e7aneta Externa Traseira Direita Do Ni...<\/a><\/h2>\n\t\t\t\t\t\t\t                                     <div class=\"ratings\">\n                                      <div class=\"rating-box\">\n                                                                                        <div class=\"rating0\">rating<\/div>                                                                                                                                                                                                                                                                            <\/div>\n                                  <\/div>\n                              \t\t\t\t\t\t\t                                  <p class=\"price\">\n                                                                    R$100,00                                                                                                    <\/p>\n                                \t\t\t\t\t\t\t \n                              \n\t\t\t\t\t\t\t\t<p class=\"product-des\">..<\/p>\n                              <div class=\"product-intro\">\n\t\t\t\t\t\t\t\t<div class=\"actions-link2\">\n\t\t\t\t\t\t\t\t\t<a class=\"btn-cart\" data-toggle=\"tooltip\" title=\"Comprar\" onclick=\"cart.add('11666');\"><span class=\"button\"><i class=\"fa fa-shopping-cart\"><\/i>Comprar<\/span><\/a>\t\t\t\t\t\t\t\t\t\n\t\t\t\t\t\t\t\t\t<a class=\"btn-wishlist\" data-toggle=\"tooltip\" title=\"Lista de desejos\" onclick=\"wishlist.add('11666');\"><i class=\"zmdi zmdi-favorite-outline\"><\/i><\/a>\t\t\t\t\t\t\t\t\t\n\t\t\t\t\t\t\t\t\t<a class=\"btn-compare\" data-toggle=\"tooltip\" title=\"Comparar\" onclick=\"compare.add('11666');\"><i class=\"zmdi zmdi-refresh-alt\"><\/i><\/a>\n\t\t\t\t\t\t\t\t<\/div>\n\t\t\t\t\t\t\t\t<\/div>\n                            <\/div>\n\t\t\t\t\t\t\t<\/div>\n                          <\/div>\n                        <\/div>\n                                            <div class=\"product-layout product-list col-xs-12\">\n                          <div class=\"product-thumb layout1\">\n\t\t\t\t\t\t\t<div class=\"image\">\n                              \t\t\t\t\t\t\t\t                              <a href=\"https:\/\/www.sulcarautopecas.com.br.186-226-60-153.cpanel.site\/macaneta\/macaneta-interna-diant-esquerda-jac-t5-2017-a4634-28940\">\n                                                              <img  src=\"image\/cache\/no_image-100x100.png\" alt=\"Ma\u00e7aneta Interna Diant Esquerda Jac T5 ...\" \/>\n                              \t\t\t\t\t\t\t  <img  src=\"\" alt=\"Ma\u00e7aneta Interna Diant Esquerda Jac T5 ...\" title=\"Ma\u00e7aneta Interna Diant Esquerda Jac T5 ...\" class=\"img-responsive lazy\" \/>\n                              <\/a>\n\t\t\t\t\t\t\t  <div class=\"actions-link\">\t\t\t\t\t\t\t\t\t\n\t\t\t\t\t\t\t\t\t<a class=\"btn-wishlist\" data-toggle=\"tooltip\" title=\"Lista de desejos\" onclick=\"wishlist.add('28940');\"><i class=\"zmdi zmdi-favorite-outline\"><\/i><\/a>\t\t\t\t\t\t\t\t\t\n\t\t\t\t\t\t\t\t\t<a class=\"btn-compare\" data-toggle=\"tooltip\" title=\"Comparar\" onclick=\"compare.add('28940');\"><i class=\"zmdi zmdi-refresh-alt\"><\/i><\/a>\n\t\t\t\t\t\t\t\t<\/div>\n                            <\/div>\n                            <div class=\"product-inner\">\n                              <div class=\"product-caption\">\n\t\t\t\t\t\t\t                                <h2 class=\"product-name\"><a href=\"https:\/\/www.sulcarautopecas.com.br.186-226-60-153.cpanel.site\/macaneta\/macaneta-interna-diant-esquerda-jac-t5-2017-a4634-28940\">Ma\u00e7aneta Interna Diant Esquerda Jac T5 ...<\/a><\/h2>\n\t\t\t\t\t\t\t                                     <div class=\"ratings\">\n                                      <div class=\"rating-box\">\n                                                                                        <div class=\"rating0\">rating<\/div>                                                                                                                                                                                                                                                                            <\/div>\n                                  <\/div>\n                              \t\t\t\t\t\t\t                                  <p class=\"price\">\n                                                                    R$130,00                                                                                                    <\/p>\n                                \t\t\t\t\t\t\t \n                              \n\t\t\t\t\t\t\t\t<p class=\"product-des\">Sulcar Auto Pe\u00e7as Blumenau\nTrabalhamos com produtos originais\nFoto reais do produto\nCalcular frete...no mercado de envios\nDemais d\u00favidas...apenas nos pergunte\nAp\u00f3s confirmar do pagamento enviamos em at\u00e9 1 dia \u00fatil\nEntregamos para todo territ\u00f3rio naci..<\/p>\n                              <div class=\"product-intro\">\n\t\t\t\t\t\t\t\t<div class=\"actions-link2\">\n\t\t\t\t\t\t\t\t\t<a class=\"btn-cart\" data-toggle=\"tooltip\" title=\"Comprar\" onclick=\"cart.add('28940');\"><span class=\"button\"><i class=\"fa fa-shopping-cart\"><\/i>Comprar<\/span><\/a>\t\t\t\t\t\t\t\t\t\n\t\t\t\t\t\t\t\t\t<a class=\"btn-wishlist\" data-toggle=\"tooltip\" title=\"Lista de desejos\" onclick=\"wishlist.add('28940');\"><i class=\"zmdi zmdi-favorite-outline\"><\/i><\/a>\t\t\t\t\t\t\t\t\t\n\t\t\t\t\t\t\t\t\t<a class=\"btn-compare\" data-toggle=\"tooltip\" title=\"Comparar\" onclick=\"compare.add('28940');\"><i class=\"zmdi zmdi-refresh-alt\"><\/i><\/a>\n\t\t\t\t\t\t\t\t<\/div>\n\t\t\t\t\t\t\t\t<\/div>\n                            <\/div>\n\t\t\t\t\t\t\t<\/div>\n                          <\/div>\n                        <\/div>\n                                            <div class=\"product-layout product-list col-xs-12\">\n                          <div class=\"product-thumb layout1\">\n\t\t\t\t\t\t\t<div class=\"image\">\n                              \t\t\t\t\t\t\t\t                              <a href=\"https:\/\/www.sulcarautopecas.com.br.186-226-60-153.cpanel.site\/macaneta\/macaneta-externa-porta-tras-esq-jeep-renegade-2021-a1423-25960\">\n                                                              <img  src=\"image\/cache\/no_image-100x100.png\" alt=\"Ma\u00e7aneta Externa Porta Tras Esq Jeep Re...\" \/>\n                              \t\t\t\t\t\t\t  <img  src=\"\" alt=\"Ma\u00e7aneta Externa Porta Tras Esq Jeep Re...\" title=\"Ma\u00e7aneta Externa Porta Tras Esq Jeep Re...\" class=\"img-responsive lazy\" \/>\n                              <\/a>\n\t\t\t\t\t\t\t  <div class=\"actions-link\">\t\t\t\t\t\t\t\t\t\n\t\t\t\t\t\t\t\t\t<a class=\"btn-wishlist\" data-toggle=\"tooltip\" title=\"Lista de desejos\" onclick=\"wishlist.add('25960');\"><i class=\"zmdi zmdi-favorite-outline\"><\/i><\/a>\t\t\t\t\t\t\t\t\t\n\t\t\t\t\t\t\t\t\t<a class=\"btn-compare\" data-toggle=\"tooltip\" title=\"Comparar\" onclick=\"compare.add('25960');\"><i class=\"zmdi zmdi-refresh-alt\"><\/i><\/a>\n\t\t\t\t\t\t\t\t<\/div>\n                            <\/div>\n                            <div class=\"product-inner\">\n                              <div class=\"product-caption\">\n\t\t\t\t\t\t\t                                <h2 class=\"product-name\"><a href=\"https:\/\/www.sulcarautopecas.com.br.186-226-60-153.cpanel.site\/macaneta\/macaneta-externa-porta-tras-esq-jeep-renegade-2021-a1423-25960\">Ma\u00e7aneta Externa Porta Tras Esq Jeep Re...<\/a><\/h2>\n\t\t\t\t\t\t\t                                     <div class=\"ratings\">\n                                      <div class=\"rating-box\">\n                                                                                        <div class=\"rating0\">rating<\/div>                                                                                                                                                                                                                                                                            <\/div>\n                                  <\/div>\n                              \t\t\t\t\t\t\t                                  <p class=\"price\">\n                                                                    R$150,00                                                                                                    <\/p>\n                                \t\t\t\t\t\t\t \n                              \n\t\t\t\t\t\t\t\t<p class=\"product-des\">Sulcar Auto Pe\u00e7as Blumenau.\nTrabalhamos com pe\u00e7as originais.\nFoto reais do produto.\nCalcule frente\u2026no mercado de envios.\nDemais d\u00favida nos pergunte.\nAp\u00f3s confirma\u00e7\u00e3o do pagamento,enviamos em at\u00e9 1 dia \u00fatil.\nEntregamos para todo pa\u00eds com qualidade e s..<\/p>\n                              <div class=\"product-intro\">\n\t\t\t\t\t\t\t\t<div class=\"actions-link2\">\n\t\t\t\t\t\t\t\t\t<a class=\"btn-cart\" data-toggle=\"tooltip\" title=\"Comprar\" onclick=\"cart.add('25960');\"><span class=\"button\"><i class=\"fa fa-shopping-cart\"><\/i>Comprar<\/span><\/a>\t\t\t\t\t\t\t\t\t\n\t\t\t\t\t\t\t\t\t<a class=\"btn-wishlist\" data-toggle=\"tooltip\" title=\"Lista de desejos\" onclick=\"wishlist.add('25960');\"><i class=\"zmdi zmdi-favorite-outline\"><\/i><\/a>\t\t\t\t\t\t\t\t\t\n\t\t\t\t\t\t\t\t\t<a class=\"btn-compare\" data-toggle=\"tooltip\" title=\"Comparar\" onclick=\"compare.add('25960');\"><i class=\"zmdi zmdi-refresh-alt\"><\/i><\/a>\n\t\t\t\t\t\t\t\t<\/div>\n\t\t\t\t\t\t\t\t<\/div>\n                            <\/div>\n\t\t\t\t\t\t\t<\/div>\n                          <\/div>\n                        <\/div>\n                                            <div class=\"product-layout product-list col-xs-12\">\n                          <div class=\"product-thumb layout1\">\n\t\t\t\t\t\t\t<div class=\"image\">\n                              \t\t\t\t\t\t\t\t                              <a href=\"https:\/\/www.sulcarautopecas.com.br.186-226-60-153.cpanel.site\/macaneta\/macaneta-interna-porta-tras-esquerda-ford-new-fiesta-2011-22620\">\n                                                              <img  src=\"image\/cache\/no_image-100x100.png\" alt=\"Ma\u00e7aneta Interna Porta Tras Esquerda Fo...\" \/>\n                              \t\t\t\t\t\t\t  <img  src=\"\" alt=\"Ma\u00e7aneta Interna Porta Tras Esquerda Fo...\" title=\"Ma\u00e7aneta Interna Porta Tras Esquerda Fo...\" class=\"img-responsive lazy\" \/>\n                              <\/a>\n\t\t\t\t\t\t\t  <div class=\"actions-link\">\t\t\t\t\t\t\t\t\t\n\t\t\t\t\t\t\t\t\t<a class=\"btn-wishlist\" data-toggle=\"tooltip\" title=\"Lista de desejos\" onclick=\"wishlist.add('22620');\"><i class=\"zmdi zmdi-favorite-outline\"><\/i><\/a>\t\t\t\t\t\t\t\t\t\n\t\t\t\t\t\t\t\t\t<a class=\"btn-compare\" data-toggle=\"tooltip\" title=\"Comparar\" onclick=\"compare.add('22620');\"><i class=\"zmdi zmdi-refresh-alt\"><\/i><\/a>\n\t\t\t\t\t\t\t\t<\/div>\n                            <\/div>\n                            <div class=\"product-inner\">\n                              <div class=\"product-caption\">\n\t\t\t\t\t\t\t                                <h2 class=\"product-name\"><a href=\"https:\/\/www.sulcarautopecas.com.br.186-226-60-153.cpanel.site\/macaneta\/macaneta-interna-porta-tras-esquerda-ford-new-fiesta-2011-22620\">Ma\u00e7aneta Interna Porta Tras Esquerda Fo...<\/a><\/h2>\n\t\t\t\t\t\t\t                                     <div class=\"ratings\">\n                                      <div class=\"rating-box\">\n                                                                                        <div class=\"rating0\">rating<\/div>                                                                                                                                                                                                                                                                            <\/div>\n                                  <\/div>\n                              \t\t\t\t\t\t\t                                  <p class=\"price\">\n                                                                    R$45,00                                                                                                    <\/p>\n                                \t\t\t\t\t\t\t \n                              \n\t\t\t\t\t\t\t\t<p class=\"product-des\">Trabalhamos com produtos originais, retirados de ve\u00edculos baixados no Detran, com total proced\u00eancia e garantia.\nTodas as nossas fotos s\u00e3o reais do produto.\n\nPara calcular o frente basta aproveitar as vantagens do MERCADO ENVIOS.\nCaso o produto n\u00e3o te..<\/p>\n                              <div class=\"product-intro\">\n\t\t\t\t\t\t\t\t<div class=\"actions-link2\">\n\t\t\t\t\t\t\t\t\t<a class=\"btn-cart\" data-toggle=\"tooltip\" title=\"Comprar\" onclick=\"cart.add('22620');\"><span class=\"button\"><i class=\"fa fa-shopping-cart\"><\/i>Comprar<\/span><\/a>\t\t\t\t\t\t\t\t\t\n\t\t\t\t\t\t\t\t\t<a class=\"btn-wishlist\" data-toggle=\"tooltip\" title=\"Lista de desejos\" onclick=\"wishlist.add('22620');\"><i class=\"zmdi zmdi-favorite-outline\"><\/i><\/a>\t\t\t\t\t\t\t\t\t\n\t\t\t\t\t\t\t\t\t<a class=\"btn-compare\" data-toggle=\"tooltip\" title=\"Comparar\" onclick=\"compare.add('22620');\"><i class=\"zmdi zmdi-refresh-alt\"><\/i><\/a>\n\t\t\t\t\t\t\t\t<\/div>\n\t\t\t\t\t\t\t\t<\/div>\n                            <\/div>\n\t\t\t\t\t\t\t<\/div>\n                          <\/div>\n                        <\/div>\n                                            <div class=\"product-layout product-list col-xs-12\">\n                          <div class=\"product-thumb layout1\">\n\t\t\t\t\t\t\t<div class=\"image\">\n                              \t\t\t\t\t\t\t\t                              <a href=\"https:\/\/www.sulcarautopecas.com.br.186-226-60-153.cpanel.site\/macaneta\/macaneta-interna-traseira-direita-hyundai-creta-2019-18554\">\n                                                              <img  src=\"image\/cache\/no_image-100x100.png\" alt=\"Ma\u00e7aneta Interna Traseira Direita Hyund...\" \/>\n                              \t\t\t\t\t\t\t  <img  src=\"\" alt=\"Ma\u00e7aneta Interna Traseira Direita Hyund...\" title=\"Ma\u00e7aneta Interna Traseira Direita Hyund...\" class=\"img-responsive lazy\" \/>\n                              <\/a>\n\t\t\t\t\t\t\t  <div class=\"actions-link\">\t\t\t\t\t\t\t\t\t\n\t\t\t\t\t\t\t\t\t<a class=\"btn-wishlist\" data-toggle=\"tooltip\" title=\"Lista de desejos\" onclick=\"wishlist.add('18554');\"><i class=\"zmdi zmdi-favorite-outline\"><\/i><\/a>\t\t\t\t\t\t\t\t\t\n\t\t\t\t\t\t\t\t\t<a class=\"btn-compare\" data-toggle=\"tooltip\" title=\"Comparar\" onclick=\"compare.add('18554');\"><i class=\"zmdi zmdi-refresh-alt\"><\/i><\/a>\n\t\t\t\t\t\t\t\t<\/div>\n                            <\/div>\n                            <div class=\"product-inner\">\n                              <div class=\"product-caption\">\n\t\t\t\t\t\t\t                                <h2 class=\"product-name\"><a href=\"https:\/\/www.sulcarautopecas.com.br.186-226-60-153.cpanel.site\/macaneta\/macaneta-interna-traseira-direita-hyundai-creta-2019-18554\">Ma\u00e7aneta Interna Traseira Direita Hyund...<\/a><\/h2>\n\t\t\t\t\t\t\t                                     <div class=\"ratings\">\n                                      <div class=\"rating-box\">\n                                                                                        <div class=\"rating0\">rating<\/div>                                                                                                                                                                                                                                                                            <\/div>\n                                  <\/div>\n                              \t\t\t\t\t\t\t                                  <p class=\"price\">\n                                                                    R$60,00                                                                                                    <\/p>\n                                \t\t\t\t\t\t\t \n                              \n\t\t\t\t\t\t\t\t<p class=\"product-des\">Sulcar Auto Pe\u00e7as Blumenau\nTrabalhamos com produtos originais \nFoto reais do produto \nCalcular frete...no mercado de envios \nDemais d\u00favidas...apenas nos pergunte \nAp\u00f3s confirmar do pagamento enviamos em at\u00e9 1 dia \u00fatil \nEntregamos para todo territ\u00f3rio..<\/p>\n                              <div class=\"product-intro\">\n\t\t\t\t\t\t\t\t<div class=\"actions-link2\">\n\t\t\t\t\t\t\t\t\t<a class=\"btn-cart\" data-toggle=\"tooltip\" title=\"Comprar\" onclick=\"cart.add('18554');\"><span class=\"button\"><i class=\"fa fa-shopping-cart\"><\/i>Comprar<\/span><\/a>\t\t\t\t\t\t\t\t\t\n\t\t\t\t\t\t\t\t\t<a class=\"btn-wishlist\" data-toggle=\"tooltip\" title=\"Lista de desejos\" onclick=\"wishlist.add('18554');\"><i class=\"zmdi zmdi-favorite-outline\"><\/i><\/a>\t\t\t\t\t\t\t\t\t\n\t\t\t\t\t\t\t\t\t<a class=\"btn-compare\" data-toggle=\"tooltip\" title=\"Comparar\" onclick=\"compare.add('18554');\"><i class=\"zmdi zmdi-refresh-alt\"><\/i><\/a>\n\t\t\t\t\t\t\t\t<\/div>\n\t\t\t\t\t\t\t\t<\/div>\n                            <\/div>\n\t\t\t\t\t\t\t<\/div>\n                          <\/div>\n                        <\/div>\n                                            <div class=\"product-layout product-list col-xs-12\">\n                          <div class=\"product-thumb layout1\">\n\t\t\t\t\t\t\t<div class=\"image\">\n                              \t\t\t\t\t\t\t\t                              <a href=\"https:\/\/www.sulcarautopecas.com.br.186-226-60-153.cpanel.site\/macaneta\/macaneta-externa-porta-diant-esq-asx-2011-detalhe-32792\">\n                                                              <img  src=\"image\/cache\/no_image-100x100.png\" alt=\"Ma\u00e7aneta Externa Porta Diant Esq Asx 20...\" \/>\n                              \t\t\t\t\t\t\t  <img  src=\"\" alt=\"Ma\u00e7aneta Externa Porta Diant Esq Asx 20...\" title=\"Ma\u00e7aneta Externa Porta Diant Esq Asx 20...\" class=\"img-responsive lazy\" \/>\n                              <\/a>\n\t\t\t\t\t\t\t  <div class=\"actions-link\">\t\t\t\t\t\t\t\t\t\n\t\t\t\t\t\t\t\t\t<a class=\"btn-wishlist\" data-toggle=\"tooltip\" title=\"Lista de desejos\" onclick=\"wishlist.add('32792');\"><i class=\"zmdi zmdi-favorite-outline\"><\/i><\/a>\t\t\t\t\t\t\t\t\t\n\t\t\t\t\t\t\t\t\t<a class=\"btn-compare\" data-toggle=\"tooltip\" title=\"Comparar\" onclick=\"compare.add('32792');\"><i class=\"zmdi zmdi-refresh-alt\"><\/i><\/a>\n\t\t\t\t\t\t\t\t<\/div>\n                            <\/div>\n                            <div class=\"product-inner\">\n                              <div class=\"product-caption\">\n\t\t\t\t\t\t\t                                <h2 class=\"product-name\"><a href=\"https:\/\/www.sulcarautopecas.com.br.186-226-60-153.cpanel.site\/macaneta\/macaneta-externa-porta-diant-esq-asx-2011-detalhe-32792\">Ma\u00e7aneta Externa Porta Diant Esq Asx 20...<\/a><\/h2>\n\t\t\t\t\t\t\t                                     <div class=\"ratings\">\n                                      <div class=\"rating-box\">\n                                                                                        <div class=\"rating0\">rating<\/div>                                                                                                                                                                                                                                                                            <\/div>\n                                  <\/div>\n                              \t\t\t\t\t\t\t                                  <p class=\"price\">\n                                                                    R$90,00                                                                                                    <\/p>\n                                \t\t\t\t\t\t\t \n                              \n\t\t\t\t\t\t\t\t<p class=\"product-des\">*Sulcar Auto Pe\u00e7as Blumenau.\n*Trabalhamos com produtos originais.\n*Foto reais do produto.\n*Calcular frete em mercado envios,caso tenha nos pergunte.\n*Demais D\u00favidas apenas nos pergunte.\n*Ap\u00f3s confirma\u00e7\u00e3o do pagamento enviamos em at\u00e9 1 dia \u00fatil.\n*Entr..<\/p>\n                              <div class=\"product-intro\">\n\t\t\t\t\t\t\t\t<div class=\"actions-link2\">\n\t\t\t\t\t\t\t\t\t<a class=\"btn-cart\" data-toggle=\"tooltip\" title=\"Comprar\" onclick=\"cart.add('32792');\"><span class=\"button\"><i class=\"fa fa-shopping-cart\"><\/i>Comprar<\/span><\/a>\t\t\t\t\t\t\t\t\t\n\t\t\t\t\t\t\t\t\t<a class=\"btn-wishlist\" data-toggle=\"tooltip\" title=\"Lista de desejos\" onclick=\"wishlist.add('32792');\"><i class=\"zmdi zmdi-favorite-outline\"><\/i><\/a>\t\t\t\t\t\t\t\t\t\n\t\t\t\t\t\t\t\t\t<a class=\"btn-compare\" data-toggle=\"tooltip\" title=\"Comparar\" onclick=\"compare.add('32792');\"><i class=\"zmdi zmdi-refresh-alt\"><\/i><\/a>\n\t\t\t\t\t\t\t\t<\/div>\n\t\t\t\t\t\t\t\t<\/div>\n                            <\/div>\n\t\t\t\t\t\t\t<\/div>\n                          <\/div>\n                        <\/div>\n                                            <div class=\"product-layout product-list col-xs-12\">\n                          <div class=\"product-thumb layout1\">\n\t\t\t\t\t\t\t<div class=\"image\">\n                              \t\t\t\t\t\t\t\t                              <a href=\"https:\/\/www.sulcarautopecas.com.br.186-226-60-153.cpanel.site\/macaneta\/macaneta-interna-tras-esq-duster-1-3-turbo-2023-a5164-29465\">\n                                                              <img  src=\"image\/cache\/no_image-100x100.png\" alt=\"Ma\u00e7aneta Interna Tras Esq Duster 1.3 Tu...\" \/>\n                              \t\t\t\t\t\t\t  <img  src=\"\" alt=\"Ma\u00e7aneta Interna Tras Esq Duster 1.3 Tu...\" title=\"Ma\u00e7aneta Interna Tras Esq Duster 1.3 Tu...\" class=\"img-responsive lazy\" \/>\n                              <\/a>\n\t\t\t\t\t\t\t  <div class=\"actions-link\">\t\t\t\t\t\t\t\t\t\n\t\t\t\t\t\t\t\t\t<a class=\"btn-wishlist\" data-toggle=\"tooltip\" title=\"Lista de desejos\" onclick=\"wishlist.add('29465');\"><i class=\"zmdi zmdi-favorite-outline\"><\/i><\/a>\t\t\t\t\t\t\t\t\t\n\t\t\t\t\t\t\t\t\t<a class=\"btn-compare\" data-toggle=\"tooltip\" title=\"Comparar\" onclick=\"compare.add('29465');\"><i class=\"zmdi zmdi-refresh-alt\"><\/i><\/a>\n\t\t\t\t\t\t\t\t<\/div>\n                            <\/div>\n                            <div class=\"product-inner\">\n                              <div class=\"product-caption\">\n\t\t\t\t\t\t\t                                <h2 class=\"product-name\"><a href=\"https:\/\/www.sulcarautopecas.com.br.186-226-60-153.cpanel.site\/macaneta\/macaneta-interna-tras-esq-duster-1-3-turbo-2023-a5164-29465\">Ma\u00e7aneta Interna Tras Esq Duster 1.3 Tu...<\/a><\/h2>\n\t\t\t\t\t\t\t                                     <div class=\"ratings\">\n                                      <div class=\"rating-box\">\n                                                                                        <div class=\"rating0\">rating<\/div>                                                                                                                                                                                                                                                                            <\/div>\n                                  <\/div>\n                              \t\t\t\t\t\t\t                                  <p class=\"price\">\n                                                                    R$100,00                                                                                                    <\/p>\n                                \t\t\t\t\t\t\t \n                              \n\t\t\t\t\t\t\t\t<p class=\"product-des\">Sulcar Auto Pe\u00e7as Blumenau\nTrabalhamos com produtos originais\nFoto reais do produto\nCalcular frete...no mercado de envios\nDemais d\u00favidas...apenas nos pergunte\nAp\u00f3s confirmar do pagamento enviamos em at\u00e9 1 dia \u00fatil\nEntregamos para todo territ\u00f3rio naci..<\/p>\n                              <div class=\"product-intro\">\n\t\t\t\t\t\t\t\t<div class=\"actions-link2\">\n\t\t\t\t\t\t\t\t\t<a class=\"btn-cart\" data-toggle=\"tooltip\" title=\"Comprar\" onclick=\"cart.add('29465');\"><span class=\"button\"><i class=\"fa fa-shopping-cart\"><\/i>Comprar<\/span><\/a>\t\t\t\t\t\t\t\t\t\n\t\t\t\t\t\t\t\t\t<a class=\"btn-wishlist\" data-toggle=\"tooltip\" title=\"Lista de desejos\" onclick=\"wishlist.add('29465');\"><i class=\"zmdi zmdi-favorite-outline\"><\/i><\/a>\t\t\t\t\t\t\t\t\t\n\t\t\t\t\t\t\t\t\t<a class=\"btn-compare\" data-toggle=\"tooltip\" title=\"Comparar\" onclick=\"compare.add('29465');\"><i class=\"zmdi zmdi-refresh-alt\"><\/i><\/a>\n\t\t\t\t\t\t\t\t<\/div>\n\t\t\t\t\t\t\t\t<\/div>\n                            <\/div>\n\t\t\t\t\t\t\t<\/div>\n                          <\/div>\n                        <\/div>\n                                            <div class=\"product-layout product-list col-xs-12\">\n                          <div class=\"product-thumb layout1\">\n\t\t\t\t\t\t\t<div class=\"image\">\n                              \t\t\t\t\t\t\t\t                              <a href=\"https:\/\/www.sulcarautopecas.com.br.186-226-60-153.cpanel.site\/macaneta\/acabamento-macaneta-interna-tras-esq-jeep-renegade-20-a4949-29254\">\n                                                              <img  src=\"image\/cache\/no_image-100x100.png\" alt=\"Acabamento Ma\u00e7aneta Interna Tras Esq Je...\" \/>\n                              \t\t\t\t\t\t\t  <img  src=\"\" alt=\"Acabamento Ma\u00e7aneta Interna Tras Esq Je...\" title=\"Acabamento Ma\u00e7aneta Interna Tras Esq Je...\" class=\"img-responsive lazy\" \/>\n                              <\/a>\n\t\t\t\t\t\t\t  <div class=\"actions-link\">\t\t\t\t\t\t\t\t\t\n\t\t\t\t\t\t\t\t\t<a class=\"btn-wishlist\" data-toggle=\"tooltip\" title=\"Lista de desejos\" onclick=\"wishlist.add('29254');\"><i class=\"zmdi zmdi-favorite-outline\"><\/i><\/a>\t\t\t\t\t\t\t\t\t\n\t\t\t\t\t\t\t\t\t<a class=\"btn-compare\" data-toggle=\"tooltip\" title=\"Comparar\" onclick=\"compare.add('29254');\"><i class=\"zmdi zmdi-refresh-alt\"><\/i><\/a>\n\t\t\t\t\t\t\t\t<\/div>\n                            <\/div>\n                            <div class=\"product-inner\">\n                              <div class=\"product-caption\">\n\t\t\t\t\t\t\t                                <h2 class=\"product-name\"><a href=\"https:\/\/www.sulcarautopecas.com.br.186-226-60-153.cpanel.site\/macaneta\/acabamento-macaneta-interna-tras-esq-jeep-renegade-20-a4949-29254\">Acabamento Ma\u00e7aneta Interna Tras Esq Je...<\/a><\/h2>\n\t\t\t\t\t\t\t                                     <div class=\"ratings\">\n                                      <div class=\"rating-box\">\n                                                                                        <div class=\"rating0\">rating<\/div>                                                                                                                                                                                                                                                                            <\/div>\n                                  <\/div>\n                              \t\t\t\t\t\t\t                                  <p class=\"price\">\n                                                                    R$80,00                                                                                                    <\/p>\n                                \t\t\t\t\t\t\t \n                              \n\t\t\t\t\t\t\t\t<p class=\"product-des\">Sulcar Auto Pe\u00e7as Blumenau\nTrabalhamos com produtos originais\nFoto reais do produto\nCalcular frete...no mercado de envios\nDemais d\u00favidas...apenas nos pergunte\nAp\u00f3s confirmar do pagamento enviamos em at\u00e9 1 dia \u00fatil\nEntregamos para todo territ\u00f3rio naci..<\/p>\n                              <div class=\"product-intro\">\n\t\t\t\t\t\t\t\t<div class=\"actions-link2\">\n\t\t\t\t\t\t\t\t\t<a class=\"btn-cart\" data-toggle=\"tooltip\" title=\"Comprar\" onclick=\"cart.add('29254');\"><span class=\"button\"><i class=\"fa fa-shopping-cart\"><\/i>Comprar<\/span><\/a>\t\t\t\t\t\t\t\t\t\n\t\t\t\t\t\t\t\t\t<a class=\"btn-wishlist\" data-toggle=\"tooltip\" title=\"Lista de desejos\" onclick=\"wishlist.add('29254');\"><i class=\"zmdi zmdi-favorite-outline\"><\/i><\/a>\t\t\t\t\t\t\t\t\t\n\t\t\t\t\t\t\t\t\t<a class=\"btn-compare\" data-toggle=\"tooltip\" title=\"Comparar\" onclick=\"compare.add('29254');\"><i class=\"zmdi zmdi-refresh-alt\"><\/i><\/a>\n\t\t\t\t\t\t\t\t<\/div>\n\t\t\t\t\t\t\t\t<\/div>\n                            <\/div>\n\t\t\t\t\t\t\t<\/div>\n                          <\/div>\n                        <\/div>\n                                            <div class=\"product-layout product-list col-xs-12\">\n                          <div class=\"product-thumb layout1\">\n\t\t\t\t\t\t\t<div class=\"image\">\n                              \t\t\t\t\t\t\t\t                              <a href=\"https:\/\/www.sulcarautopecas.com.br.186-226-60-153.cpanel.site\/macaneta\/macaneta-interna-diant-esq-citroen-c3-2008-a2305-26798\">\n                                                              <img  src=\"image\/cache\/no_image-100x100.png\" alt=\"Ma\u00e7aneta Interna Diant Esq Citroen C3 2...\" \/>\n                              \t\t\t\t\t\t\t  <img  src=\"\" alt=\"Ma\u00e7aneta Interna Diant Esq Citroen C3 2...\" title=\"Ma\u00e7aneta Interna Diant Esq Citroen C3 2...\" class=\"img-responsive lazy\" \/>\n                              <\/a>\n\t\t\t\t\t\t\t  <div class=\"actions-link\">\t\t\t\t\t\t\t\t\t\n\t\t\t\t\t\t\t\t\t<a class=\"btn-wishlist\" data-toggle=\"tooltip\" title=\"Lista de desejos\" onclick=\"wishlist.add('26798');\"><i class=\"zmdi zmdi-favorite-outline\"><\/i><\/a>\t\t\t\t\t\t\t\t\t\n\t\t\t\t\t\t\t\t\t<a class=\"btn-compare\" data-toggle=\"tooltip\" title=\"Comparar\" onclick=\"compare.add('26798');\"><i class=\"zmdi zmdi-refresh-alt\"><\/i><\/a>\n\t\t\t\t\t\t\t\t<\/div>\n                            <\/div>\n                            <div class=\"product-inner\">\n                              <div class=\"product-caption\">\n\t\t\t\t\t\t\t                                <h2 class=\"product-name\"><a href=\"https:\/\/www.sulcarautopecas.com.br.186-226-60-153.cpanel.site\/macaneta\/macaneta-interna-diant-esq-citroen-c3-2008-a2305-26798\">Ma\u00e7aneta Interna Diant Esq Citroen C3 2...<\/a><\/h2>\n\t\t\t\t\t\t\t                                     <div class=\"ratings\">\n                                      <div class=\"rating-box\">\n                                                                                        <div class=\"rating0\">rating<\/div>                                                                                                                                                                                                                                                                            <\/div>\n                                  <\/div>\n                              \t\t\t\t\t\t\t                                  <p class=\"price\">\n                                                                    R$50,00                                                                                                    <\/p>\n                                \t\t\t\t\t\t\t \n                              \n\t\t\t\t\t\t\t\t<p class=\"product-des\">Sulcar Auto Pe\u00e7as Blumenau\nTrabalhamos com produtos originais\nFoto reais do produto\nCalcular frete...no mercado de envios\nDemais d\u00favidas...apenas nos pergunte\nAp\u00f3s confirmar do pagamento enviamos em at\u00e9 1 dia \u00fatil\nEntregamos para todo territ\u00f3rio naci..<\/p>\n                              <div class=\"product-intro\">\n\t\t\t\t\t\t\t\t<div class=\"actions-link2\">\n\t\t\t\t\t\t\t\t\t<a class=\"btn-cart\" data-toggle=\"tooltip\" title=\"Comprar\" onclick=\"cart.add('26798');\"><span class=\"button\"><i class=\"fa fa-shopping-cart\"><\/i>Comprar<\/span><\/a>\t\t\t\t\t\t\t\t\t\n\t\t\t\t\t\t\t\t\t<a class=\"btn-wishlist\" data-toggle=\"tooltip\" title=\"Lista de desejos\" onclick=\"wishlist.add('26798');\"><i class=\"zmdi zmdi-favorite-outline\"><\/i><\/a>\t\t\t\t\t\t\t\t\t\n\t\t\t\t\t\t\t\t\t<a class=\"btn-compare\" data-toggle=\"tooltip\" title=\"Comparar\" onclick=\"compare.add('26798');\"><i class=\"zmdi zmdi-refresh-alt\"><\/i><\/a>\n\t\t\t\t\t\t\t\t<\/div>\n\t\t\t\t\t\t\t\t<\/div>\n                            <\/div>\n\t\t\t\t\t\t\t<\/div>\n                          <\/div>\n                        <\/div>\n                                            <div class=\"product-layout product-list col-xs-12\">\n                          <div class=\"product-thumb layout1\">\n\t\t\t\t\t\t\t<div class=\"image\">\n                              \t\t\t\t\t\t\t\t                              <a href=\"https:\/\/www.sulcarautopecas.com.br.186-226-60-153.cpanel.site\/macaneta\/macaneta-dianteira-esquerda-toyota-corolla-2004-22782\">\n                                                              <img  src=\"image\/cache\/no_image-100x100.png\" alt=\"Ma\u00e7aneta Dianteira Esquerda Toyota Coro...\" \/>\n                              \t\t\t\t\t\t\t  <img  src=\"\" alt=\"Ma\u00e7aneta Dianteira Esquerda Toyota Coro...\" title=\"Ma\u00e7aneta Dianteira Esquerda Toyota Coro...\" class=\"img-responsive lazy\" \/>\n                              <\/a>\n\t\t\t\t\t\t\t  <div class=\"actions-link\">\t\t\t\t\t\t\t\t\t\n\t\t\t\t\t\t\t\t\t<a class=\"btn-wishlist\" data-toggle=\"tooltip\" title=\"Lista de desejos\" onclick=\"wishlist.add('22782');\"><i class=\"zmdi zmdi-favorite-outline\"><\/i><\/a>\t\t\t\t\t\t\t\t\t\n\t\t\t\t\t\t\t\t\t<a class=\"btn-compare\" data-toggle=\"tooltip\" title=\"Comparar\" onclick=\"compare.add('22782');\"><i class=\"zmdi zmdi-refresh-alt\"><\/i><\/a>\n\t\t\t\t\t\t\t\t<\/div>\n                            <\/div>\n                            <div class=\"product-inner\">\n                              <div class=\"product-caption\">\n\t\t\t\t\t\t\t                                <h2 class=\"product-name\"><a href=\"https:\/\/www.sulcarautopecas.com.br.186-226-60-153.cpanel.site\/macaneta\/macaneta-dianteira-esquerda-toyota-corolla-2004-22782\">Ma\u00e7aneta Dianteira Esquerda Toyota Coro...<\/a><\/h2>\n\t\t\t\t\t\t\t                                     <div class=\"ratings\">\n                                      <div class=\"rating-box\">\n                                                                                        <div class=\"rating0\">rating<\/div>                                                                                                                                                                                                                                                                            <\/div>\n                                  <\/div>\n                              \t\t\t\t\t\t\t                                  <p class=\"price\">\n                                                                    R$100,00                                                                                                    <\/p>\n                                \t\t\t\t\t\t\t \n                              \n\t\t\t\t\t\t\t\t<p class=\"product-des\">Trabalhamos com produtos originais, retirados de ve\u00edculos baixados no Detran, com total proced\u00eancia e garantia.\nTodas as nossas fotos s\u00e3o reais do produto.\n\nPara calcular o frente basta aproveitar as vantagens do MERCADO ENVIOS.\nCaso o produto n\u00e3o te..<\/p>\n                              <div class=\"product-intro\">\n\t\t\t\t\t\t\t\t<div class=\"actions-link2\">\n\t\t\t\t\t\t\t\t\t<a class=\"btn-cart\" data-toggle=\"tooltip\" title=\"Comprar\" onclick=\"cart.add('22782');\"><span class=\"button\"><i class=\"fa fa-shopping-cart\"><\/i>Comprar<\/span><\/a>\t\t\t\t\t\t\t\t\t\n\t\t\t\t\t\t\t\t\t<a class=\"btn-wishlist\" data-toggle=\"tooltip\" title=\"Lista de desejos\" onclick=\"wishlist.add('22782');\"><i class=\"zmdi zmdi-favorite-outline\"><\/i><\/a>\t\t\t\t\t\t\t\t\t\n\t\t\t\t\t\t\t\t\t<a class=\"btn-compare\" data-toggle=\"tooltip\" title=\"Comparar\" onclick=\"compare.add('22782');\"><i class=\"zmdi zmdi-refresh-alt\"><\/i><\/a>\n\t\t\t\t\t\t\t\t<\/div>\n\t\t\t\t\t\t\t\t<\/div>\n                            <\/div>\n\t\t\t\t\t\t\t<\/div>\n                          <\/div>\n                        <\/div>\n                                            <div class=\"product-layout product-list col-xs-12\">\n                          <div class=\"product-thumb layout1\">\n\t\t\t\t\t\t\t<div class=\"image\">\n                              \t\t\t\t\t\t\t\t                              <a href=\"https:\/\/www.sulcarautopecas.com.br.186-226-60-153.cpanel.site\/macaneta\/macaneta-interna-dianteira-direita-nissan-kicks-advance-2022-19186\">\n                                                              <img  src=\"image\/cache\/no_image-100x100.png\" alt=\"Ma\u00e7aneta Interna Dianteira Direita Niss...\" \/>\n                              \t\t\t\t\t\t\t  <img  src=\"\" alt=\"Ma\u00e7aneta Interna Dianteira Direita Niss...\" title=\"Ma\u00e7aneta Interna Dianteira Direita Niss...\" class=\"img-responsive lazy\" \/>\n                              <\/a>\n\t\t\t\t\t\t\t  <div class=\"actions-link\">\t\t\t\t\t\t\t\t\t\n\t\t\t\t\t\t\t\t\t<a class=\"btn-wishlist\" data-toggle=\"tooltip\" title=\"Lista de desejos\" onclick=\"wishlist.add('19186');\"><i class=\"zmdi zmdi-favorite-outline\"><\/i><\/a>\t\t\t\t\t\t\t\t\t\n\t\t\t\t\t\t\t\t\t<a class=\"btn-compare\" data-toggle=\"tooltip\" title=\"Comparar\" onclick=\"compare.add('19186');\"><i class=\"zmdi zmdi-refresh-alt\"><\/i><\/a>\n\t\t\t\t\t\t\t\t<\/div>\n                            <\/div>\n                            <div class=\"product-inner\">\n                              <div class=\"product-caption\">\n\t\t\t\t\t\t\t                                <h2 class=\"product-name\"><a href=\"https:\/\/www.sulcarautopecas.com.br.186-226-60-153.cpanel.site\/macaneta\/macaneta-interna-dianteira-direita-nissan-kicks-advance-2022-19186\">Ma\u00e7aneta Interna Dianteira Direita Niss...<\/a><\/h2>\n\t\t\t\t\t\t\t                                     <div class=\"ratings\">\n                                      <div class=\"rating-box\">\n                                                                                        <div class=\"rating0\">rating<\/div>                                                                                                                                                                                                                                                                            <\/div>\n                                  <\/div>\n                              \t\t\t\t\t\t\t                                  <p class=\"price\">\n                                                                    R$125,00                                                                                                    <\/p>\n                                \t\t\t\t\t\t\t \n                              \n\t\t\t\t\t\t\t\t<p class=\"product-des\">Sulcar Auto Pe\u00e7as Blumenau.\nTrabalhamos com pe\u00e7as originais.\nFoto reais do produto.\nCalcule frente\u2026no mercado de envios.\nDemais d\u00favida nos pergunte.\nAp\u00f3s confirma\u00e7\u00e3o do pagamento,enviamos em at\u00e9 1 dia \u00fatil.\nEntregamos para todo pa\u00eds com qualidade e s..<\/p>\n                              <div class=\"product-intro\">\n\t\t\t\t\t\t\t\t<div class=\"actions-link2\">\n\t\t\t\t\t\t\t\t\t<a class=\"btn-cart\" data-toggle=\"tooltip\" title=\"Comprar\" onclick=\"cart.add('19186');\"><span class=\"button\"><i class=\"fa fa-shopping-cart\"><\/i>Comprar<\/span><\/a>\t\t\t\t\t\t\t\t\t\n\t\t\t\t\t\t\t\t\t<a class=\"btn-wishlist\" data-toggle=\"tooltip\" title=\"Lista de desejos\" onclick=\"wishlist.add('19186');\"><i class=\"zmdi zmdi-favorite-outline\"><\/i><\/a>\t\t\t\t\t\t\t\t\t\n\t\t\t\t\t\t\t\t\t<a class=\"btn-compare\" data-toggle=\"tooltip\" title=\"Comparar\" onclick=\"compare.add('19186');\"><i class=\"zmdi zmdi-refresh-alt\"><\/i><\/a>\n\t\t\t\t\t\t\t\t<\/div>\n\t\t\t\t\t\t\t\t<\/div>\n                            <\/div>\n\t\t\t\t\t\t\t<\/div>\n                          <\/div>\n                        <\/div>\n                                            <div class=\"product-layout product-list col-xs-12\">\n                          <div class=\"product-thumb layout1\">\n\t\t\t\t\t\t\t<div class=\"image\">\n                              \t\t\t\t\t\t\t\t                              <a href=\"https:\/\/www.sulcarautopecas.com.br.186-226-60-153.cpanel.site\/macaneta\/macaneta-externa-porta-tras-esq-ford-fiesta-2009-32809\">\n                                                              <img  src=\"image\/cache\/no_image-100x100.png\" alt=\"Ma\u00e7aneta Externa Porta Tras Esq Ford Fi...\" \/>\n                              \t\t\t\t\t\t\t  <img  src=\"\" alt=\"Ma\u00e7aneta Externa Porta Tras Esq Ford Fi...\" title=\"Ma\u00e7aneta Externa Porta Tras Esq Ford Fi...\" class=\"img-responsive lazy\" \/>\n                              <\/a>\n\t\t\t\t\t\t\t  <div class=\"actions-link\">\t\t\t\t\t\t\t\t\t\n\t\t\t\t\t\t\t\t\t<a class=\"btn-wishlist\" data-toggle=\"tooltip\" title=\"Lista de desejos\" onclick=\"wishlist.add('32809');\"><i class=\"zmdi zmdi-favorite-outline\"><\/i><\/a>\t\t\t\t\t\t\t\t\t\n\t\t\t\t\t\t\t\t\t<a class=\"btn-compare\" data-toggle=\"tooltip\" title=\"Comparar\" onclick=\"compare.add('32809');\"><i class=\"zmdi zmdi-refresh-alt\"><\/i><\/a>\n\t\t\t\t\t\t\t\t<\/div>\n                            <\/div>\n                            <div class=\"product-inner\">\n                              <div class=\"product-caption\">\n\t\t\t\t\t\t\t                                <h2 class=\"product-name\"><a href=\"https:\/\/www.sulcarautopecas.com.br.186-226-60-153.cpanel.site\/macaneta\/macaneta-externa-porta-tras-esq-ford-fiesta-2009-32809\">Ma\u00e7aneta Externa Porta Tras Esq Ford Fi...<\/a><\/h2>\n\t\t\t\t\t\t\t                                     <div class=\"ratings\">\n                                      <div class=\"rating-box\">\n                                                                                        <div class=\"rating0\">rating<\/div>                                                                                                                                                                                                                                                                            <\/div>\n                                  <\/div>\n                              \t\t\t\t\t\t\t                                  <p class=\"price\">\n                                                                    R$60,00                                                                                                    <\/p>\n                                \t\t\t\t\t\t\t \n                              \n\t\t\t\t\t\t\t\t<p class=\"product-des\">*Sulcar Auto Pe\u00e7as Blumenau.\n*Trabalhamos com produtos originais.\n*Foto reais do produto.\n*Calcular frete em mercado envios,caso tenha nos pergunte.\n*Demais D\u00favidas apenas nos pergunte.\n*Ap\u00f3s confirma\u00e7\u00e3o do pagamento enviamos em at\u00e9 1 dia \u00fatil.\n*Entr..<\/p>\n                              <div class=\"product-intro\">\n\t\t\t\t\t\t\t\t<div class=\"actions-link2\">\n\t\t\t\t\t\t\t\t\t<a class=\"btn-cart\" data-toggle=\"tooltip\" title=\"Comprar\" onclick=\"cart.add('32809');\"><span class=\"button\"><i class=\"fa fa-shopping-cart\"><\/i>Comprar<\/span><\/a>\t\t\t\t\t\t\t\t\t\n\t\t\t\t\t\t\t\t\t<a class=\"btn-wishlist\" data-toggle=\"tooltip\" title=\"Lista de desejos\" onclick=\"wishlist.add('32809');\"><i class=\"zmdi zmdi-favorite-outline\"><\/i><\/a>\t\t\t\t\t\t\t\t\t\n\t\t\t\t\t\t\t\t\t<a class=\"btn-compare\" data-toggle=\"tooltip\" title=\"Comparar\" onclick=\"compare.add('32809');\"><i class=\"zmdi zmdi-refresh-alt\"><\/i><\/a>\n\t\t\t\t\t\t\t\t<\/div>\n\t\t\t\t\t\t\t\t<\/div>\n                            <\/div>\n\t\t\t\t\t\t\t<\/div>\n                          <\/div>\n                        <\/div>\n                                            <div class=\"product-layout product-list col-xs-12\">\n                          <div class=\"product-thumb layout1\">\n\t\t\t\t\t\t\t<div class=\"image\">\n                              \t\t\t\t\t\t\t\t                              <a href=\"https:\/\/www.sulcarautopecas.com.br.186-226-60-153.cpanel.site\/macaneta\/macaneta-interna-traseira-direita-nissan-march-2012-14372\">\n                                                              <img  src=\"image\/cache\/no_image-100x100.png\" alt=\"Ma\u00e7aneta Interna Traseira Direita Nissa...\" \/>\n                              \t\t\t\t\t\t\t  <img  src=\"\" alt=\"Ma\u00e7aneta Interna Traseira Direita Nissa...\" title=\"Ma\u00e7aneta Interna Traseira Direita Nissa...\" class=\"img-responsive lazy\" \/>\n                              <\/a>\n\t\t\t\t\t\t\t  <div class=\"actions-link\">\t\t\t\t\t\t\t\t\t\n\t\t\t\t\t\t\t\t\t<a class=\"btn-wishlist\" data-toggle=\"tooltip\" title=\"Lista de desejos\" onclick=\"wishlist.add('14372');\"><i class=\"zmdi zmdi-favorite-outline\"><\/i><\/a>\t\t\t\t\t\t\t\t\t\n\t\t\t\t\t\t\t\t\t<a class=\"btn-compare\" data-toggle=\"tooltip\" title=\"Comparar\" onclick=\"compare.add('14372');\"><i class=\"zmdi zmdi-refresh-alt\"><\/i><\/a>\n\t\t\t\t\t\t\t\t<\/div>\n                            <\/div>\n                            <div class=\"product-inner\">\n                              <div class=\"product-caption\">\n\t\t\t\t\t\t\t                                <h2 class=\"product-name\"><a href=\"https:\/\/www.sulcarautopecas.com.br.186-226-60-153.cpanel.site\/macaneta\/macaneta-interna-traseira-direita-nissan-march-2012-14372\">Ma\u00e7aneta Interna Traseira Direita Nissa...<\/a><\/h2>\n\t\t\t\t\t\t\t                                     <div class=\"ratings\">\n                                      <div class=\"rating-box\">\n                                                                                        <div class=\"rating0\">rating<\/div>                                                                                                                                                                                                                                                                            <\/div>\n                                  <\/div>\n                              \t\t\t\t\t\t\t                                  <p class=\"price\">\n                                                                    R$55,00                                                                                                    <\/p>\n                                \t\t\t\t\t\t\t \n                              \n\t\t\t\t\t\t\t\t<p class=\"product-des\">*Sulcar Auto Pe\u00e7as Blumenau.\n*Trabalhamos com produtos original.\n*Foto reais do produto.\n*Calcular frete em mercado envios,caso n\u00e3o tenha nos pergunte.\n*Demais d\u00favidas apenas nos pergunte.\n*Ap\u00f3s confirma\u00e7\u00e3o do pagamento enviamos em at\u00e9 1 dia \u00fatil.\n*E..<\/p>\n                              <div class=\"product-intro\">\n\t\t\t\t\t\t\t\t<div class=\"actions-link2\">\n\t\t\t\t\t\t\t\t\t<a class=\"btn-cart\" data-toggle=\"tooltip\" title=\"Comprar\" onclick=\"cart.add('14372');\"><span class=\"button\"><i class=\"fa fa-shopping-cart\"><\/i>Comprar<\/span><\/a>\t\t\t\t\t\t\t\t\t\n\t\t\t\t\t\t\t\t\t<a class=\"btn-wishlist\" data-toggle=\"tooltip\" title=\"Lista de desejos\" onclick=\"wishlist.add('14372');\"><i class=\"zmdi zmdi-favorite-outline\"><\/i><\/a>\t\t\t\t\t\t\t\t\t\n\t\t\t\t\t\t\t\t\t<a class=\"btn-compare\" data-toggle=\"tooltip\" title=\"Comparar\" onclick=\"compare.add('14372');\"><i class=\"zmdi zmdi-refresh-alt\"><\/i><\/a>\n\t\t\t\t\t\t\t\t<\/div>\n\t\t\t\t\t\t\t\t<\/div>\n                            <\/div>\n\t\t\t\t\t\t\t<\/div>\n                          <\/div>\n                        <\/div>\n                                            <div class=\"product-layout product-list col-xs-12\">\n                          <div class=\"product-thumb layout1\">\n\t\t\t\t\t\t\t<div class=\"image\">\n                              \t\t\t\t\t\t\t\t                              <a href=\"https:\/\/www.sulcarautopecas.com.br.186-226-60-153.cpanel.site\/macaneta\/macaneta-externa-tras-dir-renault-oroch-2023-a5246-29544\">\n                                                              <img  src=\"image\/cache\/no_image-100x100.png\" alt=\"Ma\u00e7aneta Externa Tras Dir Renault Oroch...\" \/>\n                              \t\t\t\t\t\t\t  <img  src=\"\" alt=\"Ma\u00e7aneta Externa Tras Dir Renault Oroch...\" title=\"Ma\u00e7aneta Externa Tras Dir Renault Oroch...\" class=\"img-responsive lazy\" \/>\n                              <\/a>\n\t\t\t\t\t\t\t  <div class=\"actions-link\">\t\t\t\t\t\t\t\t\t\n\t\t\t\t\t\t\t\t\t<a class=\"btn-wishlist\" data-toggle=\"tooltip\" title=\"Lista de desejos\" onclick=\"wishlist.add('29544');\"><i class=\"zmdi zmdi-favorite-outline\"><\/i><\/a>\t\t\t\t\t\t\t\t\t\n\t\t\t\t\t\t\t\t\t<a class=\"btn-compare\" data-toggle=\"tooltip\" title=\"Comparar\" onclick=\"compare.add('29544');\"><i class=\"zmdi zmdi-refresh-alt\"><\/i><\/a>\n\t\t\t\t\t\t\t\t<\/div>\n                            <\/div>\n                            <div class=\"product-inner\">\n                              <div class=\"product-caption\">\n\t\t\t\t\t\t\t                                <h2 class=\"product-name\"><a href=\"https:\/\/www.sulcarautopecas.com.br.186-226-60-153.cpanel.site\/macaneta\/macaneta-externa-tras-dir-renault-oroch-2023-a5246-29544\">Ma\u00e7aneta Externa Tras Dir Renault Oroch...<\/a><\/h2>\n\t\t\t\t\t\t\t                                     <div class=\"ratings\">\n                                      <div class=\"rating-box\">\n                                                                                        <div class=\"rating0\">rating<\/div>                                                                                                                                                                                                                                                                            <\/div>\n                                  <\/div>\n                              \t\t\t\t\t\t\t                                  <p class=\"price\">\n                                                                    R$100,00                                                                                                    <\/p>\n                                \t\t\t\t\t\t\t \n                              \n\t\t\t\t\t\t\t\t<p class=\"product-des\">Sulcar Auto Pe\u00e7as Blumenau\nTrabalhamos com produtos originais\nFoto reais do produto\nCalcular frete...no mercado de envios\nDemais d\u00favidas...apenas nos pergunte\nAp\u00f3s confirmar do pagamento enviamos em at\u00e9 1 dia \u00fatil\nEntregamos para todo territ\u00f3rio naci..<\/p>\n                              <div class=\"product-intro\">\n\t\t\t\t\t\t\t\t<div class=\"actions-link2\">\n\t\t\t\t\t\t\t\t\t<a class=\"btn-cart\" data-toggle=\"tooltip\" title=\"Comprar\" onclick=\"cart.add('29544');\"><span class=\"button\"><i class=\"fa fa-shopping-cart\"><\/i>Comprar<\/span><\/a>\t\t\t\t\t\t\t\t\t\n\t\t\t\t\t\t\t\t\t<a class=\"btn-wishlist\" data-toggle=\"tooltip\" title=\"Lista de desejos\" onclick=\"wishlist.add('29544');\"><i class=\"zmdi zmdi-favorite-outline\"><\/i><\/a>\t\t\t\t\t\t\t\t\t\n\t\t\t\t\t\t\t\t\t<a class=\"btn-compare\" data-toggle=\"tooltip\" title=\"Comparar\" onclick=\"compare.add('29544');\"><i class=\"zmdi zmdi-refresh-alt\"><\/i><\/a>\n\t\t\t\t\t\t\t\t<\/div>\n\t\t\t\t\t\t\t\t<\/div>\n                            <\/div>\n\t\t\t\t\t\t\t<\/div>\n                          <\/div>\n                        <\/div>\n                                            <div class=\"product-layout product-list col-xs-12\">\n                          <div class=\"product-thumb layout1\">\n\t\t\t\t\t\t\t<div class=\"image\">\n                              \t\t\t\t\t\t\t\t                              <a href=\"https:\/\/www.sulcarautopecas.com.br.186-226-60-153.cpanel.site\/macaneta\/macaneta-interna-dir-honda-hr-v-2021-a2814-27463\">\n                                                              <img  src=\"image\/cache\/no_image-100x100.png\" alt=\"Ma\u00e7aneta Interna Dir Honda Hr-v 2021 A2...\" \/>\n                              \t\t\t\t\t\t\t  <img  src=\"\" alt=\"Ma\u00e7aneta Interna Dir Honda Hr-v 2021 A2...\" title=\"Ma\u00e7aneta Interna Dir Honda Hr-v 2021 A2...\" class=\"img-responsive lazy\" \/>\n                              <\/a>\n\t\t\t\t\t\t\t  <div class=\"actions-link\">\t\t\t\t\t\t\t\t\t\n\t\t\t\t\t\t\t\t\t<a class=\"btn-wishlist\" data-toggle=\"tooltip\" title=\"Lista de desejos\" onclick=\"wishlist.add('27463');\"><i class=\"zmdi zmdi-favorite-outline\"><\/i><\/a>\t\t\t\t\t\t\t\t\t\n\t\t\t\t\t\t\t\t\t<a class=\"btn-compare\" data-toggle=\"tooltip\" title=\"Comparar\" onclick=\"compare.add('27463');\"><i class=\"zmdi zmdi-refresh-alt\"><\/i><\/a>\n\t\t\t\t\t\t\t\t<\/div>\n                            <\/div>\n                            <div class=\"product-inner\">\n                              <div class=\"product-caption\">\n\t\t\t\t\t\t\t                                <h2 class=\"product-name\"><a href=\"https:\/\/www.sulcarautopecas.com.br.186-226-60-153.cpanel.site\/macaneta\/macaneta-interna-dir-honda-hr-v-2021-a2814-27463\">Ma\u00e7aneta Interna Dir Honda Hr-v 2021 A2...<\/a><\/h2>\n\t\t\t\t\t\t\t                                     <div class=\"ratings\">\n                                      <div class=\"rating-box\">\n                                                                                        <div class=\"rating0\">rating<\/div>                                                                                                                                                                                                                                                                            <\/div>\n                                  <\/div>\n                              \t\t\t\t\t\t\t                                  <p class=\"price\">\n                                                                    R$50,00                                                                                                    <\/p>\n                                \t\t\t\t\t\t\t \n                              \n\t\t\t\t\t\t\t\t<p class=\"product-des\">Sulcar Auto Pe\u00e7as Blumenau\nTrabalhamos com produtos originais\nFoto reais do produto\nCalcular frete...no mercado de envios\nDemais d\u00favidas...apenas nos pergunte\nAp\u00f3s confirmar do pagamento enviamos em at\u00e9 1 dia \u00fatil\nEntregamos para todo territ\u00f3rio naci..<\/p>\n                              <div class=\"product-intro\">\n\t\t\t\t\t\t\t\t<div class=\"actions-link2\">\n\t\t\t\t\t\t\t\t\t<a class=\"btn-cart\" data-toggle=\"tooltip\" title=\"Comprar\" onclick=\"cart.add('27463');\"><span class=\"button\"><i class=\"fa fa-shopping-cart\"><\/i>Comprar<\/span><\/a>\t\t\t\t\t\t\t\t\t\n\t\t\t\t\t\t\t\t\t<a class=\"btn-wishlist\" data-toggle=\"tooltip\" title=\"Lista de desejos\" onclick=\"wishlist.add('27463');\"><i class=\"zmdi zmdi-favorite-outline\"><\/i><\/a>\t\t\t\t\t\t\t\t\t\n\t\t\t\t\t\t\t\t\t<a class=\"btn-compare\" data-toggle=\"tooltip\" title=\"Comparar\" onclick=\"compare.add('27463');\"><i class=\"zmdi zmdi-refresh-alt\"><\/i><\/a>\n\t\t\t\t\t\t\t\t<\/div>\n\t\t\t\t\t\t\t\t<\/div>\n                            <\/div>\n\t\t\t\t\t\t\t<\/div>\n                          <\/div>\n                        <\/div>\n                                            <div class=\"product-layout product-list col-xs-12\">\n                          <div class=\"product-thumb layout1\">\n\t\t\t\t\t\t\t<div class=\"image\">\n                              \t\t\t\t\t\t\t\t                              <a href=\"https:\/\/www.sulcarautopecas.com.br.186-226-60-153.cpanel.site\/macaneta\/macaneta-trazeira-esquerda-toyota-corola-2004-29817\">\n                                                              <img  src=\"image\/cache\/no_image-100x100.png\" alt=\"Ma\u00e7aneta Trazeira Esquerda Toyota Corol...\" \/>\n                              \t\t\t\t\t\t\t  <img  src=\"\" alt=\"Ma\u00e7aneta Trazeira Esquerda Toyota Corol...\" title=\"Ma\u00e7aneta Trazeira Esquerda Toyota Corol...\" class=\"img-responsive lazy\" \/>\n                              <\/a>\n\t\t\t\t\t\t\t  <div class=\"actions-link\">\t\t\t\t\t\t\t\t\t\n\t\t\t\t\t\t\t\t\t<a class=\"btn-wishlist\" data-toggle=\"tooltip\" title=\"Lista de desejos\" onclick=\"wishlist.add('29817');\"><i class=\"zmdi zmdi-favorite-outline\"><\/i><\/a>\t\t\t\t\t\t\t\t\t\n\t\t\t\t\t\t\t\t\t<a class=\"btn-compare\" data-toggle=\"tooltip\" title=\"Comparar\" onclick=\"compare.add('29817');\"><i class=\"zmdi zmdi-refresh-alt\"><\/i><\/a>\n\t\t\t\t\t\t\t\t<\/div>\n                            <\/div>\n                            <div class=\"product-inner\">\n                              <div class=\"product-caption\">\n\t\t\t\t\t\t\t                                <h2 class=\"product-name\"><a href=\"https:\/\/www.sulcarautopecas.com.br.186-226-60-153.cpanel.site\/macaneta\/macaneta-trazeira-esquerda-toyota-corola-2004-29817\">Ma\u00e7aneta Trazeira Esquerda Toyota Corol...<\/a><\/h2>\n\t\t\t\t\t\t\t                                     <div class=\"ratings\">\n                                      <div class=\"rating-box\">\n                                                                                        <div class=\"rating0\">rating<\/div>                                                                                                                                                                                                                                                                            <\/div>\n                                  <\/div>\n                              \t\t\t\t\t\t\t                                  <p class=\"price\">\n                                                                    R$100,00                                                                                                    <\/p>\n                                \t\t\t\t\t\t\t \n                              \n\t\t\t\t\t\t\t\t<p class=\"product-des\">*Sulcar Auto Pe\u00e7as Blumenau.\n*Trabalhamos com produtos originais.\n*Foto reais do produto.\n*Calcular frete em mercado envios,caso tenha nos pergunte.\n*Demais D\u00favidas apenas nos pergunte.\n*Ap\u00f3s confirma\u00e7\u00e3o do pagamento enviamos em at\u00e9 1 dia \u00fatil.\n*Entr..<\/p>\n                              <div class=\"product-intro\">\n\t\t\t\t\t\t\t\t<div class=\"actions-link2\">\n\t\t\t\t\t\t\t\t\t<a class=\"btn-cart\" data-toggle=\"tooltip\" title=\"Comprar\" onclick=\"cart.add('29817');\"><span class=\"button\"><i class=\"fa fa-shopping-cart\"><\/i>Comprar<\/span><\/a>\t\t\t\t\t\t\t\t\t\n\t\t\t\t\t\t\t\t\t<a class=\"btn-wishlist\" data-toggle=\"tooltip\" title=\"Lista de desejos\" onclick=\"wishlist.add('29817');\"><i class=\"zmdi zmdi-favorite-outline\"><\/i><\/a>\t\t\t\t\t\t\t\t\t\n\t\t\t\t\t\t\t\t\t<a class=\"btn-compare\" data-toggle=\"tooltip\" title=\"Comparar\" onclick=\"compare.add('29817');\"><i class=\"zmdi zmdi-refresh-alt\"><\/i><\/a>\n\t\t\t\t\t\t\t\t<\/div>\n\t\t\t\t\t\t\t\t<\/div>\n                            <\/div>\n\t\t\t\t\t\t\t<\/div>\n                          <\/div>\n                        <\/div>\n                                            <div class=\"product-layout product-list col-xs-12\">\n                          <div class=\"product-thumb layout1\">\n\t\t\t\t\t\t\t<div class=\"image\">\n                              \t\t\t\t\t\t\t\t                              <a href=\"https:\/\/www.sulcarautopecas.com.br.186-226-60-153.cpanel.site\/macaneta\/macaneta-interna-porta-traseira-direita-jac-t5-2017-19941\">\n                                                              <img  src=\"image\/cache\/no_image-100x100.png\" alt=\"Ma\u00e7aneta Interna Porta Traseira Direita...\" \/>\n                              \t\t\t\t\t\t\t  <img  src=\"\" alt=\"Ma\u00e7aneta Interna Porta Traseira Direita...\" title=\"Ma\u00e7aneta Interna Porta Traseira Direita...\" class=\"img-responsive lazy\" \/>\n                              <\/a>\n\t\t\t\t\t\t\t  <div class=\"actions-link\">\t\t\t\t\t\t\t\t\t\n\t\t\t\t\t\t\t\t\t<a class=\"btn-wishlist\" data-toggle=\"tooltip\" title=\"Lista de desejos\" onclick=\"wishlist.add('19941');\"><i class=\"zmdi zmdi-favorite-outline\"><\/i><\/a>\t\t\t\t\t\t\t\t\t\n\t\t\t\t\t\t\t\t\t<a class=\"btn-compare\" data-toggle=\"tooltip\" title=\"Comparar\" onclick=\"compare.add('19941');\"><i class=\"zmdi zmdi-refresh-alt\"><\/i><\/a>\n\t\t\t\t\t\t\t\t<\/div>\n                            <\/div>\n                            <div class=\"product-inner\">\n                              <div class=\"product-caption\">\n\t\t\t\t\t\t\t                                <h2 class=\"product-name\"><a href=\"https:\/\/www.sulcarautopecas.com.br.186-226-60-153.cpanel.site\/macaneta\/macaneta-interna-porta-traseira-direita-jac-t5-2017-19941\">Ma\u00e7aneta Interna Porta Traseira Direita...<\/a><\/h2>\n\t\t\t\t\t\t\t                                     <div class=\"ratings\">\n                                      <div class=\"rating-box\">\n                                                                                        <div class=\"rating0\">rating<\/div>                                                                                                                                                                                                                                                                            <\/div>\n                                  <\/div>\n                              \t\t\t\t\t\t\t                                  <p class=\"price\">\n                                                                    R$140,00                                                                                                    <\/p>\n                                \t\t\t\t\t\t\t \n                              \n\t\t\t\t\t\t\t\t<p class=\"product-des\">Sulcar Auto Pe\u00e7as Blumenau.\nTrabalhamos com pe\u00e7as originais.\nFoto reais do produto.\nCalcule frente\u2026no mercado de envios.\nDemais d\u00favida nos pergunte.\nAp\u00f3s confirma\u00e7\u00e3o do pagamento,enviamos em at\u00e9 1 dia \u00fatil.\nEntregamos para todo pa\u00eds com qualidade e s..<\/p>\n                              <div class=\"product-intro\">\n\t\t\t\t\t\t\t\t<div class=\"actions-link2\">\n\t\t\t\t\t\t\t\t\t<a class=\"btn-cart\" data-toggle=\"tooltip\" title=\"Comprar\" onclick=\"cart.add('19941');\"><span class=\"button\"><i class=\"fa fa-shopping-cart\"><\/i>Comprar<\/span><\/a>\t\t\t\t\t\t\t\t\t\n\t\t\t\t\t\t\t\t\t<a class=\"btn-wishlist\" data-toggle=\"tooltip\" title=\"Lista de desejos\" onclick=\"wishlist.add('19941');\"><i class=\"zmdi zmdi-favorite-outline\"><\/i><\/a>\t\t\t\t\t\t\t\t\t\n\t\t\t\t\t\t\t\t\t<a class=\"btn-compare\" data-toggle=\"tooltip\" title=\"Comparar\" onclick=\"compare.add('19941');\"><i class=\"zmdi zmdi-refresh-alt\"><\/i><\/a>\n\t\t\t\t\t\t\t\t<\/div>\n\t\t\t\t\t\t\t\t<\/div>\n                            <\/div>\n\t\t\t\t\t\t\t<\/div>\n                          <\/div>\n                        <\/div>\n                                            <div class=\"product-layout product-list col-xs-12\">\n                          <div class=\"product-thumb layout1\">\n\t\t\t\t\t\t\t<div class=\"image\">\n                              \t\t\t\t\t\t\t\t                              <a href=\"https:\/\/www.sulcarautopecas.com.br.186-226-60-153.cpanel.site\/macaneta\/macaneta-interna-porta-diant-esq-honda-city-2023-33173\">\n                                                              <img  src=\"image\/cache\/no_image-100x100.png\" alt=\"Ma\u00e7aneta Interna Porta Diant Esq Honda ...\" \/>\n                              \t\t\t\t\t\t\t  <img  src=\"\" alt=\"Ma\u00e7aneta Interna Porta Diant Esq Honda ...\" title=\"Ma\u00e7aneta Interna Porta Diant Esq Honda ...\" class=\"img-responsive lazy\" \/>\n                              <\/a>\n\t\t\t\t\t\t\t  <div class=\"actions-link\">\t\t\t\t\t\t\t\t\t\n\t\t\t\t\t\t\t\t\t<a class=\"btn-wishlist\" data-toggle=\"tooltip\" title=\"Lista de desejos\" onclick=\"wishlist.add('33173');\"><i class=\"zmdi zmdi-favorite-outline\"><\/i><\/a>\t\t\t\t\t\t\t\t\t\n\t\t\t\t\t\t\t\t\t<a class=\"btn-compare\" data-toggle=\"tooltip\" title=\"Comparar\" onclick=\"compare.add('33173');\"><i class=\"zmdi zmdi-refresh-alt\"><\/i><\/a>\n\t\t\t\t\t\t\t\t<\/div>\n                            <\/div>\n                            <div class=\"product-inner\">\n                              <div class=\"product-caption\">\n\t\t\t\t\t\t\t                                <h2 class=\"product-name\"><a href=\"https:\/\/www.sulcarautopecas.com.br.186-226-60-153.cpanel.site\/macaneta\/macaneta-interna-porta-diant-esq-honda-city-2023-33173\">Ma\u00e7aneta Interna Porta Diant Esq Honda ...<\/a><\/h2>\n\t\t\t\t\t\t\t                                     <div class=\"ratings\">\n                                      <div class=\"rating-box\">\n                                                                                        <div class=\"rating0\">rating<\/div>                                                                                                                                                                                                                                                                            <\/div>\n                                  <\/div>\n                              \t\t\t\t\t\t\t                                  <p class=\"price\">\n                                                                    R$130,00                                                                                                    <\/p>\n                                \t\t\t\t\t\t\t \n                              \n\t\t\t\t\t\t\t\t<p class=\"product-des\">*Sulcar Auto Pe\u00e7as Blumenau.\n*Trabalhamos com produtos originais.\n*Foto reais do produto.\n*Calcular frete em mercado envios,caso tenha nos pergunte.\n*Demais D\u00favidas apenas nos pergunte.\n*Ap\u00f3s confirma\u00e7\u00e3o do pagamento enviamos em at\u00e9 1 dia \u00fatil.\n*Entr..<\/p>\n                              <div class=\"product-intro\">\n\t\t\t\t\t\t\t\t<div class=\"actions-link2\">\n\t\t\t\t\t\t\t\t\t<a class=\"btn-cart\" data-toggle=\"tooltip\" title=\"Comprar\" onclick=\"cart.add('33173');\"><span class=\"button\"><i class=\"fa fa-shopping-cart\"><\/i>Comprar<\/span><\/a>\t\t\t\t\t\t\t\t\t\n\t\t\t\t\t\t\t\t\t<a class=\"btn-wishlist\" data-toggle=\"tooltip\" title=\"Lista de desejos\" onclick=\"wishlist.add('33173');\"><i class=\"zmdi zmdi-favorite-outline\"><\/i><\/a>\t\t\t\t\t\t\t\t\t\n\t\t\t\t\t\t\t\t\t<a class=\"btn-compare\" data-toggle=\"tooltip\" title=\"Comparar\" onclick=\"compare.add('33173');\"><i class=\"zmdi zmdi-refresh-alt\"><\/i><\/a>\n\t\t\t\t\t\t\t\t<\/div>\n\t\t\t\t\t\t\t\t<\/div>\n                            <\/div>\n\t\t\t\t\t\t\t<\/div>\n                          <\/div>\n                        <\/div>\n                                            <div class=\"product-layout product-list col-xs-12\">\n                          <div class=\"product-thumb layout1\">\n\t\t\t\t\t\t\t<div class=\"image\">\n                              \t\t\t\t\t\t\t\t                              <a href=\"https:\/\/www.sulcarautopecas.com.br.186-226-60-153.cpanel.site\/macaneta\/macaneta-porta-externa-dia-direita-ford-ecosport-2012-14858\">\n                                                              <img  src=\"image\/cache\/no_image-100x100.png\" alt=\"Ma\u00e7aneta Porta Externa Dia.direita Ford...\" \/>\n                              \t\t\t\t\t\t\t  <img  src=\"\" alt=\"Ma\u00e7aneta Porta Externa Dia.direita Ford...\" title=\"Ma\u00e7aneta Porta Externa Dia.direita Ford...\" class=\"img-responsive lazy\" \/>\n                              <\/a>\n\t\t\t\t\t\t\t  <div class=\"actions-link\">\t\t\t\t\t\t\t\t\t\n\t\t\t\t\t\t\t\t\t<a class=\"btn-wishlist\" data-toggle=\"tooltip\" title=\"Lista de desejos\" onclick=\"wishlist.add('14858');\"><i class=\"zmdi zmdi-favorite-outline\"><\/i><\/a>\t\t\t\t\t\t\t\t\t\n\t\t\t\t\t\t\t\t\t<a class=\"btn-compare\" data-toggle=\"tooltip\" title=\"Comparar\" onclick=\"compare.add('14858');\"><i class=\"zmdi zmdi-refresh-alt\"><\/i><\/a>\n\t\t\t\t\t\t\t\t<\/div>\n                            <\/div>\n                            <div class=\"product-inner\">\n                              <div class=\"product-caption\">\n\t\t\t\t\t\t\t                                <h2 class=\"product-name\"><a href=\"https:\/\/www.sulcarautopecas.com.br.186-226-60-153.cpanel.site\/macaneta\/macaneta-porta-externa-dia-direita-ford-ecosport-2012-14858\">Ma\u00e7aneta Porta Externa Dia.direita Ford...<\/a><\/h2>\n\t\t\t\t\t\t\t                                     <div class=\"ratings\">\n                                      <div class=\"rating-box\">\n                                                                                        <div class=\"rating0\">rating<\/div>                                                                                                                                                                                                                                                                            <\/div>\n                                  <\/div>\n                              \t\t\t\t\t\t\t                                  <p class=\"price\">\n                                                                    R$100,00                                                                                                    <\/p>\n                                \t\t\t\t\t\t\t \n                              \n\t\t\t\t\t\t\t\t<p class=\"product-des\">*Sulcar Auto Pe\u00e7as Blumenau.\n*Trabalhamos com produtos originais.\n*Foto reais do produto.\n*Calcular frete em mercado envios,caso tenha nos pergunte.\n*Demais D\u00favidas apenas nos pergunte.\n*Ap\u00f3s confirma\u00e7\u00e3o do pagamento enviamos em at\u00e9 1 dia \u00fatil.\n*Entr..<\/p>\n                              <div class=\"product-intro\">\n\t\t\t\t\t\t\t\t<div class=\"actions-link2\">\n\t\t\t\t\t\t\t\t\t<a class=\"btn-cart\" data-toggle=\"tooltip\" title=\"Comprar\" onclick=\"cart.add('14858');\"><span class=\"button\"><i class=\"fa fa-shopping-cart\"><\/i>Comprar<\/span><\/a>\t\t\t\t\t\t\t\t\t\n\t\t\t\t\t\t\t\t\t<a class=\"btn-wishlist\" data-toggle=\"tooltip\" title=\"Lista de desejos\" onclick=\"wishlist.add('14858');\"><i class=\"zmdi zmdi-favorite-outline\"><\/i><\/a>\t\t\t\t\t\t\t\t\t\n\t\t\t\t\t\t\t\t\t<a class=\"btn-compare\" data-toggle=\"tooltip\" title=\"Comparar\" onclick=\"compare.add('14858');\"><i class=\"zmdi zmdi-refresh-alt\"><\/i><\/a>\n\t\t\t\t\t\t\t\t<\/div>\n\t\t\t\t\t\t\t\t<\/div>\n                            <\/div>\n\t\t\t\t\t\t\t<\/div>\n                          <\/div>\n                        <\/div>\n                                            <div class=\"product-layout product-list col-xs-12\">\n                          <div class=\"product-thumb layout1\">\n\t\t\t\t\t\t\t<div class=\"image\">\n                              \t\t\t\t\t\t\t\t                              <a href=\"https:\/\/www.sulcarautopecas.com.br.186-226-60-153.cpanel.site\/macaneta\/macaneta-interna-porta-tras-dir-captur-1-3-turbo-2022-a6283-30807\">\n                                                              <img  src=\"image\/cache\/no_image-100x100.png\" alt=\"Ma\u00e7aneta Interna Porta Tras Dir Captur ...\" \/>\n                              \t\t\t\t\t\t\t  <img  src=\"\" alt=\"Ma\u00e7aneta Interna Porta Tras Dir Captur ...\" title=\"Ma\u00e7aneta Interna Porta Tras Dir Captur ...\" class=\"img-responsive lazy\" \/>\n                              <\/a>\n\t\t\t\t\t\t\t  <div class=\"actions-link\">\t\t\t\t\t\t\t\t\t\n\t\t\t\t\t\t\t\t\t<a class=\"btn-wishlist\" data-toggle=\"tooltip\" title=\"Lista de desejos\" onclick=\"wishlist.add('30807');\"><i class=\"zmdi zmdi-favorite-outline\"><\/i><\/a>\t\t\t\t\t\t\t\t\t\n\t\t\t\t\t\t\t\t\t<a class=\"btn-compare\" data-toggle=\"tooltip\" title=\"Comparar\" onclick=\"compare.add('30807');\"><i class=\"zmdi zmdi-refresh-alt\"><\/i><\/a>\n\t\t\t\t\t\t\t\t<\/div>\n                            <\/div>\n                            <div class=\"product-inner\">\n                              <div class=\"product-caption\">\n\t\t\t\t\t\t\t                                <h2 class=\"product-name\"><a href=\"https:\/\/www.sulcarautopecas.com.br.186-226-60-153.cpanel.site\/macaneta\/macaneta-interna-porta-tras-dir-captur-1-3-turbo-2022-a6283-30807\">Ma\u00e7aneta Interna Porta Tras Dir Captur ...<\/a><\/h2>\n\t\t\t\t\t\t\t                                     <div class=\"ratings\">\n                                      <div class=\"rating-box\">\n                                                                                        <div class=\"rating0\">rating<\/div>                                                                                                                                                                                                                                                                            <\/div>\n                                  <\/div>\n                              \t\t\t\t\t\t\t                                  <p class=\"price\">\n                                                                    R$50,00                                                                                                    <\/p>\n                                \t\t\t\t\t\t\t \n                              \n\t\t\t\t\t\t\t\t<p class=\"product-des\">Sulcar Auto Pe\u00e7as Blumenau\nTrabalhamos com produtos originais\nFoto reais do produto\nCalcular frete...no mercado de envios\nDemais d\u00favidas...apenas nos pergunte\nAp\u00f3s confirmar do pagamento enviamos em at\u00e9 1 dia \u00fatil\nEntregamos para todo territ\u00f3rio naci..<\/p>\n                              <div class=\"product-intro\">\n\t\t\t\t\t\t\t\t<div class=\"actions-link2\">\n\t\t\t\t\t\t\t\t\t<a class=\"btn-cart\" data-toggle=\"tooltip\" title=\"Comprar\" onclick=\"cart.add('30807');\"><span class=\"button\"><i class=\"fa fa-shopping-cart\"><\/i>Comprar<\/span><\/a>\t\t\t\t\t\t\t\t\t\n\t\t\t\t\t\t\t\t\t<a class=\"btn-wishlist\" data-toggle=\"tooltip\" title=\"Lista de desejos\" onclick=\"wishlist.add('30807');\"><i class=\"zmdi zmdi-favorite-outline\"><\/i><\/a>\t\t\t\t\t\t\t\t\t\n\t\t\t\t\t\t\t\t\t<a class=\"btn-compare\" data-toggle=\"tooltip\" title=\"Comparar\" onclick=\"compare.add('30807');\"><i class=\"zmdi zmdi-refresh-alt\"><\/i><\/a>\n\t\t\t\t\t\t\t\t<\/div>\n\t\t\t\t\t\t\t\t<\/div>\n                            <\/div>\n\t\t\t\t\t\t\t<\/div>\n                          <\/div>\n                        <\/div>\n                                            <div class=\"product-layout product-list col-xs-12\">\n                          <div class=\"product-thumb layout1\">\n\t\t\t\t\t\t\t<div class=\"image\">\n                              \t\t\t\t\t\t\t\t                              <a href=\"https:\/\/www.sulcarautopecas.com.br.186-226-60-153.cpanel.site\/macaneta\/macaneta-porta-malas-renault-captur-2021-a4278-28590\">\n                                                              <img  src=\"image\/cache\/no_image-100x100.png\" alt=\"Ma\u00e7aneta Porta Malas Renault Captur 202...\" \/>\n                              \t\t\t\t\t\t\t  <img  src=\"\" alt=\"Ma\u00e7aneta Porta Malas Renault Captur 202...\" title=\"Ma\u00e7aneta Porta Malas Renault Captur 202...\" class=\"img-responsive lazy\" \/>\n                              <\/a>\n\t\t\t\t\t\t\t  <div class=\"actions-link\">\t\t\t\t\t\t\t\t\t\n\t\t\t\t\t\t\t\t\t<a class=\"btn-wishlist\" data-toggle=\"tooltip\" title=\"Lista de desejos\" onclick=\"wishlist.add('28590');\"><i class=\"zmdi zmdi-favorite-outline\"><\/i><\/a>\t\t\t\t\t\t\t\t\t\n\t\t\t\t\t\t\t\t\t<a class=\"btn-compare\" data-toggle=\"tooltip\" title=\"Comparar\" onclick=\"compare.add('28590');\"><i class=\"zmdi zmdi-refresh-alt\"><\/i><\/a>\n\t\t\t\t\t\t\t\t<\/div>\n                            <\/div>\n                            <div class=\"product-inner\">\n                              <div class=\"product-caption\">\n\t\t\t\t\t\t\t                                <h2 class=\"product-name\"><a href=\"https:\/\/www.sulcarautopecas.com.br.186-226-60-153.cpanel.site\/macaneta\/macaneta-porta-malas-renault-captur-2021-a4278-28590\">Ma\u00e7aneta Porta Malas Renault Captur 202...<\/a><\/h2>\n\t\t\t\t\t\t\t                                     <div class=\"ratings\">\n                                      <div class=\"rating-box\">\n                                                                                        <div class=\"rating0\">rating<\/div>                                                                                                                                                                                                                                                                            <\/div>\n                                  <\/div>\n                              \t\t\t\t\t\t\t                                  <p class=\"price\">\n                                                                    R$100,00                                                                                                    <\/p>\n                                \t\t\t\t\t\t\t \n                              \n\t\t\t\t\t\t\t\t<p class=\"product-des\">Sulcar Auto Pe\u00e7as Blumenau\nTrabalhamos com produtos originais\nFoto reais do produto\nCalcular frete...no mercado de envios\nDemais d\u00favidas...apenas nos pergunte\nAp\u00f3s confirmar do pagamento enviamos em at\u00e9 1 dia \u00fatil\nEntregamos para todo territ\u00f3rio naci..<\/p>\n                              <div class=\"product-intro\">\n\t\t\t\t\t\t\t\t<div class=\"actions-link2\">\n\t\t\t\t\t\t\t\t\t<a class=\"btn-cart\" data-toggle=\"tooltip\" title=\"Comprar\" onclick=\"cart.add('28590');\"><span class=\"button\"><i class=\"fa fa-shopping-cart\"><\/i>Comprar<\/span><\/a>\t\t\t\t\t\t\t\t\t\n\t\t\t\t\t\t\t\t\t<a class=\"btn-wishlist\" data-toggle=\"tooltip\" title=\"Lista de desejos\" onclick=\"wishlist.add('28590');\"><i class=\"zmdi zmdi-favorite-outline\"><\/i><\/a>\t\t\t\t\t\t\t\t\t\n\t\t\t\t\t\t\t\t\t<a class=\"btn-compare\" data-toggle=\"tooltip\" title=\"Comparar\" onclick=\"compare.add('28590');\"><i class=\"zmdi zmdi-refresh-alt\"><\/i><\/a>\n\t\t\t\t\t\t\t\t<\/div>\n\t\t\t\t\t\t\t\t<\/div>\n                            <\/div>\n\t\t\t\t\t\t\t<\/div>\n                          <\/div>\n                        <\/div>\n                                            <div class=\"product-layout product-list col-xs-12\">\n                          <div class=\"product-thumb layout1\">\n\t\t\t\t\t\t\t<div class=\"image\">\n                              \t\t\t\t\t\t\t\t                              <a href=\"https:\/\/www.sulcarautopecas.com.br.186-226-60-153.cpanel.site\/macaneta\/macaneta-externa-porta-dianteira-esquerda-fiat-ideia-2012-24399\">\n                                                              <img  src=\"image\/cache\/no_image-100x100.png\" alt=\"Ma\u00e7aneta Externa Porta Dianteira Esquer...\" \/>\n                              \t\t\t\t\t\t\t  <img  src=\"\" alt=\"Ma\u00e7aneta Externa Porta Dianteira Esquer...\" title=\"Ma\u00e7aneta Externa Porta Dianteira Esquer...\" class=\"img-responsive lazy\" \/>\n                              <\/a>\n\t\t\t\t\t\t\t  <div class=\"actions-link\">\t\t\t\t\t\t\t\t\t\n\t\t\t\t\t\t\t\t\t<a class=\"btn-wishlist\" data-toggle=\"tooltip\" title=\"Lista de desejos\" onclick=\"wishlist.add('24399');\"><i class=\"zmdi zmdi-favorite-outline\"><\/i><\/a>\t\t\t\t\t\t\t\t\t\n\t\t\t\t\t\t\t\t\t<a class=\"btn-compare\" data-toggle=\"tooltip\" title=\"Comparar\" onclick=\"compare.add('24399');\"><i class=\"zmdi zmdi-refresh-alt\"><\/i><\/a>\n\t\t\t\t\t\t\t\t<\/div>\n                            <\/div>\n                            <div class=\"product-inner\">\n                              <div class=\"product-caption\">\n\t\t\t\t\t\t\t                                <h2 class=\"product-name\"><a href=\"https:\/\/www.sulcarautopecas.com.br.186-226-60-153.cpanel.site\/macaneta\/macaneta-externa-porta-dianteira-esquerda-fiat-ideia-2012-24399\">Ma\u00e7aneta Externa Porta Dianteira Esquer...<\/a><\/h2>\n\t\t\t\t\t\t\t                                     <div class=\"ratings\">\n                                      <div class=\"rating-box\">\n                                                                                        <div class=\"rating0\">rating<\/div>                                                                                                                                                                                                                                                                            <\/div>\n                                  <\/div>\n                              \t\t\t\t\t\t\t                                  <p class=\"price\">\n                                                                    R$100,00                                                                                                    <\/p>\n                                \t\t\t\t\t\t\t \n                              \n\t\t\t\t\t\t\t\t<p class=\"product-des\">Trabalhamos com produtos originais, retirados de ve\u00edculos baixados no Detran, com toda a proced\u00eancia e garantia.\nTodas as nossas fotos s\u00e3o reais do produto.\n\nPara calcular o frete basta aproveitar as vantagens do MERCADO ENVIOS.\nCaso o produto n\u00e3o te..<\/p>\n                              <div class=\"product-intro\">\n\t\t\t\t\t\t\t\t<div class=\"actions-link2\">\n\t\t\t\t\t\t\t\t\t<a class=\"btn-cart\" data-toggle=\"tooltip\" title=\"Comprar\" onclick=\"cart.add('24399');\"><span class=\"button\"><i class=\"fa fa-shopping-cart\"><\/i>Comprar<\/span><\/a>\t\t\t\t\t\t\t\t\t\n\t\t\t\t\t\t\t\t\t<a class=\"btn-wishlist\" data-toggle=\"tooltip\" title=\"Lista de desejos\" onclick=\"wishlist.add('24399');\"><i class=\"zmdi zmdi-favorite-outline\"><\/i><\/a>\t\t\t\t\t\t\t\t\t\n\t\t\t\t\t\t\t\t\t<a class=\"btn-compare\" data-toggle=\"tooltip\" title=\"Comparar\" onclick=\"compare.add('24399');\"><i class=\"zmdi zmdi-refresh-alt\"><\/i><\/a>\n\t\t\t\t\t\t\t\t<\/div>\n\t\t\t\t\t\t\t\t<\/div>\n                            <\/div>\n\t\t\t\t\t\t\t<\/div>\n                          <\/div>\n                        <\/div>\n                                            <div class=\"product-layout product-list col-xs-12\">\n                          <div class=\"product-thumb layout1\">\n\t\t\t\t\t\t\t<div class=\"image\">\n                              \t\t\t\t\t\t\t\t                              <a href=\"https:\/\/www.sulcarautopecas.com.br.186-226-60-153.cpanel.site\/macaneta\/macaneta-interna-porta-traseira-esquerda-honda-cr-v-2012-15-20726\">\n                                                              <img  src=\"image\/cache\/no_image-100x100.png\" alt=\"Ma\u00e7aneta Interna Porta Traseira Esquerd...\" \/>\n                              \t\t\t\t\t\t\t  <img  src=\"\" alt=\"Ma\u00e7aneta Interna Porta Traseira Esquerd...\" title=\"Ma\u00e7aneta Interna Porta Traseira Esquerd...\" class=\"img-responsive lazy\" \/>\n                              <\/a>\n\t\t\t\t\t\t\t  <div class=\"actions-link\">\t\t\t\t\t\t\t\t\t\n\t\t\t\t\t\t\t\t\t<a class=\"btn-wishlist\" data-toggle=\"tooltip\" title=\"Lista de desejos\" onclick=\"wishlist.add('20726');\"><i class=\"zmdi zmdi-favorite-outline\"><\/i><\/a>\t\t\t\t\t\t\t\t\t\n\t\t\t\t\t\t\t\t\t<a class=\"btn-compare\" data-toggle=\"tooltip\" title=\"Comparar\" onclick=\"compare.add('20726');\"><i class=\"zmdi zmdi-refresh-alt\"><\/i><\/a>\n\t\t\t\t\t\t\t\t<\/div>\n                            <\/div>\n                            <div class=\"product-inner\">\n                              <div class=\"product-caption\">\n\t\t\t\t\t\t\t                                <h2 class=\"product-name\"><a href=\"https:\/\/www.sulcarautopecas.com.br.186-226-60-153.cpanel.site\/macaneta\/macaneta-interna-porta-traseira-esquerda-honda-cr-v-2012-15-20726\">Ma\u00e7aneta Interna Porta Traseira Esquerd...<\/a><\/h2>\n\t\t\t\t\t\t\t                                     <div class=\"ratings\">\n                                      <div class=\"rating-box\">\n                                                                                        <div class=\"rating0\">rating<\/div>                                                                                                                                                                                                                                                                            <\/div>\n                                  <\/div>\n                              \t\t\t\t\t\t\t                                  <p class=\"price\">\n                                                                    R$60,00                                                                                                    <\/p>\n                                \t\t\t\t\t\t\t \n                              \n\t\t\t\t\t\t\t\t<p class=\"product-des\">Trabalhamos com produtos originais, retirados de ve\u00edculos baixados no Detran, com total proced\u00eancia e garantia.\nTodas as nossas fotos s\u00e3o reais do produto.\n\nPara calcular o frente basta aproveitar as vantagens do MERCADO ENVIOS.\nCaso o produto n\u00e3o te..<\/p>\n                              <div class=\"product-intro\">\n\t\t\t\t\t\t\t\t<div class=\"actions-link2\">\n\t\t\t\t\t\t\t\t\t<a class=\"btn-cart\" data-toggle=\"tooltip\" title=\"Comprar\" onclick=\"cart.add('20726');\"><span class=\"button\"><i class=\"fa fa-shopping-cart\"><\/i>Comprar<\/span><\/a>\t\t\t\t\t\t\t\t\t\n\t\t\t\t\t\t\t\t\t<a class=\"btn-wishlist\" data-toggle=\"tooltip\" title=\"Lista de desejos\" onclick=\"wishlist.add('20726');\"><i class=\"zmdi zmdi-favorite-outline\"><\/i><\/a>\t\t\t\t\t\t\t\t\t\n\t\t\t\t\t\t\t\t\t<a class=\"btn-compare\" data-toggle=\"tooltip\" title=\"Comparar\" onclick=\"compare.add('20726');\"><i class=\"zmdi zmdi-refresh-alt\"><\/i><\/a>\n\t\t\t\t\t\t\t\t<\/div>\n\t\t\t\t\t\t\t\t<\/div>\n                            <\/div>\n\t\t\t\t\t\t\t<\/div>\n                          <\/div>\n                        <\/div>\n                                            <div class=\"product-layout product-list col-xs-12\">\n                          <div class=\"product-thumb layout1\">\n\t\t\t\t\t\t\t<div class=\"image\">\n                              \t\t\t\t\t\t\t\t                              <a href=\"https:\/\/www.sulcarautopecas.com.br.186-226-60-153.cpanel.site\/macaneta\/tinco-porta-dia-esquerdo-toyota-corola-2004-11521\">\n                                                              <img  src=\"image\/cache\/no_image-100x100.png\" alt=\"Ma\u00e7aneta Interna Porta Diant Esquerda T...\" \/>\n                              \t\t\t\t\t\t\t  <img  src=\"\" alt=\"Ma\u00e7aneta Interna Porta Diant Esquerda T...\" title=\"Ma\u00e7aneta Interna Porta Diant Esquerda T...\" class=\"img-responsive lazy\" \/>\n                              <\/a>\n\t\t\t\t\t\t\t  <div class=\"actions-link\">\t\t\t\t\t\t\t\t\t\n\t\t\t\t\t\t\t\t\t<a class=\"btn-wishlist\" data-toggle=\"tooltip\" title=\"Lista de desejos\" onclick=\"wishlist.add('11521');\"><i class=\"zmdi zmdi-favorite-outline\"><\/i><\/a>\t\t\t\t\t\t\t\t\t\n\t\t\t\t\t\t\t\t\t<a class=\"btn-compare\" data-toggle=\"tooltip\" title=\"Comparar\" onclick=\"compare.add('11521');\"><i class=\"zmdi zmdi-refresh-alt\"><\/i><\/a>\n\t\t\t\t\t\t\t\t<\/div>\n                            <\/div>\n                            <div class=\"product-inner\">\n                              <div class=\"product-caption\">\n\t\t\t\t\t\t\t                                <h2 class=\"product-name\"><a href=\"https:\/\/www.sulcarautopecas.com.br.186-226-60-153.cpanel.site\/macaneta\/tinco-porta-dia-esquerdo-toyota-corola-2004-11521\">Ma\u00e7aneta Interna Porta Diant Esquerda T...<\/a><\/h2>\n\t\t\t\t\t\t\t                                     <div class=\"ratings\">\n                                      <div class=\"rating-box\">\n                                                                                        <div class=\"rating0\">rating<\/div>                                                                                                                                                                                                                                                                            <\/div>\n                                  <\/div>\n                              \t\t\t\t\t\t\t                                  <p class=\"price\">\n                                                                    R$45,00                                                                                                    <\/p>\n                                \t\t\t\t\t\t\t \n                              \n\t\t\t\t\t\t\t\t<p class=\"product-des\">..<\/p>\n                              <div class=\"product-intro\">\n\t\t\t\t\t\t\t\t<div class=\"actions-link2\">\n\t\t\t\t\t\t\t\t\t<a class=\"btn-cart\" data-toggle=\"tooltip\" title=\"Comprar\" onclick=\"cart.add('11521');\"><span class=\"button\"><i class=\"fa fa-shopping-cart\"><\/i>Comprar<\/span><\/a>\t\t\t\t\t\t\t\t\t\n\t\t\t\t\t\t\t\t\t<a class=\"btn-wishlist\" data-toggle=\"tooltip\" title=\"Lista de desejos\" onclick=\"wishlist.add('11521');\"><i class=\"zmdi zmdi-favorite-outline\"><\/i><\/a>\t\t\t\t\t\t\t\t\t\n\t\t\t\t\t\t\t\t\t<a class=\"btn-compare\" data-toggle=\"tooltip\" title=\"Comparar\" onclick=\"compare.add('11521');\"><i class=\"zmdi zmdi-refresh-alt\"><\/i><\/a>\n\t\t\t\t\t\t\t\t<\/div>\n\t\t\t\t\t\t\t\t<\/div>\n                            <\/div>\n\t\t\t\t\t\t\t<\/div>\n                          <\/div>\n                        <\/div>\n                                            <div class=\"product-layout product-list col-xs-12\">\n                          <div class=\"product-thumb layout1\">\n\t\t\t\t\t\t\t<div class=\"image\">\n                              \t\t\t\t\t\t\t\t                              <a href=\"https:\/\/www.sulcarautopecas.com.br.186-226-60-153.cpanel.site\/macaneta\/macaneta-externa-porta-tras-direita-mitsubishi-outlander-12-16041\">\n                                                              <img  src=\"image\/cache\/no_image-100x100.png\" alt=\"Ma\u00e7aneta Externa Porta Tras.direita Mit...\" \/>\n                              \t\t\t\t\t\t\t  <img  src=\"\" alt=\"Ma\u00e7aneta Externa Porta Tras.direita Mit...\" title=\"Ma\u00e7aneta Externa Porta Tras.direita Mit...\" class=\"img-responsive lazy\" \/>\n                              <\/a>\n\t\t\t\t\t\t\t  <div class=\"actions-link\">\t\t\t\t\t\t\t\t\t\n\t\t\t\t\t\t\t\t\t<a class=\"btn-wishlist\" data-toggle=\"tooltip\" title=\"Lista de desejos\" onclick=\"wishlist.add('16041');\"><i class=\"zmdi zmdi-favorite-outline\"><\/i><\/a>\t\t\t\t\t\t\t\t\t\n\t\t\t\t\t\t\t\t\t<a class=\"btn-compare\" data-toggle=\"tooltip\" title=\"Comparar\" onclick=\"compare.add('16041');\"><i class=\"zmdi zmdi-refresh-alt\"><\/i><\/a>\n\t\t\t\t\t\t\t\t<\/div>\n                            <\/div>\n                            <div class=\"product-inner\">\n                              <div class=\"product-caption\">\n\t\t\t\t\t\t\t                                <h2 class=\"product-name\"><a href=\"https:\/\/www.sulcarautopecas.com.br.186-226-60-153.cpanel.site\/macaneta\/macaneta-externa-porta-tras-direita-mitsubishi-outlander-12-16041\">Ma\u00e7aneta Externa Porta Tras.direita Mit...<\/a><\/h2>\n\t\t\t\t\t\t\t                                     <div class=\"ratings\">\n                                      <div class=\"rating-box\">\n                                                                                        <div class=\"rating0\">rating<\/div>                                                                                                                                                                                                                                                                            <\/div>\n                                  <\/div>\n                              \t\t\t\t\t\t\t                                  <p class=\"price\">\n                                                                    R$90,00                                                                                                    <\/p>\n                                \t\t\t\t\t\t\t \n                              \n\t\t\t\t\t\t\t\t<p class=\"product-des\">*Sulcar Auto Pe\u00e7as Blumenau.\n*Trabalhamos com produtos originais.\n*Foto reais do produto.\n*Calcular frete em mercado envios,caso tenha nos pergunte.\n*Demais D\u00favidas apenas nos pergunte.\n*Ap\u00f3s confirma\u00e7\u00e3o do pagamento enviamos em at\u00e9 1 dia \u00fatil.\n*Entr..<\/p>\n                              <div class=\"product-intro\">\n\t\t\t\t\t\t\t\t<div class=\"actions-link2\">\n\t\t\t\t\t\t\t\t\t<a class=\"btn-cart\" data-toggle=\"tooltip\" title=\"Comprar\" onclick=\"cart.add('16041');\"><span class=\"button\"><i class=\"fa fa-shopping-cart\"><\/i>Comprar<\/span><\/a>\t\t\t\t\t\t\t\t\t\n\t\t\t\t\t\t\t\t\t<a class=\"btn-wishlist\" data-toggle=\"tooltip\" title=\"Lista de desejos\" onclick=\"wishlist.add('16041');\"><i class=\"zmdi zmdi-favorite-outline\"><\/i><\/a>\t\t\t\t\t\t\t\t\t\n\t\t\t\t\t\t\t\t\t<a class=\"btn-compare\" data-toggle=\"tooltip\" title=\"Comparar\" onclick=\"compare.add('16041');\"><i class=\"zmdi zmdi-refresh-alt\"><\/i><\/a>\n\t\t\t\t\t\t\t\t<\/div>\n\t\t\t\t\t\t\t\t<\/div>\n                            <\/div>\n\t\t\t\t\t\t\t<\/div>\n                          <\/div>\n                        <\/div>\n                                            <div class=\"product-layout product-list col-xs-12\">\n                          <div class=\"product-thumb layout1\">\n\t\t\t\t\t\t\t<div class=\"image\">\n                              \t\t\t\t\t\t\t\t                              <a href=\"https:\/\/www.sulcarautopecas.com.br.186-226-60-153.cpanel.site\/macaneta\/acabamento-macaneta-interna-tras-dir-fastback-2023-31622\">\n                                                              <img  src=\"image\/cache\/no_image-100x100.png\" alt=\"Acabamento Ma\u00e7aneta Interna Tras Dir Fa...\" \/>\n                              \t\t\t\t\t\t\t  <img  src=\"\" alt=\"Acabamento Ma\u00e7aneta Interna Tras Dir Fa...\" title=\"Acabamento Ma\u00e7aneta Interna Tras Dir Fa...\" class=\"img-responsive lazy\" \/>\n                              <\/a>\n\t\t\t\t\t\t\t  <div class=\"actions-link\">\t\t\t\t\t\t\t\t\t\n\t\t\t\t\t\t\t\t\t<a class=\"btn-wishlist\" data-toggle=\"tooltip\" title=\"Lista de desejos\" onclick=\"wishlist.add('31622');\"><i class=\"zmdi zmdi-favorite-outline\"><\/i><\/a>\t\t\t\t\t\t\t\t\t\n\t\t\t\t\t\t\t\t\t<a class=\"btn-compare\" data-toggle=\"tooltip\" title=\"Comparar\" onclick=\"compare.add('31622');\"><i class=\"zmdi zmdi-refresh-alt\"><\/i><\/a>\n\t\t\t\t\t\t\t\t<\/div>\n                            <\/div>\n                            <div class=\"product-inner\">\n                              <div class=\"product-caption\">\n\t\t\t\t\t\t\t                                <h2 class=\"product-name\"><a href=\"https:\/\/www.sulcarautopecas.com.br.186-226-60-153.cpanel.site\/macaneta\/acabamento-macaneta-interna-tras-dir-fastback-2023-31622\">Acabamento Ma\u00e7aneta Interna Tras Dir Fa...<\/a><\/h2>\n\t\t\t\t\t\t\t                                     <div class=\"ratings\">\n                                      <div class=\"rating-box\">\n                                                                                        <div class=\"rating0\">rating<\/div>                                                                                                                                                                                                                                                                            <\/div>\n                                  <\/div>\n                              \t\t\t\t\t\t\t                                  <p class=\"price\">\n                                                                    R$100,00                                                                                                    <\/p>\n                                \t\t\t\t\t\t\t \n                              \n\t\t\t\t\t\t\t\t<p class=\"product-des\">*Sulcar Auto Pe\u00e7as Blumenau.\n*Trabalhamos com produtos originais.\n*Foto reais do produto.\n*Calcular frete em mercado envios,caso tenha nos pergunte.\n*Demais D\u00favidas apenas nos pergunte.\n*Ap\u00f3s confirma\u00e7\u00e3o do pagamento enviamos em at\u00e9 1 dia \u00fatil.\n*Entr..<\/p>\n                              <div class=\"product-intro\">\n\t\t\t\t\t\t\t\t<div class=\"actions-link2\">\n\t\t\t\t\t\t\t\t\t<a class=\"btn-cart\" data-toggle=\"tooltip\" title=\"Comprar\" onclick=\"cart.add('31622');\"><span class=\"button\"><i class=\"fa fa-shopping-cart\"><\/i>Comprar<\/span><\/a>\t\t\t\t\t\t\t\t\t\n\t\t\t\t\t\t\t\t\t<a class=\"btn-wishlist\" data-toggle=\"tooltip\" title=\"Lista de desejos\" onclick=\"wishlist.add('31622');\"><i class=\"zmdi zmdi-favorite-outline\"><\/i><\/a>\t\t\t\t\t\t\t\t\t\n\t\t\t\t\t\t\t\t\t<a class=\"btn-compare\" data-toggle=\"tooltip\" title=\"Comparar\" onclick=\"compare.add('31622');\"><i class=\"zmdi zmdi-refresh-alt\"><\/i><\/a>\n\t\t\t\t\t\t\t\t<\/div>\n\t\t\t\t\t\t\t\t<\/div>\n                            <\/div>\n\t\t\t\t\t\t\t<\/div>\n                          <\/div>\n                        <\/div>\n                                            <div class=\"product-layout product-list col-xs-12\">\n                          <div class=\"product-thumb layout1\">\n\t\t\t\t\t\t\t<div class=\"image\">\n                              \t\t\t\t\t\t\t\t                              <a href=\"https:\/\/www.sulcarautopecas.com.br.186-226-60-153.cpanel.site\/macaneta\/macaneta-externa-tras-esq-gm-zafira-2010-a4466-28778\">\n                                                              <img  src=\"image\/cache\/no_image-100x100.png\" alt=\"Ma\u00e7aneta Externa Tras Esq Gm Zafira 201...\" \/>\n                              \t\t\t\t\t\t\t  <img  src=\"\" alt=\"Ma\u00e7aneta Externa Tras Esq Gm Zafira 201...\" title=\"Ma\u00e7aneta Externa Tras Esq Gm Zafira 201...\" class=\"img-responsive lazy\" \/>\n                              <\/a>\n\t\t\t\t\t\t\t  <div class=\"actions-link\">\t\t\t\t\t\t\t\t\t\n\t\t\t\t\t\t\t\t\t<a class=\"btn-wishlist\" data-toggle=\"tooltip\" title=\"Lista de desejos\" onclick=\"wishlist.add('28778');\"><i class=\"zmdi zmdi-favorite-outline\"><\/i><\/a>\t\t\t\t\t\t\t\t\t\n\t\t\t\t\t\t\t\t\t<a class=\"btn-compare\" data-toggle=\"tooltip\" title=\"Comparar\" onclick=\"compare.add('28778');\"><i class=\"zmdi zmdi-refresh-alt\"><\/i><\/a>\n\t\t\t\t\t\t\t\t<\/div>\n                            <\/div>\n                            <div class=\"product-inner\">\n                              <div class=\"product-caption\">\n\t\t\t\t\t\t\t                                <h2 class=\"product-name\"><a href=\"https:\/\/www.sulcarautopecas.com.br.186-226-60-153.cpanel.site\/macaneta\/macaneta-externa-tras-esq-gm-zafira-2010-a4466-28778\">Ma\u00e7aneta Externa Tras Esq Gm Zafira 201...<\/a><\/h2>\n\t\t\t\t\t\t\t                                     <div class=\"ratings\">\n                                      <div class=\"rating-box\">\n                                                                                        <div class=\"rating0\">rating<\/div>                                                                                                                                                                                                                                                                            <\/div>\n                                  <\/div>\n                              \t\t\t\t\t\t\t                                  <p class=\"price\">\n                                                                    R$80,00                                                                                                    <\/p>\n                                \t\t\t\t\t\t\t \n                              \n\t\t\t\t\t\t\t\t<p class=\"product-des\">Sulcar Auto Pe\u00e7as Blumenau\nTrabalhamos com produtos originais\nFoto reais do produto\nCalcular frete...no mercado de envios\nDemais d\u00favidas...apenas nos pergunte\nAp\u00f3s confirmar do pagamento enviamos em at\u00e9 1 dia \u00fatil\nEntregamos para todo territ\u00f3rio naci..<\/p>\n                              <div class=\"product-intro\">\n\t\t\t\t\t\t\t\t<div class=\"actions-link2\">\n\t\t\t\t\t\t\t\t\t<a class=\"btn-cart\" data-toggle=\"tooltip\" title=\"Comprar\" onclick=\"cart.add('28778');\"><span class=\"button\"><i class=\"fa fa-shopping-cart\"><\/i>Comprar<\/span><\/a>\t\t\t\t\t\t\t\t\t\n\t\t\t\t\t\t\t\t\t<a class=\"btn-wishlist\" data-toggle=\"tooltip\" title=\"Lista de desejos\" onclick=\"wishlist.add('28778');\"><i class=\"zmdi zmdi-favorite-outline\"><\/i><\/a>\t\t\t\t\t\t\t\t\t\n\t\t\t\t\t\t\t\t\t<a class=\"btn-compare\" data-toggle=\"tooltip\" title=\"Comparar\" onclick=\"compare.add('28778');\"><i class=\"zmdi zmdi-refresh-alt\"><\/i><\/a>\n\t\t\t\t\t\t\t\t<\/div>\n\t\t\t\t\t\t\t\t<\/div>\n                            <\/div>\n\t\t\t\t\t\t\t<\/div>\n                          <\/div>\n                        <\/div>\n                                            <div class=\"product-layout product-list col-xs-12\">\n                          <div class=\"product-thumb layout1\">\n\t\t\t\t\t\t\t<div class=\"image\">\n                              \t\t\t\t\t\t\t\t                              <a href=\"https:\/\/www.sulcarautopecas.com.br.186-226-60-153.cpanel.site\/macaneta\/acabamento-macaneta-inter-dia-dir-kia-soul-1-6-2010-aut-a514-25080\">\n                                                              <img  src=\"image\/cache\/no_image-100x100.png\" alt=\"Acabamento Ma\u00e7aneta Inter Dia Dir Kia S...\" \/>\n                              \t\t\t\t\t\t\t  <img  src=\"\" alt=\"Acabamento Ma\u00e7aneta Inter Dia Dir Kia S...\" title=\"Acabamento Ma\u00e7aneta Inter Dia Dir Kia S...\" class=\"img-responsive lazy\" \/>\n                              <\/a>\n\t\t\t\t\t\t\t  <div class=\"actions-link\">\t\t\t\t\t\t\t\t\t\n\t\t\t\t\t\t\t\t\t<a class=\"btn-wishlist\" data-toggle=\"tooltip\" title=\"Lista de desejos\" onclick=\"wishlist.add('25080');\"><i class=\"zmdi zmdi-favorite-outline\"><\/i><\/a>\t\t\t\t\t\t\t\t\t\n\t\t\t\t\t\t\t\t\t<a class=\"btn-compare\" data-toggle=\"tooltip\" title=\"Comparar\" onclick=\"compare.add('25080');\"><i class=\"zmdi zmdi-refresh-alt\"><\/i><\/a>\n\t\t\t\t\t\t\t\t<\/div>\n                            <\/div>\n                            <div class=\"product-inner\">\n                              <div class=\"product-caption\">\n\t\t\t\t\t\t\t                                <h2 class=\"product-name\"><a href=\"https:\/\/www.sulcarautopecas.com.br.186-226-60-153.cpanel.site\/macaneta\/acabamento-macaneta-inter-dia-dir-kia-soul-1-6-2010-aut-a514-25080\">Acabamento Ma\u00e7aneta Inter Dia Dir Kia S...<\/a><\/h2>\n\t\t\t\t\t\t\t                                     <div class=\"ratings\">\n                                      <div class=\"rating-box\">\n                                                                                        <div class=\"rating0\">rating<\/div>                                                                                                                                                                                                                                                                            <\/div>\n                                  <\/div>\n                              \t\t\t\t\t\t\t                                  <p class=\"price\">\n                                                                    R$60,00                                                                                                    <\/p>\n                                \t\t\t\t\t\t\t \n                              \n\t\t\t\t\t\t\t\t<p class=\"product-des\">Sulcar Auto Pe\u00e7as Blumenau\nTrabalhamos com produtos originais\nFoto reais do produto\nCalcular frete...no mercado de envios\nDemais d\u00favidas...apenas nos pergunte\nAp\u00f3s confirmar do pagamento enviamos em at\u00e9 1 dia \u00fatil\nEntregamos para todo territ\u00f3rio naci..<\/p>\n                              <div class=\"product-intro\">\n\t\t\t\t\t\t\t\t<div class=\"actions-link2\">\n\t\t\t\t\t\t\t\t\t<a class=\"btn-cart\" data-toggle=\"tooltip\" title=\"Comprar\" onclick=\"cart.add('25080');\"><span class=\"button\"><i class=\"fa fa-shopping-cart\"><\/i>Comprar<\/span><\/a>\t\t\t\t\t\t\t\t\t\n\t\t\t\t\t\t\t\t\t<a class=\"btn-wishlist\" data-toggle=\"tooltip\" title=\"Lista de desejos\" onclick=\"wishlist.add('25080');\"><i class=\"zmdi zmdi-favorite-outline\"><\/i><\/a>\t\t\t\t\t\t\t\t\t\n\t\t\t\t\t\t\t\t\t<a class=\"btn-compare\" data-toggle=\"tooltip\" title=\"Comparar\" onclick=\"compare.add('25080');\"><i class=\"zmdi zmdi-refresh-alt\"><\/i><\/a>\n\t\t\t\t\t\t\t\t<\/div>\n\t\t\t\t\t\t\t\t<\/div>\n                            <\/div>\n\t\t\t\t\t\t\t<\/div>\n                          <\/div>\n                        <\/div>\n                                            <div class=\"product-layout product-list col-xs-12\">\n                          <div class=\"product-thumb layout1\">\n\t\t\t\t\t\t\t<div class=\"image\">\n                              \t\t\t\t\t\t\t\t                              <a href=\"https:\/\/www.sulcarautopecas.com.br.186-226-60-153.cpanel.site\/macaneta\/macaneta-externa-porta-tras-esq-mitsubishi-tr4-manual-2009-21707\">\n                                                              <img  src=\"image\/cache\/no_image-100x100.png\" alt=\"Ma\u00e7aneta Externa Porta Tras Esq Mitsubi...\" \/>\n                              \t\t\t\t\t\t\t  <img  src=\"\" alt=\"Ma\u00e7aneta Externa Porta Tras Esq Mitsubi...\" title=\"Ma\u00e7aneta Externa Porta Tras Esq Mitsubi...\" class=\"img-responsive lazy\" \/>\n                              <\/a>\n\t\t\t\t\t\t\t  <div class=\"actions-link\">\t\t\t\t\t\t\t\t\t\n\t\t\t\t\t\t\t\t\t<a class=\"btn-wishlist\" data-toggle=\"tooltip\" title=\"Lista de desejos\" onclick=\"wishlist.add('21707');\"><i class=\"zmdi zmdi-favorite-outline\"><\/i><\/a>\t\t\t\t\t\t\t\t\t\n\t\t\t\t\t\t\t\t\t<a class=\"btn-compare\" data-toggle=\"tooltip\" title=\"Comparar\" onclick=\"compare.add('21707');\"><i class=\"zmdi zmdi-refresh-alt\"><\/i><\/a>\n\t\t\t\t\t\t\t\t<\/div>\n                            <\/div>\n                            <div class=\"product-inner\">\n                              <div class=\"product-caption\">\n\t\t\t\t\t\t\t                                <h2 class=\"product-name\"><a href=\"https:\/\/www.sulcarautopecas.com.br.186-226-60-153.cpanel.site\/macaneta\/macaneta-externa-porta-tras-esq-mitsubishi-tr4-manual-2009-21707\">Ma\u00e7aneta Externa Porta Tras Esq Mitsubi...<\/a><\/h2>\n\t\t\t\t\t\t\t                                     <div class=\"ratings\">\n                                      <div class=\"rating-box\">\n                                                                                        <div class=\"rating0\">rating<\/div>                                                                                                                                                                                                                                                                            <\/div>\n                                  <\/div>\n                              \t\t\t\t\t\t\t                                  <p class=\"price\">\n                                                                    R$100,00                                                                                                    <\/p>\n                                \t\t\t\t\t\t\t \n                              \n\t\t\t\t\t\t\t\t<p class=\"product-des\">Trabalhamos com produtos originais, retirados de ve\u00edculos baixados no Detran, com total proced\u00eancia e garantia.\nTodas as nossas fotos s\u00e3o reais do produto.\n\nPara calcular o frente basta aproveitar as vantagens do MERCADO ENVIOS.\nCaso o produto n\u00e3o te..<\/p>\n                              <div class=\"product-intro\">\n\t\t\t\t\t\t\t\t<div class=\"actions-link2\">\n\t\t\t\t\t\t\t\t\t<a class=\"btn-cart\" data-toggle=\"tooltip\" title=\"Comprar\" onclick=\"cart.add('21707');\"><span class=\"button\"><i class=\"fa fa-shopping-cart\"><\/i>Comprar<\/span><\/a>\t\t\t\t\t\t\t\t\t\n\t\t\t\t\t\t\t\t\t<a class=\"btn-wishlist\" data-toggle=\"tooltip\" title=\"Lista de desejos\" onclick=\"wishlist.add('21707');\"><i class=\"zmdi zmdi-favorite-outline\"><\/i><\/a>\t\t\t\t\t\t\t\t\t\n\t\t\t\t\t\t\t\t\t<a class=\"btn-compare\" data-toggle=\"tooltip\" title=\"Comparar\" onclick=\"compare.add('21707');\"><i class=\"zmdi zmdi-refresh-alt\"><\/i><\/a>\n\t\t\t\t\t\t\t\t<\/div>\n\t\t\t\t\t\t\t\t<\/div>\n                            <\/div>\n\t\t\t\t\t\t\t<\/div>\n                          <\/div>\n                        <\/div>\n                                            <div class=\"product-layout product-list col-xs-12\">\n                          <div class=\"product-thumb layout1\">\n\t\t\t\t\t\t\t<div class=\"image\">\n                              \t\t\t\t\t\t\t\t                              <a href=\"https:\/\/www.sulcarautopecas.com.br.186-226-60-153.cpanel.site\/macaneta\/macaneta-externa-dianteira-esquerda-nissan-versa-2012-17248\">\n                                                              <img  src=\"image\/cache\/no_image-100x100.png\" alt=\"Ma\u00e7aneta Externa Dianteira Esquerda Nis...\" \/>\n                              \t\t\t\t\t\t\t  <img  src=\"\" alt=\"Ma\u00e7aneta Externa Dianteira Esquerda Nis...\" title=\"Ma\u00e7aneta Externa Dianteira Esquerda Nis...\" class=\"img-responsive lazy\" \/>\n                              <\/a>\n\t\t\t\t\t\t\t  <div class=\"actions-link\">\t\t\t\t\t\t\t\t\t\n\t\t\t\t\t\t\t\t\t<a class=\"btn-wishlist\" data-toggle=\"tooltip\" title=\"Lista de desejos\" onclick=\"wishlist.add('17248');\"><i class=\"zmdi zmdi-favorite-outline\"><\/i><\/a>\t\t\t\t\t\t\t\t\t\n\t\t\t\t\t\t\t\t\t<a class=\"btn-compare\" data-toggle=\"tooltip\" title=\"Comparar\" onclick=\"compare.add('17248');\"><i class=\"zmdi zmdi-refresh-alt\"><\/i><\/a>\n\t\t\t\t\t\t\t\t<\/div>\n                            <\/div>\n                            <div class=\"product-inner\">\n                              <div class=\"product-caption\">\n\t\t\t\t\t\t\t                                <h2 class=\"product-name\"><a href=\"https:\/\/www.sulcarautopecas.com.br.186-226-60-153.cpanel.site\/macaneta\/macaneta-externa-dianteira-esquerda-nissan-versa-2012-17248\">Ma\u00e7aneta Externa Dianteira Esquerda Nis...<\/a><\/h2>\n\t\t\t\t\t\t\t                                     <div class=\"ratings\">\n                                      <div class=\"rating-box\">\n                                                                                        <div class=\"rating0\">rating<\/div>                                                                                                                                                                                                                                                                            <\/div>\n                                  <\/div>\n                              \t\t\t\t\t\t\t                                  <p class=\"price\">\n                                                                    R$125,00                                                                                                    <\/p>\n                                \t\t\t\t\t\t\t \n                              \n\t\t\t\t\t\t\t\t<p class=\"product-des\">Sulcar Auto Pe\u00e7as Blumenau\nTrabalhamos com produtos originais \nFoto reais do produto \nCalcular frete...no mercado de envios \nDemais d\u00favidas...apenas nos pergunte \nAp\u00f3s confirmar do pagamento enviamos em at\u00e9 1 dia \u00fatil \nEntregamos para todo territ\u00f3rio..<\/p>\n                              <div class=\"product-intro\">\n\t\t\t\t\t\t\t\t<div class=\"actions-link2\">\n\t\t\t\t\t\t\t\t\t<a class=\"btn-cart\" data-toggle=\"tooltip\" title=\"Comprar\" onclick=\"cart.add('17248');\"><span class=\"button\"><i class=\"fa fa-shopping-cart\"><\/i>Comprar<\/span><\/a>\t\t\t\t\t\t\t\t\t\n\t\t\t\t\t\t\t\t\t<a class=\"btn-wishlist\" data-toggle=\"tooltip\" title=\"Lista de desejos\" onclick=\"wishlist.add('17248');\"><i class=\"zmdi zmdi-favorite-outline\"><\/i><\/a>\t\t\t\t\t\t\t\t\t\n\t\t\t\t\t\t\t\t\t<a class=\"btn-compare\" data-toggle=\"tooltip\" title=\"Comparar\" onclick=\"compare.add('17248');\"><i class=\"zmdi zmdi-refresh-alt\"><\/i><\/a>\n\t\t\t\t\t\t\t\t<\/div>\n\t\t\t\t\t\t\t\t<\/div>\n                            <\/div>\n\t\t\t\t\t\t\t<\/div>\n                          <\/div>\n                        <\/div>\n                                            <div class=\"product-layout product-list col-xs-12\">\n                          <div class=\"product-thumb layout1\">\n\t\t\t\t\t\t\t<div class=\"image\">\n                              \t\t\t\t\t\t\t\t                              <a href=\"https:\/\/www.sulcarautopecas.com.br.186-226-60-153.cpanel.site\/macaneta\/macaneta-externa-tras-dir-honda-hr-v-2020-32161\">\n                                                              <img  src=\"image\/cache\/no_image-100x100.png\" alt=\"Ma\u00e7aneta Externa Tras Dir Honda Hr-v 20...\" \/>\n                              \t\t\t\t\t\t\t  <img  src=\"\" alt=\"Ma\u00e7aneta Externa Tras Dir Honda Hr-v 20...\" title=\"Ma\u00e7aneta Externa Tras Dir Honda Hr-v 20...\" class=\"img-responsive lazy\" \/>\n                              <\/a>\n\t\t\t\t\t\t\t  <div class=\"actions-link\">\t\t\t\t\t\t\t\t\t\n\t\t\t\t\t\t\t\t\t<a class=\"btn-wishlist\" data-toggle=\"tooltip\" title=\"Lista de desejos\" onclick=\"wishlist.add('32161');\"><i class=\"zmdi zmdi-favorite-outline\"><\/i><\/a>\t\t\t\t\t\t\t\t\t\n\t\t\t\t\t\t\t\t\t<a class=\"btn-compare\" data-toggle=\"tooltip\" title=\"Comparar\" onclick=\"compare.add('32161');\"><i class=\"zmdi zmdi-refresh-alt\"><\/i><\/a>\n\t\t\t\t\t\t\t\t<\/div>\n                            <\/div>\n                            <div class=\"product-inner\">\n                              <div class=\"product-caption\">\n\t\t\t\t\t\t\t                                <h2 class=\"product-name\"><a href=\"https:\/\/www.sulcarautopecas.com.br.186-226-60-153.cpanel.site\/macaneta\/macaneta-externa-tras-dir-honda-hr-v-2020-32161\">Ma\u00e7aneta Externa Tras Dir Honda Hr-v 20...<\/a><\/h2>\n\t\t\t\t\t\t\t                                     <div class=\"ratings\">\n                                      <div class=\"rating-box\">\n                                                                                        <div class=\"rating0\">rating<\/div>                                                                                                                                                                                                                                                                            <\/div>\n                                  <\/div>\n                              \t\t\t\t\t\t\t                                  <p class=\"price\">\n                                                                    R$100,00                                                                                                    <\/p>\n                                \t\t\t\t\t\t\t \n                              \n\t\t\t\t\t\t\t\t<p class=\"product-des\">*Sulcar Auto Pe\u00e7as Blumenau.\n*Trabalhamos com produtos originais.\n*Foto reais do produto.\n*Calcular frete em mercado envios,caso tenha nos pergunte.\n*Demais D\u00favidas apenas nos pergunte.\n*Ap\u00f3s confirma\u00e7\u00e3o do pagamento enviamos em at\u00e9 1 dia \u00fatil.\n*Entr..<\/p>\n                              <div class=\"product-intro\">\n\t\t\t\t\t\t\t\t<div class=\"actions-link2\">\n\t\t\t\t\t\t\t\t\t<a class=\"btn-cart\" data-toggle=\"tooltip\" title=\"Comprar\" onclick=\"cart.add('32161');\"><span class=\"button\"><i class=\"fa fa-shopping-cart\"><\/i>Comprar<\/span><\/a>\t\t\t\t\t\t\t\t\t\n\t\t\t\t\t\t\t\t\t<a class=\"btn-wishlist\" data-toggle=\"tooltip\" title=\"Lista de desejos\" onclick=\"wishlist.add('32161');\"><i class=\"zmdi zmdi-favorite-outline\"><\/i><\/a>\t\t\t\t\t\t\t\t\t\n\t\t\t\t\t\t\t\t\t<a class=\"btn-compare\" data-toggle=\"tooltip\" title=\"Comparar\" onclick=\"compare.add('32161');\"><i class=\"zmdi zmdi-refresh-alt\"><\/i><\/a>\n\t\t\t\t\t\t\t\t<\/div>\n\t\t\t\t\t\t\t\t<\/div>\n                            <\/div>\n\t\t\t\t\t\t\t<\/div>\n                          <\/div>\n                        <\/div>\n                                            <div class=\"product-layout product-list col-xs-12\">\n                          <div class=\"product-thumb layout1\">\n\t\t\t\t\t\t\t<div class=\"image\">\n                              \t\t\t\t\t\t\t\t                              <a href=\"https:\/\/www.sulcarautopecas.com.br.186-226-60-153.cpanel.site\/macaneta\/macaneta-porta-traseiro-direito-ford-fusion-2008-original-11864\">\n                                                              <img  src=\"image\/cache\/no_image-100x100.png\" alt=\"Ma\u00e7aneta Porta Traseiro Direito Ford Fu...\" \/>\n                              \t\t\t\t\t\t\t  <img  src=\"\" alt=\"Ma\u00e7aneta Porta Traseiro Direito Ford Fu...\" title=\"Ma\u00e7aneta Porta Traseiro Direito Ford Fu...\" class=\"img-responsive lazy\" \/>\n                              <\/a>\n\t\t\t\t\t\t\t  <div class=\"actions-link\">\t\t\t\t\t\t\t\t\t\n\t\t\t\t\t\t\t\t\t<a class=\"btn-wishlist\" data-toggle=\"tooltip\" title=\"Lista de desejos\" onclick=\"wishlist.add('11864');\"><i class=\"zmdi zmdi-favorite-outline\"><\/i><\/a>\t\t\t\t\t\t\t\t\t\n\t\t\t\t\t\t\t\t\t<a class=\"btn-compare\" data-toggle=\"tooltip\" title=\"Comparar\" onclick=\"compare.add('11864');\"><i class=\"zmdi zmdi-refresh-alt\"><\/i><\/a>\n\t\t\t\t\t\t\t\t<\/div>\n                            <\/div>\n                            <div class=\"product-inner\">\n                              <div class=\"product-caption\">\n\t\t\t\t\t\t\t                                <h2 class=\"product-name\"><a href=\"https:\/\/www.sulcarautopecas.com.br.186-226-60-153.cpanel.site\/macaneta\/macaneta-porta-traseiro-direito-ford-fusion-2008-original-11864\">Ma\u00e7aneta Porta Traseiro Direito Ford Fu...<\/a><\/h2>\n\t\t\t\t\t\t\t                                     <div class=\"ratings\">\n                                      <div class=\"rating-box\">\n                                                                                        <div class=\"rating0\">rating<\/div>                                                                                                                                                                                                                                                                            <\/div>\n                                  <\/div>\n                              \t\t\t\t\t\t\t                                  <p class=\"price\">\n                                                                    R$150,00                                                                                                    <\/p>\n                                \t\t\t\t\t\t\t \n                              \n\t\t\t\t\t\t\t\t<p class=\"product-des\">..<\/p>\n                              <div class=\"product-intro\">\n\t\t\t\t\t\t\t\t<div class=\"actions-link2\">\n\t\t\t\t\t\t\t\t\t<a class=\"btn-cart\" data-toggle=\"tooltip\" title=\"Comprar\" onclick=\"cart.add('11864');\"><span class=\"button\"><i class=\"fa fa-shopping-cart\"><\/i>Comprar<\/span><\/a>\t\t\t\t\t\t\t\t\t\n\t\t\t\t\t\t\t\t\t<a class=\"btn-wishlist\" data-toggle=\"tooltip\" title=\"Lista de desejos\" onclick=\"wishlist.add('11864');\"><i class=\"zmdi zmdi-favorite-outline\"><\/i><\/a>\t\t\t\t\t\t\t\t\t\n\t\t\t\t\t\t\t\t\t<a class=\"btn-compare\" data-toggle=\"tooltip\" title=\"Comparar\" onclick=\"compare.add('11864');\"><i class=\"zmdi zmdi-refresh-alt\"><\/i><\/a>\n\t\t\t\t\t\t\t\t<\/div>\n\t\t\t\t\t\t\t\t<\/div>\n                            <\/div>\n\t\t\t\t\t\t\t<\/div>\n                          <\/div>\n                        <\/div>\n                                            <div class=\"product-layout product-list col-xs-12\">\n                          <div class=\"product-thumb layout1\">\n\t\t\t\t\t\t\t<div class=\"image\">\n                              \t\t\t\t\t\t\t\t                              <a href=\"https:\/\/www.sulcarautopecas.com.br.186-226-60-153.cpanel.site\/macaneta\/cabo-fechadura-macaneta-diant-esq-jac-t6-2018-a4681-28987\">\n                                                              <img  src=\"image\/cache\/no_image-100x100.png\" alt=\"Cabo Fechadura Ma\u00e7aneta Diant Esq Jac T...\" \/>\n                              \t\t\t\t\t\t\t  <img  src=\"\" alt=\"Cabo Fechadura Ma\u00e7aneta Diant Esq Jac T...\" title=\"Cabo Fechadura Ma\u00e7aneta Diant Esq Jac T...\" class=\"img-responsive lazy\" \/>\n                              <\/a>\n\t\t\t\t\t\t\t  <div class=\"actions-link\">\t\t\t\t\t\t\t\t\t\n\t\t\t\t\t\t\t\t\t<a class=\"btn-wishlist\" data-toggle=\"tooltip\" title=\"Lista de desejos\" onclick=\"wishlist.add('28987');\"><i class=\"zmdi zmdi-favorite-outline\"><\/i><\/a>\t\t\t\t\t\t\t\t\t\n\t\t\t\t\t\t\t\t\t<a class=\"btn-compare\" data-toggle=\"tooltip\" title=\"Comparar\" onclick=\"compare.add('28987');\"><i class=\"zmdi zmdi-refresh-alt\"><\/i><\/a>\n\t\t\t\t\t\t\t\t<\/div>\n                            <\/div>\n                            <div class=\"product-inner\">\n                              <div class=\"product-caption\">\n\t\t\t\t\t\t\t                                <h2 class=\"product-name\"><a href=\"https:\/\/www.sulcarautopecas.com.br.186-226-60-153.cpanel.site\/macaneta\/cabo-fechadura-macaneta-diant-esq-jac-t6-2018-a4681-28987\">Cabo Fechadura Ma\u00e7aneta Diant Esq Jac T...<\/a><\/h2>\n\t\t\t\t\t\t\t                                     <div class=\"ratings\">\n                                      <div class=\"rating-box\">\n                                                                                        <div class=\"rating0\">rating<\/div>                                                                                                                                                                                                                                                                            <\/div>\n                                  <\/div>\n                              \t\t\t\t\t\t\t                                  <p class=\"price\">\n                                                                    R$80,00                                                                                                    <\/p>\n                                \t\t\t\t\t\t\t \n                              \n\t\t\t\t\t\t\t\t<p class=\"product-des\">Sulcar Auto Pe\u00e7as Blumenau\nTrabalhamos com produtos originais\nFoto reais do produto\nCalcular frete...no mercado de envios\nDemais d\u00favidas...apenas nos pergunte\nAp\u00f3s confirmar do pagamento enviamos em at\u00e9 1 dia \u00fatil\nEntregamos para todo territ\u00f3rio naci..<\/p>\n                              <div class=\"product-intro\">\n\t\t\t\t\t\t\t\t<div class=\"actions-link2\">\n\t\t\t\t\t\t\t\t\t<a class=\"btn-cart\" data-toggle=\"tooltip\" title=\"Comprar\" onclick=\"cart.add('28987');\"><span class=\"button\"><i class=\"fa fa-shopping-cart\"><\/i>Comprar<\/span><\/a>\t\t\t\t\t\t\t\t\t\n\t\t\t\t\t\t\t\t\t<a class=\"btn-wishlist\" data-toggle=\"tooltip\" title=\"Lista de desejos\" onclick=\"wishlist.add('28987');\"><i class=\"zmdi zmdi-favorite-outline\"><\/i><\/a>\t\t\t\t\t\t\t\t\t\n\t\t\t\t\t\t\t\t\t<a class=\"btn-compare\" data-toggle=\"tooltip\" title=\"Comparar\" onclick=\"compare.add('28987');\"><i class=\"zmdi zmdi-refresh-alt\"><\/i><\/a>\n\t\t\t\t\t\t\t\t<\/div>\n\t\t\t\t\t\t\t\t<\/div>\n                            <\/div>\n\t\t\t\t\t\t\t<\/div>\n                          <\/div>\n                        <\/div>\n                                            <div class=\"product-layout product-list col-xs-12\">\n                          <div class=\"product-thumb layout1\">\n\t\t\t\t\t\t\t<div class=\"image\">\n                              \t\t\t\t\t\t\t\t                              <a href=\"https:\/\/www.sulcarautopecas.com.br.186-226-60-153.cpanel.site\/macaneta\/macaneta-interna-porta-tras-esq-jeep-renegade-2021-a1425-25962\">\n                                                              <img  src=\"image\/cache\/no_image-100x100.png\" alt=\"Ma\u00e7aneta Interna Porta Tras Esq Jeep Re...\" \/>\n                              \t\t\t\t\t\t\t  <img  src=\"\" alt=\"Ma\u00e7aneta Interna Porta Tras Esq Jeep Re...\" title=\"Ma\u00e7aneta Interna Porta Tras Esq Jeep Re...\" class=\"img-responsive lazy\" \/>\n                              <\/a>\n\t\t\t\t\t\t\t  <div class=\"actions-link\">\t\t\t\t\t\t\t\t\t\n\t\t\t\t\t\t\t\t\t<a class=\"btn-wishlist\" data-toggle=\"tooltip\" title=\"Lista de desejos\" onclick=\"wishlist.add('25962');\"><i class=\"zmdi zmdi-favorite-outline\"><\/i><\/a>\t\t\t\t\t\t\t\t\t\n\t\t\t\t\t\t\t\t\t<a class=\"btn-compare\" data-toggle=\"tooltip\" title=\"Comparar\" onclick=\"compare.add('25962');\"><i class=\"zmdi zmdi-refresh-alt\"><\/i><\/a>\n\t\t\t\t\t\t\t\t<\/div>\n                            <\/div>\n                            <div class=\"product-inner\">\n                              <div class=\"product-caption\">\n\t\t\t\t\t\t\t                                <h2 class=\"product-name\"><a href=\"https:\/\/www.sulcarautopecas.com.br.186-226-60-153.cpanel.site\/macaneta\/macaneta-interna-porta-tras-esq-jeep-renegade-2021-a1425-25962\">Ma\u00e7aneta Interna Porta Tras Esq Jeep Re...<\/a><\/h2>\n\t\t\t\t\t\t\t                                     <div class=\"ratings\">\n                                      <div class=\"rating-box\">\n                                                                                        <div class=\"rating0\">rating<\/div>                                                                                                                                                                                                                                                                            <\/div>\n                                  <\/div>\n                              \t\t\t\t\t\t\t                                  <p class=\"price\">\n                                                                    R$80,00                                                                                                    <\/p>\n                                \t\t\t\t\t\t\t \n                              \n\t\t\t\t\t\t\t\t<p class=\"product-des\">Sulcar Auto Pe\u00e7as Blumenau.\nTrabalhamos com pe\u00e7as originais.\nFoto reais do produto.\nCalcule frente\u2026no mercado de envios.\nDemais d\u00favida nos pergunte.\nAp\u00f3s confirma\u00e7\u00e3o do pagamento,enviamos em at\u00e9 1 dia \u00fatil.\nEntregamos para todo pa\u00eds com qualidade e s..<\/p>\n                              <div class=\"product-intro\">\n\t\t\t\t\t\t\t\t<div class=\"actions-link2\">\n\t\t\t\t\t\t\t\t\t<a class=\"btn-cart\" data-toggle=\"tooltip\" title=\"Comprar\" onclick=\"cart.add('25962');\"><span class=\"button\"><i class=\"fa fa-shopping-cart\"><\/i>Comprar<\/span><\/a>\t\t\t\t\t\t\t\t\t\n\t\t\t\t\t\t\t\t\t<a class=\"btn-wishlist\" data-toggle=\"tooltip\" title=\"Lista de desejos\" onclick=\"wishlist.add('25962');\"><i class=\"zmdi zmdi-favorite-outline\"><\/i><\/a>\t\t\t\t\t\t\t\t\t\n\t\t\t\t\t\t\t\t\t<a class=\"btn-compare\" data-toggle=\"tooltip\" title=\"Comparar\" onclick=\"compare.add('25962');\"><i class=\"zmdi zmdi-refresh-alt\"><\/i><\/a>\n\t\t\t\t\t\t\t\t<\/div>\n\t\t\t\t\t\t\t\t<\/div>\n                            <\/div>\n\t\t\t\t\t\t\t<\/div>\n                          <\/div>\n                        <\/div>\n                                            <div class=\"product-layout product-list col-xs-12\">\n                          <div class=\"product-thumb layout1\">\n\t\t\t\t\t\t\t<div class=\"image\">\n                              \t\t\t\t\t\t\t\t                              <a href=\"https:\/\/www.sulcarautopecas.com.br.186-226-60-153.cpanel.site\/macaneta\/macaneta-externa-porta-traseira-esquerda-nissan-march-2012-22636\">\n                                                              <img  src=\"image\/cache\/no_image-100x100.png\" alt=\"Ma\u00e7aneta Externa Porta Traseira Esquerd...\" \/>\n                              \t\t\t\t\t\t\t  <img  src=\"\" alt=\"Ma\u00e7aneta Externa Porta Traseira Esquerd...\" title=\"Ma\u00e7aneta Externa Porta Traseira Esquerd...\" class=\"img-responsive lazy\" \/>\n                              <\/a>\n\t\t\t\t\t\t\t  <div class=\"actions-link\">\t\t\t\t\t\t\t\t\t\n\t\t\t\t\t\t\t\t\t<a class=\"btn-wishlist\" data-toggle=\"tooltip\" title=\"Lista de desejos\" onclick=\"wishlist.add('22636');\"><i class=\"zmdi zmdi-favorite-outline\"><\/i><\/a>\t\t\t\t\t\t\t\t\t\n\t\t\t\t\t\t\t\t\t<a class=\"btn-compare\" data-toggle=\"tooltip\" title=\"Comparar\" onclick=\"compare.add('22636');\"><i class=\"zmdi zmdi-refresh-alt\"><\/i><\/a>\n\t\t\t\t\t\t\t\t<\/div>\n                            <\/div>\n                            <div class=\"product-inner\">\n                              <div class=\"product-caption\">\n\t\t\t\t\t\t\t                                <h2 class=\"product-name\"><a href=\"https:\/\/www.sulcarautopecas.com.br.186-226-60-153.cpanel.site\/macaneta\/macaneta-externa-porta-traseira-esquerda-nissan-march-2012-22636\">Ma\u00e7aneta Externa Porta Traseira Esquerd...<\/a><\/h2>\n\t\t\t\t\t\t\t                                     <div class=\"ratings\">\n                                      <div class=\"rating-box\">\n                                                                                        <div class=\"rating0\">rating<\/div>                                                                                                                                                                                                                                                                            <\/div>\n                                  <\/div>\n                              \t\t\t\t\t\t\t                                  <p class=\"price\">\n                                                                    R$100,00                                                                                                    <\/p>\n                                \t\t\t\t\t\t\t \n                              \n\t\t\t\t\t\t\t\t<p class=\"product-des\">Trabalhamos com produtos originais, retirados de ve\u00edculos baixados no Detran, com total proced\u00eancia e garantia.\nTodas as nossas fotos s\u00e3o reais do produto.\n\nPara calcular o frente basta aproveitar as vantagens do MERCADO ENVIOS.\nCaso o produto n\u00e3o te..<\/p>\n                              <div class=\"product-intro\">\n\t\t\t\t\t\t\t\t<div class=\"actions-link2\">\n\t\t\t\t\t\t\t\t\t<a class=\"btn-cart\" data-toggle=\"tooltip\" title=\"Comprar\" onclick=\"cart.add('22636');\"><span class=\"button\"><i class=\"fa fa-shopping-cart\"><\/i>Comprar<\/span><\/a>\t\t\t\t\t\t\t\t\t\n\t\t\t\t\t\t\t\t\t<a class=\"btn-wishlist\" data-toggle=\"tooltip\" title=\"Lista de desejos\" onclick=\"wishlist.add('22636');\"><i class=\"zmdi zmdi-favorite-outline\"><\/i><\/a>\t\t\t\t\t\t\t\t\t\n\t\t\t\t\t\t\t\t\t<a class=\"btn-compare\" data-toggle=\"tooltip\" title=\"Comparar\" onclick=\"compare.add('22636');\"><i class=\"zmdi zmdi-refresh-alt\"><\/i><\/a>\n\t\t\t\t\t\t\t\t<\/div>\n\t\t\t\t\t\t\t\t<\/div>\n                            <\/div>\n\t\t\t\t\t\t\t<\/div>\n                          <\/div>\n                        <\/div>\n                                            <div class=\"product-layout product-list col-xs-12\">\n                          <div class=\"product-thumb layout1\">\n\t\t\t\t\t\t\t<div class=\"image\">\n                              \t\t\t\t\t\t\t\t                              <a href=\"https:\/\/www.sulcarautopecas.com.br.186-226-60-153.cpanel.site\/macaneta\/macaneta-interna-dianteira-direita-hyundai-creta-2019-18556\">\n                                                              <img  src=\"image\/cache\/no_image-100x100.png\" alt=\"Ma\u00e7aneta Interna Dianteira Direita Hyun...\" \/>\n                              \t\t\t\t\t\t\t  <img  src=\"\" alt=\"Ma\u00e7aneta Interna Dianteira Direita Hyun...\" title=\"Ma\u00e7aneta Interna Dianteira Direita Hyun...\" class=\"img-responsive lazy\" \/>\n                              <\/a>\n\t\t\t\t\t\t\t  <div class=\"actions-link\">\t\t\t\t\t\t\t\t\t\n\t\t\t\t\t\t\t\t\t<a class=\"btn-wishlist\" data-toggle=\"tooltip\" title=\"Lista de desejos\" onclick=\"wishlist.add('18556');\"><i class=\"zmdi zmdi-favorite-outline\"><\/i><\/a>\t\t\t\t\t\t\t\t\t\n\t\t\t\t\t\t\t\t\t<a class=\"btn-compare\" data-toggle=\"tooltip\" title=\"Comparar\" onclick=\"compare.add('18556');\"><i class=\"zmdi zmdi-refresh-alt\"><\/i><\/a>\n\t\t\t\t\t\t\t\t<\/div>\n                            <\/div>\n                            <div class=\"product-inner\">\n                              <div class=\"product-caption\">\n\t\t\t\t\t\t\t                                <h2 class=\"product-name\"><a href=\"https:\/\/www.sulcarautopecas.com.br.186-226-60-153.cpanel.site\/macaneta\/macaneta-interna-dianteira-direita-hyundai-creta-2019-18556\">Ma\u00e7aneta Interna Dianteira Direita Hyun...<\/a><\/h2>\n\t\t\t\t\t\t\t                                     <div class=\"ratings\">\n                                      <div class=\"rating-box\">\n                                                                                        <div class=\"rating0\">rating<\/div>                                                                                                                                                                                                                                                                            <\/div>\n                                  <\/div>\n                              \t\t\t\t\t\t\t                                  <p class=\"price\">\n                                                                    R$60,00                                                                                                    <\/p>\n                                \t\t\t\t\t\t\t \n                              \n\t\t\t\t\t\t\t\t<p class=\"product-des\">Sulcar Auto Pe\u00e7as Blumenau\nTrabalhamos com produtos originais \nFoto reais do produto \nCalcular frete...no mercado de envios \nDemais d\u00favidas...apenas nos pergunte \nAp\u00f3s confirmar do pagamento enviamos em at\u00e9 1 dia \u00fatil \nEntregamos para todo territ\u00f3rio..<\/p>\n                              <div class=\"product-intro\">\n\t\t\t\t\t\t\t\t<div class=\"actions-link2\">\n\t\t\t\t\t\t\t\t\t<a class=\"btn-cart\" data-toggle=\"tooltip\" title=\"Comprar\" onclick=\"cart.add('18556');\"><span class=\"button\"><i class=\"fa fa-shopping-cart\"><\/i>Comprar<\/span><\/a>\t\t\t\t\t\t\t\t\t\n\t\t\t\t\t\t\t\t\t<a class=\"btn-wishlist\" data-toggle=\"tooltip\" title=\"Lista de desejos\" onclick=\"wishlist.add('18556');\"><i class=\"zmdi zmdi-favorite-outline\"><\/i><\/a>\t\t\t\t\t\t\t\t\t\n\t\t\t\t\t\t\t\t\t<a class=\"btn-compare\" data-toggle=\"tooltip\" title=\"Comparar\" onclick=\"compare.add('18556');\"><i class=\"zmdi zmdi-refresh-alt\"><\/i><\/a>\n\t\t\t\t\t\t\t\t<\/div>\n\t\t\t\t\t\t\t\t<\/div>\n                            <\/div>\n\t\t\t\t\t\t\t<\/div>\n                          <\/div>\n                        <\/div>\n                                            <div class=\"product-layout product-list col-xs-12\">\n                          <div class=\"product-thumb layout1\">\n\t\t\t\t\t\t\t<div class=\"image\">\n                              \t\t\t\t\t\t\t\t                              <a href=\"https:\/\/www.sulcarautopecas.com.br.186-226-60-153.cpanel.site\/macaneta\/macaneta-externa-porta-diant-dir-picasso-32793\">\n                                                              <img  src=\"image\/cache\/no_image-100x100.png\" alt=\"Ma\u00e7aneta Externa Porta Diant Dir Picass...\" \/>\n                              \t\t\t\t\t\t\t  <img  src=\"\" alt=\"Ma\u00e7aneta Externa Porta Diant Dir Picass...\" title=\"Ma\u00e7aneta Externa Porta Diant Dir Picass...\" class=\"img-responsive lazy\" \/>\n                              <\/a>\n\t\t\t\t\t\t\t  <div class=\"actions-link\">\t\t\t\t\t\t\t\t\t\n\t\t\t\t\t\t\t\t\t<a class=\"btn-wishlist\" data-toggle=\"tooltip\" title=\"Lista de desejos\" onclick=\"wishlist.add('32793');\"><i class=\"zmdi zmdi-favorite-outline\"><\/i><\/a>\t\t\t\t\t\t\t\t\t\n\t\t\t\t\t\t\t\t\t<a class=\"btn-compare\" data-toggle=\"tooltip\" title=\"Comparar\" onclick=\"compare.add('32793');\"><i class=\"zmdi zmdi-refresh-alt\"><\/i><\/a>\n\t\t\t\t\t\t\t\t<\/div>\n                            <\/div>\n                            <div class=\"product-inner\">\n                              <div class=\"product-caption\">\n\t\t\t\t\t\t\t                                <h2 class=\"product-name\"><a href=\"https:\/\/www.sulcarautopecas.com.br.186-226-60-153.cpanel.site\/macaneta\/macaneta-externa-porta-diant-dir-picasso-32793\">Ma\u00e7aneta Externa Porta Diant Dir Picass...<\/a><\/h2>\n\t\t\t\t\t\t\t                                     <div class=\"ratings\">\n                                      <div class=\"rating-box\">\n                                                                                        <div class=\"rating0\">rating<\/div>                                                                                                                                                                                                                                                                            <\/div>\n                                  <\/div>\n                              \t\t\t\t\t\t\t                                  <p class=\"price\">\n                                                                    R$70,00                                                                                                    <\/p>\n                                \t\t\t\t\t\t\t \n                              \n\t\t\t\t\t\t\t\t<p class=\"product-des\">*Sulcar Auto Pe\u00e7as Blumenau.\n*Trabalhamos com produtos originais.\n*Foto reais do produto.\n*Calcular frete em mercado envios,caso tenha nos pergunte.\n*Demais D\u00favidas apenas nos pergunte.\n*Ap\u00f3s confirma\u00e7\u00e3o do pagamento enviamos em at\u00e9 1 dia \u00fatil.\n*Entr..<\/p>\n                              <div class=\"product-intro\">\n\t\t\t\t\t\t\t\t<div class=\"actions-link2\">\n\t\t\t\t\t\t\t\t\t<a class=\"btn-cart\" data-toggle=\"tooltip\" title=\"Comprar\" onclick=\"cart.add('32793');\"><span class=\"button\"><i class=\"fa fa-shopping-cart\"><\/i>Comprar<\/span><\/a>\t\t\t\t\t\t\t\t\t\n\t\t\t\t\t\t\t\t\t<a class=\"btn-wishlist\" data-toggle=\"tooltip\" title=\"Lista de desejos\" onclick=\"wishlist.add('32793');\"><i class=\"zmdi zmdi-favorite-outline\"><\/i><\/a>\t\t\t\t\t\t\t\t\t\n\t\t\t\t\t\t\t\t\t<a class=\"btn-compare\" data-toggle=\"tooltip\" title=\"Comparar\" onclick=\"compare.add('32793');\"><i class=\"zmdi zmdi-refresh-alt\"><\/i><\/a>\n\t\t\t\t\t\t\t\t<\/div>\n\t\t\t\t\t\t\t\t<\/div>\n                            <\/div>\n\t\t\t\t\t\t\t<\/div>\n                          <\/div>\n                        <\/div>\n                                            <div class=\"product-layout product-list col-xs-12\">\n                          <div class=\"product-thumb layout1\">\n\t\t\t\t\t\t\t<div class=\"image\">\n                              \t\t\t\t\t\t\t\t                              <a href=\"https:\/\/www.sulcarautopecas.com.br.186-226-60-153.cpanel.site\/macaneta\/macaneta-traseira-direita-vw-golf-2010-original-13850\">\n                                                              <img  src=\"image\/cache\/no_image-100x100.png\" alt=\"Ma\u00e7aneta Traseira Direita Vw Golf 2010 ...\" \/>\n                              \t\t\t\t\t\t\t  <img  src=\"\" alt=\"Ma\u00e7aneta Traseira Direita Vw Golf 2010 ...\" title=\"Ma\u00e7aneta Traseira Direita Vw Golf 2010 ...\" class=\"img-responsive lazy\" \/>\n                              <\/a>\n\t\t\t\t\t\t\t  <div class=\"actions-link\">\t\t\t\t\t\t\t\t\t\n\t\t\t\t\t\t\t\t\t<a class=\"btn-wishlist\" data-toggle=\"tooltip\" title=\"Lista de desejos\" onclick=\"wishlist.add('13850');\"><i class=\"zmdi zmdi-favorite-outline\"><\/i><\/a>\t\t\t\t\t\t\t\t\t\n\t\t\t\t\t\t\t\t\t<a class=\"btn-compare\" data-toggle=\"tooltip\" title=\"Comparar\" onclick=\"compare.add('13850');\"><i class=\"zmdi zmdi-refresh-alt\"><\/i><\/a>\n\t\t\t\t\t\t\t\t<\/div>\n                            <\/div>\n                            <div class=\"product-inner\">\n                              <div class=\"product-caption\">\n\t\t\t\t\t\t\t                                <h2 class=\"product-name\"><a href=\"https:\/\/www.sulcarautopecas.com.br.186-226-60-153.cpanel.site\/macaneta\/macaneta-traseira-direita-vw-golf-2010-original-13850\">Ma\u00e7aneta Traseira Direita Vw Golf 2010 ...<\/a><\/h2>\n\t\t\t\t\t\t\t                                     <div class=\"ratings\">\n                                      <div class=\"rating-box\">\n                                                                                        <div class=\"rating0\">rating<\/div>                                                                                                                                                                                                                                                                            <\/div>\n                                  <\/div>\n                              \t\t\t\t\t\t\t                                  <p class=\"price\">\n                                                                    R$90,00                                                                                                    <\/p>\n                                \t\t\t\t\t\t\t \n                              \n\t\t\t\t\t\t\t\t<p class=\"product-des\">..<\/p>\n                              <div class=\"product-intro\">\n\t\t\t\t\t\t\t\t<div class=\"actions-link2\">\n\t\t\t\t\t\t\t\t\t<a class=\"btn-cart\" data-toggle=\"tooltip\" title=\"Comprar\" onclick=\"cart.add('13850');\"><span class=\"button\"><i class=\"fa fa-shopping-cart\"><\/i>Comprar<\/span><\/a>\t\t\t\t\t\t\t\t\t\n\t\t\t\t\t\t\t\t\t<a class=\"btn-wishlist\" data-toggle=\"tooltip\" title=\"Lista de desejos\" onclick=\"wishlist.add('13850');\"><i class=\"zmdi zmdi-favorite-outline\"><\/i><\/a>\t\t\t\t\t\t\t\t\t\n\t\t\t\t\t\t\t\t\t<a class=\"btn-compare\" data-toggle=\"tooltip\" title=\"Comparar\" onclick=\"compare.add('13850');\"><i class=\"zmdi zmdi-refresh-alt\"><\/i><\/a>\n\t\t\t\t\t\t\t\t<\/div>\n\t\t\t\t\t\t\t\t<\/div>\n                            <\/div>\n\t\t\t\t\t\t\t<\/div>\n                          <\/div>\n                        <\/div>\n                                            <div class=\"product-layout product-list col-xs-12\">\n                          <div class=\"product-thumb layout1\">\n\t\t\t\t\t\t\t<div class=\"image\">\n                              \t\t\t\t\t\t\t\t                              <a href=\"https:\/\/www.sulcarautopecas.com.br.186-226-60-153.cpanel.site\/macaneta\/macaneta-interna-direita-peugeot-2008-1-6-2020-a5022-29326\">\n                                                              <img  src=\"image\/cache\/no_image-100x100.png\" alt=\"Ma\u00e7aneta Interna Direita Peugeot 2008 1...\" \/>\n                              \t\t\t\t\t\t\t  <img  src=\"\" alt=\"Ma\u00e7aneta Interna Direita Peugeot 2008 1...\" title=\"Ma\u00e7aneta Interna Direita Peugeot 2008 1...\" class=\"img-responsive lazy\" \/>\n                              <\/a>\n\t\t\t\t\t\t\t  <div class=\"actions-link\">\t\t\t\t\t\t\t\t\t\n\t\t\t\t\t\t\t\t\t<a class=\"btn-wishlist\" data-toggle=\"tooltip\" title=\"Lista de desejos\" onclick=\"wishlist.add('29326');\"><i class=\"zmdi zmdi-favorite-outline\"><\/i><\/a>\t\t\t\t\t\t\t\t\t\n\t\t\t\t\t\t\t\t\t<a class=\"btn-compare\" data-toggle=\"tooltip\" title=\"Comparar\" onclick=\"compare.add('29326');\"><i class=\"zmdi zmdi-refresh-alt\"><\/i><\/a>\n\t\t\t\t\t\t\t\t<\/div>\n                            <\/div>\n                            <div class=\"product-inner\">\n                              <div class=\"product-caption\">\n\t\t\t\t\t\t\t                                <h2 class=\"product-name\"><a href=\"https:\/\/www.sulcarautopecas.com.br.186-226-60-153.cpanel.site\/macaneta\/macaneta-interna-direita-peugeot-2008-1-6-2020-a5022-29326\">Ma\u00e7aneta Interna Direita Peugeot 2008 1...<\/a><\/h2>\n\t\t\t\t\t\t\t                                     <div class=\"ratings\">\n                                      <div class=\"rating-box\">\n                                                                                        <div class=\"rating0\">rating<\/div>                                                                                                                                                                                                                                                                            <\/div>\n                                  <\/div>\n                              \t\t\t\t\t\t\t                                  <p class=\"price\">\n                                                                    R$80,00                                                                                                    <\/p>\n                                \t\t\t\t\t\t\t \n                              \n\t\t\t\t\t\t\t\t<p class=\"product-des\">Sulcar Auto Pe\u00e7as Blumenau\nTrabalhamos com produtos originais\nFoto reais do produto\nCalcular frete...no mercado de envios\nDemais d\u00favidas...apenas nos pergunte\nAp\u00f3s confirmar do pagamento enviamos em at\u00e9 1 dia \u00fatil\nEntregamos para todo territ\u00f3rio naci..<\/p>\n                              <div class=\"product-intro\">\n\t\t\t\t\t\t\t\t<div class=\"actions-link2\">\n\t\t\t\t\t\t\t\t\t<a class=\"btn-cart\" data-toggle=\"tooltip\" title=\"Comprar\" onclick=\"cart.add('29326');\"><span class=\"button\"><i class=\"fa fa-shopping-cart\"><\/i>Comprar<\/span><\/a>\t\t\t\t\t\t\t\t\t\n\t\t\t\t\t\t\t\t\t<a class=\"btn-wishlist\" data-toggle=\"tooltip\" title=\"Lista de desejos\" onclick=\"wishlist.add('29326');\"><i class=\"zmdi zmdi-favorite-outline\"><\/i><\/a>\t\t\t\t\t\t\t\t\t\n\t\t\t\t\t\t\t\t\t<a class=\"btn-compare\" data-toggle=\"tooltip\" title=\"Comparar\" onclick=\"compare.add('29326');\"><i class=\"zmdi zmdi-refresh-alt\"><\/i><\/a>\n\t\t\t\t\t\t\t\t<\/div>\n\t\t\t\t\t\t\t\t<\/div>\n                            <\/div>\n\t\t\t\t\t\t\t<\/div>\n                          <\/div>\n                        <\/div>\n                                            <div class=\"product-layout product-list col-xs-12\">\n                          <div class=\"product-thumb layout1\">\n\t\t\t\t\t\t\t<div class=\"image\">\n                              \t\t\t\t\t\t\t\t                              <a href=\"https:\/\/www.sulcarautopecas.com.br.186-226-60-153.cpanel.site\/macaneta\/macaneta-interna-tras-esq-citroen-aircross-a2376-26862\">\n                                                              <img  src=\"image\/cache\/no_image-100x100.png\" alt=\"Ma\u00e7aneta Interna Tras Esq Citroen Aircr...\" \/>\n                              \t\t\t\t\t\t\t  <img  src=\"\" alt=\"Ma\u00e7aneta Interna Tras Esq Citroen Aircr...\" title=\"Ma\u00e7aneta Interna Tras Esq Citroen Aircr...\" class=\"img-responsive lazy\" \/>\n                              <\/a>\n\t\t\t\t\t\t\t  <div class=\"actions-link\">\t\t\t\t\t\t\t\t\t\n\t\t\t\t\t\t\t\t\t<a class=\"btn-wishlist\" data-toggle=\"tooltip\" title=\"Lista de desejos\" onclick=\"wishlist.add('26862');\"><i class=\"zmdi zmdi-favorite-outline\"><\/i><\/a>\t\t\t\t\t\t\t\t\t\n\t\t\t\t\t\t\t\t\t<a class=\"btn-compare\" data-toggle=\"tooltip\" title=\"Comparar\" onclick=\"compare.add('26862');\"><i class=\"zmdi zmdi-refresh-alt\"><\/i><\/a>\n\t\t\t\t\t\t\t\t<\/div>\n                            <\/div>\n                            <div class=\"product-inner\">\n                              <div class=\"product-caption\">\n\t\t\t\t\t\t\t                                <h2 class=\"product-name\"><a href=\"https:\/\/www.sulcarautopecas.com.br.186-226-60-153.cpanel.site\/macaneta\/macaneta-interna-tras-esq-citroen-aircross-a2376-26862\">Ma\u00e7aneta Interna Tras Esq Citroen Aircr...<\/a><\/h2>\n\t\t\t\t\t\t\t                                     <div class=\"ratings\">\n                                      <div class=\"rating-box\">\n                                                                                        <div class=\"rating0\">rating<\/div>                                                                                                                                                                                                                                                                            <\/div>\n                                  <\/div>\n                              \t\t\t\t\t\t\t                                  <p class=\"price\">\n                                                                    R$50,00                                                                                                    <\/p>\n                                \t\t\t\t\t\t\t \n                              \n\t\t\t\t\t\t\t\t<p class=\"product-des\">Sulcar Auto Pe\u00e7as Blumenau\nTrabalhamos com produtos originais\nFoto reais do produto\nCalcular frete...no mercado de envios\nDemais d\u00favidas...apenas nos pergunte\nAp\u00f3s confirmar do pagamento enviamos em at\u00e9 1 dia \u00fatil\nEntregamos para todo territ\u00f3rio naci..<\/p>\n                              <div class=\"product-intro\">\n\t\t\t\t\t\t\t\t<div class=\"actions-link2\">\n\t\t\t\t\t\t\t\t\t<a class=\"btn-cart\" data-toggle=\"tooltip\" title=\"Comprar\" onclick=\"cart.add('26862');\"><span class=\"button\"><i class=\"fa fa-shopping-cart\"><\/i>Comprar<\/span><\/a>\t\t\t\t\t\t\t\t\t\n\t\t\t\t\t\t\t\t\t<a class=\"btn-wishlist\" data-toggle=\"tooltip\" title=\"Lista de desejos\" onclick=\"wishlist.add('26862');\"><i class=\"zmdi zmdi-favorite-outline\"><\/i><\/a>\t\t\t\t\t\t\t\t\t\n\t\t\t\t\t\t\t\t\t<a class=\"btn-compare\" data-toggle=\"tooltip\" title=\"Comparar\" onclick=\"compare.add('26862');\"><i class=\"zmdi zmdi-refresh-alt\"><\/i><\/a>\n\t\t\t\t\t\t\t\t<\/div>\n\t\t\t\t\t\t\t\t<\/div>\n                            <\/div>\n\t\t\t\t\t\t\t<\/div>\n                          <\/div>\n                        <\/div>\n                                            <div class=\"product-layout product-list col-xs-12\">\n                          <div class=\"product-thumb layout1\">\n\t\t\t\t\t\t\t<div class=\"image\">\n                              \t\t\t\t\t\t\t\t                              <a href=\"https:\/\/www.sulcarautopecas.com.br.186-226-60-153.cpanel.site\/macaneta\/macaneta-interna-porta-dianteira-direita-jac-t40-2018-22811\">\n                                                              <img  src=\"image\/cache\/no_image-100x100.png\" alt=\"Ma\u00e7aneta Interna Porta Dianteira Direit...\" \/>\n                              \t\t\t\t\t\t\t  <img  src=\"\" alt=\"Ma\u00e7aneta Interna Porta Dianteira Direit...\" title=\"Ma\u00e7aneta Interna Porta Dianteira Direit...\" class=\"img-responsive lazy\" \/>\n                              <\/a>\n\t\t\t\t\t\t\t  <div class=\"actions-link\">\t\t\t\t\t\t\t\t\t\n\t\t\t\t\t\t\t\t\t<a class=\"btn-wishlist\" data-toggle=\"tooltip\" title=\"Lista de desejos\" onclick=\"wishlist.add('22811');\"><i class=\"zmdi zmdi-favorite-outline\"><\/i><\/a>\t\t\t\t\t\t\t\t\t\n\t\t\t\t\t\t\t\t\t<a class=\"btn-compare\" data-toggle=\"tooltip\" title=\"Comparar\" onclick=\"compare.add('22811');\"><i class=\"zmdi zmdi-refresh-alt\"><\/i><\/a>\n\t\t\t\t\t\t\t\t<\/div>\n                            <\/div>\n                            <div class=\"product-inner\">\n                              <div class=\"product-caption\">\n\t\t\t\t\t\t\t                                <h2 class=\"product-name\"><a href=\"https:\/\/www.sulcarautopecas.com.br.186-226-60-153.cpanel.site\/macaneta\/macaneta-interna-porta-dianteira-direita-jac-t40-2018-22811\">Ma\u00e7aneta Interna Porta Dianteira Direit...<\/a><\/h2>\n\t\t\t\t\t\t\t                                     <div class=\"ratings\">\n                                      <div class=\"rating-box\">\n                                                                                        <div class=\"rating0\">rating<\/div>                                                                                                                                                                                                                                                                            <\/div>\n                                  <\/div>\n                              \t\t\t\t\t\t\t                                  <p class=\"price\">\n                                                                    R$125,00                                                                                                    <\/p>\n                                \t\t\t\t\t\t\t \n                              \n\t\t\t\t\t\t\t\t<p class=\"product-des\">Trabalhamos com produtos originais, retirados de ve\u00edculos baixados no Detran, com total proced\u00eancia e garantia.\nTodas as nossas fotos s\u00e3o reais do produto.\n\nPara calcular o frente basta aproveitar as vantagens do MERCADO ENVIOS.\nCaso o produto n\u00e3o te..<\/p>\n                              <div class=\"product-intro\">\n\t\t\t\t\t\t\t\t<div class=\"actions-link2\">\n\t\t\t\t\t\t\t\t\t<a class=\"btn-cart\" data-toggle=\"tooltip\" title=\"Comprar\" onclick=\"cart.add('22811');\"><span class=\"button\"><i class=\"fa fa-shopping-cart\"><\/i>Comprar<\/span><\/a>\t\t\t\t\t\t\t\t\t\n\t\t\t\t\t\t\t\t\t<a class=\"btn-wishlist\" data-toggle=\"tooltip\" title=\"Lista de desejos\" onclick=\"wishlist.add('22811');\"><i class=\"zmdi zmdi-favorite-outline\"><\/i><\/a>\t\t\t\t\t\t\t\t\t\n\t\t\t\t\t\t\t\t\t<a class=\"btn-compare\" data-toggle=\"tooltip\" title=\"Comparar\" onclick=\"compare.add('22811');\"><i class=\"zmdi zmdi-refresh-alt\"><\/i><\/a>\n\t\t\t\t\t\t\t\t<\/div>\n\t\t\t\t\t\t\t\t<\/div>\n                            <\/div>\n\t\t\t\t\t\t\t<\/div>\n                          <\/div>\n                        <\/div>\n                                            <div class=\"product-layout product-list col-xs-12\">\n                          <div class=\"product-thumb layout1\">\n\t\t\t\t\t\t\t<div class=\"image\">\n                              \t\t\t\t\t\t\t\t                              <a href=\"https:\/\/www.sulcarautopecas.com.br.186-226-60-153.cpanel.site\/macaneta\/macaneta-externa-dianteira-direita-nissan-kicks-advance-2022-19187\">\n                                                              <img  src=\"image\/cache\/no_image-100x100.png\" alt=\"Ma\u00e7aneta Externa Dianteira Direita Niss...\" \/>\n                              \t\t\t\t\t\t\t  <img  src=\"\" alt=\"Ma\u00e7aneta Externa Dianteira Direita Niss...\" title=\"Ma\u00e7aneta Externa Dianteira Direita Niss...\" class=\"img-responsive lazy\" \/>\n                              <\/a>\n\t\t\t\t\t\t\t  <div class=\"actions-link\">\t\t\t\t\t\t\t\t\t\n\t\t\t\t\t\t\t\t\t<a class=\"btn-wishlist\" data-toggle=\"tooltip\" title=\"Lista de desejos\" onclick=\"wishlist.add('19187');\"><i class=\"zmdi zmdi-favorite-outline\"><\/i><\/a>\t\t\t\t\t\t\t\t\t\n\t\t\t\t\t\t\t\t\t<a class=\"btn-compare\" data-toggle=\"tooltip\" title=\"Comparar\" onclick=\"compare.add('19187');\"><i class=\"zmdi zmdi-refresh-alt\"><\/i><\/a>\n\t\t\t\t\t\t\t\t<\/div>\n                            <\/div>\n                            <div class=\"product-inner\">\n                              <div class=\"product-caption\">\n\t\t\t\t\t\t\t                                <h2 class=\"product-name\"><a href=\"https:\/\/www.sulcarautopecas.com.br.186-226-60-153.cpanel.site\/macaneta\/macaneta-externa-dianteira-direita-nissan-kicks-advance-2022-19187\">Ma\u00e7aneta Externa Dianteira Direita Niss...<\/a><\/h2>\n\t\t\t\t\t\t\t                                     <div class=\"ratings\">\n                                      <div class=\"rating-box\">\n                                                                                        <div class=\"rating0\">rating<\/div>                                                                                                                                                                                                                                                                            <\/div>\n                                  <\/div>\n                              \t\t\t\t\t\t\t                                  <p class=\"price\">\n                                                                    R$180,00                                                                                                    <\/p>\n                                \t\t\t\t\t\t\t \n                              \n\t\t\t\t\t\t\t\t<p class=\"product-des\">Sulcar Auto Pe\u00e7as Blumenau.\nTrabalhamos com pe\u00e7as originais.\nFoto reais do produto.\nCalcule frente\u2026no mercado de envios.\nDemais d\u00favida nos pergunte.\nAp\u00f3s confirma\u00e7\u00e3o do pagamento,enviamos em at\u00e9 1 dia \u00fatil.\nEntregamos para todo pa\u00eds com qualidade e s..<\/p>\n                              <div class=\"product-intro\">\n\t\t\t\t\t\t\t\t<div class=\"actions-link2\">\n\t\t\t\t\t\t\t\t\t<a class=\"btn-cart\" data-toggle=\"tooltip\" title=\"Comprar\" onclick=\"cart.add('19187');\"><span class=\"button\"><i class=\"fa fa-shopping-cart\"><\/i>Comprar<\/span><\/a>\t\t\t\t\t\t\t\t\t\n\t\t\t\t\t\t\t\t\t<a class=\"btn-wishlist\" data-toggle=\"tooltip\" title=\"Lista de desejos\" onclick=\"wishlist.add('19187');\"><i class=\"zmdi zmdi-favorite-outline\"><\/i><\/a>\t\t\t\t\t\t\t\t\t\n\t\t\t\t\t\t\t\t\t<a class=\"btn-compare\" data-toggle=\"tooltip\" title=\"Comparar\" onclick=\"compare.add('19187');\"><i class=\"zmdi zmdi-refresh-alt\"><\/i><\/a>\n\t\t\t\t\t\t\t\t<\/div>\n\t\t\t\t\t\t\t\t<\/div>\n                            <\/div>\n\t\t\t\t\t\t\t<\/div>\n                          <\/div>\n                        <\/div>\n                                            <div class=\"product-layout product-list col-xs-12\">\n                          <div class=\"product-thumb layout1\">\n\t\t\t\t\t\t\t<div class=\"image\">\n                              \t\t\t\t\t\t\t\t                              <a href=\"https:\/\/www.sulcarautopecas.com.br.186-226-60-153.cpanel.site\/macaneta\/macaneta-externa-porta-tras-esq-pajero-sport-2008-32810\">\n                                                              <img  src=\"image\/cache\/no_image-100x100.png\" alt=\"Ma\u00e7aneta Externa Porta Tras Esq Pajero ...\" \/>\n                              \t\t\t\t\t\t\t  <img  src=\"\" alt=\"Ma\u00e7aneta Externa Porta Tras Esq Pajero ...\" title=\"Ma\u00e7aneta Externa Porta Tras Esq Pajero ...\" class=\"img-responsive lazy\" \/>\n                              <\/a>\n\t\t\t\t\t\t\t  <div class=\"actions-link\">\t\t\t\t\t\t\t\t\t\n\t\t\t\t\t\t\t\t\t<a class=\"btn-wishlist\" data-toggle=\"tooltip\" title=\"Lista de desejos\" onclick=\"wishlist.add('32810');\"><i class=\"zmdi zmdi-favorite-outline\"><\/i><\/a>\t\t\t\t\t\t\t\t\t\n\t\t\t\t\t\t\t\t\t<a class=\"btn-compare\" data-toggle=\"tooltip\" title=\"Comparar\" onclick=\"compare.add('32810');\"><i class=\"zmdi zmdi-refresh-alt\"><\/i><\/a>\n\t\t\t\t\t\t\t\t<\/div>\n                            <\/div>\n                            <div class=\"product-inner\">\n                              <div class=\"product-caption\">\n\t\t\t\t\t\t\t                                <h2 class=\"product-name\"><a href=\"https:\/\/www.sulcarautopecas.com.br.186-226-60-153.cpanel.site\/macaneta\/macaneta-externa-porta-tras-esq-pajero-sport-2008-32810\">Ma\u00e7aneta Externa Porta Tras Esq Pajero ...<\/a><\/h2>\n\t\t\t\t\t\t\t                                     <div class=\"ratings\">\n                                      <div class=\"rating-box\">\n                                                                                        <div class=\"rating0\">rating<\/div>                                                                                                                                                                                                                                                                            <\/div>\n                                  <\/div>\n                              \t\t\t\t\t\t\t                                  <p class=\"price\">\n                                                                    R$50,00                                                                                                    <\/p>\n                                \t\t\t\t\t\t\t \n                              \n\t\t\t\t\t\t\t\t<p class=\"product-des\">*Sulcar Auto Pe\u00e7as Blumenau.\n*Trabalhamos com produtos originais.\n*Foto reais do produto.\n*Calcular frete em mercado envios,caso tenha nos pergunte.\n*Demais D\u00favidas apenas nos pergunte.\n*Ap\u00f3s confirma\u00e7\u00e3o do pagamento enviamos em at\u00e9 1 dia \u00fatil.\n*Entr..<\/p>\n                              <div class=\"product-intro\">\n\t\t\t\t\t\t\t\t<div class=\"actions-link2\">\n\t\t\t\t\t\t\t\t\t<a class=\"btn-cart\" data-toggle=\"tooltip\" title=\"Comprar\" onclick=\"cart.add('32810');\"><span class=\"button\"><i class=\"fa fa-shopping-cart\"><\/i>Comprar<\/span><\/a>\t\t\t\t\t\t\t\t\t\n\t\t\t\t\t\t\t\t\t<a class=\"btn-wishlist\" data-toggle=\"tooltip\" title=\"Lista de desejos\" onclick=\"wishlist.add('32810');\"><i class=\"zmdi zmdi-favorite-outline\"><\/i><\/a>\t\t\t\t\t\t\t\t\t\n\t\t\t\t\t\t\t\t\t<a class=\"btn-compare\" data-toggle=\"tooltip\" title=\"Comparar\" onclick=\"compare.add('32810');\"><i class=\"zmdi zmdi-refresh-alt\"><\/i><\/a>\n\t\t\t\t\t\t\t\t<\/div>\n\t\t\t\t\t\t\t\t<\/div>\n                            <\/div>\n\t\t\t\t\t\t\t<\/div>\n                          <\/div>\n                        <\/div>\n                                            <div class=\"product-layout product-list col-xs-12\">\n                          <div class=\"product-thumb layout1\">\n\t\t\t\t\t\t\t<div class=\"image\">\n                              \t\t\t\t\t\t\t\t                              <a href=\"https:\/\/www.sulcarautopecas.com.br.186-226-60-153.cpanel.site\/macaneta\/macaneta-externa-traseira-direita-nissan-march-2012-14373\">\n                                                              <img  src=\"image\/cache\/no_image-100x100.png\" alt=\"Ma\u00e7aneta Externa Traseira Direita Nissa...\" \/>\n                              \t\t\t\t\t\t\t  <img  src=\"\" alt=\"Ma\u00e7aneta Externa Traseira Direita Nissa...\" title=\"Ma\u00e7aneta Externa Traseira Direita Nissa...\" class=\"img-responsive lazy\" \/>\n                              <\/a>\n\t\t\t\t\t\t\t  <div class=\"actions-link\">\t\t\t\t\t\t\t\t\t\n\t\t\t\t\t\t\t\t\t<a class=\"btn-wishlist\" data-toggle=\"tooltip\" title=\"Lista de desejos\" onclick=\"wishlist.add('14373');\"><i class=\"zmdi zmdi-favorite-outline\"><\/i><\/a>\t\t\t\t\t\t\t\t\t\n\t\t\t\t\t\t\t\t\t<a class=\"btn-compare\" data-toggle=\"tooltip\" title=\"Comparar\" onclick=\"compare.add('14373');\"><i class=\"zmdi zmdi-refresh-alt\"><\/i><\/a>\n\t\t\t\t\t\t\t\t<\/div>\n                            <\/div>\n                            <div class=\"product-inner\">\n                              <div class=\"product-caption\">\n\t\t\t\t\t\t\t                                <h2 class=\"product-name\"><a href=\"https:\/\/www.sulcarautopecas.com.br.186-226-60-153.cpanel.site\/macaneta\/macaneta-externa-traseira-direita-nissan-march-2012-14373\">Ma\u00e7aneta Externa Traseira Direita Nissa...<\/a><\/h2>\n\t\t\t\t\t\t\t                                     <div class=\"ratings\">\n                                      <div class=\"rating-box\">\n                                                                                        <div class=\"rating0\">rating<\/div>                                                                                                                                                                                                                                                                            <\/div>\n                                  <\/div>\n                              \t\t\t\t\t\t\t                                  <p class=\"price\">\n                                                                    R$90,00                                                                                                    <\/p>\n                                \t\t\t\t\t\t\t \n                              \n\t\t\t\t\t\t\t\t<p class=\"product-des\">*Sulcar Auto Pe\u00e7as Blumenau.\n*Trabalhamos com produtos original.\n*Foto reais do produto.\n*Calcular frete em mercado envios,caso n\u00e3o tenha nos pergunte.\n*Demais d\u00favidas apenas nos pergunte.\n*Ap\u00f3s confirma\u00e7\u00e3o do pagamento enviamos em at\u00e9 1 dia \u00fatil.\n*E..<\/p>\n                              <div class=\"product-intro\">\n\t\t\t\t\t\t\t\t<div class=\"actions-link2\">\n\t\t\t\t\t\t\t\t\t<a class=\"btn-cart\" data-toggle=\"tooltip\" title=\"Comprar\" onclick=\"cart.add('14373');\"><span class=\"button\"><i class=\"fa fa-shopping-cart\"><\/i>Comprar<\/span><\/a>\t\t\t\t\t\t\t\t\t\n\t\t\t\t\t\t\t\t\t<a class=\"btn-wishlist\" data-toggle=\"tooltip\" title=\"Lista de desejos\" onclick=\"wishlist.add('14373');\"><i class=\"zmdi zmdi-favorite-outline\"><\/i><\/a>\t\t\t\t\t\t\t\t\t\n\t\t\t\t\t\t\t\t\t<a class=\"btn-compare\" data-toggle=\"tooltip\" title=\"Comparar\" onclick=\"compare.add('14373');\"><i class=\"zmdi zmdi-refresh-alt\"><\/i><\/a>\n\t\t\t\t\t\t\t\t<\/div>\n\t\t\t\t\t\t\t\t<\/div>\n                            <\/div>\n\t\t\t\t\t\t\t<\/div>\n                          <\/div>\n                        <\/div>\n                                            <div class=\"product-layout product-list col-xs-12\">\n                          <div class=\"product-thumb layout1\">\n\t\t\t\t\t\t\t<div class=\"image\">\n                              \t\t\t\t\t\t\t\t                              <a href=\"https:\/\/www.sulcarautopecas.com.br.186-226-60-153.cpanel.site\/macaneta\/macaneta-interna-tras-esq-renault-oroch-2023-a5265-29563\">\n                                                              <img  src=\"image\/cache\/no_image-100x100.png\" alt=\"Ma\u00e7aneta Interna Tras Esq Renault Oroch...\" \/>\n                              \t\t\t\t\t\t\t  <img  src=\"\" alt=\"Ma\u00e7aneta Interna Tras Esq Renault Oroch...\" title=\"Ma\u00e7aneta Interna Tras Esq Renault Oroch...\" class=\"img-responsive lazy\" \/>\n                              <\/a>\n\t\t\t\t\t\t\t  <div class=\"actions-link\">\t\t\t\t\t\t\t\t\t\n\t\t\t\t\t\t\t\t\t<a class=\"btn-wishlist\" data-toggle=\"tooltip\" title=\"Lista de desejos\" onclick=\"wishlist.add('29563');\"><i class=\"zmdi zmdi-favorite-outline\"><\/i><\/a>\t\t\t\t\t\t\t\t\t\n\t\t\t\t\t\t\t\t\t<a class=\"btn-compare\" data-toggle=\"tooltip\" title=\"Comparar\" onclick=\"compare.add('29563');\"><i class=\"zmdi zmdi-refresh-alt\"><\/i><\/a>\n\t\t\t\t\t\t\t\t<\/div>\n                            <\/div>\n                            <div class=\"product-inner\">\n                              <div class=\"product-caption\">\n\t\t\t\t\t\t\t                                <h2 class=\"product-name\"><a href=\"https:\/\/www.sulcarautopecas.com.br.186-226-60-153.cpanel.site\/macaneta\/macaneta-interna-tras-esq-renault-oroch-2023-a5265-29563\">Ma\u00e7aneta Interna Tras Esq Renault Oroch...<\/a><\/h2>\n\t\t\t\t\t\t\t                                     <div class=\"ratings\">\n                                      <div class=\"rating-box\">\n                                                                                        <div class=\"rating0\">rating<\/div>                                                                                                                                                                                                                                                                            <\/div>\n                                  <\/div>\n                              \t\t\t\t\t\t\t                                  <p class=\"price\">\n                                                                    R$100,00                                                                                                    <\/p>\n                                \t\t\t\t\t\t\t \n                              \n\t\t\t\t\t\t\t\t<p class=\"product-des\">Sulcar Auto Pe\u00e7as Blumenau\nTrabalhamos com produtos originais\nFoto reais do produto\nCalcular frete...no mercado de envios\nDemais d\u00favidas...apenas nos pergunte\nAp\u00f3s confirmar do pagamento enviamos em at\u00e9 1 dia \u00fatil\nEntregamos para todo territ\u00f3rio naci..<\/p>\n                              <div class=\"product-intro\">\n\t\t\t\t\t\t\t\t<div class=\"actions-link2\">\n\t\t\t\t\t\t\t\t\t<a class=\"btn-cart\" data-toggle=\"tooltip\" title=\"Comprar\" onclick=\"cart.add('29563');\"><span class=\"button\"><i class=\"fa fa-shopping-cart\"><\/i>Comprar<\/span><\/a>\t\t\t\t\t\t\t\t\t\n\t\t\t\t\t\t\t\t\t<a class=\"btn-wishlist\" data-toggle=\"tooltip\" title=\"Lista de desejos\" onclick=\"wishlist.add('29563');\"><i class=\"zmdi zmdi-favorite-outline\"><\/i><\/a>\t\t\t\t\t\t\t\t\t\n\t\t\t\t\t\t\t\t\t<a class=\"btn-compare\" data-toggle=\"tooltip\" title=\"Comparar\" onclick=\"compare.add('29563');\"><i class=\"zmdi zmdi-refresh-alt\"><\/i><\/a>\n\t\t\t\t\t\t\t\t<\/div>\n\t\t\t\t\t\t\t\t<\/div>\n                            <\/div>\n\t\t\t\t\t\t\t<\/div>\n                          <\/div>\n                        <\/div>\n                                            <div class=\"product-layout product-list col-xs-12\">\n                          <div class=\"product-thumb layout1\">\n\t\t\t\t\t\t\t<div class=\"image\">\n                              \t\t\t\t\t\t\t\t                              <a href=\"https:\/\/www.sulcarautopecas.com.br.186-226-60-153.cpanel.site\/macaneta\/macaneta-interna-porta-diant-esq-renault-captur-2021-a3072-27481\">\n                                                              <img  src=\"image\/cache\/no_image-100x100.png\" alt=\"Ma\u00e7aneta Interna Porta Diant Esq Renaul...\" \/>\n                              \t\t\t\t\t\t\t  <img  src=\"\" alt=\"Ma\u00e7aneta Interna Porta Diant Esq Renaul...\" title=\"Ma\u00e7aneta Interna Porta Diant Esq Renaul...\" class=\"img-responsive lazy\" \/>\n                              <\/a>\n\t\t\t\t\t\t\t  <div class=\"actions-link\">\t\t\t\t\t\t\t\t\t\n\t\t\t\t\t\t\t\t\t<a class=\"btn-wishlist\" data-toggle=\"tooltip\" title=\"Lista de desejos\" onclick=\"wishlist.add('27481');\"><i class=\"zmdi zmdi-favorite-outline\"><\/i><\/a>\t\t\t\t\t\t\t\t\t\n\t\t\t\t\t\t\t\t\t<a class=\"btn-compare\" data-toggle=\"tooltip\" title=\"Comparar\" onclick=\"compare.add('27481');\"><i class=\"zmdi zmdi-refresh-alt\"><\/i><\/a>\n\t\t\t\t\t\t\t\t<\/div>\n                            <\/div>\n                            <div class=\"product-inner\">\n                              <div class=\"product-caption\">\n\t\t\t\t\t\t\t                                <h2 class=\"product-name\"><a href=\"https:\/\/www.sulcarautopecas.com.br.186-226-60-153.cpanel.site\/macaneta\/macaneta-interna-porta-diant-esq-renault-captur-2021-a3072-27481\">Ma\u00e7aneta Interna Porta Diant Esq Renaul...<\/a><\/h2>\n\t\t\t\t\t\t\t                                     <div class=\"ratings\">\n                                      <div class=\"rating-box\">\n                                                                                        <div class=\"rating0\">rating<\/div>                                                                                                                                                                                                                                                                            <\/div>\n                                  <\/div>\n                              \t\t\t\t\t\t\t                                  <p class=\"price\">\n                                                                    R$70,00                                                                                                    <\/p>\n                                \t\t\t\t\t\t\t \n                              \n\t\t\t\t\t\t\t\t<p class=\"product-des\">Sulcar Auto Pe\u00e7as Blumenau\nTrabalhamos com produtos originais\nFoto reais do produto\nCalcular frete...no mercado de envios\nDemais d\u00favidas...apenas nos pergunte\nAp\u00f3s confirmar do pagamento enviamos em at\u00e9 1 dia \u00fatil\nEntregamos para todo territ\u00f3rio naci..<\/p>\n                              <div class=\"product-intro\">\n\t\t\t\t\t\t\t\t<div class=\"actions-link2\">\n\t\t\t\t\t\t\t\t\t<a class=\"btn-cart\" data-toggle=\"tooltip\" title=\"Comprar\" onclick=\"cart.add('27481');\"><span class=\"button\"><i class=\"fa fa-shopping-cart\"><\/i>Comprar<\/span><\/a>\t\t\t\t\t\t\t\t\t\n\t\t\t\t\t\t\t\t\t<a class=\"btn-wishlist\" data-toggle=\"tooltip\" title=\"Lista de desejos\" onclick=\"wishlist.add('27481');\"><i class=\"zmdi zmdi-favorite-outline\"><\/i><\/a>\t\t\t\t\t\t\t\t\t\n\t\t\t\t\t\t\t\t\t<a class=\"btn-compare\" data-toggle=\"tooltip\" title=\"Comparar\" onclick=\"compare.add('27481');\"><i class=\"zmdi zmdi-refresh-alt\"><\/i><\/a>\n\t\t\t\t\t\t\t\t<\/div>\n\t\t\t\t\t\t\t\t<\/div>\n                            <\/div>\n\t\t\t\t\t\t\t<\/div>\n                          <\/div>\n                        <\/div>\n                                            <div class=\"product-layout product-list col-xs-12\">\n                          <div class=\"product-thumb layout1\">\n\t\t\t\t\t\t\t<div class=\"image\">\n                              \t\t\t\t\t\t\t\t                              <a href=\"https:\/\/www.sulcarautopecas.com.br.186-226-60-153.cpanel.site\/macaneta\/acabamento-macaneta-interna-diant-esq-kia-soul-2012-23989\">\n                                                              <img  src=\"image\/cache\/no_image-100x100.png\" alt=\"Acabamento Ma\u00e7aneta Interna Diant Esq K...\" \/>\n                              \t\t\t\t\t\t\t  <img  src=\"\" alt=\"Acabamento Ma\u00e7aneta Interna Diant Esq K...\" title=\"Acabamento Ma\u00e7aneta Interna Diant Esq K...\" class=\"img-responsive lazy\" \/>\n                              <\/a>\n\t\t\t\t\t\t\t  <div class=\"actions-link\">\t\t\t\t\t\t\t\t\t\n\t\t\t\t\t\t\t\t\t<a class=\"btn-wishlist\" data-toggle=\"tooltip\" title=\"Lista de desejos\" onclick=\"wishlist.add('23989');\"><i class=\"zmdi zmdi-favorite-outline\"><\/i><\/a>\t\t\t\t\t\t\t\t\t\n\t\t\t\t\t\t\t\t\t<a class=\"btn-compare\" data-toggle=\"tooltip\" title=\"Comparar\" onclick=\"compare.add('23989');\"><i class=\"zmdi zmdi-refresh-alt\"><\/i><\/a>\n\t\t\t\t\t\t\t\t<\/div>\n                            <\/div>\n                            <div class=\"product-inner\">\n                              <div class=\"product-caption\">\n\t\t\t\t\t\t\t                                <h2 class=\"product-name\"><a href=\"https:\/\/www.sulcarautopecas.com.br.186-226-60-153.cpanel.site\/macaneta\/acabamento-macaneta-interna-diant-esq-kia-soul-2012-23989\">Acabamento Ma\u00e7aneta Interna Diant Esq K...<\/a><\/h2>\n\t\t\t\t\t\t\t                                     <div class=\"ratings\">\n                                      <div class=\"rating-box\">\n                                                                                        <div class=\"rating0\">rating<\/div>                                                                                                                                                                                                                                                                            <\/div>\n                                  <\/div>\n                              \t\t\t\t\t\t\t                                  <p class=\"price\">\n                                                                    R$50,00                                                                                                    <\/p>\n                                \t\t\t\t\t\t\t \n                              \n\t\t\t\t\t\t\t\t<p class=\"product-des\">..<\/p>\n                              <div class=\"product-intro\">\n\t\t\t\t\t\t\t\t<div class=\"actions-link2\">\n\t\t\t\t\t\t\t\t\t<a class=\"btn-cart\" data-toggle=\"tooltip\" title=\"Comprar\" onclick=\"cart.add('23989');\"><span class=\"button\"><i class=\"fa fa-shopping-cart\"><\/i>Comprar<\/span><\/a>\t\t\t\t\t\t\t\t\t\n\t\t\t\t\t\t\t\t\t<a class=\"btn-wishlist\" data-toggle=\"tooltip\" title=\"Lista de desejos\" onclick=\"wishlist.add('23989');\"><i class=\"zmdi zmdi-favorite-outline\"><\/i><\/a>\t\t\t\t\t\t\t\t\t\n\t\t\t\t\t\t\t\t\t<a class=\"btn-compare\" data-toggle=\"tooltip\" title=\"Comparar\" onclick=\"compare.add('23989');\"><i class=\"zmdi zmdi-refresh-alt\"><\/i><\/a>\n\t\t\t\t\t\t\t\t<\/div>\n\t\t\t\t\t\t\t\t<\/div>\n                            <\/div>\n\t\t\t\t\t\t\t<\/div>\n                          <\/div>\n                        <\/div>\n                                            <div class=\"product-layout product-list col-xs-12\">\n                          <div class=\"product-thumb layout1\">\n\t\t\t\t\t\t\t<div class=\"image\">\n                              \t\t\t\t\t\t\t\t                              <a href=\"https:\/\/www.sulcarautopecas.com.br.186-226-60-153.cpanel.site\/macaneta\/macaneta-porta-traseira-esquerda-nissan-march-2015-19945\">\n                                                              <img  src=\"image\/cache\/no_image-100x100.png\" alt=\"Ma\u00e7aneta Porta Traseira Esquerda Nissan...\" \/>\n                              \t\t\t\t\t\t\t  <img  src=\"\" alt=\"Ma\u00e7aneta Porta Traseira Esquerda Nissan...\" title=\"Ma\u00e7aneta Porta Traseira Esquerda Nissan...\" class=\"img-responsive lazy\" \/>\n                              <\/a>\n\t\t\t\t\t\t\t  <div class=\"actions-link\">\t\t\t\t\t\t\t\t\t\n\t\t\t\t\t\t\t\t\t<a class=\"btn-wishlist\" data-toggle=\"tooltip\" title=\"Lista de desejos\" onclick=\"wishlist.add('19945');\"><i class=\"zmdi zmdi-favorite-outline\"><\/i><\/a>\t\t\t\t\t\t\t\t\t\n\t\t\t\t\t\t\t\t\t<a class=\"btn-compare\" data-toggle=\"tooltip\" title=\"Comparar\" onclick=\"compare.add('19945');\"><i class=\"zmdi zmdi-refresh-alt\"><\/i><\/a>\n\t\t\t\t\t\t\t\t<\/div>\n                            <\/div>\n                            <div class=\"product-inner\">\n                              <div class=\"product-caption\">\n\t\t\t\t\t\t\t                                <h2 class=\"product-name\"><a href=\"https:\/\/www.sulcarautopecas.com.br.186-226-60-153.cpanel.site\/macaneta\/macaneta-porta-traseira-esquerda-nissan-march-2015-19945\">Ma\u00e7aneta Porta Traseira Esquerda Nissan...<\/a><\/h2>\n\t\t\t\t\t\t\t                                     <div class=\"ratings\">\n                                      <div class=\"rating-box\">\n                                                                                        <div class=\"rating0\">rating<\/div>                                                                                                                                                                                                                                                                            <\/div>\n                                  <\/div>\n                              \t\t\t\t\t\t\t                                  <p class=\"price\">\n                                                                    R$100,00                                                                                                    <\/p>\n                                \t\t\t\t\t\t\t \n                              \n\t\t\t\t\t\t\t\t<p class=\"product-des\">Sulcar Auto Pe\u00e7as Blumenau.\nTrabalhamos com pe\u00e7as originais.\nFoto reais do produto.\nCalcule frente\u2026no mercado de envios.\nDemais d\u00favida nos pergunte.\nAp\u00f3s confirma\u00e7\u00e3o do pagamento,enviamos em at\u00e9 1 dia \u00fatil.\nEntregamos para todo pa\u00eds com qualidade e s..<\/p>\n                              <div class=\"product-intro\">\n\t\t\t\t\t\t\t\t<div class=\"actions-link2\">\n\t\t\t\t\t\t\t\t\t<a class=\"btn-cart\" data-toggle=\"tooltip\" title=\"Comprar\" onclick=\"cart.add('19945');\"><span class=\"button\"><i class=\"fa fa-shopping-cart\"><\/i>Comprar<\/span><\/a>\t\t\t\t\t\t\t\t\t\n\t\t\t\t\t\t\t\t\t<a class=\"btn-wishlist\" data-toggle=\"tooltip\" title=\"Lista de desejos\" onclick=\"wishlist.add('19945');\"><i class=\"zmdi zmdi-favorite-outline\"><\/i><\/a>\t\t\t\t\t\t\t\t\t\n\t\t\t\t\t\t\t\t\t<a class=\"btn-compare\" data-toggle=\"tooltip\" title=\"Comparar\" onclick=\"compare.add('19945');\"><i class=\"zmdi zmdi-refresh-alt\"><\/i><\/a>\n\t\t\t\t\t\t\t\t<\/div>\n\t\t\t\t\t\t\t\t<\/div>\n                            <\/div>\n\t\t\t\t\t\t\t<\/div>\n                          <\/div>\n                        <\/div>\n                                            <div class=\"product-layout product-list col-xs-12\">\n                          <div class=\"product-thumb layout1\">\n\t\t\t\t\t\t\t<div class=\"image\">\n                              \t\t\t\t\t\t\t\t                              <a href=\"https:\/\/www.sulcarautopecas.com.br.186-226-60-153.cpanel.site\/macaneta\/macaneta-externa-porta-diant-esq-honda-city-2023-33176\">\n                                                              <img  src=\"image\/cache\/no_image-100x100.png\" alt=\"Ma\u00e7aneta Externa Porta Diant Esq Honda ...\" \/>\n                              \t\t\t\t\t\t\t  <img  src=\"\" alt=\"Ma\u00e7aneta Externa Porta Diant Esq Honda ...\" title=\"Ma\u00e7aneta Externa Porta Diant Esq Honda ...\" class=\"img-responsive lazy\" \/>\n                              <\/a>\n\t\t\t\t\t\t\t  <div class=\"actions-link\">\t\t\t\t\t\t\t\t\t\n\t\t\t\t\t\t\t\t\t<a class=\"btn-wishlist\" data-toggle=\"tooltip\" title=\"Lista de desejos\" onclick=\"wishlist.add('33176');\"><i class=\"zmdi zmdi-favorite-outline\"><\/i><\/a>\t\t\t\t\t\t\t\t\t\n\t\t\t\t\t\t\t\t\t<a class=\"btn-compare\" data-toggle=\"tooltip\" title=\"Comparar\" onclick=\"compare.add('33176');\"><i class=\"zmdi zmdi-refresh-alt\"><\/i><\/a>\n\t\t\t\t\t\t\t\t<\/div>\n                            <\/div>\n                            <div class=\"product-inner\">\n                              <div class=\"product-caption\">\n\t\t\t\t\t\t\t                                <h2 class=\"product-name\"><a href=\"https:\/\/www.sulcarautopecas.com.br.186-226-60-153.cpanel.site\/macaneta\/macaneta-externa-porta-diant-esq-honda-city-2023-33176\">Ma\u00e7aneta Externa Porta Diant Esq Honda ...<\/a><\/h2>\n\t\t\t\t\t\t\t                                     <div class=\"ratings\">\n                                      <div class=\"rating-box\">\n                                                                                        <div class=\"rating0\">rating<\/div>                                                                                                                                                                                                                                                                            <\/div>\n                                  <\/div>\n                              \t\t\t\t\t\t\t                                  <p class=\"price\">\n                                                                    R$200,00                                                                                                    <\/p>\n                                \t\t\t\t\t\t\t \n                              \n\t\t\t\t\t\t\t\t<p class=\"product-des\">*Sulcar Auto Pe\u00e7as Blumenau.\n*Trabalhamos com produtos originais.\n*Foto reais do produto.\n*Calcular frete em mercado envios,caso tenha nos pergunte.\n*Demais D\u00favidas apenas nos pergunte.\n*Ap\u00f3s confirma\u00e7\u00e3o do pagamento enviamos em at\u00e9 1 dia \u00fatil.\n*Entr..<\/p>\n                              <div class=\"product-intro\">\n\t\t\t\t\t\t\t\t<div class=\"actions-link2\">\n\t\t\t\t\t\t\t\t\t<a class=\"btn-cart\" data-toggle=\"tooltip\" title=\"Comprar\" onclick=\"cart.add('33176');\"><span class=\"button\"><i class=\"fa fa-shopping-cart\"><\/i>Comprar<\/span><\/a>\t\t\t\t\t\t\t\t\t\n\t\t\t\t\t\t\t\t\t<a class=\"btn-wishlist\" data-toggle=\"tooltip\" title=\"Lista de desejos\" onclick=\"wishlist.add('33176');\"><i class=\"zmdi zmdi-favorite-outline\"><\/i><\/a>\t\t\t\t\t\t\t\t\t\n\t\t\t\t\t\t\t\t\t<a class=\"btn-compare\" data-toggle=\"tooltip\" title=\"Comparar\" onclick=\"compare.add('33176');\"><i class=\"zmdi zmdi-refresh-alt\"><\/i><\/a>\n\t\t\t\t\t\t\t\t<\/div>\n\t\t\t\t\t\t\t\t<\/div>\n                            <\/div>\n\t\t\t\t\t\t\t<\/div>\n                          <\/div>\n                        <\/div>\n                                            <div class=\"product-layout product-list col-xs-12\">\n                          <div class=\"product-thumb layout1\">\n\t\t\t\t\t\t\t<div class=\"image\">\n                              \t\t\t\t\t\t\t\t                              <a href=\"https:\/\/www.sulcarautopecas.com.br.186-226-60-153.cpanel.site\/macaneta\/macaneta-interna-dianteira-esquerda-renault-fluence-2012-14975\">\n                                                              <img  src=\"image\/cache\/no_image-100x100.png\" alt=\"Ma\u00e7aneta Interna Dianteira Esquerda Ren...\" \/>\n                              \t\t\t\t\t\t\t  <img  src=\"\" alt=\"Ma\u00e7aneta Interna Dianteira Esquerda Ren...\" title=\"Ma\u00e7aneta Interna Dianteira Esquerda Ren...\" class=\"img-responsive lazy\" \/>\n                              <\/a>\n\t\t\t\t\t\t\t  <div class=\"actions-link\">\t\t\t\t\t\t\t\t\t\n\t\t\t\t\t\t\t\t\t<a class=\"btn-wishlist\" data-toggle=\"tooltip\" title=\"Lista de desejos\" onclick=\"wishlist.add('14975');\"><i class=\"zmdi zmdi-favorite-outline\"><\/i><\/a>\t\t\t\t\t\t\t\t\t\n\t\t\t\t\t\t\t\t\t<a class=\"btn-compare\" data-toggle=\"tooltip\" title=\"Comparar\" onclick=\"compare.add('14975');\"><i class=\"zmdi zmdi-refresh-alt\"><\/i><\/a>\n\t\t\t\t\t\t\t\t<\/div>\n                            <\/div>\n                            <div class=\"product-inner\">\n                              <div class=\"product-caption\">\n\t\t\t\t\t\t\t                                <h2 class=\"product-name\"><a href=\"https:\/\/www.sulcarautopecas.com.br.186-226-60-153.cpanel.site\/macaneta\/macaneta-interna-dianteira-esquerda-renault-fluence-2012-14975\">Ma\u00e7aneta Interna Dianteira Esquerda Ren...<\/a><\/h2>\n\t\t\t\t\t\t\t                                     <div class=\"ratings\">\n                                      <div class=\"rating-box\">\n                                                                                        <div class=\"rating0\">rating<\/div>                                                                                                                                                                                                                                                                            <\/div>\n                                  <\/div>\n                              \t\t\t\t\t\t\t                                  <p class=\"price\">\n                                                                    R$60,00                                                                                                    <\/p>\n                                \t\t\t\t\t\t\t \n                              \n\t\t\t\t\t\t\t\t<p class=\"product-des\">*Sulcar Auto Pe\u00e7as Blumenau.\n*Trabalhamos com produtos originais.\n*Foto reais do produto.\n*Calcular frete em mercado envios,caso tenha nos pergunte.\n*Demais D\u00favidas apenas nos pergunte.\n*Ap\u00f3s confirma\u00e7\u00e3o do pagamento enviamos em at\u00e9 1 dia \u00fatil.\n*Entr..<\/p>\n                              <div class=\"product-intro\">\n\t\t\t\t\t\t\t\t<div class=\"actions-link2\">\n\t\t\t\t\t\t\t\t\t<a class=\"btn-cart\" data-toggle=\"tooltip\" title=\"Comprar\" onclick=\"cart.add('14975');\"><span class=\"button\"><i class=\"fa fa-shopping-cart\"><\/i>Comprar<\/span><\/a>\t\t\t\t\t\t\t\t\t\n\t\t\t\t\t\t\t\t\t<a class=\"btn-wishlist\" data-toggle=\"tooltip\" title=\"Lista de desejos\" onclick=\"wishlist.add('14975');\"><i class=\"zmdi zmdi-favorite-outline\"><\/i><\/a>\t\t\t\t\t\t\t\t\t\n\t\t\t\t\t\t\t\t\t<a class=\"btn-compare\" data-toggle=\"tooltip\" title=\"Comparar\" onclick=\"compare.add('14975');\"><i class=\"zmdi zmdi-refresh-alt\"><\/i><\/a>\n\t\t\t\t\t\t\t\t<\/div>\n\t\t\t\t\t\t\t\t<\/div>\n                            <\/div>\n\t\t\t\t\t\t\t<\/div>\n                          <\/div>\n                        <\/div>\n                                            <div class=\"product-layout product-list col-xs-12\">\n                          <div class=\"product-thumb layout1\">\n\t\t\t\t\t\t\t<div class=\"image\">\n                              \t\t\t\t\t\t\t\t                              <a href=\"https:\/\/www.sulcarautopecas.com.br.186-226-60-153.cpanel.site\/macaneta\/macaneta-externa-porta-tras-esq-captur-1-3-turbo-2022-a6310-30834\">\n                                                              <img  src=\"image\/cache\/no_image-100x100.png\" alt=\"Ma\u00e7aneta Externa Porta Tras Esq Captur ...\" \/>\n                              \t\t\t\t\t\t\t  <img  src=\"\" alt=\"Ma\u00e7aneta Externa Porta Tras Esq Captur ...\" title=\"Ma\u00e7aneta Externa Porta Tras Esq Captur ...\" class=\"img-responsive lazy\" \/>\n                              <\/a>\n\t\t\t\t\t\t\t  <div class=\"actions-link\">\t\t\t\t\t\t\t\t\t\n\t\t\t\t\t\t\t\t\t<a class=\"btn-wishlist\" data-toggle=\"tooltip\" title=\"Lista de desejos\" onclick=\"wishlist.add('30834');\"><i class=\"zmdi zmdi-favorite-outline\"><\/i><\/a>\t\t\t\t\t\t\t\t\t\n\t\t\t\t\t\t\t\t\t<a class=\"btn-compare\" data-toggle=\"tooltip\" title=\"Comparar\" onclick=\"compare.add('30834');\"><i class=\"zmdi zmdi-refresh-alt\"><\/i><\/a>\n\t\t\t\t\t\t\t\t<\/div>\n                            <\/div>\n                            <div class=\"product-inner\">\n                              <div class=\"product-caption\">\n\t\t\t\t\t\t\t                                <h2 class=\"product-name\"><a href=\"https:\/\/www.sulcarautopecas.com.br.186-226-60-153.cpanel.site\/macaneta\/macaneta-externa-porta-tras-esq-captur-1-3-turbo-2022-a6310-30834\">Ma\u00e7aneta Externa Porta Tras Esq Captur ...<\/a><\/h2>\n\t\t\t\t\t\t\t                                     <div class=\"ratings\">\n                                      <div class=\"rating-box\">\n                                                                                        <div class=\"rating0\">rating<\/div>                                                                                                                                                                                                                                                                            <\/div>\n                                  <\/div>\n                              \t\t\t\t\t\t\t                                  <p class=\"price\">\n                                                                    R$140,00                                                                                                    <\/p>\n                                \t\t\t\t\t\t\t \n                              \n\t\t\t\t\t\t\t\t<p class=\"product-des\">Sulcar Auto Pe\u00e7as Blumenau\nTrabalhamos com produtos originais\nFoto reais do produto\nCalcular frete...no mercado de envios\nDemais d\u00favidas...apenas nos pergunte\nAp\u00f3s confirmar do pagamento enviamos em at\u00e9 1 dia \u00fatil\nEntregamos para todo territ\u00f3rio naci..<\/p>\n                              <div class=\"product-intro\">\n\t\t\t\t\t\t\t\t<div class=\"actions-link2\">\n\t\t\t\t\t\t\t\t\t<a class=\"btn-cart\" data-toggle=\"tooltip\" title=\"Comprar\" onclick=\"cart.add('30834');\"><span class=\"button\"><i class=\"fa fa-shopping-cart\"><\/i>Comprar<\/span><\/a>\t\t\t\t\t\t\t\t\t\n\t\t\t\t\t\t\t\t\t<a class=\"btn-wishlist\" data-toggle=\"tooltip\" title=\"Lista de desejos\" onclick=\"wishlist.add('30834');\"><i class=\"zmdi zmdi-favorite-outline\"><\/i><\/a>\t\t\t\t\t\t\t\t\t\n\t\t\t\t\t\t\t\t\t<a class=\"btn-compare\" data-toggle=\"tooltip\" title=\"Comparar\" onclick=\"compare.add('30834');\"><i class=\"zmdi zmdi-refresh-alt\"><\/i><\/a>\n\t\t\t\t\t\t\t\t<\/div>\n\t\t\t\t\t\t\t\t<\/div>\n                            <\/div>\n\t\t\t\t\t\t\t<\/div>\n                          <\/div>\n                        <\/div>\n                                            <div class=\"product-layout product-list col-xs-12\">\n                          <div class=\"product-thumb layout1\">\n\t\t\t\t\t\t\t<div class=\"image\">\n                              \t\t\t\t\t\t\t\t                              <a href=\"https:\/\/www.sulcarautopecas.com.br.186-226-60-153.cpanel.site\/macaneta\/macaneta-externa-porta-diant-esquerda-duster-2023-a4331-28648\">\n                                                              <img  src=\"image\/cache\/no_image-100x100.png\" alt=\"Ma\u00e7aneta Externa Porta Diant Esquerda D...\" \/>\n                              \t\t\t\t\t\t\t  <img  src=\"\" alt=\"Ma\u00e7aneta Externa Porta Diant Esquerda D...\" title=\"Ma\u00e7aneta Externa Porta Diant Esquerda D...\" class=\"img-responsive lazy\" \/>\n                              <\/a>\n\t\t\t\t\t\t\t  <div class=\"actions-link\">\t\t\t\t\t\t\t\t\t\n\t\t\t\t\t\t\t\t\t<a class=\"btn-wishlist\" data-toggle=\"tooltip\" title=\"Lista de desejos\" onclick=\"wishlist.add('28648');\"><i class=\"zmdi zmdi-favorite-outline\"><\/i><\/a>\t\t\t\t\t\t\t\t\t\n\t\t\t\t\t\t\t\t\t<a class=\"btn-compare\" data-toggle=\"tooltip\" title=\"Comparar\" onclick=\"compare.add('28648');\"><i class=\"zmdi zmdi-refresh-alt\"><\/i><\/a>\n\t\t\t\t\t\t\t\t<\/div>\n                            <\/div>\n                            <div class=\"product-inner\">\n                              <div class=\"product-caption\">\n\t\t\t\t\t\t\t                                <h2 class=\"product-name\"><a href=\"https:\/\/www.sulcarautopecas.com.br.186-226-60-153.cpanel.site\/macaneta\/macaneta-externa-porta-diant-esquerda-duster-2023-a4331-28648\">Ma\u00e7aneta Externa Porta Diant Esquerda D...<\/a><\/h2>\n\t\t\t\t\t\t\t                                     <div class=\"ratings\">\n                                      <div class=\"rating-box\">\n                                                                                        <div class=\"rating0\">rating<\/div>                                                                                                                                                                                                                                                                            <\/div>\n                                  <\/div>\n                              \t\t\t\t\t\t\t                                  <p class=\"price\">\n                                                                    R$140,00                                                                                                    <\/p>\n                                \t\t\t\t\t\t\t \n                              \n\t\t\t\t\t\t\t\t<p class=\"product-des\">Sulcar Auto Pe\u00e7as Blumenau\nTrabalhamos com produtos originais\nFoto reais do produto\nCalcular frete...no mercado de envios\nDemais d\u00favidas...apenas nos pergunte\nAp\u00f3s confirmar do pagamento enviamos em at\u00e9 1 dia \u00fatil\nEntregamos para todo territ\u00f3rio naci..<\/p>\n                              <div class=\"product-intro\">\n\t\t\t\t\t\t\t\t<div class=\"actions-link2\">\n\t\t\t\t\t\t\t\t\t<a class=\"btn-cart\" data-toggle=\"tooltip\" title=\"Comprar\" onclick=\"cart.add('28648');\"><span class=\"button\"><i class=\"fa fa-shopping-cart\"><\/i>Comprar<\/span><\/a>\t\t\t\t\t\t\t\t\t\n\t\t\t\t\t\t\t\t\t<a class=\"btn-wishlist\" data-toggle=\"tooltip\" title=\"Lista de desejos\" onclick=\"wishlist.add('28648');\"><i class=\"zmdi zmdi-favorite-outline\"><\/i><\/a>\t\t\t\t\t\t\t\t\t\n\t\t\t\t\t\t\t\t\t<a class=\"btn-compare\" data-toggle=\"tooltip\" title=\"Comparar\" onclick=\"compare.add('28648');\"><i class=\"zmdi zmdi-refresh-alt\"><\/i><\/a>\n\t\t\t\t\t\t\t\t<\/div>\n\t\t\t\t\t\t\t\t<\/div>\n                            <\/div>\n\t\t\t\t\t\t\t<\/div>\n                          <\/div>\n                        <\/div>\n                                            <div class=\"product-layout product-list col-xs-12\">\n                          <div class=\"product-thumb layout1\">\n\t\t\t\t\t\t\t<div class=\"image\">\n                              \t\t\t\t\t\t\t\t                              <a href=\"https:\/\/www.sulcarautopecas.com.br.186-226-60-153.cpanel.site\/macaneta\/macaneta-interna-porta-diant-esq-citroen-aircross-2014-a2065-26576\">\n                                                              <img  src=\"image\/cache\/no_image-100x100.png\" alt=\"Ma\u00e7aneta Interna Porta Diant Esq Citroe...\" \/>\n                              \t\t\t\t\t\t\t  <img  src=\"\" alt=\"Ma\u00e7aneta Interna Porta Diant Esq Citroe...\" title=\"Ma\u00e7aneta Interna Porta Diant Esq Citroe...\" class=\"img-responsive lazy\" \/>\n                              <\/a>\n\t\t\t\t\t\t\t  <div class=\"actions-link\">\t\t\t\t\t\t\t\t\t\n\t\t\t\t\t\t\t\t\t<a class=\"btn-wishlist\" data-toggle=\"tooltip\" title=\"Lista de desejos\" onclick=\"wishlist.add('26576');\"><i class=\"zmdi zmdi-favorite-outline\"><\/i><\/a>\t\t\t\t\t\t\t\t\t\n\t\t\t\t\t\t\t\t\t<a class=\"btn-compare\" data-toggle=\"tooltip\" title=\"Comparar\" onclick=\"compare.add('26576');\"><i class=\"zmdi zmdi-refresh-alt\"><\/i><\/a>\n\t\t\t\t\t\t\t\t<\/div>\n                            <\/div>\n                            <div class=\"product-inner\">\n                              <div class=\"product-caption\">\n\t\t\t\t\t\t\t                                <h2 class=\"product-name\"><a href=\"https:\/\/www.sulcarautopecas.com.br.186-226-60-153.cpanel.site\/macaneta\/macaneta-interna-porta-diant-esq-citroen-aircross-2014-a2065-26576\">Ma\u00e7aneta Interna Porta Diant Esq Citroe...<\/a><\/h2>\n\t\t\t\t\t\t\t                                     <div class=\"ratings\">\n                                      <div class=\"rating-box\">\n                                                                                        <div class=\"rating0\">rating<\/div>                                                                                                                                                                                                                                                                            <\/div>\n                                  <\/div>\n                              \t\t\t\t\t\t\t                                  <p class=\"price\">\n                                                                    R$50,00                                                                                                    <\/p>\n                                \t\t\t\t\t\t\t \n                              \n\t\t\t\t\t\t\t\t<p class=\"product-des\">Trabalhamos com produtos originais, retirados de ve\u00edculos baixados no Detran, com total proced\u00eancia e garantia.\nTodas as nossas fotos s\u00e3o reais do produto.\n\nPara calcular o frente basta aproveitar as vantagens do MERCADO ENVIOS.\nCaso o produto n\u00e3o te..<\/p>\n                              <div class=\"product-intro\">\n\t\t\t\t\t\t\t\t<div class=\"actions-link2\">\n\t\t\t\t\t\t\t\t\t<a class=\"btn-cart\" data-toggle=\"tooltip\" title=\"Comprar\" onclick=\"cart.add('26576');\"><span class=\"button\"><i class=\"fa fa-shopping-cart\"><\/i>Comprar<\/span><\/a>\t\t\t\t\t\t\t\t\t\n\t\t\t\t\t\t\t\t\t<a class=\"btn-wishlist\" data-toggle=\"tooltip\" title=\"Lista de desejos\" onclick=\"wishlist.add('26576');\"><i class=\"zmdi zmdi-favorite-outline\"><\/i><\/a>\t\t\t\t\t\t\t\t\t\n\t\t\t\t\t\t\t\t\t<a class=\"btn-compare\" data-toggle=\"tooltip\" title=\"Comparar\" onclick=\"compare.add('26576');\"><i class=\"zmdi zmdi-refresh-alt\"><\/i><\/a>\n\t\t\t\t\t\t\t\t<\/div>\n\t\t\t\t\t\t\t\t<\/div>\n                            <\/div>\n\t\t\t\t\t\t\t<\/div>\n                          <\/div>\n                        <\/div>\n                                            <div class=\"product-layout product-list col-xs-12\">\n                          <div class=\"product-thumb layout1\">\n\t\t\t\t\t\t\t<div class=\"image\">\n                              \t\t\t\t\t\t\t\t                              <a href=\"https:\/\/www.sulcarautopecas.com.br.186-226-60-153.cpanel.site\/macaneta\/macaneta-externa-porta-dianteira-esquerda-honda-cr-v-2012-15-20743\">\n                                                              <img  src=\"image\/cache\/no_image-100x100.png\" alt=\"Ma\u00e7aneta Externa Porta Dianteira Esquer...\" \/>\n                              \t\t\t\t\t\t\t  <img  src=\"\" alt=\"Ma\u00e7aneta Externa Porta Dianteira Esquer...\" title=\"Ma\u00e7aneta Externa Porta Dianteira Esquer...\" class=\"img-responsive lazy\" \/>\n                              <\/a>\n\t\t\t\t\t\t\t  <div class=\"actions-link\">\t\t\t\t\t\t\t\t\t\n\t\t\t\t\t\t\t\t\t<a class=\"btn-wishlist\" data-toggle=\"tooltip\" title=\"Lista de desejos\" onclick=\"wishlist.add('20743');\"><i class=\"zmdi zmdi-favorite-outline\"><\/i><\/a>\t\t\t\t\t\t\t\t\t\n\t\t\t\t\t\t\t\t\t<a class=\"btn-compare\" data-toggle=\"tooltip\" title=\"Comparar\" onclick=\"compare.add('20743');\"><i class=\"zmdi zmdi-refresh-alt\"><\/i><\/a>\n\t\t\t\t\t\t\t\t<\/div>\n                            <\/div>\n                            <div class=\"product-inner\">\n                              <div class=\"product-caption\">\n\t\t\t\t\t\t\t                                <h2 class=\"product-name\"><a href=\"https:\/\/www.sulcarautopecas.com.br.186-226-60-153.cpanel.site\/macaneta\/macaneta-externa-porta-dianteira-esquerda-honda-cr-v-2012-15-20743\">Ma\u00e7aneta Externa Porta Dianteira Esquer...<\/a><\/h2>\n\t\t\t\t\t\t\t                                     <div class=\"ratings\">\n                                      <div class=\"rating-box\">\n                                                                                        <div class=\"rating0\">rating<\/div>                                                                                                                                                                                                                                                                            <\/div>\n                                  <\/div>\n                              \t\t\t\t\t\t\t                                  <p class=\"price\">\n                                                                    R$180,00                                                                                                    <\/p>\n                                \t\t\t\t\t\t\t \n                              \n\t\t\t\t\t\t\t\t<p class=\"product-des\">Trabalhamos com produtos originais, retirados de ve\u00edculos baixados no Detran, com total proced\u00eancia e garantia.\nTodas as nossas fotos s\u00e3o reais do produto.\n\nPara calcular o frente basta aproveitar as vantagens do MERCADO ENVIOS.\nCaso o produto n\u00e3o te..<\/p>\n                              <div class=\"product-intro\">\n\t\t\t\t\t\t\t\t<div class=\"actions-link2\">\n\t\t\t\t\t\t\t\t\t<a class=\"btn-cart\" data-toggle=\"tooltip\" title=\"Comprar\" onclick=\"cart.add('20743');\"><span class=\"button\"><i class=\"fa fa-shopping-cart\"><\/i>Comprar<\/span><\/a>\t\t\t\t\t\t\t\t\t\n\t\t\t\t\t\t\t\t\t<a class=\"btn-wishlist\" data-toggle=\"tooltip\" title=\"Lista de desejos\" onclick=\"wishlist.add('20743');\"><i class=\"zmdi zmdi-favorite-outline\"><\/i><\/a>\t\t\t\t\t\t\t\t\t\n\t\t\t\t\t\t\t\t\t<a class=\"btn-compare\" data-toggle=\"tooltip\" title=\"Comparar\" onclick=\"compare.add('20743');\"><i class=\"zmdi zmdi-refresh-alt\"><\/i><\/a>\n\t\t\t\t\t\t\t\t<\/div>\n\t\t\t\t\t\t\t\t<\/div>\n                            <\/div>\n\t\t\t\t\t\t\t<\/div>\n                          <\/div>\n                        <\/div>\n                                            <div class=\"product-layout product-list col-xs-12\">\n                          <div class=\"product-thumb layout1\">\n\t\t\t\t\t\t\t<div class=\"image\">\n                              \t\t\t\t\t\t\t\t                              <a href=\"https:\/\/www.sulcarautopecas.com.br.186-226-60-153.cpanel.site\/macaneta\/acabamento-trinco-interno-traseiro-esquerdo-ford-fusion-08-12288\">\n                                                              <img  src=\"image\/cache\/no_image-100x100.png\" alt=\"Acabamento Ma\u00e7aneta Interna Tras Esquer...\" \/>\n                              \t\t\t\t\t\t\t  <img  src=\"\" alt=\"Acabamento Ma\u00e7aneta Interna Tras Esquer...\" title=\"Acabamento Ma\u00e7aneta Interna Tras Esquer...\" class=\"img-responsive lazy\" \/>\n                              <\/a>\n\t\t\t\t\t\t\t  <div class=\"actions-link\">\t\t\t\t\t\t\t\t\t\n\t\t\t\t\t\t\t\t\t<a class=\"btn-wishlist\" data-toggle=\"tooltip\" title=\"Lista de desejos\" onclick=\"wishlist.add('12288');\"><i class=\"zmdi zmdi-favorite-outline\"><\/i><\/a>\t\t\t\t\t\t\t\t\t\n\t\t\t\t\t\t\t\t\t<a class=\"btn-compare\" data-toggle=\"tooltip\" title=\"Comparar\" onclick=\"compare.add('12288');\"><i class=\"zmdi zmdi-refresh-alt\"><\/i><\/a>\n\t\t\t\t\t\t\t\t<\/div>\n                            <\/div>\n                            <div class=\"product-inner\">\n                              <div class=\"product-caption\">\n\t\t\t\t\t\t\t                                <h2 class=\"product-name\"><a href=\"https:\/\/www.sulcarautopecas.com.br.186-226-60-153.cpanel.site\/macaneta\/acabamento-trinco-interno-traseiro-esquerdo-ford-fusion-08-12288\">Acabamento Ma\u00e7aneta Interna Tras Esquer...<\/a><\/h2>\n\t\t\t\t\t\t\t                                     <div class=\"ratings\">\n                                      <div class=\"rating-box\">\n                                                                                        <div class=\"rating0\">rating<\/div>                                                                                                                                                                                                                                                                            <\/div>\n                                  <\/div>\n                              \t\t\t\t\t\t\t                                  <p class=\"price\">\n                                                                    R$25,00                                                                                                    <\/p>\n                                \t\t\t\t\t\t\t \n                              \n\t\t\t\t\t\t\t\t<p class=\"product-des\">Sulcar auto pe\u00e7as Blumenau..<\/p>\n                              <div class=\"product-intro\">\n\t\t\t\t\t\t\t\t<div class=\"actions-link2\">\n\t\t\t\t\t\t\t\t\t<a class=\"btn-cart\" data-toggle=\"tooltip\" title=\"Comprar\" onclick=\"cart.add('12288');\"><span class=\"button\"><i class=\"fa fa-shopping-cart\"><\/i>Comprar<\/span><\/a>\t\t\t\t\t\t\t\t\t\n\t\t\t\t\t\t\t\t\t<a class=\"btn-wishlist\" data-toggle=\"tooltip\" title=\"Lista de desejos\" onclick=\"wishlist.add('12288');\"><i class=\"zmdi zmdi-favorite-outline\"><\/i><\/a>\t\t\t\t\t\t\t\t\t\n\t\t\t\t\t\t\t\t\t<a class=\"btn-compare\" data-toggle=\"tooltip\" title=\"Comparar\" onclick=\"compare.add('12288');\"><i class=\"zmdi zmdi-refresh-alt\"><\/i><\/a>\n\t\t\t\t\t\t\t\t<\/div>\n\t\t\t\t\t\t\t\t<\/div>\n                            <\/div>\n\t\t\t\t\t\t\t<\/div>\n                          <\/div>\n                        <\/div>\n                                            <div class=\"product-layout product-list col-xs-12\">\n                          <div class=\"product-thumb layout1\">\n\t\t\t\t\t\t\t<div class=\"image\">\n                              \t\t\t\t\t\t\t\t                              <a href=\"https:\/\/www.sulcarautopecas.com.br.186-226-60-153.cpanel.site\/macaneta\/macaneta-interna-porta-traseiro-direito-suzuki-sx4-2012-16253\">\n                                                              <img  src=\"image\/cache\/no_image-100x100.png\" alt=\"Ma\u00e7aneta Interna Porta Traseiro Direito...\" \/>\n                              \t\t\t\t\t\t\t  <img  src=\"\" alt=\"Ma\u00e7aneta Interna Porta Traseiro Direito...\" title=\"Ma\u00e7aneta Interna Porta Traseiro Direito...\" class=\"img-responsive lazy\" \/>\n                              <\/a>\n\t\t\t\t\t\t\t  <div class=\"actions-link\">\t\t\t\t\t\t\t\t\t\n\t\t\t\t\t\t\t\t\t<a class=\"btn-wishlist\" data-toggle=\"tooltip\" title=\"Lista de desejos\" onclick=\"wishlist.add('16253');\"><i class=\"zmdi zmdi-favorite-outline\"><\/i><\/a>\t\t\t\t\t\t\t\t\t\n\t\t\t\t\t\t\t\t\t<a class=\"btn-compare\" data-toggle=\"tooltip\" title=\"Comparar\" onclick=\"compare.add('16253');\"><i class=\"zmdi zmdi-refresh-alt\"><\/i><\/a>\n\t\t\t\t\t\t\t\t<\/div>\n                            <\/div>\n                            <div class=\"product-inner\">\n                              <div class=\"product-caption\">\n\t\t\t\t\t\t\t                                <h2 class=\"product-name\"><a href=\"https:\/\/www.sulcarautopecas.com.br.186-226-60-153.cpanel.site\/macaneta\/macaneta-interna-porta-traseiro-direito-suzuki-sx4-2012-16253\">Ma\u00e7aneta Interna Porta Traseiro Direito...<\/a><\/h2>\n\t\t\t\t\t\t\t                                     <div class=\"ratings\">\n                                      <div class=\"rating-box\">\n                                                                                        <div class=\"rating0\">rating<\/div>                                                                                                                                                                                                                                                                            <\/div>\n                                  <\/div>\n                              \t\t\t\t\t\t\t                                  <p class=\"price\">\n                                                                    R$70,00                                                                                                    <\/p>\n                                \t\t\t\t\t\t\t \n                              \n\t\t\t\t\t\t\t\t<p class=\"product-des\">*Sulcar Auto Pe\u00e7as Blumenau.\n*Trabalhamos com produtos originais.\n*Foto reais do produto.\n*Calcular frete em mercado envios,caso tenha nos pergunte.\n*Demais D\u00favidas apenas nos pergunte.\n*Ap\u00f3s confirma\u00e7\u00e3o do pagamento enviamos em at\u00e9 1 dia \u00fatil.\n*Entr..<\/p>\n                              <div class=\"product-intro\">\n\t\t\t\t\t\t\t\t<div class=\"actions-link2\">\n\t\t\t\t\t\t\t\t\t<a class=\"btn-cart\" data-toggle=\"tooltip\" title=\"Comprar\" onclick=\"cart.add('16253');\"><span class=\"button\"><i class=\"fa fa-shopping-cart\"><\/i>Comprar<\/span><\/a>\t\t\t\t\t\t\t\t\t\n\t\t\t\t\t\t\t\t\t<a class=\"btn-wishlist\" data-toggle=\"tooltip\" title=\"Lista de desejos\" onclick=\"wishlist.add('16253');\"><i class=\"zmdi zmdi-favorite-outline\"><\/i><\/a>\t\t\t\t\t\t\t\t\t\n\t\t\t\t\t\t\t\t\t<a class=\"btn-compare\" data-toggle=\"tooltip\" title=\"Comparar\" onclick=\"compare.add('16253');\"><i class=\"zmdi zmdi-refresh-alt\"><\/i><\/a>\n\t\t\t\t\t\t\t\t<\/div>\n\t\t\t\t\t\t\t\t<\/div>\n                            <\/div>\n\t\t\t\t\t\t\t<\/div>\n                          <\/div>\n                        <\/div>\n                                    <\/div>\n                <\/div>\n                <div class=\"row toolbar4\">\n                    <div class=\"col-sm-6\"><ul class=\"pagination\"><li class=\"active\"><span>1<\/span><\/li><li><a href=\"https:\/\/www.sulcarautopecas.com.br.186-226-60-153.cpanel.site\/index.php?route=product\/category&path=107&amp;page=2\">2<\/a><\/li><li><a href=\"https:\/\/www.sulcarautopecas.com.br.186-226-60-153.cpanel.site\/index.php?route=product\/category&path=107&amp;page=3\">3<\/a><\/li><li><a href=\"https:\/\/www.sulcarautopecas.com.br.186-226-60-153.cpanel.site\/index.php?route=product\/category&path=107&amp;page=4\">4<\/a><\/li><li><a href=\"https:\/\/www.sulcarautopecas.com.br.186-226-60-153.cpanel.site\/index.php?route=product\/category&path=107&amp;page=5\">5<\/a><\/li><li><a href=\"https:\/\/www.sulcarautopecas.com.br.186-226-60-153.cpanel.site\/index.php?route=product\/category&path=107&amp;page=6\">6<\/a><\/li><li><a href=\"https:\/\/www.sulcarautopecas.com.br.186-226-60-153.cpanel.site\/index.php?route=product\/category&path=107&amp;page=7\">7<\/a><\/li><li><a href=\"https:\/\/www.sulcarautopecas.com.br.186-226-60-153.cpanel.site\/index.php?route=product\/category&path=107&amp;page=8\">8<\/a><\/li><li><a href=\"https:\/\/www.sulcarautopecas.com.br.186-226-60-153.cpanel.site\/index.php?route=product\/category&path=107&amp;page=9\">9<\/a><\/li><li><a href=\"https:\/\/www.sulcarautopecas.com.br.186-226-60-153.cpanel.site\/index.php?route=product\/category&path=107&amp;page=2\">&gt;<\/a><\/li><li><a href=\"https:\/\/www.sulcarautopecas.com.br.186-226-60-153.cpanel.site\/index.php?route=product\/category&path=107&amp;page=9\">&gt;|<\/a><\/li><\/ul><\/div>\n                    <div class=\"col-sm-6 text-right\">Exibindo de 1 a 60 do total de 493 (9 p\u00e1ginas)<\/div>\n                <\/div>\n                <script type=\"text\/javascript\">\n    \/\/ Product List\n\t$('#list-view').click(function() {\n\t\t$(this).addClass('selected');\n\t\t$('#grid-view').removeClass('selected');\n\t\t$('#content .product-grid > .clearfix').remove();\n\n\t\t\/\/$('#content .product-layout').attr('class', 'product-layout product-list col-xs-12');\n\t\t$('#content .product-layout').attr('class', 'product-layout product-list col-xs-12');\n\t\t\n\t\t$('#content .product-list .product-inner').addClass('col-xs-8');\n\t\t$('#content .product-list .image').addClass('col-xs-4');\n\n\t\tlocalStorage.setItem('display', 'list');\n\t});\n    \n\t\/\/ Product Grid\n\t$('#grid-view').click(function() {\n\t\t$(this).addClass('selected');\n\t\t$('#list-view').removeClass('selected');\n\t\t\/\/ What a shame bootstrap does not take into account dynamically loaded columns\n\t\tcols = $('#column-right, #column-left').length;\n\n\t\tif (cols == 2) {\n\t\t\t$('#content .product-layout').attr('class', 'product-layout product-grid col-md-6 col-sm-6 col-xs-6 two-items');\n\t\t} else if (cols == 1) {\n\t\t\t$('#content .product-layout').attr('class', 'product-layout product-grid col-md-4 col-sm-6 col-xs-6 three-items');\n\t\t} else {\n\t\t\t$('#content .product-layout').attr('class', 'product-layout product-grid col-md-3 col-sm-6 col-xs-6 four-items');\n\t\t}\n\t\t$('#content .product-grid .product-inner').removeClass('col-xs-8');\n\t\t$('#content .product-grid .image').removeClass('col-xs-4');\n\t\t\n\n\t\tlocalStorage.setItem('display', 'grid');\n\t});\n\n\tif (localStorage.getItem('display') == 'list') {\n\t\t\n\t\t$('#list-view').trigger('click');\n\t} else {\n\t\t$('#grid-view').trigger('click');\n\t}\n<\/script>","filter_action":"https:\/\/www.sulcarautopecas.com.br.186-226-60-153.cpanel.site\/index.php?route=extension\/module\/oclayerednavigation\/category&path=107","price_action":"https:\/\/www.sulcarautopecas.com.br.186-226-60-153.cpanel.site\/index.php?route=extension\/module\/oclayerednavigation\/category&path=107","layered_html":"<div class=\"list-group\">\n            <div class=\"filter-attribute-container filter-attribute-remove-container\">\n                                                            <\/div>\n            <div class=\"filter-attribute-container filter-price\">\n                <label>PRE\u00c7O<\/label>\n                <div class=\"list-group-item\">\n                    <div class=\"filter-price\">\n                        <div id=\"slider-price\"><\/div>\n                        <div class=\"slider-values\">\n                            <span>R$<\/span>\n                            <input id=\"price-from\" disabled=\"disabled\" class=\"input-price\" type=\"text\" value=\"30\" placeholder=\"Min\" name=\"price-from\"\/> -\n                            <span>R$<\/span>\n                            <input id=\"price-to\" disabled=\"disabled\" class=\"input-price\" type=\"text\" value=\"150\" placeholder=\"Max\" name=\"price-to\" \/>\n                        <\/div>\n                    <\/div>\n                <\/div>\n            <\/div>\n                    <\/div>\n"}